{"id":92669,"date":"2024-12-20T15:36:47","date_gmt":"2024-12-20T20:36:47","guid":{"rendered":"https:\/\/aeronoticias.com.pe\/noticiero\/?p=92669"},"modified":"2024-12-20T15:36:55","modified_gmt":"2024-12-20T20:36:55","slug":"acuerdo-de-cielos-abiertos-estas-seran-las-tres-primeras-rutas-de-arajet-a-ee-uu","status":"publish","type":"post","link":"https:\/\/aeronoticias.com.pe\/noticiero\/transporte-aereo\/internacional\/acuerdo-de-cielos-abiertos-estas-seran-las-tres-primeras-rutas-de-arajet-a-ee-uu\/","title":{"rendered":"Acuerdo de Cielos Abiertos: Estas ser\u00e1n las tres primeras rutas de Arajet a EE.UU."},"content":{"rendered":"\n<p><strong>(Aeronoticias)<\/strong>: La aerol\u00ednea\u00a0<strong>Arajet<\/strong>\u00a0obtuvo la aprobaci\u00f3n de Estados Unidos para operar tres nuevas rutas sin escalas desde Rep\u00fablica Dominicana:\u00a0<strong>Nueva York, Miami y Puerto Rico<\/strong>.Venta de millas a\u00e9reas<\/p>\n\n\n\n<p>Esta autorizaci\u00f3n se da luego de la entrada en vigencia del acuerdo de \u201cCielos Abiertos\u201d entre ambos pa\u00edses.<\/p>\n\n\n\n<p><strong><em>&nbsp;<a href=\"https:\/\/aviacionaldia.com\/2024\/12\/arajet-transporta-en-noviembre-la-cifra-mas-alta-de-pasajeros-de-su-historia.html\">Arajet transporta en noviembre la cifra m\u00e1s alta de pasajeros de su historia<\/a><\/em><\/strong><\/p>\n\n\n\n<p>\u00abArajet hab\u00eda solicitado estas rutas hace casi dos a\u00f1os, pero no fue hasta ahora, con la implementaci\u00f3n oficial del acuerdo, que la aerol\u00ednea pudo obtener la aprobaci\u00f3n del Departamento de Transporte de los Estados Unidos (DOT)\u00bb, dijo Ministro de Turismo, David Collado.<\/p>\n\n\n\n<p>\u00abAhora todas las l\u00edneas a\u00e9reas dominicanas podr\u00e1n volar a m\u00e1s destinos, y aumentar la competitividad con el mercado m\u00e1s importante para el pa\u00eds: Estados Unidos\u00bb, public\u00f3 Collado en la red social X.<\/p>\n\n\n\n<p>\u00abEn Arajet estamos muy contentos con la aprobaci\u00f3n por parte del DOT de nuestras primeras tres rutas hacia EEUU. Ya hemos iniciado el proceso de aprobaci\u00f3n ante la FAA, y si todo va seg\u00fan lo planeado, esperamos comenzar a volar en el segundo trimestre de 2025\u00bb, dijo Victor M. Pacheco Mendez, CEO de Arajet.<\/p>\n\n\n\n<p><strong>Fuente: aviaci\u00f3naldia.com<\/strong><\/p>\n","protected":false},"excerpt":{"rendered":"<p>(Aeronoticias): La aerol\u00ednea\u00a0Arajet\u00a0obtuvo la aprobaci\u00f3n de Estados Unidos para operar tres nuevas rutas sin escalas desde Rep\u00fablica Dominicana:\u00a0Nueva York, Miami y Puerto Rico.Venta de millas a\u00e9reas Esta autorizaci\u00f3n se da luego de la entrada en vigencia del acuerdo de \u201cCielos Abiertos\u201d entre ambos pa\u00edses. &nbsp;Arajet transporta en noviembre la cifra m\u00e1s alta de pasajeros de [&hellip;]<\/p>\n","protected":false},"author":3,"featured_media":92670,"comment_status":"open","ping_status":"open","sticky":false,"template":"","format":"standard","meta":{"tdm_status":"","tdm_grid_status":"","footnotes":""},"categories":[32,34],"tags":[5156,6080],"class_list":{"0":"post-92669","1":"post","2":"type-post","3":"status-publish","4":"format-standard","5":"has-post-thumbnail","7":"category-internacional","8":"category-internacionales","9":"tag-cielos-abiertos","10":"tag-rutas-de-arajet-a-ee-uu"},"yoast_head":"<!-- This site is optimized with the Yoast SEO plugin v25.1 - https:\/\/yoast.com\/wordpress\/plugins\/seo\/ -->\n<title>Acuerdo de Cielos Abiertos: Estas ser\u00e1n las tres primeras rutas de Arajet a EE.UU.<\/title>\n<meta name=\"description\" content=\"Portal de noticias del Per\u00fa sobre el transporte a\u00e9reo, aviaci\u00f3n, turismo, hoteleria, actualidad.\" \/>\n<meta name=\"robots\" content=\"index, follow, max-snippet:-1, max-image-preview:large, max-video-preview:-1\" \/>\n<link rel=\"canonical\" href=\"https:\/\/aeronoticias.com.pe\/noticiero\/transporte-aereo\/internacional\/acuerdo-de-cielos-abiertos-estas-seran-las-tres-primeras-rutas-de-arajet-a-ee-uu\/\" \/>\n<meta property=\"og:locale\" content=\"es_ES\" \/>\n<meta property=\"og:type\" content=\"article\" \/>\n<meta property=\"og:title\" content=\"Acuerdo de Cielos Abiertos: Estas ser\u00e1n las tres primeras rutas de Arajet a EE.UU.\" \/>\n<meta property=\"og:description\" content=\"Portal de noticias del Per\u00fa sobre el transporte a\u00e9reo, aviaci\u00f3n, turismo, hoteleria, actualidad.\" \/>\n<meta property=\"og:url\" content=\"https:\/\/aeronoticias.com.pe\/noticiero\/transporte-aereo\/internacional\/acuerdo-de-cielos-abiertos-estas-seran-las-tres-primeras-rutas-de-arajet-a-ee-uu\/\" \/>\n<meta property=\"og:site_name\" content=\"Aeronoticias.com.pe\" \/>\n<meta property=\"article:publisher\" content=\"https:\/\/www.facebook.com\/Aeronoticias.com.pe\/\" \/>\n<meta property=\"article:published_time\" content=\"2024-12-20T20:36:47+00:00\" \/>\n<meta property=\"article:modified_time\" content=\"2024-12-20T20:36:55+00:00\" \/>\n<meta property=\"og:image\" content=\"https:\/\/aeronoticias.com.pe\/noticiero\/wp-content\/uploads\/2024\/12\/ARAK.jpg\" \/>\n\t<meta property=\"og:image:width\" content=\"800\" \/>\n\t<meta property=\"og:image:height\" content=\"400\" \/>\n\t<meta property=\"og:image:type\" content=\"image\/jpeg\" \/>\n<meta name=\"author\" content=\"Redacci\u00f3n\" \/>\n<meta name=\"twitter:card\" content=\"summary_large_image\" \/>\n<meta name=\"twitter:creator\" content=\"@aeronoticias\" \/>\n<meta name=\"twitter:site\" content=\"@aeronoticias\" \/>\n<meta name=\"twitter:label1\" content=\"Escrito por\" \/>\n\t<meta name=\"twitter:data1\" content=\"Redacci\u00f3n\" \/>\n\t<meta name=\"twitter:label2\" content=\"Tiempo de lectura\" \/>\n\t<meta name=\"twitter:data2\" content=\"1 minuto\" \/>\n<script type=\"application\/ld+json\" class=\"yoast-schema-graph\">{\"@context\":\"https:\/\/schema.org\",\"@graph\":[{\"@type\":\"WebPage\",\"@id\":\"https:\/\/aeronoticias.com.pe\/noticiero\/transporte-aereo\/internacional\/acuerdo-de-cielos-abiertos-estas-seran-las-tres-primeras-rutas-de-arajet-a-ee-uu\/\",\"url\":\"https:\/\/aeronoticias.com.pe\/noticiero\/transporte-aereo\/internacional\/acuerdo-de-cielos-abiertos-estas-seran-las-tres-primeras-rutas-de-arajet-a-ee-uu\/\",\"name\":\"Acuerdo de Cielos Abiertos: Estas ser\u00e1n las tres primeras rutas de Arajet a EE.UU.\",\"isPartOf\":{\"@id\":\"https:\/\/aeronoticias.com.pe\/noticiero\/#website\"},\"primaryImageOfPage\":{\"@id\":\"https:\/\/aeronoticias.com.pe\/noticiero\/transporte-aereo\/internacional\/acuerdo-de-cielos-abiertos-estas-seran-las-tres-primeras-rutas-de-arajet-a-ee-uu\/#primaryimage\"},\"image\":{\"@id\":\"https:\/\/aeronoticias.com.pe\/noticiero\/transporte-aereo\/internacional\/acuerdo-de-cielos-abiertos-estas-seran-las-tres-primeras-rutas-de-arajet-a-ee-uu\/#primaryimage\"},\"thumbnailUrl\":\"https:\/\/aeronoticias.com.pe\/noticiero\/wp-content\/uploads\/2024\/12\/ARAK.jpg\",\"datePublished\":\"2024-12-20T20:36:47+00:00\",\"dateModified\":\"2024-12-20T20:36:55+00:00\",\"author\":{\"@id\":\"https:\/\/aeronoticias.com.pe\/noticiero\/#\/schema\/person\/16212a617c73f78916b13194154243bd\"},\"description\":\"Portal de noticias del Per\u00fa sobre el transporte a\u00e9reo, aviaci\u00f3n, turismo, hoteleria, actualidad.\",\"breadcrumb\":{\"@id\":\"https:\/\/aeronoticias.com.pe\/noticiero\/transporte-aereo\/internacional\/acuerdo-de-cielos-abiertos-estas-seran-las-tres-primeras-rutas-de-arajet-a-ee-uu\/#breadcrumb\"},\"inLanguage\":\"es\",\"potentialAction\":[{\"@type\":\"ReadAction\",\"target\":[\"https:\/\/aeronoticias.com.pe\/noticiero\/transporte-aereo\/internacional\/acuerdo-de-cielos-abiertos-estas-seran-las-tres-primeras-rutas-de-arajet-a-ee-uu\/\"]}]},{\"@type\":\"ImageObject\",\"inLanguage\":\"es\",\"@id\":\"https:\/\/aeronoticias.com.pe\/noticiero\/transporte-aereo\/internacional\/acuerdo-de-cielos-abiertos-estas-seran-las-tres-primeras-rutas-de-arajet-a-ee-uu\/#primaryimage\",\"url\":\"https:\/\/aeronoticias.com.pe\/noticiero\/wp-content\/uploads\/2024\/12\/ARAK.jpg\",\"contentUrl\":\"https:\/\/aeronoticias.com.pe\/noticiero\/wp-content\/uploads\/2024\/12\/ARAK.jpg\",\"width\":800,\"height\":400},{\"@type\":\"BreadcrumbList\",\"@id\":\"https:\/\/aeronoticias.com.pe\/noticiero\/transporte-aereo\/internacional\/acuerdo-de-cielos-abiertos-estas-seran-las-tres-primeras-rutas-de-arajet-a-ee-uu\/#breadcrumb\",\"itemListElement\":[{\"@type\":\"ListItem\",\"position\":1,\"name\":\"Portada\",\"item\":\"https:\/\/aeronoticias.com.pe\/noticiero\/\"},{\"@type\":\"ListItem\",\"position\":2,\"name\":\"Acuerdo de Cielos Abiertos: Estas ser\u00e1n las tres primeras rutas de Arajet a EE.UU.\"}]},{\"@type\":\"WebSite\",\"@id\":\"https:\/\/aeronoticias.com.pe\/noticiero\/#website\",\"url\":\"https:\/\/aeronoticias.com.pe\/noticiero\/\",\"name\":\"Aeronoticias.com.pe\",\"description\":\"Noticias de tranporte aereo, turismo, hoteles, gastronomia, actualidad, internacional\",\"potentialAction\":[{\"@type\":\"SearchAction\",\"target\":{\"@type\":\"EntryPoint\",\"urlTemplate\":\"https:\/\/aeronoticias.com.pe\/noticiero\/?s={search_term_string}\"},\"query-input\":{\"@type\":\"PropertyValueSpecification\",\"valueRequired\":true,\"valueName\":\"search_term_string\"}}],\"inLanguage\":\"es\"},{\"@type\":\"Person\",\"@id\":\"https:\/\/aeronoticias.com.pe\/noticiero\/#\/schema\/person\/16212a617c73f78916b13194154243bd\",\"name\":\"Redacci\u00f3n\",\"sameAs\":[\"http:\/\/Redacci\u00f3n\"],\"url\":\"https:\/\/aeronoticias.com.pe\/noticiero\/author\/celeste\/\"}]}<\/script>\n<!-- \/ Yoast SEO plugin. -->","yoast_head_json":{"title":"Acuerdo de Cielos Abiertos: Estas ser\u00e1n las tres primeras rutas de Arajet a EE.UU.","description":"Portal de noticias del Per\u00fa sobre el transporte a\u00e9reo, aviaci\u00f3n, turismo, hoteleria, actualidad.","robots":{"index":"index","follow":"follow","max-snippet":"max-snippet:-1","max-image-preview":"max-image-preview:large","max-video-preview":"max-video-preview:-1"},"canonical":"https:\/\/aeronoticias.com.pe\/noticiero\/transporte-aereo\/internacional\/acuerdo-de-cielos-abiertos-estas-seran-las-tres-primeras-rutas-de-arajet-a-ee-uu\/","og_locale":"es_ES","og_type":"article","og_title":"Acuerdo de Cielos Abiertos: Estas ser\u00e1n las tres primeras rutas de Arajet a EE.UU.","og_description":"Portal de noticias del Per\u00fa sobre el transporte a\u00e9reo, aviaci\u00f3n, turismo, hoteleria, actualidad.","og_url":"https:\/\/aeronoticias.com.pe\/noticiero\/transporte-aereo\/internacional\/acuerdo-de-cielos-abiertos-estas-seran-las-tres-primeras-rutas-de-arajet-a-ee-uu\/","og_site_name":"Aeronoticias.com.pe","article_publisher":"https:\/\/www.facebook.com\/Aeronoticias.com.pe\/","article_published_time":"2024-12-20T20:36:47+00:00","article_modified_time":"2024-12-20T20:36:55+00:00","og_image":[{"width":800,"height":400,"url":"https:\/\/aeronoticias.com.pe\/noticiero\/wp-content\/uploads\/2024\/12\/ARAK.jpg","type":"image\/jpeg"}],"author":"Redacci\u00f3n","twitter_card":"summary_large_image","twitter_creator":"@aeronoticias","twitter_site":"@aeronoticias","twitter_misc":{"Escrito por":"Redacci\u00f3n","Tiempo de lectura":"1 minuto"},"schema":{"@context":"https:\/\/schema.org","@graph":[{"@type":"WebPage","@id":"https:\/\/aeronoticias.com.pe\/noticiero\/transporte-aereo\/internacional\/acuerdo-de-cielos-abiertos-estas-seran-las-tres-primeras-rutas-de-arajet-a-ee-uu\/","url":"https:\/\/aeronoticias.com.pe\/noticiero\/transporte-aereo\/internacional\/acuerdo-de-cielos-abiertos-estas-seran-las-tres-primeras-rutas-de-arajet-a-ee-uu\/","name":"Acuerdo de Cielos Abiertos: Estas ser\u00e1n las tres primeras rutas de Arajet a EE.UU.","isPartOf":{"@id":"https:\/\/aeronoticias.com.pe\/noticiero\/#website"},"primaryImageOfPage":{"@id":"https:\/\/aeronoticias.com.pe\/noticiero\/transporte-aereo\/internacional\/acuerdo-de-cielos-abiertos-estas-seran-las-tres-primeras-rutas-de-arajet-a-ee-uu\/#primaryimage"},"image":{"@id":"https:\/\/aeronoticias.com.pe\/noticiero\/transporte-aereo\/internacional\/acuerdo-de-cielos-abiertos-estas-seran-las-tres-primeras-rutas-de-arajet-a-ee-uu\/#primaryimage"},"thumbnailUrl":"https:\/\/aeronoticias.com.pe\/noticiero\/wp-content\/uploads\/2024\/12\/ARAK.jpg","datePublished":"2024-12-20T20:36:47+00:00","dateModified":"2024-12-20T20:36:55+00:00","author":{"@id":"https:\/\/aeronoticias.com.pe\/noticiero\/#\/schema\/person\/16212a617c73f78916b13194154243bd"},"description":"Portal de noticias del Per\u00fa sobre el transporte a\u00e9reo, aviaci\u00f3n, turismo, hoteleria, actualidad.","breadcrumb":{"@id":"https:\/\/aeronoticias.com.pe\/noticiero\/transporte-aereo\/internacional\/acuerdo-de-cielos-abiertos-estas-seran-las-tres-primeras-rutas-de-arajet-a-ee-uu\/#breadcrumb"},"inLanguage":"es","potentialAction":[{"@type":"ReadAction","target":["https:\/\/aeronoticias.com.pe\/noticiero\/transporte-aereo\/internacional\/acuerdo-de-cielos-abiertos-estas-seran-las-tres-primeras-rutas-de-arajet-a-ee-uu\/"]}]},{"@type":"ImageObject","inLanguage":"es","@id":"https:\/\/aeronoticias.com.pe\/noticiero\/transporte-aereo\/internacional\/acuerdo-de-cielos-abiertos-estas-seran-las-tres-primeras-rutas-de-arajet-a-ee-uu\/#primaryimage","url":"https:\/\/aeronoticias.com.pe\/noticiero\/wp-content\/uploads\/2024\/12\/ARAK.jpg","contentUrl":"https:\/\/aeronoticias.com.pe\/noticiero\/wp-content\/uploads\/2024\/12\/ARAK.jpg","width":800,"height":400},{"@type":"BreadcrumbList","@id":"https:\/\/aeronoticias.com.pe\/noticiero\/transporte-aereo\/internacional\/acuerdo-de-cielos-abiertos-estas-seran-las-tres-primeras-rutas-de-arajet-a-ee-uu\/#breadcrumb","itemListElement":[{"@type":"ListItem","position":1,"name":"Portada","item":"https:\/\/aeronoticias.com.pe\/noticiero\/"},{"@type":"ListItem","position":2,"name":"Acuerdo de Cielos Abiertos: Estas ser\u00e1n las tres primeras rutas de Arajet a EE.UU."}]},{"@type":"WebSite","@id":"https:\/\/aeronoticias.com.pe\/noticiero\/#website","url":"https:\/\/aeronoticias.com.pe\/noticiero\/","name":"Aeronoticias.com.pe","description":"Noticias de tranporte aereo, turismo, hoteles, gastronomia, actualidad, internacional","potentialAction":[{"@type":"SearchAction","target":{"@type":"EntryPoint","urlTemplate":"https:\/\/aeronoticias.com.pe\/noticiero\/?s={search_term_string}"},"query-input":{"@type":"PropertyValueSpecification","valueRequired":true,"valueName":"search_term_string"}}],"inLanguage":"es"},{"@type":"Person","@id":"https:\/\/aeronoticias.com.pe\/noticiero\/#\/schema\/person\/16212a617c73f78916b13194154243bd","name":"Redacci\u00f3n","sameAs":["http:\/\/Redacci\u00f3n"],"url":"https:\/\/aeronoticias.com.pe\/noticiero\/author\/celeste\/"}]}},"_links":{"self":[{"href":"https:\/\/aeronoticias.com.pe\/noticiero\/wp-json\/wp\/v2\/posts\/92669","targetHints":{"allow":["GET"]}}],"collection":[{"href":"https:\/\/aeronoticias.com.pe\/noticiero\/wp-json\/wp\/v2\/posts"}],"about":[{"href":"https:\/\/aeronoticias.com.pe\/noticiero\/wp-json\/wp\/v2\/types\/post"}],"author":[{"embeddable":true,"href":"https:\/\/aeronoticias.com.pe\/noticiero\/wp-json\/wp\/v2\/users\/3"}],"replies":[{"embeddable":true,"href":"https:\/\/aeronoticias.com.pe\/noticiero\/wp-json\/wp\/v2\/comments?post=92669"}],"version-history":[{"count":0,"href":"https:\/\/aeronoticias.com.pe\/noticiero\/wp-json\/wp\/v2\/posts\/92669\/revisions"}],"wp:featuredmedia":[{"embeddable":true,"href":"https:\/\/aeronoticias.com.pe\/noticiero\/wp-json\/wp\/v2\/media\/92670"}],"wp:attachment":[{"href":"https:\/\/aeronoticias.com.pe\/noticiero\/wp-json\/wp\/v2\/media?parent=92669"}],"wp:term":[{"taxonomy":"category","embeddable":true,"href":"https:\/\/aeronoticias.com.pe\/noticiero\/wp-json\/wp\/v2\/categories?post=92669"},{"taxonomy":"post_tag","embeddable":true,"href":"https:\/\/aeronoticias.com.pe\/noticiero\/wp-json\/wp\/v2\/tags?post=92669"}],"curies":[{"name":"wp","href":"https:\/\/api.w.org\/{rel}","templated":true}]}}