{"id":92950,"date":"2025-01-14T12:36:12","date_gmt":"2025-01-14T17:36:12","guid":{"rendered":"https:\/\/aeronoticias.com.pe\/noticiero\/?p=92950"},"modified":"2025-01-14T12:36:17","modified_gmt":"2025-01-14T17:36:17","slug":"por-sebastian-julian-palacin-newell-isla-san-andres-un-destino-en-auge-para-el-turismo-sostenible","status":"publish","type":"post","link":"https:\/\/aeronoticias.com.pe\/noticiero\/internacionales\/por-sebastian-julian-palacin-newell-isla-san-andres-un-destino-en-auge-para-el-turismo-sostenible\/","title":{"rendered":"Por Sebasti\u00e1n Juli\u00e1n Palacin Newell &#8211; Isla San Andr\u00e9s: Un Destino en Auge para el Turismo Sostenible"},"content":{"rendered":"\n<p><strong>(Aeronoticias):<\/strong> La isla de San Andr\u00e9s, conocida por sus paradis\u00edacas playas de arena blanca y aguas cristalinas, est\u00e1 experimentando un auge en el turismo sostenible que busca preservar su belleza natural mientras apoya a la comunidad local.<\/p>\n\n\n\n<p>En los \u00faltimos a\u00f1os, el gobierno de San Andr\u00e9s, en colaboraci\u00f3n con organizaciones ambientales y tur\u00edsticas, ha implementado iniciativas para promover un turismo responsable que minimice el impacto ambiental. Esto incluye la instalaci\u00f3n de se\u00f1alizaci\u00f3n en \u00e1reas sensibles, programas de limpieza de playas y campa\u00f1as de concienciaci\u00f3n sobre la importancia de la conservaci\u00f3n del ecosistema marino.<\/p>\n\n\n\n<p>Adem\u00e1s, los operadores tur\u00edsticos est\u00e1n ofreciendo experiencias que resaltan la cultura local, como talleres de artesan\u00eda, clases de cocina tradicional y tours guiados por comunidades ind\u00edgenas, lo que permite a los visitantes conectarse de manera m\u00e1s profunda con la isla.<\/p>\n\n\n\n<p>La isla ha visto un incremento en la llegada de turistas nacionales e internacionales, quienes buscan no solo disfrutar de su belleza natural, sino tambi\u00e9n contribuir a la econom\u00eda local. Los hoteles y restaurantes han comenzado a adoptar pr\u00e1cticas m\u00e1s sostenibles, como el uso de productos locales y la reducci\u00f3n de pl\u00e1sticos de un solo uso.<\/p>\n\n\n\n<p>Los residentes de San Andr\u00e9s han expresado su entusiasmo por estas iniciativas, ya que no solo ayudan a proteger su hogar, sino que tambi\u00e9n generan oportunidades econ\u00f3micas. \u201cQueremos que los turistas se lleven una experiencia aut\u00e9ntica, mientras cuidamos nuestro entorno\u201d, coment\u00f3 Mar\u00eda, una residente local y propietaria de un peque\u00f1o restaurante.<\/p>\n\n\n\n<p>Sin embargo, los desaf\u00edos persisten. Las autoridades locales est\u00e1n trabajando arduamente para gestionar el crecimiento del turismo y evitar la sobreexplotaci\u00f3n de los recursos naturales. La esperanza es que, con un enfoque sostenible, San Andr\u00e9s pueda seguir siendo un destino atractivo para las generaciones futuras.<\/p>\n\n\n\n<p>Con su rica cultura, impresionantes paisajes y un renovado compromiso con la sostenibilidad, la isla San Andr\u00e9s se posiciona como un ejemplo a seguir en el turismo responsable en el Caribe.<\/p>\n\n\n\n<p><\/p>\n\n\n\n<p><strong>Fuente: Sebasti\u00e1n Juli\u00e1n Palacin Newell.<\/strong><\/p>\n","protected":false},"excerpt":{"rendered":"<p>(Aeronoticias): La isla de San Andr\u00e9s, conocida por sus paradis\u00edacas playas de arena blanca y aguas cristalinas, est\u00e1 experimentando un auge en el turismo sostenible que busca preservar su belleza natural mientras apoya a la comunidad local. En los \u00faltimos a\u00f1os, el gobierno de San Andr\u00e9s, en colaboraci\u00f3n con organizaciones ambientales y tur\u00edsticas, ha implementado [&hellip;]<\/p>\n","protected":false},"author":3,"featured_media":92951,"comment_status":"open","ping_status":"open","sticky":false,"template":"","format":"standard","meta":{"tdm_status":"","tdm_grid_status":"","footnotes":""},"categories":[34,9],"tags":[],"class_list":{"0":"post-92950","1":"post","2":"type-post","3":"status-publish","4":"format-standard","5":"has-post-thumbnail","7":"category-internacionales","8":"category-turismo"},"yoast_head":"<!-- This site is optimized with the Yoast SEO plugin v25.1 - https:\/\/yoast.com\/wordpress\/plugins\/seo\/ -->\n<title>Por Sebasti\u00e1n Juli\u00e1n Palacin Newell - Isla San Andr\u00e9s: Un Destino en Auge para el Turismo Sostenible<\/title>\n<meta name=\"description\" content=\"(Aeronoticias): La isla de San Andr\u00e9s, conocida por sus paradis\u00edacas playas de arena blanca y aguas cristalinas, est\u00e1 experimentando un auge en el turismo sostenible que busca preservar su belleza natural mientras apoya a la comunidad local.\" \/>\n<meta name=\"robots\" content=\"index, follow, max-snippet:-1, max-image-preview:large, max-video-preview:-1\" \/>\n<link rel=\"canonical\" href=\"https:\/\/aeronoticias.com.pe\/noticiero\/internacionales\/por-sebastian-julian-palacin-newell-isla-san-andres-un-destino-en-auge-para-el-turismo-sostenible\/\" \/>\n<meta property=\"og:locale\" content=\"es_ES\" \/>\n<meta property=\"og:type\" content=\"article\" \/>\n<meta property=\"og:title\" content=\"Por Sebasti\u00e1n Juli\u00e1n Palacin Newell - Isla San Andr\u00e9s: Un Destino en Auge para el Turismo Sostenible\" \/>\n<meta property=\"og:description\" content=\"(Aeronoticias): La isla de San Andr\u00e9s, conocida por sus paradis\u00edacas playas de arena blanca y aguas cristalinas, est\u00e1 experimentando un auge en el turismo sostenible que busca preservar su belleza natural mientras apoya a la comunidad local.\" \/>\n<meta property=\"og:url\" content=\"https:\/\/aeronoticias.com.pe\/noticiero\/internacionales\/por-sebastian-julian-palacin-newell-isla-san-andres-un-destino-en-auge-para-el-turismo-sostenible\/\" \/>\n<meta property=\"og:site_name\" content=\"Aeronoticias.com.pe\" \/>\n<meta property=\"article:publisher\" content=\"https:\/\/www.facebook.com\/Aeronoticias.com.pe\/\" \/>\n<meta property=\"article:published_time\" content=\"2025-01-14T17:36:12+00:00\" \/>\n<meta property=\"article:modified_time\" content=\"2025-01-14T17:36:17+00:00\" \/>\n<meta property=\"og:image\" content=\"https:\/\/aeronoticias.com.pe\/noticiero\/wp-content\/uploads\/2025\/01\/IMG_7118.jpeg\" \/>\n\t<meta property=\"og:image:width\" content=\"679\" \/>\n\t<meta property=\"og:image:height\" content=\"452\" \/>\n\t<meta property=\"og:image:type\" content=\"image\/jpeg\" \/>\n<meta name=\"author\" content=\"Redacci\u00f3n\" \/>\n<meta name=\"twitter:card\" content=\"summary_large_image\" \/>\n<meta name=\"twitter:creator\" content=\"@aeronoticias\" \/>\n<meta name=\"twitter:site\" content=\"@aeronoticias\" \/>\n<meta name=\"twitter:label1\" content=\"Escrito por\" \/>\n\t<meta name=\"twitter:data1\" content=\"Redacci\u00f3n\" \/>\n\t<meta name=\"twitter:label2\" content=\"Tiempo de lectura\" \/>\n\t<meta name=\"twitter:data2\" content=\"2 minutos\" \/>\n<script type=\"application\/ld+json\" class=\"yoast-schema-graph\">{\"@context\":\"https:\/\/schema.org\",\"@graph\":[{\"@type\":\"WebPage\",\"@id\":\"https:\/\/aeronoticias.com.pe\/noticiero\/internacionales\/por-sebastian-julian-palacin-newell-isla-san-andres-un-destino-en-auge-para-el-turismo-sostenible\/\",\"url\":\"https:\/\/aeronoticias.com.pe\/noticiero\/internacionales\/por-sebastian-julian-palacin-newell-isla-san-andres-un-destino-en-auge-para-el-turismo-sostenible\/\",\"name\":\"Por Sebasti\u00e1n Juli\u00e1n Palacin Newell - Isla San Andr\u00e9s: Un Destino en Auge para el Turismo Sostenible\",\"isPartOf\":{\"@id\":\"https:\/\/aeronoticias.com.pe\/noticiero\/#website\"},\"primaryImageOfPage\":{\"@id\":\"https:\/\/aeronoticias.com.pe\/noticiero\/internacionales\/por-sebastian-julian-palacin-newell-isla-san-andres-un-destino-en-auge-para-el-turismo-sostenible\/#primaryimage\"},\"image\":{\"@id\":\"https:\/\/aeronoticias.com.pe\/noticiero\/internacionales\/por-sebastian-julian-palacin-newell-isla-san-andres-un-destino-en-auge-para-el-turismo-sostenible\/#primaryimage\"},\"thumbnailUrl\":\"https:\/\/aeronoticias.com.pe\/noticiero\/wp-content\/uploads\/2025\/01\/IMG_7118.jpeg\",\"datePublished\":\"2025-01-14T17:36:12+00:00\",\"dateModified\":\"2025-01-14T17:36:17+00:00\",\"author\":{\"@id\":\"https:\/\/aeronoticias.com.pe\/noticiero\/#\/schema\/person\/16212a617c73f78916b13194154243bd\"},\"description\":\"(Aeronoticias): La isla de San Andr\u00e9s, conocida por sus paradis\u00edacas playas de arena blanca y aguas cristalinas, est\u00e1 experimentando un auge en el turismo sostenible que busca preservar su belleza natural mientras apoya a la comunidad local.\",\"breadcrumb\":{\"@id\":\"https:\/\/aeronoticias.com.pe\/noticiero\/internacionales\/por-sebastian-julian-palacin-newell-isla-san-andres-un-destino-en-auge-para-el-turismo-sostenible\/#breadcrumb\"},\"inLanguage\":\"es\",\"potentialAction\":[{\"@type\":\"ReadAction\",\"target\":[\"https:\/\/aeronoticias.com.pe\/noticiero\/internacionales\/por-sebastian-julian-palacin-newell-isla-san-andres-un-destino-en-auge-para-el-turismo-sostenible\/\"]}]},{\"@type\":\"ImageObject\",\"inLanguage\":\"es\",\"@id\":\"https:\/\/aeronoticias.com.pe\/noticiero\/internacionales\/por-sebastian-julian-palacin-newell-isla-san-andres-un-destino-en-auge-para-el-turismo-sostenible\/#primaryimage\",\"url\":\"https:\/\/aeronoticias.com.pe\/noticiero\/wp-content\/uploads\/2025\/01\/IMG_7118.jpeg\",\"contentUrl\":\"https:\/\/aeronoticias.com.pe\/noticiero\/wp-content\/uploads\/2025\/01\/IMG_7118.jpeg\",\"width\":679,\"height\":452},{\"@type\":\"BreadcrumbList\",\"@id\":\"https:\/\/aeronoticias.com.pe\/noticiero\/internacionales\/por-sebastian-julian-palacin-newell-isla-san-andres-un-destino-en-auge-para-el-turismo-sostenible\/#breadcrumb\",\"itemListElement\":[{\"@type\":\"ListItem\",\"position\":1,\"name\":\"Portada\",\"item\":\"https:\/\/aeronoticias.com.pe\/noticiero\/\"},{\"@type\":\"ListItem\",\"position\":2,\"name\":\"Por Sebasti\u00e1n Juli\u00e1n Palacin Newell &#8211; Isla San Andr\u00e9s: Un Destino en Auge para el Turismo Sostenible\"}]},{\"@type\":\"WebSite\",\"@id\":\"https:\/\/aeronoticias.com.pe\/noticiero\/#website\",\"url\":\"https:\/\/aeronoticias.com.pe\/noticiero\/\",\"name\":\"Aeronoticias.com.pe\",\"description\":\"Noticias de tranporte aereo, turismo, hoteles, gastronomia, actualidad, internacional\",\"potentialAction\":[{\"@type\":\"SearchAction\",\"target\":{\"@type\":\"EntryPoint\",\"urlTemplate\":\"https:\/\/aeronoticias.com.pe\/noticiero\/?s={search_term_string}\"},\"query-input\":{\"@type\":\"PropertyValueSpecification\",\"valueRequired\":true,\"valueName\":\"search_term_string\"}}],\"inLanguage\":\"es\"},{\"@type\":\"Person\",\"@id\":\"https:\/\/aeronoticias.com.pe\/noticiero\/#\/schema\/person\/16212a617c73f78916b13194154243bd\",\"name\":\"Redacci\u00f3n\",\"sameAs\":[\"http:\/\/Redacci\u00f3n\"],\"url\":\"https:\/\/aeronoticias.com.pe\/noticiero\/author\/celeste\/\"}]}<\/script>\n<!-- \/ Yoast SEO plugin. -->","yoast_head_json":{"title":"Por Sebasti\u00e1n Juli\u00e1n Palacin Newell - Isla San Andr\u00e9s: Un Destino en Auge para el Turismo Sostenible","description":"(Aeronoticias): La isla de San Andr\u00e9s, conocida por sus paradis\u00edacas playas de arena blanca y aguas cristalinas, est\u00e1 experimentando un auge en el turismo sostenible que busca preservar su belleza natural mientras apoya a la comunidad local.","robots":{"index":"index","follow":"follow","max-snippet":"max-snippet:-1","max-image-preview":"max-image-preview:large","max-video-preview":"max-video-preview:-1"},"canonical":"https:\/\/aeronoticias.com.pe\/noticiero\/internacionales\/por-sebastian-julian-palacin-newell-isla-san-andres-un-destino-en-auge-para-el-turismo-sostenible\/","og_locale":"es_ES","og_type":"article","og_title":"Por Sebasti\u00e1n Juli\u00e1n Palacin Newell - Isla San Andr\u00e9s: Un Destino en Auge para el Turismo Sostenible","og_description":"(Aeronoticias): La isla de San Andr\u00e9s, conocida por sus paradis\u00edacas playas de arena blanca y aguas cristalinas, est\u00e1 experimentando un auge en el turismo sostenible que busca preservar su belleza natural mientras apoya a la comunidad local.","og_url":"https:\/\/aeronoticias.com.pe\/noticiero\/internacionales\/por-sebastian-julian-palacin-newell-isla-san-andres-un-destino-en-auge-para-el-turismo-sostenible\/","og_site_name":"Aeronoticias.com.pe","article_publisher":"https:\/\/www.facebook.com\/Aeronoticias.com.pe\/","article_published_time":"2025-01-14T17:36:12+00:00","article_modified_time":"2025-01-14T17:36:17+00:00","og_image":[{"width":679,"height":452,"url":"https:\/\/aeronoticias.com.pe\/noticiero\/wp-content\/uploads\/2025\/01\/IMG_7118.jpeg","type":"image\/jpeg"}],"author":"Redacci\u00f3n","twitter_card":"summary_large_image","twitter_creator":"@aeronoticias","twitter_site":"@aeronoticias","twitter_misc":{"Escrito por":"Redacci\u00f3n","Tiempo de lectura":"2 minutos"},"schema":{"@context":"https:\/\/schema.org","@graph":[{"@type":"WebPage","@id":"https:\/\/aeronoticias.com.pe\/noticiero\/internacionales\/por-sebastian-julian-palacin-newell-isla-san-andres-un-destino-en-auge-para-el-turismo-sostenible\/","url":"https:\/\/aeronoticias.com.pe\/noticiero\/internacionales\/por-sebastian-julian-palacin-newell-isla-san-andres-un-destino-en-auge-para-el-turismo-sostenible\/","name":"Por Sebasti\u00e1n Juli\u00e1n Palacin Newell - Isla San Andr\u00e9s: Un Destino en Auge para el Turismo Sostenible","isPartOf":{"@id":"https:\/\/aeronoticias.com.pe\/noticiero\/#website"},"primaryImageOfPage":{"@id":"https:\/\/aeronoticias.com.pe\/noticiero\/internacionales\/por-sebastian-julian-palacin-newell-isla-san-andres-un-destino-en-auge-para-el-turismo-sostenible\/#primaryimage"},"image":{"@id":"https:\/\/aeronoticias.com.pe\/noticiero\/internacionales\/por-sebastian-julian-palacin-newell-isla-san-andres-un-destino-en-auge-para-el-turismo-sostenible\/#primaryimage"},"thumbnailUrl":"https:\/\/aeronoticias.com.pe\/noticiero\/wp-content\/uploads\/2025\/01\/IMG_7118.jpeg","datePublished":"2025-01-14T17:36:12+00:00","dateModified":"2025-01-14T17:36:17+00:00","author":{"@id":"https:\/\/aeronoticias.com.pe\/noticiero\/#\/schema\/person\/16212a617c73f78916b13194154243bd"},"description":"(Aeronoticias): La isla de San Andr\u00e9s, conocida por sus paradis\u00edacas playas de arena blanca y aguas cristalinas, est\u00e1 experimentando un auge en el turismo sostenible que busca preservar su belleza natural mientras apoya a la comunidad local.","breadcrumb":{"@id":"https:\/\/aeronoticias.com.pe\/noticiero\/internacionales\/por-sebastian-julian-palacin-newell-isla-san-andres-un-destino-en-auge-para-el-turismo-sostenible\/#breadcrumb"},"inLanguage":"es","potentialAction":[{"@type":"ReadAction","target":["https:\/\/aeronoticias.com.pe\/noticiero\/internacionales\/por-sebastian-julian-palacin-newell-isla-san-andres-un-destino-en-auge-para-el-turismo-sostenible\/"]}]},{"@type":"ImageObject","inLanguage":"es","@id":"https:\/\/aeronoticias.com.pe\/noticiero\/internacionales\/por-sebastian-julian-palacin-newell-isla-san-andres-un-destino-en-auge-para-el-turismo-sostenible\/#primaryimage","url":"https:\/\/aeronoticias.com.pe\/noticiero\/wp-content\/uploads\/2025\/01\/IMG_7118.jpeg","contentUrl":"https:\/\/aeronoticias.com.pe\/noticiero\/wp-content\/uploads\/2025\/01\/IMG_7118.jpeg","width":679,"height":452},{"@type":"BreadcrumbList","@id":"https:\/\/aeronoticias.com.pe\/noticiero\/internacionales\/por-sebastian-julian-palacin-newell-isla-san-andres-un-destino-en-auge-para-el-turismo-sostenible\/#breadcrumb","itemListElement":[{"@type":"ListItem","position":1,"name":"Portada","item":"https:\/\/aeronoticias.com.pe\/noticiero\/"},{"@type":"ListItem","position":2,"name":"Por Sebasti\u00e1n Juli\u00e1n Palacin Newell &#8211; Isla San Andr\u00e9s: Un Destino en Auge para el Turismo Sostenible"}]},{"@type":"WebSite","@id":"https:\/\/aeronoticias.com.pe\/noticiero\/#website","url":"https:\/\/aeronoticias.com.pe\/noticiero\/","name":"Aeronoticias.com.pe","description":"Noticias de tranporte aereo, turismo, hoteles, gastronomia, actualidad, internacional","potentialAction":[{"@type":"SearchAction","target":{"@type":"EntryPoint","urlTemplate":"https:\/\/aeronoticias.com.pe\/noticiero\/?s={search_term_string}"},"query-input":{"@type":"PropertyValueSpecification","valueRequired":true,"valueName":"search_term_string"}}],"inLanguage":"es"},{"@type":"Person","@id":"https:\/\/aeronoticias.com.pe\/noticiero\/#\/schema\/person\/16212a617c73f78916b13194154243bd","name":"Redacci\u00f3n","sameAs":["http:\/\/Redacci\u00f3n"],"url":"https:\/\/aeronoticias.com.pe\/noticiero\/author\/celeste\/"}]}},"_links":{"self":[{"href":"https:\/\/aeronoticias.com.pe\/noticiero\/wp-json\/wp\/v2\/posts\/92950","targetHints":{"allow":["GET"]}}],"collection":[{"href":"https:\/\/aeronoticias.com.pe\/noticiero\/wp-json\/wp\/v2\/posts"}],"about":[{"href":"https:\/\/aeronoticias.com.pe\/noticiero\/wp-json\/wp\/v2\/types\/post"}],"author":[{"embeddable":true,"href":"https:\/\/aeronoticias.com.pe\/noticiero\/wp-json\/wp\/v2\/users\/3"}],"replies":[{"embeddable":true,"href":"https:\/\/aeronoticias.com.pe\/noticiero\/wp-json\/wp\/v2\/comments?post=92950"}],"version-history":[{"count":0,"href":"https:\/\/aeronoticias.com.pe\/noticiero\/wp-json\/wp\/v2\/posts\/92950\/revisions"}],"wp:featuredmedia":[{"embeddable":true,"href":"https:\/\/aeronoticias.com.pe\/noticiero\/wp-json\/wp\/v2\/media\/92951"}],"wp:attachment":[{"href":"https:\/\/aeronoticias.com.pe\/noticiero\/wp-json\/wp\/v2\/media?parent=92950"}],"wp:term":[{"taxonomy":"category","embeddable":true,"href":"https:\/\/aeronoticias.com.pe\/noticiero\/wp-json\/wp\/v2\/categories?post=92950"},{"taxonomy":"post_tag","embeddable":true,"href":"https:\/\/aeronoticias.com.pe\/noticiero\/wp-json\/wp\/v2\/tags?post=92950"}],"curies":[{"name":"wp","href":"https:\/\/api.w.org\/{rel}","templated":true}]}}