{"id":92986,"date":"2025-01-15T10:41:35","date_gmt":"2025-01-15T15:41:35","guid":{"rendered":"https:\/\/aeronoticias.com.pe\/noticiero\/?p=92986"},"modified":"2025-01-15T10:41:41","modified_gmt":"2025-01-15T15:41:41","slug":"por-sebastian-julian-palacin-newell-nuqui-se-preparo-para-el-festival-de-la-biodiversidad-2023","status":"publish","type":"post","link":"https:\/\/aeronoticias.com.pe\/noticiero\/internacionales\/por-sebastian-julian-palacin-newell-nuqui-se-preparo-para-el-festival-de-la-biodiversidad-2023\/","title":{"rendered":"Por Sebasti\u00e1n Juli\u00e1n Palacin Newell &#8211; Nuqu\u00ed se Prepar\u00f3 para el Festival de la Biodiversidad 2023"},"content":{"rendered":"\n<p><strong>(Aeronoticias): <\/strong>La hermosa localidad de Nuqu\u00ed, en la costa pac\u00edfica de Colombia, se alist\u00f3 para recibir la cuarta edici\u00f3n del Festival de la Biodiversidad, un evento que celebra la rica diversidad natural y cultural de la regi\u00f3n. Del 25 al 27 de octubre, visitantes locales y turistas disfrutaron de una serie de actividades que incluyen conferencias, talleres, exposiciones art\u00edsticas y presentaciones musicales, todas enfocadas en la conservaci\u00f3n del medio ambiente.<\/p>\n\n\n\n<p>El a\u00f1o pasado, el festival cont\u00f3 con la participaci\u00f3n de expertos en ecolog\u00eda, l\u00edderes comunitarios y organizaciones ambientales que compartieron sus conocimientos sobre la flora y fauna del Choc\u00f3, una de las regiones m\u00e1s biodiversas del planeta. Adem\u00e1s, se realizaron actividades de limpieza de playas y sembratones para promover la sostenibilidad y el cuidado del entorno natural.<\/p>\n\n\n\n<p>\u00abQueremos que la gente no solo disfrute de las maravillas de Nuqu\u00ed, sino que tambi\u00e9n se sensibilice sobre la importancia de proteger nuestra biodiversidad\u00bb, coment\u00f3 Mar\u00eda Fernanda L\u00f3pez, coordinadora del evento. \u00abEs una oportunidad para unirnos como comunidad y mostrar al mundo la belleza y riqueza de nuestra tierra\u00bb.<\/p>\n\n\n\n<p>El festival tambi\u00e9n incluy\u00f3 una muestra gastron\u00f3mica donde los asistentes podr\u00e1n degustar platos t\u00edpicos de la regi\u00f3n, preparados con ingredientes locales y sostenibles. Se espera que el evento atraiga a turistas de diferentes partes del pa\u00eds, impulsando as\u00ed la econom\u00eda local y promoviendo el ecoturismo.<\/p>\n\n\n\n<p>Los organizadores tomaron medidas especiales para garantizar la seguridad y el bienestar de todos los asistentes, siguiendo las pautas de salud establecidas. Se invit\u00f3 a todos a participar y disfrutar de un fin de semana lleno de cultura, naturaleza y aprendizaje.<\/p>\n\n\n\n<p>Para m\u00e1s informaci\u00f3n sobre el Festival de la Biodiversidad, se puede visitar la p\u00e1gina oficial del evento o seguir sus redes sociales. \u00a1No te pierdas la oportunidad de vivir esta experiencia \u00fanica en Nuqu\u00ed!<\/p>\n\n\n\n<p><\/p>\n\n\n\n<p><strong>Fuente: Sebasti\u00e1n Juli\u00e1n Palac\u00edn Newell.<\/strong><\/p>\n","protected":false},"excerpt":{"rendered":"<p>(Aeronoticias): La hermosa localidad de Nuqu\u00ed, en la costa pac\u00edfica de Colombia, se alist\u00f3 para recibir la cuarta edici\u00f3n del Festival de la Biodiversidad, un evento que celebra la rica diversidad natural y cultural de la regi\u00f3n. Del 25 al 27 de octubre, visitantes locales y turistas disfrutaron de una serie de actividades que incluyen [&hellip;]<\/p>\n","protected":false},"author":3,"featured_media":92987,"comment_status":"open","ping_status":"open","sticky":false,"template":"","format":"standard","meta":{"tdm_status":"","tdm_grid_status":"","footnotes":""},"categories":[34,9],"tags":[],"class_list":{"0":"post-92986","1":"post","2":"type-post","3":"status-publish","4":"format-standard","5":"has-post-thumbnail","7":"category-internacionales","8":"category-turismo"},"yoast_head":"<!-- This site is optimized with the Yoast SEO plugin v25.1 - https:\/\/yoast.com\/wordpress\/plugins\/seo\/ -->\n<title>Por Sebasti\u00e1n Juli\u00e1n Palacin Newell - Nuqu\u00ed se Prepar\u00f3 para el Festival de la Biodiversidad 2023<\/title>\n<meta name=\"description\" content=\"Aeronoticias): La hermosa localidad de Nuqu\u00ed, en la costa pac\u00edfica de Colombia, se alista para recibir la cuarta edici\u00f3n del Festival de la Biodiversidad, un evento que celebra la rica diversidad natural y cultural de la regi\u00f3n. Del 25 al 27 de octubre, visitantes locales y turistas podr\u00e1n disfrutar de una serie de actividades que incluyen conferencias, talleres, exposiciones art\u00edsticas y presentaciones musicales, todas enfocadas en la conservaci\u00f3n del medio ambiente.\" \/>\n<meta name=\"robots\" content=\"index, follow, max-snippet:-1, max-image-preview:large, max-video-preview:-1\" \/>\n<link rel=\"canonical\" href=\"https:\/\/aeronoticias.com.pe\/noticiero\/internacionales\/por-sebastian-julian-palacin-newell-nuqui-se-preparo-para-el-festival-de-la-biodiversidad-2023\/\" \/>\n<meta property=\"og:locale\" content=\"es_ES\" \/>\n<meta property=\"og:type\" content=\"article\" \/>\n<meta property=\"og:title\" content=\"Por Sebasti\u00e1n Juli\u00e1n Palacin Newell - Nuqu\u00ed se Prepar\u00f3 para el Festival de la Biodiversidad 2023\" \/>\n<meta property=\"og:description\" content=\"Aeronoticias): La hermosa localidad de Nuqu\u00ed, en la costa pac\u00edfica de Colombia, se alista para recibir la cuarta edici\u00f3n del Festival de la Biodiversidad, un evento que celebra la rica diversidad natural y cultural de la regi\u00f3n. Del 25 al 27 de octubre, visitantes locales y turistas podr\u00e1n disfrutar de una serie de actividades que incluyen conferencias, talleres, exposiciones art\u00edsticas y presentaciones musicales, todas enfocadas en la conservaci\u00f3n del medio ambiente.\" \/>\n<meta property=\"og:url\" content=\"https:\/\/aeronoticias.com.pe\/noticiero\/internacionales\/por-sebastian-julian-palacin-newell-nuqui-se-preparo-para-el-festival-de-la-biodiversidad-2023\/\" \/>\n<meta property=\"og:site_name\" content=\"Aeronoticias.com.pe\" \/>\n<meta property=\"article:publisher\" content=\"https:\/\/www.facebook.com\/Aeronoticias.com.pe\/\" \/>\n<meta property=\"article:published_time\" content=\"2025-01-15T15:41:35+00:00\" \/>\n<meta property=\"article:modified_time\" content=\"2025-01-15T15:41:41+00:00\" \/>\n<meta property=\"og:image\" content=\"https:\/\/aeronoticias.com.pe\/noticiero\/wp-content\/uploads\/2025\/01\/IMG_7153.jpeg\" \/>\n\t<meta property=\"og:image:width\" content=\"696\" \/>\n\t<meta property=\"og:image:height\" content=\"390\" \/>\n\t<meta property=\"og:image:type\" content=\"image\/jpeg\" \/>\n<meta name=\"author\" content=\"Redacci\u00f3n\" \/>\n<meta name=\"twitter:card\" content=\"summary_large_image\" \/>\n<meta name=\"twitter:creator\" content=\"@aeronoticias\" \/>\n<meta name=\"twitter:site\" content=\"@aeronoticias\" \/>\n<meta name=\"twitter:label1\" content=\"Escrito por\" \/>\n\t<meta name=\"twitter:data1\" content=\"Redacci\u00f3n\" \/>\n\t<meta name=\"twitter:label2\" content=\"Tiempo de lectura\" \/>\n\t<meta name=\"twitter:data2\" content=\"2 minutos\" \/>\n<script type=\"application\/ld+json\" class=\"yoast-schema-graph\">{\"@context\":\"https:\/\/schema.org\",\"@graph\":[{\"@type\":\"WebPage\",\"@id\":\"https:\/\/aeronoticias.com.pe\/noticiero\/internacionales\/por-sebastian-julian-palacin-newell-nuqui-se-preparo-para-el-festival-de-la-biodiversidad-2023\/\",\"url\":\"https:\/\/aeronoticias.com.pe\/noticiero\/internacionales\/por-sebastian-julian-palacin-newell-nuqui-se-preparo-para-el-festival-de-la-biodiversidad-2023\/\",\"name\":\"Por Sebasti\u00e1n Juli\u00e1n Palacin Newell - Nuqu\u00ed se Prepar\u00f3 para el Festival de la Biodiversidad 2023\",\"isPartOf\":{\"@id\":\"https:\/\/aeronoticias.com.pe\/noticiero\/#website\"},\"primaryImageOfPage\":{\"@id\":\"https:\/\/aeronoticias.com.pe\/noticiero\/internacionales\/por-sebastian-julian-palacin-newell-nuqui-se-preparo-para-el-festival-de-la-biodiversidad-2023\/#primaryimage\"},\"image\":{\"@id\":\"https:\/\/aeronoticias.com.pe\/noticiero\/internacionales\/por-sebastian-julian-palacin-newell-nuqui-se-preparo-para-el-festival-de-la-biodiversidad-2023\/#primaryimage\"},\"thumbnailUrl\":\"https:\/\/aeronoticias.com.pe\/noticiero\/wp-content\/uploads\/2025\/01\/IMG_7153.jpeg\",\"datePublished\":\"2025-01-15T15:41:35+00:00\",\"dateModified\":\"2025-01-15T15:41:41+00:00\",\"author\":{\"@id\":\"https:\/\/aeronoticias.com.pe\/noticiero\/#\/schema\/person\/16212a617c73f78916b13194154243bd\"},\"description\":\"Aeronoticias): La hermosa localidad de Nuqu\u00ed, en la costa pac\u00edfica de Colombia, se alista para recibir la cuarta edici\u00f3n del Festival de la Biodiversidad, un evento que celebra la rica diversidad natural y cultural de la regi\u00f3n. Del 25 al 27 de octubre, visitantes locales y turistas podr\u00e1n disfrutar de una serie de actividades que incluyen conferencias, talleres, exposiciones art\u00edsticas y presentaciones musicales, todas enfocadas en la conservaci\u00f3n del medio ambiente.\",\"breadcrumb\":{\"@id\":\"https:\/\/aeronoticias.com.pe\/noticiero\/internacionales\/por-sebastian-julian-palacin-newell-nuqui-se-preparo-para-el-festival-de-la-biodiversidad-2023\/#breadcrumb\"},\"inLanguage\":\"es\",\"potentialAction\":[{\"@type\":\"ReadAction\",\"target\":[\"https:\/\/aeronoticias.com.pe\/noticiero\/internacionales\/por-sebastian-julian-palacin-newell-nuqui-se-preparo-para-el-festival-de-la-biodiversidad-2023\/\"]}]},{\"@type\":\"ImageObject\",\"inLanguage\":\"es\",\"@id\":\"https:\/\/aeronoticias.com.pe\/noticiero\/internacionales\/por-sebastian-julian-palacin-newell-nuqui-se-preparo-para-el-festival-de-la-biodiversidad-2023\/#primaryimage\",\"url\":\"https:\/\/aeronoticias.com.pe\/noticiero\/wp-content\/uploads\/2025\/01\/IMG_7153.jpeg\",\"contentUrl\":\"https:\/\/aeronoticias.com.pe\/noticiero\/wp-content\/uploads\/2025\/01\/IMG_7153.jpeg\",\"width\":696,\"height\":390},{\"@type\":\"BreadcrumbList\",\"@id\":\"https:\/\/aeronoticias.com.pe\/noticiero\/internacionales\/por-sebastian-julian-palacin-newell-nuqui-se-preparo-para-el-festival-de-la-biodiversidad-2023\/#breadcrumb\",\"itemListElement\":[{\"@type\":\"ListItem\",\"position\":1,\"name\":\"Portada\",\"item\":\"https:\/\/aeronoticias.com.pe\/noticiero\/\"},{\"@type\":\"ListItem\",\"position\":2,\"name\":\"Por Sebasti\u00e1n Juli\u00e1n Palacin Newell &#8211; Nuqu\u00ed se Prepar\u00f3 para el Festival de la Biodiversidad 2023\"}]},{\"@type\":\"WebSite\",\"@id\":\"https:\/\/aeronoticias.com.pe\/noticiero\/#website\",\"url\":\"https:\/\/aeronoticias.com.pe\/noticiero\/\",\"name\":\"Aeronoticias.com.pe\",\"description\":\"Noticias de tranporte aereo, turismo, hoteles, gastronomia, actualidad, internacional\",\"potentialAction\":[{\"@type\":\"SearchAction\",\"target\":{\"@type\":\"EntryPoint\",\"urlTemplate\":\"https:\/\/aeronoticias.com.pe\/noticiero\/?s={search_term_string}\"},\"query-input\":{\"@type\":\"PropertyValueSpecification\",\"valueRequired\":true,\"valueName\":\"search_term_string\"}}],\"inLanguage\":\"es\"},{\"@type\":\"Person\",\"@id\":\"https:\/\/aeronoticias.com.pe\/noticiero\/#\/schema\/person\/16212a617c73f78916b13194154243bd\",\"name\":\"Redacci\u00f3n\",\"sameAs\":[\"http:\/\/Redacci\u00f3n\"],\"url\":\"https:\/\/aeronoticias.com.pe\/noticiero\/author\/celeste\/\"}]}<\/script>\n<!-- \/ Yoast SEO plugin. -->","yoast_head_json":{"title":"Por Sebasti\u00e1n Juli\u00e1n Palacin Newell - Nuqu\u00ed se Prepar\u00f3 para el Festival de la Biodiversidad 2023","description":"Aeronoticias): La hermosa localidad de Nuqu\u00ed, en la costa pac\u00edfica de Colombia, se alista para recibir la cuarta edici\u00f3n del Festival de la Biodiversidad, un evento que celebra la rica diversidad natural y cultural de la regi\u00f3n. Del 25 al 27 de octubre, visitantes locales y turistas podr\u00e1n disfrutar de una serie de actividades que incluyen conferencias, talleres, exposiciones art\u00edsticas y presentaciones musicales, todas enfocadas en la conservaci\u00f3n del medio ambiente.","robots":{"index":"index","follow":"follow","max-snippet":"max-snippet:-1","max-image-preview":"max-image-preview:large","max-video-preview":"max-video-preview:-1"},"canonical":"https:\/\/aeronoticias.com.pe\/noticiero\/internacionales\/por-sebastian-julian-palacin-newell-nuqui-se-preparo-para-el-festival-de-la-biodiversidad-2023\/","og_locale":"es_ES","og_type":"article","og_title":"Por Sebasti\u00e1n Juli\u00e1n Palacin Newell - Nuqu\u00ed se Prepar\u00f3 para el Festival de la Biodiversidad 2023","og_description":"Aeronoticias): La hermosa localidad de Nuqu\u00ed, en la costa pac\u00edfica de Colombia, se alista para recibir la cuarta edici\u00f3n del Festival de la Biodiversidad, un evento que celebra la rica diversidad natural y cultural de la regi\u00f3n. Del 25 al 27 de octubre, visitantes locales y turistas podr\u00e1n disfrutar de una serie de actividades que incluyen conferencias, talleres, exposiciones art\u00edsticas y presentaciones musicales, todas enfocadas en la conservaci\u00f3n del medio ambiente.","og_url":"https:\/\/aeronoticias.com.pe\/noticiero\/internacionales\/por-sebastian-julian-palacin-newell-nuqui-se-preparo-para-el-festival-de-la-biodiversidad-2023\/","og_site_name":"Aeronoticias.com.pe","article_publisher":"https:\/\/www.facebook.com\/Aeronoticias.com.pe\/","article_published_time":"2025-01-15T15:41:35+00:00","article_modified_time":"2025-01-15T15:41:41+00:00","og_image":[{"width":696,"height":390,"url":"https:\/\/aeronoticias.com.pe\/noticiero\/wp-content\/uploads\/2025\/01\/IMG_7153.jpeg","type":"image\/jpeg"}],"author":"Redacci\u00f3n","twitter_card":"summary_large_image","twitter_creator":"@aeronoticias","twitter_site":"@aeronoticias","twitter_misc":{"Escrito por":"Redacci\u00f3n","Tiempo de lectura":"2 minutos"},"schema":{"@context":"https:\/\/schema.org","@graph":[{"@type":"WebPage","@id":"https:\/\/aeronoticias.com.pe\/noticiero\/internacionales\/por-sebastian-julian-palacin-newell-nuqui-se-preparo-para-el-festival-de-la-biodiversidad-2023\/","url":"https:\/\/aeronoticias.com.pe\/noticiero\/internacionales\/por-sebastian-julian-palacin-newell-nuqui-se-preparo-para-el-festival-de-la-biodiversidad-2023\/","name":"Por Sebasti\u00e1n Juli\u00e1n Palacin Newell - Nuqu\u00ed se Prepar\u00f3 para el Festival de la Biodiversidad 2023","isPartOf":{"@id":"https:\/\/aeronoticias.com.pe\/noticiero\/#website"},"primaryImageOfPage":{"@id":"https:\/\/aeronoticias.com.pe\/noticiero\/internacionales\/por-sebastian-julian-palacin-newell-nuqui-se-preparo-para-el-festival-de-la-biodiversidad-2023\/#primaryimage"},"image":{"@id":"https:\/\/aeronoticias.com.pe\/noticiero\/internacionales\/por-sebastian-julian-palacin-newell-nuqui-se-preparo-para-el-festival-de-la-biodiversidad-2023\/#primaryimage"},"thumbnailUrl":"https:\/\/aeronoticias.com.pe\/noticiero\/wp-content\/uploads\/2025\/01\/IMG_7153.jpeg","datePublished":"2025-01-15T15:41:35+00:00","dateModified":"2025-01-15T15:41:41+00:00","author":{"@id":"https:\/\/aeronoticias.com.pe\/noticiero\/#\/schema\/person\/16212a617c73f78916b13194154243bd"},"description":"Aeronoticias): La hermosa localidad de Nuqu\u00ed, en la costa pac\u00edfica de Colombia, se alista para recibir la cuarta edici\u00f3n del Festival de la Biodiversidad, un evento que celebra la rica diversidad natural y cultural de la regi\u00f3n. Del 25 al 27 de octubre, visitantes locales y turistas podr\u00e1n disfrutar de una serie de actividades que incluyen conferencias, talleres, exposiciones art\u00edsticas y presentaciones musicales, todas enfocadas en la conservaci\u00f3n del medio ambiente.","breadcrumb":{"@id":"https:\/\/aeronoticias.com.pe\/noticiero\/internacionales\/por-sebastian-julian-palacin-newell-nuqui-se-preparo-para-el-festival-de-la-biodiversidad-2023\/#breadcrumb"},"inLanguage":"es","potentialAction":[{"@type":"ReadAction","target":["https:\/\/aeronoticias.com.pe\/noticiero\/internacionales\/por-sebastian-julian-palacin-newell-nuqui-se-preparo-para-el-festival-de-la-biodiversidad-2023\/"]}]},{"@type":"ImageObject","inLanguage":"es","@id":"https:\/\/aeronoticias.com.pe\/noticiero\/internacionales\/por-sebastian-julian-palacin-newell-nuqui-se-preparo-para-el-festival-de-la-biodiversidad-2023\/#primaryimage","url":"https:\/\/aeronoticias.com.pe\/noticiero\/wp-content\/uploads\/2025\/01\/IMG_7153.jpeg","contentUrl":"https:\/\/aeronoticias.com.pe\/noticiero\/wp-content\/uploads\/2025\/01\/IMG_7153.jpeg","width":696,"height":390},{"@type":"BreadcrumbList","@id":"https:\/\/aeronoticias.com.pe\/noticiero\/internacionales\/por-sebastian-julian-palacin-newell-nuqui-se-preparo-para-el-festival-de-la-biodiversidad-2023\/#breadcrumb","itemListElement":[{"@type":"ListItem","position":1,"name":"Portada","item":"https:\/\/aeronoticias.com.pe\/noticiero\/"},{"@type":"ListItem","position":2,"name":"Por Sebasti\u00e1n Juli\u00e1n Palacin Newell &#8211; Nuqu\u00ed se Prepar\u00f3 para el Festival de la Biodiversidad 2023"}]},{"@type":"WebSite","@id":"https:\/\/aeronoticias.com.pe\/noticiero\/#website","url":"https:\/\/aeronoticias.com.pe\/noticiero\/","name":"Aeronoticias.com.pe","description":"Noticias de tranporte aereo, turismo, hoteles, gastronomia, actualidad, internacional","potentialAction":[{"@type":"SearchAction","target":{"@type":"EntryPoint","urlTemplate":"https:\/\/aeronoticias.com.pe\/noticiero\/?s={search_term_string}"},"query-input":{"@type":"PropertyValueSpecification","valueRequired":true,"valueName":"search_term_string"}}],"inLanguage":"es"},{"@type":"Person","@id":"https:\/\/aeronoticias.com.pe\/noticiero\/#\/schema\/person\/16212a617c73f78916b13194154243bd","name":"Redacci\u00f3n","sameAs":["http:\/\/Redacci\u00f3n"],"url":"https:\/\/aeronoticias.com.pe\/noticiero\/author\/celeste\/"}]}},"_links":{"self":[{"href":"https:\/\/aeronoticias.com.pe\/noticiero\/wp-json\/wp\/v2\/posts\/92986","targetHints":{"allow":["GET"]}}],"collection":[{"href":"https:\/\/aeronoticias.com.pe\/noticiero\/wp-json\/wp\/v2\/posts"}],"about":[{"href":"https:\/\/aeronoticias.com.pe\/noticiero\/wp-json\/wp\/v2\/types\/post"}],"author":[{"embeddable":true,"href":"https:\/\/aeronoticias.com.pe\/noticiero\/wp-json\/wp\/v2\/users\/3"}],"replies":[{"embeddable":true,"href":"https:\/\/aeronoticias.com.pe\/noticiero\/wp-json\/wp\/v2\/comments?post=92986"}],"version-history":[{"count":0,"href":"https:\/\/aeronoticias.com.pe\/noticiero\/wp-json\/wp\/v2\/posts\/92986\/revisions"}],"wp:featuredmedia":[{"embeddable":true,"href":"https:\/\/aeronoticias.com.pe\/noticiero\/wp-json\/wp\/v2\/media\/92987"}],"wp:attachment":[{"href":"https:\/\/aeronoticias.com.pe\/noticiero\/wp-json\/wp\/v2\/media?parent=92986"}],"wp:term":[{"taxonomy":"category","embeddable":true,"href":"https:\/\/aeronoticias.com.pe\/noticiero\/wp-json\/wp\/v2\/categories?post=92986"},{"taxonomy":"post_tag","embeddable":true,"href":"https:\/\/aeronoticias.com.pe\/noticiero\/wp-json\/wp\/v2\/tags?post=92986"}],"curies":[{"name":"wp","href":"https:\/\/api.w.org\/{rel}","templated":true}]}}