{"id":92992,"date":"2025-01-15T11:14:31","date_gmt":"2025-01-15T16:14:31","guid":{"rendered":"https:\/\/aeronoticias.com.pe\/noticiero\/?p=92992"},"modified":"2025-01-15T11:14:31","modified_gmt":"2025-01-15T16:14:31","slug":"por-sebastian-julian-palacin-newell-isla-grande-un-paraiso-natural-en-peligro-por-el-cambio-climatico","status":"publish","type":"post","link":"https:\/\/aeronoticias.com.pe\/noticiero\/turismo\/por-sebastian-julian-palacin-newell-isla-grande-un-paraiso-natural-en-peligro-por-el-cambio-climatico\/","title":{"rendered":"Por Sebasti\u00e1n Juli\u00e1n Palacin Newell &#8211; Isla Grande: Un Para\u00edso Natural en Peligro por el Cambio Clim\u00e1tico"},"content":{"rendered":"\n<p><strong>(Aeronoticias):<\/strong> La belleza natural de Isla Grande, un destino tur\u00edstico popular en el Archipi\u00e9lago de San Bernardo, se enfrenta a una creciente amenaza debido a los efectos del cambio clim\u00e1tico. Con sus playas de arena blanca, aguas cristalinas y exuberante vegetaci\u00f3n, la isla ha sido un refugio para turistas y amantes de la naturaleza. Sin embargo, expertos advierten que el aumento del nivel del mar y la erosi\u00f3n costera ponen en riesgo este para\u00edso.<\/p>\n\n\n\n<p>Recientes estudios realizados por el Instituto de Investigaciones Marinas y Costeras (Invemar) indican que Isla Grande ha perdido alrededor del 30% de su superficie terrestre en las \u00faltimas dos d\u00e9cadas. La comunidad local, que depende en gran medida del turismo y la pesca, ha comenzado a notar los efectos de esta p\u00e9rdida. \u00abCada a\u00f1o, las mareas altas afectan m\u00e1s nuestras casas y nuestras playas\u00bb, comenta Mar\u00eda L\u00f3pez, una residente de la isla. \u00abEstamos preocupados por el futuro de nuestra comunidad y nuestro medio ambiente\u00bb.<\/p>\n\n\n\n<p>Organizaciones ambientales y el gobierno local han comenzado a implementar iniciativas para mitigar el impacto del cambio clim\u00e1tico. Programas de reforestaci\u00f3n y campa\u00f1as de limpieza de playas est\u00e1n en marcha, pero los residentes piden m\u00e1s apoyo. \u00abNecesitamos una estrategia a largo plazo que incluya la construcci\u00f3n de infraestructuras resistentes al clima y la educaci\u00f3n sobre pr\u00e1cticas sostenibles\u00bb, a\u00f1ade L\u00f3pez.<\/p>\n\n\n\n<p>Los turistas tambi\u00e9n est\u00e1n tomando conciencia de la situaci\u00f3n. Muchos visitantes est\u00e1n optando por apoyar negocios locales que promueven la sostenibilidad y el cuidado del medio ambiente. \u00abVine a Isla Grande por su belleza, pero ahora siento que es mi responsabilidad ayudar a protegerla\u00bb, dice Javier Mart\u00ednez, un turista de Bogot\u00e1.<\/p>\n\n\n\n<p>Con el apoyo adecuado y la colaboraci\u00f3n entre la comunidad, el gobierno y los turistas, hay esperanza de que Isla Grande pueda adaptarse y preservar su belleza natural para las futuras generaciones. La isla sigue siendo un s\u00edmbolo de la riqueza ecol\u00f3gica de Colombia, y su salvaguarda es esencial para el bienestar de su gente y su entorno.<\/p>\n\n\n\n<p><strong>Fuente: Sebasti\u00e1n Juli\u00e1n Palac\u00edn Newell.<\/strong><\/p>\n","protected":false},"excerpt":{"rendered":"<p>(Aeronoticias): La belleza natural de Isla Grande, un destino tur\u00edstico popular en el Archipi\u00e9lago de San Bernardo, se enfrenta a una creciente amenaza debido a los efectos del cambio clim\u00e1tico. Con sus playas de arena blanca, aguas cristalinas y exuberante vegetaci\u00f3n, la isla ha sido un refugio para turistas y amantes de la naturaleza. Sin [&hellip;]<\/p>\n","protected":false},"author":3,"featured_media":92994,"comment_status":"open","ping_status":"open","sticky":false,"template":"","format":"standard","meta":{"tdm_status":"","tdm_grid_status":"","footnotes":""},"categories":[34,9],"tags":[],"class_list":{"0":"post-92992","1":"post","2":"type-post","3":"status-publish","4":"format-standard","5":"has-post-thumbnail","7":"category-internacionales","8":"category-turismo"},"yoast_head":"<!-- This site is optimized with the Yoast SEO plugin v25.1 - https:\/\/yoast.com\/wordpress\/plugins\/seo\/ -->\n<title>Por Sebasti\u00e1n Juli\u00e1n Palacin Newell - Isla Grande: Un Para\u00edso Natural en Peligro por el Cambio Clim\u00e1tico<\/title>\n<meta name=\"description\" content=\"Portal de noticias del Per\u00fa sobre el transporte a\u00e9reo, aviaci\u00f3n, turismo, hoteleria, actualidad.\" \/>\n<meta name=\"robots\" content=\"index, follow, max-snippet:-1, max-image-preview:large, max-video-preview:-1\" \/>\n<link rel=\"canonical\" href=\"https:\/\/aeronoticias.com.pe\/noticiero\/turismo\/por-sebastian-julian-palacin-newell-isla-grande-un-paraiso-natural-en-peligro-por-el-cambio-climatico\/\" \/>\n<meta property=\"og:locale\" content=\"es_ES\" \/>\n<meta property=\"og:type\" content=\"article\" \/>\n<meta property=\"og:title\" content=\"Por Sebasti\u00e1n Juli\u00e1n Palacin Newell - Isla Grande: Un Para\u00edso Natural en Peligro por el Cambio Clim\u00e1tico\" \/>\n<meta property=\"og:description\" content=\"Portal de noticias del Per\u00fa sobre el transporte a\u00e9reo, aviaci\u00f3n, turismo, hoteleria, actualidad.\" \/>\n<meta property=\"og:url\" content=\"https:\/\/aeronoticias.com.pe\/noticiero\/turismo\/por-sebastian-julian-palacin-newell-isla-grande-un-paraiso-natural-en-peligro-por-el-cambio-climatico\/\" \/>\n<meta property=\"og:site_name\" content=\"Aeronoticias.com.pe\" \/>\n<meta property=\"article:publisher\" content=\"https:\/\/www.facebook.com\/Aeronoticias.com.pe\/\" \/>\n<meta property=\"article:published_time\" content=\"2025-01-15T16:14:31+00:00\" \/>\n<meta property=\"og:image\" content=\"https:\/\/aeronoticias.com.pe\/noticiero\/wp-content\/uploads\/2025\/01\/IMG_7155.jpeg\" \/>\n\t<meta property=\"og:image:width\" content=\"756\" \/>\n\t<meta property=\"og:image:height\" content=\"406\" \/>\n\t<meta property=\"og:image:type\" content=\"image\/jpeg\" \/>\n<meta name=\"author\" content=\"Redacci\u00f3n\" \/>\n<meta name=\"twitter:card\" content=\"summary_large_image\" \/>\n<meta name=\"twitter:creator\" content=\"@aeronoticias\" \/>\n<meta name=\"twitter:site\" content=\"@aeronoticias\" \/>\n<meta name=\"twitter:label1\" content=\"Escrito por\" \/>\n\t<meta name=\"twitter:data1\" content=\"Redacci\u00f3n\" \/>\n\t<meta name=\"twitter:label2\" content=\"Tiempo de lectura\" \/>\n\t<meta name=\"twitter:data2\" content=\"2 minutos\" \/>\n<script type=\"application\/ld+json\" class=\"yoast-schema-graph\">{\"@context\":\"https:\/\/schema.org\",\"@graph\":[{\"@type\":\"WebPage\",\"@id\":\"https:\/\/aeronoticias.com.pe\/noticiero\/turismo\/por-sebastian-julian-palacin-newell-isla-grande-un-paraiso-natural-en-peligro-por-el-cambio-climatico\/\",\"url\":\"https:\/\/aeronoticias.com.pe\/noticiero\/turismo\/por-sebastian-julian-palacin-newell-isla-grande-un-paraiso-natural-en-peligro-por-el-cambio-climatico\/\",\"name\":\"Por Sebasti\u00e1n Juli\u00e1n Palacin Newell - Isla Grande: Un Para\u00edso Natural en Peligro por el Cambio Clim\u00e1tico\",\"isPartOf\":{\"@id\":\"https:\/\/aeronoticias.com.pe\/noticiero\/#website\"},\"primaryImageOfPage\":{\"@id\":\"https:\/\/aeronoticias.com.pe\/noticiero\/turismo\/por-sebastian-julian-palacin-newell-isla-grande-un-paraiso-natural-en-peligro-por-el-cambio-climatico\/#primaryimage\"},\"image\":{\"@id\":\"https:\/\/aeronoticias.com.pe\/noticiero\/turismo\/por-sebastian-julian-palacin-newell-isla-grande-un-paraiso-natural-en-peligro-por-el-cambio-climatico\/#primaryimage\"},\"thumbnailUrl\":\"https:\/\/aeronoticias.com.pe\/noticiero\/wp-content\/uploads\/2025\/01\/IMG_7155.jpeg\",\"datePublished\":\"2025-01-15T16:14:31+00:00\",\"author\":{\"@id\":\"https:\/\/aeronoticias.com.pe\/noticiero\/#\/schema\/person\/16212a617c73f78916b13194154243bd\"},\"description\":\"Portal de noticias del Per\u00fa sobre el transporte a\u00e9reo, aviaci\u00f3n, turismo, hoteleria, actualidad.\",\"breadcrumb\":{\"@id\":\"https:\/\/aeronoticias.com.pe\/noticiero\/turismo\/por-sebastian-julian-palacin-newell-isla-grande-un-paraiso-natural-en-peligro-por-el-cambio-climatico\/#breadcrumb\"},\"inLanguage\":\"es\",\"potentialAction\":[{\"@type\":\"ReadAction\",\"target\":[\"https:\/\/aeronoticias.com.pe\/noticiero\/turismo\/por-sebastian-julian-palacin-newell-isla-grande-un-paraiso-natural-en-peligro-por-el-cambio-climatico\/\"]}]},{\"@type\":\"ImageObject\",\"inLanguage\":\"es\",\"@id\":\"https:\/\/aeronoticias.com.pe\/noticiero\/turismo\/por-sebastian-julian-palacin-newell-isla-grande-un-paraiso-natural-en-peligro-por-el-cambio-climatico\/#primaryimage\",\"url\":\"https:\/\/aeronoticias.com.pe\/noticiero\/wp-content\/uploads\/2025\/01\/IMG_7155.jpeg\",\"contentUrl\":\"https:\/\/aeronoticias.com.pe\/noticiero\/wp-content\/uploads\/2025\/01\/IMG_7155.jpeg\",\"width\":756,\"height\":406},{\"@type\":\"BreadcrumbList\",\"@id\":\"https:\/\/aeronoticias.com.pe\/noticiero\/turismo\/por-sebastian-julian-palacin-newell-isla-grande-un-paraiso-natural-en-peligro-por-el-cambio-climatico\/#breadcrumb\",\"itemListElement\":[{\"@type\":\"ListItem\",\"position\":1,\"name\":\"Portada\",\"item\":\"https:\/\/aeronoticias.com.pe\/noticiero\/\"},{\"@type\":\"ListItem\",\"position\":2,\"name\":\"Por Sebasti\u00e1n Juli\u00e1n Palacin Newell &#8211; Isla Grande: Un Para\u00edso Natural en Peligro por el Cambio Clim\u00e1tico\"}]},{\"@type\":\"WebSite\",\"@id\":\"https:\/\/aeronoticias.com.pe\/noticiero\/#website\",\"url\":\"https:\/\/aeronoticias.com.pe\/noticiero\/\",\"name\":\"Aeronoticias.com.pe\",\"description\":\"Noticias de tranporte aereo, turismo, hoteles, gastronomia, actualidad, internacional\",\"potentialAction\":[{\"@type\":\"SearchAction\",\"target\":{\"@type\":\"EntryPoint\",\"urlTemplate\":\"https:\/\/aeronoticias.com.pe\/noticiero\/?s={search_term_string}\"},\"query-input\":{\"@type\":\"PropertyValueSpecification\",\"valueRequired\":true,\"valueName\":\"search_term_string\"}}],\"inLanguage\":\"es\"},{\"@type\":\"Person\",\"@id\":\"https:\/\/aeronoticias.com.pe\/noticiero\/#\/schema\/person\/16212a617c73f78916b13194154243bd\",\"name\":\"Redacci\u00f3n\",\"sameAs\":[\"http:\/\/Redacci\u00f3n\"],\"url\":\"https:\/\/aeronoticias.com.pe\/noticiero\/author\/celeste\/\"}]}<\/script>\n<!-- \/ Yoast SEO plugin. -->","yoast_head_json":{"title":"Por Sebasti\u00e1n Juli\u00e1n Palacin Newell - Isla Grande: Un Para\u00edso Natural en Peligro por el Cambio Clim\u00e1tico","description":"Portal de noticias del Per\u00fa sobre el transporte a\u00e9reo, aviaci\u00f3n, turismo, hoteleria, actualidad.","robots":{"index":"index","follow":"follow","max-snippet":"max-snippet:-1","max-image-preview":"max-image-preview:large","max-video-preview":"max-video-preview:-1"},"canonical":"https:\/\/aeronoticias.com.pe\/noticiero\/turismo\/por-sebastian-julian-palacin-newell-isla-grande-un-paraiso-natural-en-peligro-por-el-cambio-climatico\/","og_locale":"es_ES","og_type":"article","og_title":"Por Sebasti\u00e1n Juli\u00e1n Palacin Newell - Isla Grande: Un Para\u00edso Natural en Peligro por el Cambio Clim\u00e1tico","og_description":"Portal de noticias del Per\u00fa sobre el transporte a\u00e9reo, aviaci\u00f3n, turismo, hoteleria, actualidad.","og_url":"https:\/\/aeronoticias.com.pe\/noticiero\/turismo\/por-sebastian-julian-palacin-newell-isla-grande-un-paraiso-natural-en-peligro-por-el-cambio-climatico\/","og_site_name":"Aeronoticias.com.pe","article_publisher":"https:\/\/www.facebook.com\/Aeronoticias.com.pe\/","article_published_time":"2025-01-15T16:14:31+00:00","og_image":[{"width":756,"height":406,"url":"https:\/\/aeronoticias.com.pe\/noticiero\/wp-content\/uploads\/2025\/01\/IMG_7155.jpeg","type":"image\/jpeg"}],"author":"Redacci\u00f3n","twitter_card":"summary_large_image","twitter_creator":"@aeronoticias","twitter_site":"@aeronoticias","twitter_misc":{"Escrito por":"Redacci\u00f3n","Tiempo de lectura":"2 minutos"},"schema":{"@context":"https:\/\/schema.org","@graph":[{"@type":"WebPage","@id":"https:\/\/aeronoticias.com.pe\/noticiero\/turismo\/por-sebastian-julian-palacin-newell-isla-grande-un-paraiso-natural-en-peligro-por-el-cambio-climatico\/","url":"https:\/\/aeronoticias.com.pe\/noticiero\/turismo\/por-sebastian-julian-palacin-newell-isla-grande-un-paraiso-natural-en-peligro-por-el-cambio-climatico\/","name":"Por Sebasti\u00e1n Juli\u00e1n Palacin Newell - Isla Grande: Un Para\u00edso Natural en Peligro por el Cambio Clim\u00e1tico","isPartOf":{"@id":"https:\/\/aeronoticias.com.pe\/noticiero\/#website"},"primaryImageOfPage":{"@id":"https:\/\/aeronoticias.com.pe\/noticiero\/turismo\/por-sebastian-julian-palacin-newell-isla-grande-un-paraiso-natural-en-peligro-por-el-cambio-climatico\/#primaryimage"},"image":{"@id":"https:\/\/aeronoticias.com.pe\/noticiero\/turismo\/por-sebastian-julian-palacin-newell-isla-grande-un-paraiso-natural-en-peligro-por-el-cambio-climatico\/#primaryimage"},"thumbnailUrl":"https:\/\/aeronoticias.com.pe\/noticiero\/wp-content\/uploads\/2025\/01\/IMG_7155.jpeg","datePublished":"2025-01-15T16:14:31+00:00","author":{"@id":"https:\/\/aeronoticias.com.pe\/noticiero\/#\/schema\/person\/16212a617c73f78916b13194154243bd"},"description":"Portal de noticias del Per\u00fa sobre el transporte a\u00e9reo, aviaci\u00f3n, turismo, hoteleria, actualidad.","breadcrumb":{"@id":"https:\/\/aeronoticias.com.pe\/noticiero\/turismo\/por-sebastian-julian-palacin-newell-isla-grande-un-paraiso-natural-en-peligro-por-el-cambio-climatico\/#breadcrumb"},"inLanguage":"es","potentialAction":[{"@type":"ReadAction","target":["https:\/\/aeronoticias.com.pe\/noticiero\/turismo\/por-sebastian-julian-palacin-newell-isla-grande-un-paraiso-natural-en-peligro-por-el-cambio-climatico\/"]}]},{"@type":"ImageObject","inLanguage":"es","@id":"https:\/\/aeronoticias.com.pe\/noticiero\/turismo\/por-sebastian-julian-palacin-newell-isla-grande-un-paraiso-natural-en-peligro-por-el-cambio-climatico\/#primaryimage","url":"https:\/\/aeronoticias.com.pe\/noticiero\/wp-content\/uploads\/2025\/01\/IMG_7155.jpeg","contentUrl":"https:\/\/aeronoticias.com.pe\/noticiero\/wp-content\/uploads\/2025\/01\/IMG_7155.jpeg","width":756,"height":406},{"@type":"BreadcrumbList","@id":"https:\/\/aeronoticias.com.pe\/noticiero\/turismo\/por-sebastian-julian-palacin-newell-isla-grande-un-paraiso-natural-en-peligro-por-el-cambio-climatico\/#breadcrumb","itemListElement":[{"@type":"ListItem","position":1,"name":"Portada","item":"https:\/\/aeronoticias.com.pe\/noticiero\/"},{"@type":"ListItem","position":2,"name":"Por Sebasti\u00e1n Juli\u00e1n Palacin Newell &#8211; Isla Grande: Un Para\u00edso Natural en Peligro por el Cambio Clim\u00e1tico"}]},{"@type":"WebSite","@id":"https:\/\/aeronoticias.com.pe\/noticiero\/#website","url":"https:\/\/aeronoticias.com.pe\/noticiero\/","name":"Aeronoticias.com.pe","description":"Noticias de tranporte aereo, turismo, hoteles, gastronomia, actualidad, internacional","potentialAction":[{"@type":"SearchAction","target":{"@type":"EntryPoint","urlTemplate":"https:\/\/aeronoticias.com.pe\/noticiero\/?s={search_term_string}"},"query-input":{"@type":"PropertyValueSpecification","valueRequired":true,"valueName":"search_term_string"}}],"inLanguage":"es"},{"@type":"Person","@id":"https:\/\/aeronoticias.com.pe\/noticiero\/#\/schema\/person\/16212a617c73f78916b13194154243bd","name":"Redacci\u00f3n","sameAs":["http:\/\/Redacci\u00f3n"],"url":"https:\/\/aeronoticias.com.pe\/noticiero\/author\/celeste\/"}]}},"_links":{"self":[{"href":"https:\/\/aeronoticias.com.pe\/noticiero\/wp-json\/wp\/v2\/posts\/92992","targetHints":{"allow":["GET"]}}],"collection":[{"href":"https:\/\/aeronoticias.com.pe\/noticiero\/wp-json\/wp\/v2\/posts"}],"about":[{"href":"https:\/\/aeronoticias.com.pe\/noticiero\/wp-json\/wp\/v2\/types\/post"}],"author":[{"embeddable":true,"href":"https:\/\/aeronoticias.com.pe\/noticiero\/wp-json\/wp\/v2\/users\/3"}],"replies":[{"embeddable":true,"href":"https:\/\/aeronoticias.com.pe\/noticiero\/wp-json\/wp\/v2\/comments?post=92992"}],"version-history":[{"count":0,"href":"https:\/\/aeronoticias.com.pe\/noticiero\/wp-json\/wp\/v2\/posts\/92992\/revisions"}],"wp:featuredmedia":[{"embeddable":true,"href":"https:\/\/aeronoticias.com.pe\/noticiero\/wp-json\/wp\/v2\/media\/92994"}],"wp:attachment":[{"href":"https:\/\/aeronoticias.com.pe\/noticiero\/wp-json\/wp\/v2\/media?parent=92992"}],"wp:term":[{"taxonomy":"category","embeddable":true,"href":"https:\/\/aeronoticias.com.pe\/noticiero\/wp-json\/wp\/v2\/categories?post=92992"},{"taxonomy":"post_tag","embeddable":true,"href":"https:\/\/aeronoticias.com.pe\/noticiero\/wp-json\/wp\/v2\/tags?post=92992"}],"curies":[{"name":"wp","href":"https:\/\/api.w.org\/{rel}","templated":true}]}}