{"id":93004,"date":"2025-01-15T12:52:55","date_gmt":"2025-01-15T17:52:55","guid":{"rendered":"https:\/\/aeronoticias.com.pe\/noticiero\/?p=93004"},"modified":"2025-01-15T12:53:00","modified_gmt":"2025-01-15T17:53:00","slug":"usca-insta-a-aena-a-facilitar-el-acceso-de-los-controladores-de-palma-a-sus-puestos-de-trabajo","status":"publish","type":"post","link":"https:\/\/aeronoticias.com.pe\/noticiero\/transporte-aereo\/usca-insta-a-aena-a-facilitar-el-acceso-de-los-controladores-de-palma-a-sus-puestos-de-trabajo\/","title":{"rendered":"USCA insta a AENA a facilitar el acceso de los controladores de Palma a sus puestos de trabajo"},"content":{"rendered":"\n<p><strong>(Aeronoticias)<\/strong>: <strong>Aviaci\u00f3n Digital, Sp.-<\/strong>\u00a0<em>La\u00a0<strong><a href=\"https:\/\/aviaciondigital.com\/etiqueta\/usca\/\">Uni\u00f3n Sindical de Controladores A\u00e9reos (USCA)<\/a><\/strong>\u00a0ha solicitado a\u00a0<strong><a href=\"https:\/\/aviaciondigital.com\/etiqueta\/aena\/\">AENA<\/a><\/strong>\u00a0que reconsidere su decisi\u00f3n de\u00a0<strong>restringir el acceso directo al centro de control de tr\u00e1fico a\u00e9reo del aeropuerto de Palma a trav\u00e9s de la plataforma.<\/strong><\/em><\/p>\n\n\n\n<p>Esta medida, vinculada a las obras de ampliaci\u00f3n en las instalaciones, est\u00e1 generando graves inconvenientes para los trabajadores y afectando la eficiencia operativa de uno de los aeropuertos m\u00e1s transitados de Espa\u00f1a.<\/p>\n\n\n\n<p>El cierre obliga a los controladores a estacionar en el parking de pasajeros, compartiendo espacio con veh\u00edculos de alquiler y cruzando zonas de alta concurrencia. Este recorrido incluye el paso por la terminal, que en 2024 gestion\u00f3 un r\u00e9cord de 33 millones de pasajeros, y&nbsp;<strong>supone un retraso de m\u00e1s de 30 minutos en el acceso diario de los trabajadores<\/strong>, lo que incrementa el riesgo de retrasos en los relevos, especialmente en temporada alta, cuando&nbsp;<strong>la falta de plantilla ya es un desaf\u00edo recurrente.<\/strong><\/p>\n\n\n\n<h3 class=\"wp-block-heading\" id=\"h-comparativa-con-otros-aeropuertos\"><strong>Comparativa con otros aeropuertos<\/strong><\/h3>\n\n\n\n<p>USCA se\u00f1ala que en otros aeropuertos, tanto grandes como peque\u00f1os, se permite a los trabajadores circular por la plataforma bajo estrictos requisitos de seguridad. En Palma, adem\u00e1s,&nbsp;<strong>otros colectivos como los proveedores de la cantina contin\u00faan teniendo acceso directo.<\/strong><\/p>\n\n\n\n<p>El sindicato subraya que la cantidad de trabajadores afectados ser\u00eda limitada, con&nbsp;<strong>un m\u00e1ximo de 35 personas por turno en verano y 16 en invierno<\/strong>, lo que consideran perfectamente gestionable desde el punto de vista de la seguridad.<\/p>\n\n\n\n<h3 class=\"wp-block-heading\" id=\"h-quejas-y-denuncias-por-las-obras\"><strong>Quejas y denuncias por las obras<\/strong><\/h3>\n\n\n\n<p>Adem\u00e1s del problema de acceso, USCA ha denunciado varias incidencias relacionadas con las obras en curso, incluyendo&nbsp;<strong>ca\u00eddas de techos, acumulaci\u00f3n de polvo, ruidos excesivos y problemas con aguas fecales<\/strong>, que han generado numerosas quejas de los trabajadores.<\/p>\n\n\n\n<p><strong>Fuente: aviaciondigital.com<\/strong><\/p>\n","protected":false},"excerpt":{"rendered":"<p>(Aeronoticias): Aviaci\u00f3n Digital, Sp.-\u00a0La\u00a0Uni\u00f3n Sindical de Controladores A\u00e9reos (USCA)\u00a0ha solicitado a\u00a0AENA\u00a0que reconsidere su decisi\u00f3n de\u00a0restringir el acceso directo al centro de control de tr\u00e1fico a\u00e9reo del aeropuerto de Palma a trav\u00e9s de la plataforma. Esta medida, vinculada a las obras de ampliaci\u00f3n en las instalaciones, est\u00e1 generando graves inconvenientes para los trabajadores y afectando la [&hellip;]<\/p>\n","protected":false},"author":3,"featured_media":93005,"comment_status":"open","ping_status":"open","sticky":false,"template":"","format":"standard","meta":{"tdm_status":"","tdm_grid_status":"","footnotes":""},"categories":[32,11],"tags":[6137,6138,2924],"class_list":{"0":"post-93004","1":"post","2":"type-post","3":"status-publish","4":"format-standard","5":"has-post-thumbnail","7":"category-internacional","8":"category-transporte-aereo","9":"tag-controladores-de-palma","10":"tag-union-sindical-de-controladores-aereos","11":"tag-usca"},"yoast_head":"<!-- This site is optimized with the Yoast SEO plugin v25.1 - https:\/\/yoast.com\/wordpress\/plugins\/seo\/ -->\n<title>USCA insta a AENA a facilitar el acceso de los controladores de Palma a sus puestos de trabajo<\/title>\n<meta name=\"description\" content=\"El sindicato advierte que las restricciones derivadas de las obras afectan la eficiencia operativa y el bienestar del personal.\" \/>\n<meta name=\"robots\" content=\"index, follow, max-snippet:-1, max-image-preview:large, max-video-preview:-1\" \/>\n<link rel=\"canonical\" href=\"https:\/\/aeronoticias.com.pe\/noticiero\/transporte-aereo\/usca-insta-a-aena-a-facilitar-el-acceso-de-los-controladores-de-palma-a-sus-puestos-de-trabajo\/\" \/>\n<meta property=\"og:locale\" content=\"es_ES\" \/>\n<meta property=\"og:type\" content=\"article\" \/>\n<meta property=\"og:title\" content=\"USCA insta a AENA a facilitar el acceso de los controladores de Palma a sus puestos de trabajo\" \/>\n<meta property=\"og:description\" content=\"El sindicato advierte que las restricciones derivadas de las obras afectan la eficiencia operativa y el bienestar del personal.\" \/>\n<meta property=\"og:url\" content=\"https:\/\/aeronoticias.com.pe\/noticiero\/transporte-aereo\/usca-insta-a-aena-a-facilitar-el-acceso-de-los-controladores-de-palma-a-sus-puestos-de-trabajo\/\" \/>\n<meta property=\"og:site_name\" content=\"Aeronoticias.com.pe\" \/>\n<meta property=\"article:publisher\" content=\"https:\/\/www.facebook.com\/Aeronoticias.com.pe\/\" \/>\n<meta property=\"article:published_time\" content=\"2025-01-15T17:52:55+00:00\" \/>\n<meta property=\"article:modified_time\" content=\"2025-01-15T17:53:00+00:00\" \/>\n<meta property=\"og:image\" content=\"https:\/\/aeronoticias.com.pe\/noticiero\/wp-content\/uploads\/2025\/01\/porto.jpg\" \/>\n\t<meta property=\"og:image:width\" content=\"800\" \/>\n\t<meta property=\"og:image:height\" content=\"533\" \/>\n\t<meta property=\"og:image:type\" content=\"image\/jpeg\" \/>\n<meta name=\"author\" content=\"Redacci\u00f3n\" \/>\n<meta name=\"twitter:card\" content=\"summary_large_image\" \/>\n<meta name=\"twitter:creator\" content=\"@aeronoticias\" \/>\n<meta name=\"twitter:site\" content=\"@aeronoticias\" \/>\n<meta name=\"twitter:label1\" content=\"Escrito por\" \/>\n\t<meta name=\"twitter:data1\" content=\"Redacci\u00f3n\" \/>\n\t<meta name=\"twitter:label2\" content=\"Tiempo de lectura\" \/>\n\t<meta name=\"twitter:data2\" content=\"2 minutos\" \/>\n<script type=\"application\/ld+json\" class=\"yoast-schema-graph\">{\"@context\":\"https:\/\/schema.org\",\"@graph\":[{\"@type\":\"WebPage\",\"@id\":\"https:\/\/aeronoticias.com.pe\/noticiero\/transporte-aereo\/usca-insta-a-aena-a-facilitar-el-acceso-de-los-controladores-de-palma-a-sus-puestos-de-trabajo\/\",\"url\":\"https:\/\/aeronoticias.com.pe\/noticiero\/transporte-aereo\/usca-insta-a-aena-a-facilitar-el-acceso-de-los-controladores-de-palma-a-sus-puestos-de-trabajo\/\",\"name\":\"USCA insta a AENA a facilitar el acceso de los controladores de Palma a sus puestos de trabajo\",\"isPartOf\":{\"@id\":\"https:\/\/aeronoticias.com.pe\/noticiero\/#website\"},\"primaryImageOfPage\":{\"@id\":\"https:\/\/aeronoticias.com.pe\/noticiero\/transporte-aereo\/usca-insta-a-aena-a-facilitar-el-acceso-de-los-controladores-de-palma-a-sus-puestos-de-trabajo\/#primaryimage\"},\"image\":{\"@id\":\"https:\/\/aeronoticias.com.pe\/noticiero\/transporte-aereo\/usca-insta-a-aena-a-facilitar-el-acceso-de-los-controladores-de-palma-a-sus-puestos-de-trabajo\/#primaryimage\"},\"thumbnailUrl\":\"https:\/\/aeronoticias.com.pe\/noticiero\/wp-content\/uploads\/2025\/01\/porto.jpg\",\"datePublished\":\"2025-01-15T17:52:55+00:00\",\"dateModified\":\"2025-01-15T17:53:00+00:00\",\"author\":{\"@id\":\"https:\/\/aeronoticias.com.pe\/noticiero\/#\/schema\/person\/16212a617c73f78916b13194154243bd\"},\"description\":\"El sindicato advierte que las restricciones derivadas de las obras afectan la eficiencia operativa y el bienestar del personal.\",\"breadcrumb\":{\"@id\":\"https:\/\/aeronoticias.com.pe\/noticiero\/transporte-aereo\/usca-insta-a-aena-a-facilitar-el-acceso-de-los-controladores-de-palma-a-sus-puestos-de-trabajo\/#breadcrumb\"},\"inLanguage\":\"es\",\"potentialAction\":[{\"@type\":\"ReadAction\",\"target\":[\"https:\/\/aeronoticias.com.pe\/noticiero\/transporte-aereo\/usca-insta-a-aena-a-facilitar-el-acceso-de-los-controladores-de-palma-a-sus-puestos-de-trabajo\/\"]}]},{\"@type\":\"ImageObject\",\"inLanguage\":\"es\",\"@id\":\"https:\/\/aeronoticias.com.pe\/noticiero\/transporte-aereo\/usca-insta-a-aena-a-facilitar-el-acceso-de-los-controladores-de-palma-a-sus-puestos-de-trabajo\/#primaryimage\",\"url\":\"https:\/\/aeronoticias.com.pe\/noticiero\/wp-content\/uploads\/2025\/01\/porto.jpg\",\"contentUrl\":\"https:\/\/aeronoticias.com.pe\/noticiero\/wp-content\/uploads\/2025\/01\/porto.jpg\",\"width\":800,\"height\":533},{\"@type\":\"BreadcrumbList\",\"@id\":\"https:\/\/aeronoticias.com.pe\/noticiero\/transporte-aereo\/usca-insta-a-aena-a-facilitar-el-acceso-de-los-controladores-de-palma-a-sus-puestos-de-trabajo\/#breadcrumb\",\"itemListElement\":[{\"@type\":\"ListItem\",\"position\":1,\"name\":\"Portada\",\"item\":\"https:\/\/aeronoticias.com.pe\/noticiero\/\"},{\"@type\":\"ListItem\",\"position\":2,\"name\":\"USCA insta a AENA a facilitar el acceso de los controladores de Palma a sus puestos de trabajo\"}]},{\"@type\":\"WebSite\",\"@id\":\"https:\/\/aeronoticias.com.pe\/noticiero\/#website\",\"url\":\"https:\/\/aeronoticias.com.pe\/noticiero\/\",\"name\":\"Aeronoticias.com.pe\",\"description\":\"Noticias de tranporte aereo, turismo, hoteles, gastronomia, actualidad, internacional\",\"potentialAction\":[{\"@type\":\"SearchAction\",\"target\":{\"@type\":\"EntryPoint\",\"urlTemplate\":\"https:\/\/aeronoticias.com.pe\/noticiero\/?s={search_term_string}\"},\"query-input\":{\"@type\":\"PropertyValueSpecification\",\"valueRequired\":true,\"valueName\":\"search_term_string\"}}],\"inLanguage\":\"es\"},{\"@type\":\"Person\",\"@id\":\"https:\/\/aeronoticias.com.pe\/noticiero\/#\/schema\/person\/16212a617c73f78916b13194154243bd\",\"name\":\"Redacci\u00f3n\",\"sameAs\":[\"http:\/\/Redacci\u00f3n\"],\"url\":\"https:\/\/aeronoticias.com.pe\/noticiero\/author\/celeste\/\"}]}<\/script>\n<!-- \/ Yoast SEO plugin. -->","yoast_head_json":{"title":"USCA insta a AENA a facilitar el acceso de los controladores de Palma a sus puestos de trabajo","description":"El sindicato advierte que las restricciones derivadas de las obras afectan la eficiencia operativa y el bienestar del personal.","robots":{"index":"index","follow":"follow","max-snippet":"max-snippet:-1","max-image-preview":"max-image-preview:large","max-video-preview":"max-video-preview:-1"},"canonical":"https:\/\/aeronoticias.com.pe\/noticiero\/transporte-aereo\/usca-insta-a-aena-a-facilitar-el-acceso-de-los-controladores-de-palma-a-sus-puestos-de-trabajo\/","og_locale":"es_ES","og_type":"article","og_title":"USCA insta a AENA a facilitar el acceso de los controladores de Palma a sus puestos de trabajo","og_description":"El sindicato advierte que las restricciones derivadas de las obras afectan la eficiencia operativa y el bienestar del personal.","og_url":"https:\/\/aeronoticias.com.pe\/noticiero\/transporte-aereo\/usca-insta-a-aena-a-facilitar-el-acceso-de-los-controladores-de-palma-a-sus-puestos-de-trabajo\/","og_site_name":"Aeronoticias.com.pe","article_publisher":"https:\/\/www.facebook.com\/Aeronoticias.com.pe\/","article_published_time":"2025-01-15T17:52:55+00:00","article_modified_time":"2025-01-15T17:53:00+00:00","og_image":[{"width":800,"height":533,"url":"https:\/\/aeronoticias.com.pe\/noticiero\/wp-content\/uploads\/2025\/01\/porto.jpg","type":"image\/jpeg"}],"author":"Redacci\u00f3n","twitter_card":"summary_large_image","twitter_creator":"@aeronoticias","twitter_site":"@aeronoticias","twitter_misc":{"Escrito por":"Redacci\u00f3n","Tiempo de lectura":"2 minutos"},"schema":{"@context":"https:\/\/schema.org","@graph":[{"@type":"WebPage","@id":"https:\/\/aeronoticias.com.pe\/noticiero\/transporte-aereo\/usca-insta-a-aena-a-facilitar-el-acceso-de-los-controladores-de-palma-a-sus-puestos-de-trabajo\/","url":"https:\/\/aeronoticias.com.pe\/noticiero\/transporte-aereo\/usca-insta-a-aena-a-facilitar-el-acceso-de-los-controladores-de-palma-a-sus-puestos-de-trabajo\/","name":"USCA insta a AENA a facilitar el acceso de los controladores de Palma a sus puestos de trabajo","isPartOf":{"@id":"https:\/\/aeronoticias.com.pe\/noticiero\/#website"},"primaryImageOfPage":{"@id":"https:\/\/aeronoticias.com.pe\/noticiero\/transporte-aereo\/usca-insta-a-aena-a-facilitar-el-acceso-de-los-controladores-de-palma-a-sus-puestos-de-trabajo\/#primaryimage"},"image":{"@id":"https:\/\/aeronoticias.com.pe\/noticiero\/transporte-aereo\/usca-insta-a-aena-a-facilitar-el-acceso-de-los-controladores-de-palma-a-sus-puestos-de-trabajo\/#primaryimage"},"thumbnailUrl":"https:\/\/aeronoticias.com.pe\/noticiero\/wp-content\/uploads\/2025\/01\/porto.jpg","datePublished":"2025-01-15T17:52:55+00:00","dateModified":"2025-01-15T17:53:00+00:00","author":{"@id":"https:\/\/aeronoticias.com.pe\/noticiero\/#\/schema\/person\/16212a617c73f78916b13194154243bd"},"description":"El sindicato advierte que las restricciones derivadas de las obras afectan la eficiencia operativa y el bienestar del personal.","breadcrumb":{"@id":"https:\/\/aeronoticias.com.pe\/noticiero\/transporte-aereo\/usca-insta-a-aena-a-facilitar-el-acceso-de-los-controladores-de-palma-a-sus-puestos-de-trabajo\/#breadcrumb"},"inLanguage":"es","potentialAction":[{"@type":"ReadAction","target":["https:\/\/aeronoticias.com.pe\/noticiero\/transporte-aereo\/usca-insta-a-aena-a-facilitar-el-acceso-de-los-controladores-de-palma-a-sus-puestos-de-trabajo\/"]}]},{"@type":"ImageObject","inLanguage":"es","@id":"https:\/\/aeronoticias.com.pe\/noticiero\/transporte-aereo\/usca-insta-a-aena-a-facilitar-el-acceso-de-los-controladores-de-palma-a-sus-puestos-de-trabajo\/#primaryimage","url":"https:\/\/aeronoticias.com.pe\/noticiero\/wp-content\/uploads\/2025\/01\/porto.jpg","contentUrl":"https:\/\/aeronoticias.com.pe\/noticiero\/wp-content\/uploads\/2025\/01\/porto.jpg","width":800,"height":533},{"@type":"BreadcrumbList","@id":"https:\/\/aeronoticias.com.pe\/noticiero\/transporte-aereo\/usca-insta-a-aena-a-facilitar-el-acceso-de-los-controladores-de-palma-a-sus-puestos-de-trabajo\/#breadcrumb","itemListElement":[{"@type":"ListItem","position":1,"name":"Portada","item":"https:\/\/aeronoticias.com.pe\/noticiero\/"},{"@type":"ListItem","position":2,"name":"USCA insta a AENA a facilitar el acceso de los controladores de Palma a sus puestos de trabajo"}]},{"@type":"WebSite","@id":"https:\/\/aeronoticias.com.pe\/noticiero\/#website","url":"https:\/\/aeronoticias.com.pe\/noticiero\/","name":"Aeronoticias.com.pe","description":"Noticias de tranporte aereo, turismo, hoteles, gastronomia, actualidad, internacional","potentialAction":[{"@type":"SearchAction","target":{"@type":"EntryPoint","urlTemplate":"https:\/\/aeronoticias.com.pe\/noticiero\/?s={search_term_string}"},"query-input":{"@type":"PropertyValueSpecification","valueRequired":true,"valueName":"search_term_string"}}],"inLanguage":"es"},{"@type":"Person","@id":"https:\/\/aeronoticias.com.pe\/noticiero\/#\/schema\/person\/16212a617c73f78916b13194154243bd","name":"Redacci\u00f3n","sameAs":["http:\/\/Redacci\u00f3n"],"url":"https:\/\/aeronoticias.com.pe\/noticiero\/author\/celeste\/"}]}},"_links":{"self":[{"href":"https:\/\/aeronoticias.com.pe\/noticiero\/wp-json\/wp\/v2\/posts\/93004","targetHints":{"allow":["GET"]}}],"collection":[{"href":"https:\/\/aeronoticias.com.pe\/noticiero\/wp-json\/wp\/v2\/posts"}],"about":[{"href":"https:\/\/aeronoticias.com.pe\/noticiero\/wp-json\/wp\/v2\/types\/post"}],"author":[{"embeddable":true,"href":"https:\/\/aeronoticias.com.pe\/noticiero\/wp-json\/wp\/v2\/users\/3"}],"replies":[{"embeddable":true,"href":"https:\/\/aeronoticias.com.pe\/noticiero\/wp-json\/wp\/v2\/comments?post=93004"}],"version-history":[{"count":0,"href":"https:\/\/aeronoticias.com.pe\/noticiero\/wp-json\/wp\/v2\/posts\/93004\/revisions"}],"wp:featuredmedia":[{"embeddable":true,"href":"https:\/\/aeronoticias.com.pe\/noticiero\/wp-json\/wp\/v2\/media\/93005"}],"wp:attachment":[{"href":"https:\/\/aeronoticias.com.pe\/noticiero\/wp-json\/wp\/v2\/media?parent=93004"}],"wp:term":[{"taxonomy":"category","embeddable":true,"href":"https:\/\/aeronoticias.com.pe\/noticiero\/wp-json\/wp\/v2\/categories?post=93004"},{"taxonomy":"post_tag","embeddable":true,"href":"https:\/\/aeronoticias.com.pe\/noticiero\/wp-json\/wp\/v2\/tags?post=93004"}],"curies":[{"name":"wp","href":"https:\/\/api.w.org\/{rel}","templated":true}]}}