{"id":93047,"date":"2025-01-17T10:25:39","date_gmt":"2025-01-17T15:25:39","guid":{"rendered":"https:\/\/aeronoticias.com.pe\/noticiero\/?p=93047"},"modified":"2025-01-17T10:25:44","modified_gmt":"2025-01-17T15:25:44","slug":"por-sebastian-julian-palacin-newell-praia-do-amado-en-el-algarve-es-todo-un-paraiso-para-surferos","status":"publish","type":"post","link":"https:\/\/aeronoticias.com.pe\/noticiero\/turismo\/por-sebastian-julian-palacin-newell-praia-do-amado-en-el-algarve-es-todo-un-paraiso-para-surferos\/","title":{"rendered":"Por Sebasti\u00e1n Juli\u00e1n Palac\u00edn Newell &#8211; Praia do Amado, en el Algarve, es todo un para\u00edso para surferos"},"content":{"rendered":"\n<p><strong>(Aeronoticias): <\/strong>El encanto de Praia do Amado radica no solo en sus condiciones ideales para el surf, sino tambi\u00e9n en su entorno espectacular. Rodeada de acantilados de piedra caliza y vegetaci\u00f3n exuberante, la playa ofrece un ambiente sereno y acogedor. Las aguas cristalinas y las olas consistentes atraen tanto a principiantes que buscan aprender como a expertos que desean desafiar sus habilidades.<\/p>\n\n\n\n<p>Durante la temporada de surf, que va de septiembre a mayo, Praia do Amado se llena de vida. Escuelas de surf, talleres y competiciones se llevan a cabo regularmente, convirtiendo la playa en un punto de encuentro para surfistas y entusiastas del deporte. Adem\u00e1s, la comunidad local ha trabajado arduamente para promover pr\u00e1cticas sostenibles, garantizando la conservaci\u00f3n del entorno natural mientras se disfrutan de las olas.<\/p>\n\n\n\n<p>\u00abPraia do Amado es incre\u00edble. Las olas son perfectas y el ambiente es muy amigable\u00bb, comenta Sofia, una surfista que ha visitado la playa en varias ocasiones. \u00abEs un lugar donde puedes sentirte en casa, rodeado de gente que comparte tu pasi\u00f3n\u00bb.<\/p>\n\n\n\n<p>Adem\u00e1s del surf, Praia do Amado ofrece una variedad de actividades acu\u00e1ticas, como paddle surf y snorkel, as\u00ed como senderos para caminatas que permiten explorar la belleza natural del Algarve. Los visitantes tambi\u00e9n pueden disfrutar de la gastronom\u00eda local en los restaurantes cercanos, que ofrecen delicias tradicionales portuguesas.<\/p>\n\n\n\n<p>Con el aumento del turismo sostenible y el inter\u00e9s por los deportes acu\u00e1ticos, Praia do Amado se posiciona como un destino clave en el mapa del surf mundial. Ya sea que busques aprender a surfear o simplemente disfrutar de la belleza del Algarve, Praia do Amado promete una experiencia inolvidable.<\/p>\n\n\n\n<p>Para aquellos que a\u00fan no han descubierto este rinc\u00f3n del para\u00edso, la temporada alta de surf est\u00e1 a la vuelta de la esquina. \u00a1No pierdas la oportunidad de sumergirte en las olas de Praia do Amado!<\/p>\n\n\n\n<p><\/p>\n\n\n\n<p><strong>Fuente:<\/strong> <strong>Sebasti\u00e1n Juli\u00e1n Palac\u00edn Newell.<\/strong><\/p>\n","protected":false},"excerpt":{"rendered":"<p>(Aeronoticias): El encanto de Praia do Amado radica no solo en sus condiciones ideales para el surf, sino tambi\u00e9n en su entorno espectacular. Rodeada de acantilados de piedra caliza y vegetaci\u00f3n exuberante, la playa ofrece un ambiente sereno y acogedor. Las aguas cristalinas y las olas consistentes atraen tanto a principiantes que buscan aprender como [&hellip;]<\/p>\n","protected":false},"author":3,"featured_media":93048,"comment_status":"open","ping_status":"open","sticky":false,"template":"","format":"standard","meta":{"tdm_status":"","tdm_grid_status":"","footnotes":""},"categories":[9],"tags":[],"class_list":{"0":"post-93047","1":"post","2":"type-post","3":"status-publish","4":"format-standard","5":"has-post-thumbnail","7":"category-turismo"},"yoast_head":"<!-- This site is optimized with the Yoast SEO plugin v25.1 - https:\/\/yoast.com\/wordpress\/plugins\/seo\/ -->\n<title>Por Sebasti\u00e1n Juli\u00e1n Palac\u00edn Newell - Praia do Amado, en el Algarve, es todo un para\u00edso para surferos<\/title>\n<meta name=\"description\" content=\"(Aeronoticias): Praia do Amado, ubicada en la costa del Algarve, se ha consolidado como uno de los destinos m\u00e1s codiciados para los amantes del surf de todo el mundo. Con sus impresionantes olas y paisajes naturales, esta playa se ha convertido en un aut\u00e9ntico para\u00edso para surfistas de todos los niveles.\" \/>\n<meta name=\"robots\" content=\"index, follow, max-snippet:-1, max-image-preview:large, max-video-preview:-1\" \/>\n<link rel=\"canonical\" href=\"https:\/\/aeronoticias.com.pe\/noticiero\/turismo\/por-sebastian-julian-palacin-newell-praia-do-amado-en-el-algarve-es-todo-un-paraiso-para-surferos\/\" \/>\n<meta property=\"og:locale\" content=\"es_ES\" \/>\n<meta property=\"og:type\" content=\"article\" \/>\n<meta property=\"og:title\" content=\"Por Sebasti\u00e1n Juli\u00e1n Palac\u00edn Newell - Praia do Amado, en el Algarve, es todo un para\u00edso para surferos\" \/>\n<meta property=\"og:description\" content=\"(Aeronoticias): Praia do Amado, ubicada en la costa del Algarve, se ha consolidado como uno de los destinos m\u00e1s codiciados para los amantes del surf de todo el mundo. Con sus impresionantes olas y paisajes naturales, esta playa se ha convertido en un aut\u00e9ntico para\u00edso para surfistas de todos los niveles.\" \/>\n<meta property=\"og:url\" content=\"https:\/\/aeronoticias.com.pe\/noticiero\/turismo\/por-sebastian-julian-palacin-newell-praia-do-amado-en-el-algarve-es-todo-un-paraiso-para-surferos\/\" \/>\n<meta property=\"og:site_name\" content=\"Aeronoticias.com.pe\" \/>\n<meta property=\"article:publisher\" content=\"https:\/\/www.facebook.com\/Aeronoticias.com.pe\/\" \/>\n<meta property=\"article:published_time\" content=\"2025-01-17T15:25:39+00:00\" \/>\n<meta property=\"article:modified_time\" content=\"2025-01-17T15:25:44+00:00\" \/>\n<meta property=\"og:image\" content=\"https:\/\/aeronoticias.com.pe\/noticiero\/wp-content\/uploads\/2025\/01\/playa-rocosa.jpeg\" \/>\n\t<meta property=\"og:image:width\" content=\"1024\" \/>\n\t<meta property=\"og:image:height\" content=\"683\" \/>\n\t<meta property=\"og:image:type\" content=\"image\/jpeg\" \/>\n<meta name=\"author\" content=\"Redacci\u00f3n\" \/>\n<meta name=\"twitter:card\" content=\"summary_large_image\" \/>\n<meta name=\"twitter:creator\" content=\"@aeronoticias\" \/>\n<meta name=\"twitter:site\" content=\"@aeronoticias\" \/>\n<meta name=\"twitter:label1\" content=\"Escrito por\" \/>\n\t<meta name=\"twitter:data1\" content=\"Redacci\u00f3n\" \/>\n\t<meta name=\"twitter:label2\" content=\"Tiempo de lectura\" \/>\n\t<meta name=\"twitter:data2\" content=\"2 minutos\" \/>\n<script type=\"application\/ld+json\" class=\"yoast-schema-graph\">{\"@context\":\"https:\/\/schema.org\",\"@graph\":[{\"@type\":\"WebPage\",\"@id\":\"https:\/\/aeronoticias.com.pe\/noticiero\/turismo\/por-sebastian-julian-palacin-newell-praia-do-amado-en-el-algarve-es-todo-un-paraiso-para-surferos\/\",\"url\":\"https:\/\/aeronoticias.com.pe\/noticiero\/turismo\/por-sebastian-julian-palacin-newell-praia-do-amado-en-el-algarve-es-todo-un-paraiso-para-surferos\/\",\"name\":\"Por Sebasti\u00e1n Juli\u00e1n Palac\u00edn Newell - Praia do Amado, en el Algarve, es todo un para\u00edso para surferos\",\"isPartOf\":{\"@id\":\"https:\/\/aeronoticias.com.pe\/noticiero\/#website\"},\"primaryImageOfPage\":{\"@id\":\"https:\/\/aeronoticias.com.pe\/noticiero\/turismo\/por-sebastian-julian-palacin-newell-praia-do-amado-en-el-algarve-es-todo-un-paraiso-para-surferos\/#primaryimage\"},\"image\":{\"@id\":\"https:\/\/aeronoticias.com.pe\/noticiero\/turismo\/por-sebastian-julian-palacin-newell-praia-do-amado-en-el-algarve-es-todo-un-paraiso-para-surferos\/#primaryimage\"},\"thumbnailUrl\":\"https:\/\/aeronoticias.com.pe\/noticiero\/wp-content\/uploads\/2025\/01\/playa-rocosa.jpeg\",\"datePublished\":\"2025-01-17T15:25:39+00:00\",\"dateModified\":\"2025-01-17T15:25:44+00:00\",\"author\":{\"@id\":\"https:\/\/aeronoticias.com.pe\/noticiero\/#\/schema\/person\/16212a617c73f78916b13194154243bd\"},\"description\":\"(Aeronoticias): Praia do Amado, ubicada en la costa del Algarve, se ha consolidado como uno de los destinos m\u00e1s codiciados para los amantes del surf de todo el mundo. Con sus impresionantes olas y paisajes naturales, esta playa se ha convertido en un aut\u00e9ntico para\u00edso para surfistas de todos los niveles.\",\"breadcrumb\":{\"@id\":\"https:\/\/aeronoticias.com.pe\/noticiero\/turismo\/por-sebastian-julian-palacin-newell-praia-do-amado-en-el-algarve-es-todo-un-paraiso-para-surferos\/#breadcrumb\"},\"inLanguage\":\"es\",\"potentialAction\":[{\"@type\":\"ReadAction\",\"target\":[\"https:\/\/aeronoticias.com.pe\/noticiero\/turismo\/por-sebastian-julian-palacin-newell-praia-do-amado-en-el-algarve-es-todo-un-paraiso-para-surferos\/\"]}]},{\"@type\":\"ImageObject\",\"inLanguage\":\"es\",\"@id\":\"https:\/\/aeronoticias.com.pe\/noticiero\/turismo\/por-sebastian-julian-palacin-newell-praia-do-amado-en-el-algarve-es-todo-un-paraiso-para-surferos\/#primaryimage\",\"url\":\"https:\/\/aeronoticias.com.pe\/noticiero\/wp-content\/uploads\/2025\/01\/playa-rocosa.jpeg\",\"contentUrl\":\"https:\/\/aeronoticias.com.pe\/noticiero\/wp-content\/uploads\/2025\/01\/playa-rocosa.jpeg\",\"width\":1024,\"height\":683},{\"@type\":\"BreadcrumbList\",\"@id\":\"https:\/\/aeronoticias.com.pe\/noticiero\/turismo\/por-sebastian-julian-palacin-newell-praia-do-amado-en-el-algarve-es-todo-un-paraiso-para-surferos\/#breadcrumb\",\"itemListElement\":[{\"@type\":\"ListItem\",\"position\":1,\"name\":\"Portada\",\"item\":\"https:\/\/aeronoticias.com.pe\/noticiero\/\"},{\"@type\":\"ListItem\",\"position\":2,\"name\":\"Por Sebasti\u00e1n Juli\u00e1n Palac\u00edn Newell &#8211; Praia do Amado, en el Algarve, es todo un para\u00edso para surferos\"}]},{\"@type\":\"WebSite\",\"@id\":\"https:\/\/aeronoticias.com.pe\/noticiero\/#website\",\"url\":\"https:\/\/aeronoticias.com.pe\/noticiero\/\",\"name\":\"Aeronoticias.com.pe\",\"description\":\"Noticias de tranporte aereo, turismo, hoteles, gastronomia, actualidad, internacional\",\"potentialAction\":[{\"@type\":\"SearchAction\",\"target\":{\"@type\":\"EntryPoint\",\"urlTemplate\":\"https:\/\/aeronoticias.com.pe\/noticiero\/?s={search_term_string}\"},\"query-input\":{\"@type\":\"PropertyValueSpecification\",\"valueRequired\":true,\"valueName\":\"search_term_string\"}}],\"inLanguage\":\"es\"},{\"@type\":\"Person\",\"@id\":\"https:\/\/aeronoticias.com.pe\/noticiero\/#\/schema\/person\/16212a617c73f78916b13194154243bd\",\"name\":\"Redacci\u00f3n\",\"sameAs\":[\"http:\/\/Redacci\u00f3n\"],\"url\":\"https:\/\/aeronoticias.com.pe\/noticiero\/author\/celeste\/\"}]}<\/script>\n<!-- \/ Yoast SEO plugin. -->","yoast_head_json":{"title":"Por Sebasti\u00e1n Juli\u00e1n Palac\u00edn Newell - Praia do Amado, en el Algarve, es todo un para\u00edso para surferos","description":"(Aeronoticias): Praia do Amado, ubicada en la costa del Algarve, se ha consolidado como uno de los destinos m\u00e1s codiciados para los amantes del surf de todo el mundo. Con sus impresionantes olas y paisajes naturales, esta playa se ha convertido en un aut\u00e9ntico para\u00edso para surfistas de todos los niveles.","robots":{"index":"index","follow":"follow","max-snippet":"max-snippet:-1","max-image-preview":"max-image-preview:large","max-video-preview":"max-video-preview:-1"},"canonical":"https:\/\/aeronoticias.com.pe\/noticiero\/turismo\/por-sebastian-julian-palacin-newell-praia-do-amado-en-el-algarve-es-todo-un-paraiso-para-surferos\/","og_locale":"es_ES","og_type":"article","og_title":"Por Sebasti\u00e1n Juli\u00e1n Palac\u00edn Newell - Praia do Amado, en el Algarve, es todo un para\u00edso para surferos","og_description":"(Aeronoticias): Praia do Amado, ubicada en la costa del Algarve, se ha consolidado como uno de los destinos m\u00e1s codiciados para los amantes del surf de todo el mundo. Con sus impresionantes olas y paisajes naturales, esta playa se ha convertido en un aut\u00e9ntico para\u00edso para surfistas de todos los niveles.","og_url":"https:\/\/aeronoticias.com.pe\/noticiero\/turismo\/por-sebastian-julian-palacin-newell-praia-do-amado-en-el-algarve-es-todo-un-paraiso-para-surferos\/","og_site_name":"Aeronoticias.com.pe","article_publisher":"https:\/\/www.facebook.com\/Aeronoticias.com.pe\/","article_published_time":"2025-01-17T15:25:39+00:00","article_modified_time":"2025-01-17T15:25:44+00:00","og_image":[{"width":1024,"height":683,"url":"https:\/\/aeronoticias.com.pe\/noticiero\/wp-content\/uploads\/2025\/01\/playa-rocosa.jpeg","type":"image\/jpeg"}],"author":"Redacci\u00f3n","twitter_card":"summary_large_image","twitter_creator":"@aeronoticias","twitter_site":"@aeronoticias","twitter_misc":{"Escrito por":"Redacci\u00f3n","Tiempo de lectura":"2 minutos"},"schema":{"@context":"https:\/\/schema.org","@graph":[{"@type":"WebPage","@id":"https:\/\/aeronoticias.com.pe\/noticiero\/turismo\/por-sebastian-julian-palacin-newell-praia-do-amado-en-el-algarve-es-todo-un-paraiso-para-surferos\/","url":"https:\/\/aeronoticias.com.pe\/noticiero\/turismo\/por-sebastian-julian-palacin-newell-praia-do-amado-en-el-algarve-es-todo-un-paraiso-para-surferos\/","name":"Por Sebasti\u00e1n Juli\u00e1n Palac\u00edn Newell - Praia do Amado, en el Algarve, es todo un para\u00edso para surferos","isPartOf":{"@id":"https:\/\/aeronoticias.com.pe\/noticiero\/#website"},"primaryImageOfPage":{"@id":"https:\/\/aeronoticias.com.pe\/noticiero\/turismo\/por-sebastian-julian-palacin-newell-praia-do-amado-en-el-algarve-es-todo-un-paraiso-para-surferos\/#primaryimage"},"image":{"@id":"https:\/\/aeronoticias.com.pe\/noticiero\/turismo\/por-sebastian-julian-palacin-newell-praia-do-amado-en-el-algarve-es-todo-un-paraiso-para-surferos\/#primaryimage"},"thumbnailUrl":"https:\/\/aeronoticias.com.pe\/noticiero\/wp-content\/uploads\/2025\/01\/playa-rocosa.jpeg","datePublished":"2025-01-17T15:25:39+00:00","dateModified":"2025-01-17T15:25:44+00:00","author":{"@id":"https:\/\/aeronoticias.com.pe\/noticiero\/#\/schema\/person\/16212a617c73f78916b13194154243bd"},"description":"(Aeronoticias): Praia do Amado, ubicada en la costa del Algarve, se ha consolidado como uno de los destinos m\u00e1s codiciados para los amantes del surf de todo el mundo. Con sus impresionantes olas y paisajes naturales, esta playa se ha convertido en un aut\u00e9ntico para\u00edso para surfistas de todos los niveles.","breadcrumb":{"@id":"https:\/\/aeronoticias.com.pe\/noticiero\/turismo\/por-sebastian-julian-palacin-newell-praia-do-amado-en-el-algarve-es-todo-un-paraiso-para-surferos\/#breadcrumb"},"inLanguage":"es","potentialAction":[{"@type":"ReadAction","target":["https:\/\/aeronoticias.com.pe\/noticiero\/turismo\/por-sebastian-julian-palacin-newell-praia-do-amado-en-el-algarve-es-todo-un-paraiso-para-surferos\/"]}]},{"@type":"ImageObject","inLanguage":"es","@id":"https:\/\/aeronoticias.com.pe\/noticiero\/turismo\/por-sebastian-julian-palacin-newell-praia-do-amado-en-el-algarve-es-todo-un-paraiso-para-surferos\/#primaryimage","url":"https:\/\/aeronoticias.com.pe\/noticiero\/wp-content\/uploads\/2025\/01\/playa-rocosa.jpeg","contentUrl":"https:\/\/aeronoticias.com.pe\/noticiero\/wp-content\/uploads\/2025\/01\/playa-rocosa.jpeg","width":1024,"height":683},{"@type":"BreadcrumbList","@id":"https:\/\/aeronoticias.com.pe\/noticiero\/turismo\/por-sebastian-julian-palacin-newell-praia-do-amado-en-el-algarve-es-todo-un-paraiso-para-surferos\/#breadcrumb","itemListElement":[{"@type":"ListItem","position":1,"name":"Portada","item":"https:\/\/aeronoticias.com.pe\/noticiero\/"},{"@type":"ListItem","position":2,"name":"Por Sebasti\u00e1n Juli\u00e1n Palac\u00edn Newell &#8211; Praia do Amado, en el Algarve, es todo un para\u00edso para surferos"}]},{"@type":"WebSite","@id":"https:\/\/aeronoticias.com.pe\/noticiero\/#website","url":"https:\/\/aeronoticias.com.pe\/noticiero\/","name":"Aeronoticias.com.pe","description":"Noticias de tranporte aereo, turismo, hoteles, gastronomia, actualidad, internacional","potentialAction":[{"@type":"SearchAction","target":{"@type":"EntryPoint","urlTemplate":"https:\/\/aeronoticias.com.pe\/noticiero\/?s={search_term_string}"},"query-input":{"@type":"PropertyValueSpecification","valueRequired":true,"valueName":"search_term_string"}}],"inLanguage":"es"},{"@type":"Person","@id":"https:\/\/aeronoticias.com.pe\/noticiero\/#\/schema\/person\/16212a617c73f78916b13194154243bd","name":"Redacci\u00f3n","sameAs":["http:\/\/Redacci\u00f3n"],"url":"https:\/\/aeronoticias.com.pe\/noticiero\/author\/celeste\/"}]}},"_links":{"self":[{"href":"https:\/\/aeronoticias.com.pe\/noticiero\/wp-json\/wp\/v2\/posts\/93047","targetHints":{"allow":["GET"]}}],"collection":[{"href":"https:\/\/aeronoticias.com.pe\/noticiero\/wp-json\/wp\/v2\/posts"}],"about":[{"href":"https:\/\/aeronoticias.com.pe\/noticiero\/wp-json\/wp\/v2\/types\/post"}],"author":[{"embeddable":true,"href":"https:\/\/aeronoticias.com.pe\/noticiero\/wp-json\/wp\/v2\/users\/3"}],"replies":[{"embeddable":true,"href":"https:\/\/aeronoticias.com.pe\/noticiero\/wp-json\/wp\/v2\/comments?post=93047"}],"version-history":[{"count":0,"href":"https:\/\/aeronoticias.com.pe\/noticiero\/wp-json\/wp\/v2\/posts\/93047\/revisions"}],"wp:featuredmedia":[{"embeddable":true,"href":"https:\/\/aeronoticias.com.pe\/noticiero\/wp-json\/wp\/v2\/media\/93048"}],"wp:attachment":[{"href":"https:\/\/aeronoticias.com.pe\/noticiero\/wp-json\/wp\/v2\/media?parent=93047"}],"wp:term":[{"taxonomy":"category","embeddable":true,"href":"https:\/\/aeronoticias.com.pe\/noticiero\/wp-json\/wp\/v2\/categories?post=93047"},{"taxonomy":"post_tag","embeddable":true,"href":"https:\/\/aeronoticias.com.pe\/noticiero\/wp-json\/wp\/v2\/tags?post=93047"}],"curies":[{"name":"wp","href":"https:\/\/api.w.org\/{rel}","templated":true}]}}