{"id":93051,"date":"2025-01-17T10:32:38","date_gmt":"2025-01-17T15:32:38","guid":{"rendered":"https:\/\/aeronoticias.com.pe\/noticiero\/?p=93051"},"modified":"2025-01-17T10:32:48","modified_gmt":"2025-01-17T15:32:48","slug":"por-sebastian-julian-palacin-newell-playa-ponta-dos-capelinhos-un-paraiso-natural-en-las-azores-que-atrae-a-turistas-de-todo-el-mundo","status":"publish","type":"post","link":"https:\/\/aeronoticias.com.pe\/noticiero\/internacionales\/por-sebastian-julian-palacin-newell-playa-ponta-dos-capelinhos-un-paraiso-natural-en-las-azores-que-atrae-a-turistas-de-todo-el-mundo\/","title":{"rendered":"Por Sebasti\u00e1n Juli\u00e1n Palac\u00edn Newell \u2013 Playa Ponta dos Capelinhos: Un Para\u00edso Natural en las Azores que Atrae a Turistas de Todo el Mundo"},"content":{"rendered":"\n<p><strong>(Aeronoticias):&nbsp;<\/strong>La playa de Ponta dos Capelinhos, situada en la isla de Faial en el archipi\u00e9lago de las Azores, Portugal, ha comenzado a recibir una creciente atenci\u00f3n internacional gracias a su impresionante paisaje y su reciente inclusi\u00f3n en las rutas tur\u00edsticas de ecoaventura. Este rinc\u00f3n \u00fanico, conocido por sus acantilados dram\u00e1ticos y su arena oscura de origen volc\u00e1nico, ofrece una experiencia \u00fanica a los visitantes que buscan conectar con la naturaleza.<\/p>\n\n\n\n<p>La playa, que se form\u00f3 tras la erupci\u00f3n del volc\u00e1n Capelinhos en 1957, no solo es un lugar de belleza esc\u00e9nica, sino que tambi\u00e9n es un importante sitio geol\u00f3gico. Los visitantes pueden explorar los restos de la erupci\u00f3n, que transformaron el paisaje y dejaron una huella visible en la costa. Adem\u00e1s, la zona es hogar de diversas especies de flora y fauna, lo que la convierte en un destino ideal para los amantes de la naturaleza y la fotograf\u00eda.<\/p>\n\n\n\n<p>Recientemente, las autoridades locales han implementado medidas para preservar este entorno natural y garantizar que los turistas puedan disfrutar de la playa de manera sostenible. Se han establecido senderos para minimizar el impacto ambiental y se han creado programas educativos para informar a los visitantes sobre la importancia de la conservaci\u00f3n.<\/p>\n\n\n\n<p>\u00abPlaya Ponta dos Capelinhos es un lugar donde la historia geol\u00f3gica se encuentra con la belleza natural\u00bb, afirm\u00f3 Ana Sousa, representante de la Oficina de Turismo de Faial. \u00abEstamos encantados de ver un aumento en el n\u00famero de turistas que visitan nuestra isla y esperamos que todos puedan disfrutar de este maravilloso lugar de manera responsable.\u00bb<\/p>\n\n\n\n<p>Con actividades que van desde el senderismo hasta la observaci\u00f3n de aves, Ponta dos Capelinhos se ha consolidado como un destino imprescindible para aquellos que buscan aventuras al aire libre en un entorno espectacular. Adem\u00e1s, la cercan\u00eda de la playa a otros puntos de inter\u00e9s en las Azores, como el famoso Museo del Volc\u00e1n, ofrece a los visitantes una experiencia completa de la rica historia y cultura de la regi\u00f3n.<\/p>\n\n\n\n<p>La Playa Ponta dos Capelinhos no solo representa un destino tur\u00edstico en auge, sino tambi\u00e9n un recordatorio del poder de la naturaleza y la importancia de su conservaci\u00f3n para las futuras generaciones.<\/p>\n\n\n\n<p><\/p>\n\n\n\n<p><strong>Fuente:<\/strong>&nbsp;<strong>Sebasti\u00e1n Juli\u00e1n Palac\u00edn Newell.<\/strong><\/p>\n","protected":false},"excerpt":{"rendered":"<p>(Aeronoticias):&nbsp;La playa de Ponta dos Capelinhos, situada en la isla de Faial en el archipi\u00e9lago de las Azores, Portugal, ha comenzado a recibir una creciente atenci\u00f3n internacional gracias a su impresionante paisaje y su reciente inclusi\u00f3n en las rutas tur\u00edsticas de ecoaventura. Este rinc\u00f3n \u00fanico, conocido por sus acantilados dram\u00e1ticos y su arena oscura de [&hellip;]<\/p>\n","protected":false},"author":3,"featured_media":93052,"comment_status":"open","ping_status":"open","sticky":false,"template":"","format":"standard","meta":{"tdm_status":"","tdm_grid_status":"","footnotes":""},"categories":[34],"tags":[],"class_list":{"0":"post-93051","1":"post","2":"type-post","3":"status-publish","4":"format-standard","5":"has-post-thumbnail","7":"category-internacionales"},"yoast_head":"<!-- This site is optimized with the Yoast SEO plugin v25.1 - https:\/\/yoast.com\/wordpress\/plugins\/seo\/ -->\n<title>Por Sebasti\u00e1n Juli\u00e1n Palac\u00edn Newell \u2013 Playa Ponta dos Capelinhos: Un Para\u00edso Natural en las Azores que Atrae a Turistas de Todo el Mundo<\/title>\n<meta name=\"description\" content=\"(Aeronoticias): La playa de Ponta dos Capelinhos, situada en la isla de Faial en el archipi\u00e9lago de las Azores, Portugal, ha comenzado a recibir una creciente atenci\u00f3n internacional gracias a su impresionante paisaje y su reciente inclusi\u00f3n en las rutas tur\u00edsticas de ecoaventura. Este rinc\u00f3n \u00fanico, conocido por sus acantilados dram\u00e1ticos y su arena oscura de origen volc\u00e1nico, ofrece una experiencia \u00fanica a los visitantes que buscan conectar con la naturaleza.\" \/>\n<meta name=\"robots\" content=\"index, follow, max-snippet:-1, max-image-preview:large, max-video-preview:-1\" \/>\n<link rel=\"canonical\" href=\"https:\/\/aeronoticias.com.pe\/noticiero\/internacionales\/por-sebastian-julian-palacin-newell-playa-ponta-dos-capelinhos-un-paraiso-natural-en-las-azores-que-atrae-a-turistas-de-todo-el-mundo\/\" \/>\n<meta property=\"og:locale\" content=\"es_ES\" \/>\n<meta property=\"og:type\" content=\"article\" \/>\n<meta property=\"og:title\" content=\"Por Sebasti\u00e1n Juli\u00e1n Palac\u00edn Newell \u2013 Playa Ponta dos Capelinhos: Un Para\u00edso Natural en las Azores que Atrae a Turistas de Todo el Mundo\" \/>\n<meta property=\"og:description\" content=\"(Aeronoticias): La playa de Ponta dos Capelinhos, situada en la isla de Faial en el archipi\u00e9lago de las Azores, Portugal, ha comenzado a recibir una creciente atenci\u00f3n internacional gracias a su impresionante paisaje y su reciente inclusi\u00f3n en las rutas tur\u00edsticas de ecoaventura. Este rinc\u00f3n \u00fanico, conocido por sus acantilados dram\u00e1ticos y su arena oscura de origen volc\u00e1nico, ofrece una experiencia \u00fanica a los visitantes que buscan conectar con la naturaleza.\" \/>\n<meta property=\"og:url\" content=\"https:\/\/aeronoticias.com.pe\/noticiero\/internacionales\/por-sebastian-julian-palacin-newell-playa-ponta-dos-capelinhos-un-paraiso-natural-en-las-azores-que-atrae-a-turistas-de-todo-el-mundo\/\" \/>\n<meta property=\"og:site_name\" content=\"Aeronoticias.com.pe\" \/>\n<meta property=\"article:publisher\" content=\"https:\/\/www.facebook.com\/Aeronoticias.com.pe\/\" \/>\n<meta property=\"article:published_time\" content=\"2025-01-17T15:32:38+00:00\" \/>\n<meta property=\"article:modified_time\" content=\"2025-01-17T15:32:48+00:00\" \/>\n<meta property=\"og:image\" content=\"https:\/\/aeronoticias.com.pe\/noticiero\/wp-content\/uploads\/2025\/01\/volcan-2.jpg\" \/>\n\t<meta property=\"og:image:width\" content=\"900\" \/>\n\t<meta property=\"og:image:height\" content=\"500\" \/>\n\t<meta property=\"og:image:type\" content=\"image\/jpeg\" \/>\n<meta name=\"author\" content=\"Redacci\u00f3n\" \/>\n<meta name=\"twitter:card\" content=\"summary_large_image\" \/>\n<meta name=\"twitter:creator\" content=\"@aeronoticias\" \/>\n<meta name=\"twitter:site\" content=\"@aeronoticias\" \/>\n<meta name=\"twitter:label1\" content=\"Escrito por\" \/>\n\t<meta name=\"twitter:data1\" content=\"Redacci\u00f3n\" \/>\n\t<meta name=\"twitter:label2\" content=\"Tiempo de lectura\" \/>\n\t<meta name=\"twitter:data2\" content=\"2 minutos\" \/>\n<script type=\"application\/ld+json\" class=\"yoast-schema-graph\">{\"@context\":\"https:\/\/schema.org\",\"@graph\":[{\"@type\":\"WebPage\",\"@id\":\"https:\/\/aeronoticias.com.pe\/noticiero\/internacionales\/por-sebastian-julian-palacin-newell-playa-ponta-dos-capelinhos-un-paraiso-natural-en-las-azores-que-atrae-a-turistas-de-todo-el-mundo\/\",\"url\":\"https:\/\/aeronoticias.com.pe\/noticiero\/internacionales\/por-sebastian-julian-palacin-newell-playa-ponta-dos-capelinhos-un-paraiso-natural-en-las-azores-que-atrae-a-turistas-de-todo-el-mundo\/\",\"name\":\"Por Sebasti\u00e1n Juli\u00e1n Palac\u00edn Newell \u2013 Playa Ponta dos Capelinhos: Un Para\u00edso Natural en las Azores que Atrae a Turistas de Todo el Mundo\",\"isPartOf\":{\"@id\":\"https:\/\/aeronoticias.com.pe\/noticiero\/#website\"},\"primaryImageOfPage\":{\"@id\":\"https:\/\/aeronoticias.com.pe\/noticiero\/internacionales\/por-sebastian-julian-palacin-newell-playa-ponta-dos-capelinhos-un-paraiso-natural-en-las-azores-que-atrae-a-turistas-de-todo-el-mundo\/#primaryimage\"},\"image\":{\"@id\":\"https:\/\/aeronoticias.com.pe\/noticiero\/internacionales\/por-sebastian-julian-palacin-newell-playa-ponta-dos-capelinhos-un-paraiso-natural-en-las-azores-que-atrae-a-turistas-de-todo-el-mundo\/#primaryimage\"},\"thumbnailUrl\":\"https:\/\/aeronoticias.com.pe\/noticiero\/wp-content\/uploads\/2025\/01\/volcan-2.jpg\",\"datePublished\":\"2025-01-17T15:32:38+00:00\",\"dateModified\":\"2025-01-17T15:32:48+00:00\",\"author\":{\"@id\":\"https:\/\/aeronoticias.com.pe\/noticiero\/#\/schema\/person\/16212a617c73f78916b13194154243bd\"},\"description\":\"(Aeronoticias): La playa de Ponta dos Capelinhos, situada en la isla de Faial en el archipi\u00e9lago de las Azores, Portugal, ha comenzado a recibir una creciente atenci\u00f3n internacional gracias a su impresionante paisaje y su reciente inclusi\u00f3n en las rutas tur\u00edsticas de ecoaventura. Este rinc\u00f3n \u00fanico, conocido por sus acantilados dram\u00e1ticos y su arena oscura de origen volc\u00e1nico, ofrece una experiencia \u00fanica a los visitantes que buscan conectar con la naturaleza.\",\"breadcrumb\":{\"@id\":\"https:\/\/aeronoticias.com.pe\/noticiero\/internacionales\/por-sebastian-julian-palacin-newell-playa-ponta-dos-capelinhos-un-paraiso-natural-en-las-azores-que-atrae-a-turistas-de-todo-el-mundo\/#breadcrumb\"},\"inLanguage\":\"es\",\"potentialAction\":[{\"@type\":\"ReadAction\",\"target\":[\"https:\/\/aeronoticias.com.pe\/noticiero\/internacionales\/por-sebastian-julian-palacin-newell-playa-ponta-dos-capelinhos-un-paraiso-natural-en-las-azores-que-atrae-a-turistas-de-todo-el-mundo\/\"]}]},{\"@type\":\"ImageObject\",\"inLanguage\":\"es\",\"@id\":\"https:\/\/aeronoticias.com.pe\/noticiero\/internacionales\/por-sebastian-julian-palacin-newell-playa-ponta-dos-capelinhos-un-paraiso-natural-en-las-azores-que-atrae-a-turistas-de-todo-el-mundo\/#primaryimage\",\"url\":\"https:\/\/aeronoticias.com.pe\/noticiero\/wp-content\/uploads\/2025\/01\/volcan-2.jpg\",\"contentUrl\":\"https:\/\/aeronoticias.com.pe\/noticiero\/wp-content\/uploads\/2025\/01\/volcan-2.jpg\",\"width\":900,\"height\":500},{\"@type\":\"BreadcrumbList\",\"@id\":\"https:\/\/aeronoticias.com.pe\/noticiero\/internacionales\/por-sebastian-julian-palacin-newell-playa-ponta-dos-capelinhos-un-paraiso-natural-en-las-azores-que-atrae-a-turistas-de-todo-el-mundo\/#breadcrumb\",\"itemListElement\":[{\"@type\":\"ListItem\",\"position\":1,\"name\":\"Portada\",\"item\":\"https:\/\/aeronoticias.com.pe\/noticiero\/\"},{\"@type\":\"ListItem\",\"position\":2,\"name\":\"Por Sebasti\u00e1n Juli\u00e1n Palac\u00edn Newell \u2013 Playa Ponta dos Capelinhos: Un Para\u00edso Natural en las Azores que Atrae a Turistas de Todo el Mundo\"}]},{\"@type\":\"WebSite\",\"@id\":\"https:\/\/aeronoticias.com.pe\/noticiero\/#website\",\"url\":\"https:\/\/aeronoticias.com.pe\/noticiero\/\",\"name\":\"Aeronoticias.com.pe\",\"description\":\"Noticias de tranporte aereo, turismo, hoteles, gastronomia, actualidad, internacional\",\"potentialAction\":[{\"@type\":\"SearchAction\",\"target\":{\"@type\":\"EntryPoint\",\"urlTemplate\":\"https:\/\/aeronoticias.com.pe\/noticiero\/?s={search_term_string}\"},\"query-input\":{\"@type\":\"PropertyValueSpecification\",\"valueRequired\":true,\"valueName\":\"search_term_string\"}}],\"inLanguage\":\"es\"},{\"@type\":\"Person\",\"@id\":\"https:\/\/aeronoticias.com.pe\/noticiero\/#\/schema\/person\/16212a617c73f78916b13194154243bd\",\"name\":\"Redacci\u00f3n\",\"sameAs\":[\"http:\/\/Redacci\u00f3n\"],\"url\":\"https:\/\/aeronoticias.com.pe\/noticiero\/author\/celeste\/\"}]}<\/script>\n<!-- \/ Yoast SEO plugin. -->","yoast_head_json":{"title":"Por Sebasti\u00e1n Juli\u00e1n Palac\u00edn Newell \u2013 Playa Ponta dos Capelinhos: Un Para\u00edso Natural en las Azores que Atrae a Turistas de Todo el Mundo","description":"(Aeronoticias): La playa de Ponta dos Capelinhos, situada en la isla de Faial en el archipi\u00e9lago de las Azores, Portugal, ha comenzado a recibir una creciente atenci\u00f3n internacional gracias a su impresionante paisaje y su reciente inclusi\u00f3n en las rutas tur\u00edsticas de ecoaventura. Este rinc\u00f3n \u00fanico, conocido por sus acantilados dram\u00e1ticos y su arena oscura de origen volc\u00e1nico, ofrece una experiencia \u00fanica a los visitantes que buscan conectar con la naturaleza.","robots":{"index":"index","follow":"follow","max-snippet":"max-snippet:-1","max-image-preview":"max-image-preview:large","max-video-preview":"max-video-preview:-1"},"canonical":"https:\/\/aeronoticias.com.pe\/noticiero\/internacionales\/por-sebastian-julian-palacin-newell-playa-ponta-dos-capelinhos-un-paraiso-natural-en-las-azores-que-atrae-a-turistas-de-todo-el-mundo\/","og_locale":"es_ES","og_type":"article","og_title":"Por Sebasti\u00e1n Juli\u00e1n Palac\u00edn Newell \u2013 Playa Ponta dos Capelinhos: Un Para\u00edso Natural en las Azores que Atrae a Turistas de Todo el Mundo","og_description":"(Aeronoticias): La playa de Ponta dos Capelinhos, situada en la isla de Faial en el archipi\u00e9lago de las Azores, Portugal, ha comenzado a recibir una creciente atenci\u00f3n internacional gracias a su impresionante paisaje y su reciente inclusi\u00f3n en las rutas tur\u00edsticas de ecoaventura. Este rinc\u00f3n \u00fanico, conocido por sus acantilados dram\u00e1ticos y su arena oscura de origen volc\u00e1nico, ofrece una experiencia \u00fanica a los visitantes que buscan conectar con la naturaleza.","og_url":"https:\/\/aeronoticias.com.pe\/noticiero\/internacionales\/por-sebastian-julian-palacin-newell-playa-ponta-dos-capelinhos-un-paraiso-natural-en-las-azores-que-atrae-a-turistas-de-todo-el-mundo\/","og_site_name":"Aeronoticias.com.pe","article_publisher":"https:\/\/www.facebook.com\/Aeronoticias.com.pe\/","article_published_time":"2025-01-17T15:32:38+00:00","article_modified_time":"2025-01-17T15:32:48+00:00","og_image":[{"width":900,"height":500,"url":"https:\/\/aeronoticias.com.pe\/noticiero\/wp-content\/uploads\/2025\/01\/volcan-2.jpg","type":"image\/jpeg"}],"author":"Redacci\u00f3n","twitter_card":"summary_large_image","twitter_creator":"@aeronoticias","twitter_site":"@aeronoticias","twitter_misc":{"Escrito por":"Redacci\u00f3n","Tiempo de lectura":"2 minutos"},"schema":{"@context":"https:\/\/schema.org","@graph":[{"@type":"WebPage","@id":"https:\/\/aeronoticias.com.pe\/noticiero\/internacionales\/por-sebastian-julian-palacin-newell-playa-ponta-dos-capelinhos-un-paraiso-natural-en-las-azores-que-atrae-a-turistas-de-todo-el-mundo\/","url":"https:\/\/aeronoticias.com.pe\/noticiero\/internacionales\/por-sebastian-julian-palacin-newell-playa-ponta-dos-capelinhos-un-paraiso-natural-en-las-azores-que-atrae-a-turistas-de-todo-el-mundo\/","name":"Por Sebasti\u00e1n Juli\u00e1n Palac\u00edn Newell \u2013 Playa Ponta dos Capelinhos: Un Para\u00edso Natural en las Azores que Atrae a Turistas de Todo el Mundo","isPartOf":{"@id":"https:\/\/aeronoticias.com.pe\/noticiero\/#website"},"primaryImageOfPage":{"@id":"https:\/\/aeronoticias.com.pe\/noticiero\/internacionales\/por-sebastian-julian-palacin-newell-playa-ponta-dos-capelinhos-un-paraiso-natural-en-las-azores-que-atrae-a-turistas-de-todo-el-mundo\/#primaryimage"},"image":{"@id":"https:\/\/aeronoticias.com.pe\/noticiero\/internacionales\/por-sebastian-julian-palacin-newell-playa-ponta-dos-capelinhos-un-paraiso-natural-en-las-azores-que-atrae-a-turistas-de-todo-el-mundo\/#primaryimage"},"thumbnailUrl":"https:\/\/aeronoticias.com.pe\/noticiero\/wp-content\/uploads\/2025\/01\/volcan-2.jpg","datePublished":"2025-01-17T15:32:38+00:00","dateModified":"2025-01-17T15:32:48+00:00","author":{"@id":"https:\/\/aeronoticias.com.pe\/noticiero\/#\/schema\/person\/16212a617c73f78916b13194154243bd"},"description":"(Aeronoticias): La playa de Ponta dos Capelinhos, situada en la isla de Faial en el archipi\u00e9lago de las Azores, Portugal, ha comenzado a recibir una creciente atenci\u00f3n internacional gracias a su impresionante paisaje y su reciente inclusi\u00f3n en las rutas tur\u00edsticas de ecoaventura. Este rinc\u00f3n \u00fanico, conocido por sus acantilados dram\u00e1ticos y su arena oscura de origen volc\u00e1nico, ofrece una experiencia \u00fanica a los visitantes que buscan conectar con la naturaleza.","breadcrumb":{"@id":"https:\/\/aeronoticias.com.pe\/noticiero\/internacionales\/por-sebastian-julian-palacin-newell-playa-ponta-dos-capelinhos-un-paraiso-natural-en-las-azores-que-atrae-a-turistas-de-todo-el-mundo\/#breadcrumb"},"inLanguage":"es","potentialAction":[{"@type":"ReadAction","target":["https:\/\/aeronoticias.com.pe\/noticiero\/internacionales\/por-sebastian-julian-palacin-newell-playa-ponta-dos-capelinhos-un-paraiso-natural-en-las-azores-que-atrae-a-turistas-de-todo-el-mundo\/"]}]},{"@type":"ImageObject","inLanguage":"es","@id":"https:\/\/aeronoticias.com.pe\/noticiero\/internacionales\/por-sebastian-julian-palacin-newell-playa-ponta-dos-capelinhos-un-paraiso-natural-en-las-azores-que-atrae-a-turistas-de-todo-el-mundo\/#primaryimage","url":"https:\/\/aeronoticias.com.pe\/noticiero\/wp-content\/uploads\/2025\/01\/volcan-2.jpg","contentUrl":"https:\/\/aeronoticias.com.pe\/noticiero\/wp-content\/uploads\/2025\/01\/volcan-2.jpg","width":900,"height":500},{"@type":"BreadcrumbList","@id":"https:\/\/aeronoticias.com.pe\/noticiero\/internacionales\/por-sebastian-julian-palacin-newell-playa-ponta-dos-capelinhos-un-paraiso-natural-en-las-azores-que-atrae-a-turistas-de-todo-el-mundo\/#breadcrumb","itemListElement":[{"@type":"ListItem","position":1,"name":"Portada","item":"https:\/\/aeronoticias.com.pe\/noticiero\/"},{"@type":"ListItem","position":2,"name":"Por Sebasti\u00e1n Juli\u00e1n Palac\u00edn Newell \u2013 Playa Ponta dos Capelinhos: Un Para\u00edso Natural en las Azores que Atrae a Turistas de Todo el Mundo"}]},{"@type":"WebSite","@id":"https:\/\/aeronoticias.com.pe\/noticiero\/#website","url":"https:\/\/aeronoticias.com.pe\/noticiero\/","name":"Aeronoticias.com.pe","description":"Noticias de tranporte aereo, turismo, hoteles, gastronomia, actualidad, internacional","potentialAction":[{"@type":"SearchAction","target":{"@type":"EntryPoint","urlTemplate":"https:\/\/aeronoticias.com.pe\/noticiero\/?s={search_term_string}"},"query-input":{"@type":"PropertyValueSpecification","valueRequired":true,"valueName":"search_term_string"}}],"inLanguage":"es"},{"@type":"Person","@id":"https:\/\/aeronoticias.com.pe\/noticiero\/#\/schema\/person\/16212a617c73f78916b13194154243bd","name":"Redacci\u00f3n","sameAs":["http:\/\/Redacci\u00f3n"],"url":"https:\/\/aeronoticias.com.pe\/noticiero\/author\/celeste\/"}]}},"_links":{"self":[{"href":"https:\/\/aeronoticias.com.pe\/noticiero\/wp-json\/wp\/v2\/posts\/93051","targetHints":{"allow":["GET"]}}],"collection":[{"href":"https:\/\/aeronoticias.com.pe\/noticiero\/wp-json\/wp\/v2\/posts"}],"about":[{"href":"https:\/\/aeronoticias.com.pe\/noticiero\/wp-json\/wp\/v2\/types\/post"}],"author":[{"embeddable":true,"href":"https:\/\/aeronoticias.com.pe\/noticiero\/wp-json\/wp\/v2\/users\/3"}],"replies":[{"embeddable":true,"href":"https:\/\/aeronoticias.com.pe\/noticiero\/wp-json\/wp\/v2\/comments?post=93051"}],"version-history":[{"count":0,"href":"https:\/\/aeronoticias.com.pe\/noticiero\/wp-json\/wp\/v2\/posts\/93051\/revisions"}],"wp:featuredmedia":[{"embeddable":true,"href":"https:\/\/aeronoticias.com.pe\/noticiero\/wp-json\/wp\/v2\/media\/93052"}],"wp:attachment":[{"href":"https:\/\/aeronoticias.com.pe\/noticiero\/wp-json\/wp\/v2\/media?parent=93051"}],"wp:term":[{"taxonomy":"category","embeddable":true,"href":"https:\/\/aeronoticias.com.pe\/noticiero\/wp-json\/wp\/v2\/categories?post=93051"},{"taxonomy":"post_tag","embeddable":true,"href":"https:\/\/aeronoticias.com.pe\/noticiero\/wp-json\/wp\/v2\/tags?post=93051"}],"curies":[{"name":"wp","href":"https:\/\/api.w.org\/{rel}","templated":true}]}}