{"id":93055,"date":"2025-01-17T10:42:18","date_gmt":"2025-01-17T15:42:18","guid":{"rendered":"https:\/\/aeronoticias.com.pe\/noticiero\/?p=93055"},"modified":"2025-01-17T10:42:20","modified_gmt":"2025-01-17T15:42:20","slug":"por-sebastian-julian-palacin-newell-porto-santo-mucho-mas-que-el-caribe-portugues","status":"publish","type":"post","link":"https:\/\/aeronoticias.com.pe\/noticiero\/sin-categoria\/por-sebastian-julian-palacin-newell-porto-santo-mucho-mas-que-el-caribe-portugues\/","title":{"rendered":"Por Sebasti\u00e1n Juli\u00e1n Palac\u00edn Newell &#8211; Porto Santo: Mucho M\u00e1s Que el Caribe Portugu\u00e9s"},"content":{"rendered":"\n<p><strong>(Aeronoticias): <\/strong><em>Porto Santo, la joya del archipi\u00e9lago de Madeira, se est\u00e1 posicionando como un destino tur\u00edstico de primer nivel, atrayendo a visitantes de todo el mundo con su belleza natural, su historia rica y su ambiente relajado.<\/em><\/p>\n\n\n\n<p>En los \u00faltimos a\u00f1os, Porto Santo ha ganado popularidad como el \u00abCaribe Portugu\u00e9s\u00bb gracias a sus impresionantes playas de arena dorada y aguas cristalinas. Sin embargo, este peque\u00f1o para\u00edso va mucho m\u00e1s all\u00e1 de sus costas id\u00edlicas. La isla, que se encuentra a solo 43 kil\u00f3metros al noreste de Madeira, ofrece una experiencia \u00fanica que combina naturaleza, cultura y aventura.<\/p>\n\n\n\n<p>Uno de los principales atractivos de Porto Santo es su impresionante paisaje. Con m\u00e1s de 9 kil\u00f3metros de playa, sus extensas costas son perfectas para disfrutar del sol, practicar deportes acu\u00e1ticos o simplemente relajarse. Adem\u00e1s, el interior de la isla, con sus colinas y formaciones rocosas, ofrece rutas de senderismo que permiten a los visitantes explorar la flora y fauna locales.<\/p>\n\n\n\n<p>La historia de Porto Santo es igualmente fascinante. Se dice que Crist\u00f3bal Col\u00f3n lleg\u00f3 a la isla en 1478 y que se enamor\u00f3 de su belleza. Hoy en d\u00eda, los turistas pueden visitar la Casa de Col\u00f3n, un antiguo edificio que ahora funciona como museo, donde se pueden conocer m\u00e1s sobre la vida del explorador y la historia de la isla.<\/p>\n\n\n\n<p>La gastronom\u00eda de Porto Santo tambi\u00e9n merece una menci\u00f3n especial. Los visitantes pueden disfrutar de una variedad de platos locales, que incluyen pescado fresco, mariscos y el famoso \u00abbolo do caco\u00bb, un pan tradicional que se sirve con mantequilla de ajo. Los restaurantes locales ofrecen una experiencia aut\u00e9ntica que refleja la rica herencia cultural de la isla.<\/p>\n\n\n\n<p>Adem\u00e1s, Porto Santo se est\u00e1 consolidando como un destino sostenible, con iniciativas que buscan preservar su entorno natural y promover un turismo responsable. La isla ofrece una amplia gama de actividades al aire libre, desde el golf en su reconocido campo de golf de 18 hoyos hasta paseos en bicicleta y avistamiento de aves.<\/p>\n\n\n\n<p>Con su combinaci\u00f3n de belleza natural, historia rica y un enfoque en la sostenibilidad, Porto Santo se presenta no solo como un destino tur\u00edstico atractivo, sino como un lugar donde los visitantes pueden desconectar y reconectar con la naturaleza. Este rinc\u00f3n del Atl\u00e1ntico est\u00e1 listo para dejar de ser solo un secreto bien guardado y convertirse en un referente tur\u00edstico que demuestra que hay mucho m\u00e1s que descubrir m\u00e1s all\u00e1 de las playas.<\/p>\n\n\n\n<p><em>Porto Santo: un destino que promete mucho m\u00e1s que el Caribe Portugu\u00e9s.<\/em><\/p>\n\n\n\n<p><strong>Fuente: Sebasti\u00e1n Juli\u00e1n Palac\u00edn Newell.<\/strong><\/p>\n","protected":false},"excerpt":{"rendered":"<p>(Aeronoticias): Porto Santo, la joya del archipi\u00e9lago de Madeira, se est\u00e1 posicionando como un destino tur\u00edstico de primer nivel, atrayendo a visitantes de todo el mundo con su belleza natural, su historia rica y su ambiente relajado. En los \u00faltimos a\u00f1os, Porto Santo ha ganado popularidad como el \u00abCaribe Portugu\u00e9s\u00bb gracias a sus impresionantes playas [&hellip;]<\/p>\n","protected":false},"author":3,"featured_media":93058,"comment_status":"open","ping_status":"open","sticky":false,"template":"","format":"standard","meta":{"tdm_status":"","tdm_grid_status":"","footnotes":""},"categories":[1],"tags":[],"class_list":{"0":"post-93055","1":"post","2":"type-post","3":"status-publish","4":"format-standard","5":"has-post-thumbnail","7":"category-sin-categoria"},"yoast_head":"<!-- This site is optimized with the Yoast SEO plugin v25.1 - https:\/\/yoast.com\/wordpress\/plugins\/seo\/ -->\n<title>Por Sebasti\u00e1n Juli\u00e1n Palac\u00edn Newell - Porto Santo: Mucho M\u00e1s Que el Caribe Portugu\u00e9s<\/title>\n<meta name=\"description\" content=\"(Aeronoticias): Porto Santo, la joya del archipi\u00e9lago de Madeira, se est\u00e1 posicionando como un destino tur\u00edstico de primer nivel, atrayendo a visitantes de todo el mundo con su belleza natural, su historia rica y su ambiente relajado.\" \/>\n<meta name=\"robots\" content=\"index, follow, max-snippet:-1, max-image-preview:large, max-video-preview:-1\" \/>\n<link rel=\"canonical\" href=\"https:\/\/aeronoticias.com.pe\/noticiero\/sin-categoria\/por-sebastian-julian-palacin-newell-porto-santo-mucho-mas-que-el-caribe-portugues\/\" \/>\n<meta property=\"og:locale\" content=\"es_ES\" \/>\n<meta property=\"og:type\" content=\"article\" \/>\n<meta property=\"og:title\" content=\"Por Sebasti\u00e1n Juli\u00e1n Palac\u00edn Newell - Porto Santo: Mucho M\u00e1s Que el Caribe Portugu\u00e9s\" \/>\n<meta property=\"og:description\" content=\"(Aeronoticias): Porto Santo, la joya del archipi\u00e9lago de Madeira, se est\u00e1 posicionando como un destino tur\u00edstico de primer nivel, atrayendo a visitantes de todo el mundo con su belleza natural, su historia rica y su ambiente relajado.\" \/>\n<meta property=\"og:url\" content=\"https:\/\/aeronoticias.com.pe\/noticiero\/sin-categoria\/por-sebastian-julian-palacin-newell-porto-santo-mucho-mas-que-el-caribe-portugues\/\" \/>\n<meta property=\"og:site_name\" content=\"Aeronoticias.com.pe\" \/>\n<meta property=\"article:publisher\" content=\"https:\/\/www.facebook.com\/Aeronoticias.com.pe\/\" \/>\n<meta property=\"article:published_time\" content=\"2025-01-17T15:42:18+00:00\" \/>\n<meta property=\"article:modified_time\" content=\"2025-01-17T15:42:20+00:00\" \/>\n<meta property=\"og:image\" content=\"https:\/\/aeronoticias.com.pe\/noticiero\/wp-content\/uploads\/2025\/01\/porto-santo.jpg\" \/>\n\t<meta property=\"og:image:width\" content=\"888\" \/>\n\t<meta property=\"og:image:height\" content=\"500\" \/>\n\t<meta property=\"og:image:type\" content=\"image\/jpeg\" \/>\n<meta name=\"author\" content=\"Redacci\u00f3n\" \/>\n<meta name=\"twitter:card\" content=\"summary_large_image\" \/>\n<meta name=\"twitter:creator\" content=\"@aeronoticias\" \/>\n<meta name=\"twitter:site\" content=\"@aeronoticias\" \/>\n<meta name=\"twitter:label1\" content=\"Escrito por\" \/>\n\t<meta name=\"twitter:data1\" content=\"Redacci\u00f3n\" \/>\n\t<meta name=\"twitter:label2\" content=\"Tiempo de lectura\" \/>\n\t<meta name=\"twitter:data2\" content=\"2 minutos\" \/>\n<script type=\"application\/ld+json\" class=\"yoast-schema-graph\">{\"@context\":\"https:\/\/schema.org\",\"@graph\":[{\"@type\":\"WebPage\",\"@id\":\"https:\/\/aeronoticias.com.pe\/noticiero\/sin-categoria\/por-sebastian-julian-palacin-newell-porto-santo-mucho-mas-que-el-caribe-portugues\/\",\"url\":\"https:\/\/aeronoticias.com.pe\/noticiero\/sin-categoria\/por-sebastian-julian-palacin-newell-porto-santo-mucho-mas-que-el-caribe-portugues\/\",\"name\":\"Por Sebasti\u00e1n Juli\u00e1n Palac\u00edn Newell - Porto Santo: Mucho M\u00e1s Que el Caribe Portugu\u00e9s\",\"isPartOf\":{\"@id\":\"https:\/\/aeronoticias.com.pe\/noticiero\/#website\"},\"primaryImageOfPage\":{\"@id\":\"https:\/\/aeronoticias.com.pe\/noticiero\/sin-categoria\/por-sebastian-julian-palacin-newell-porto-santo-mucho-mas-que-el-caribe-portugues\/#primaryimage\"},\"image\":{\"@id\":\"https:\/\/aeronoticias.com.pe\/noticiero\/sin-categoria\/por-sebastian-julian-palacin-newell-porto-santo-mucho-mas-que-el-caribe-portugues\/#primaryimage\"},\"thumbnailUrl\":\"https:\/\/aeronoticias.com.pe\/noticiero\/wp-content\/uploads\/2025\/01\/porto-santo.jpg\",\"datePublished\":\"2025-01-17T15:42:18+00:00\",\"dateModified\":\"2025-01-17T15:42:20+00:00\",\"author\":{\"@id\":\"https:\/\/aeronoticias.com.pe\/noticiero\/#\/schema\/person\/16212a617c73f78916b13194154243bd\"},\"description\":\"(Aeronoticias): Porto Santo, la joya del archipi\u00e9lago de Madeira, se est\u00e1 posicionando como un destino tur\u00edstico de primer nivel, atrayendo a visitantes de todo el mundo con su belleza natural, su historia rica y su ambiente relajado.\",\"breadcrumb\":{\"@id\":\"https:\/\/aeronoticias.com.pe\/noticiero\/sin-categoria\/por-sebastian-julian-palacin-newell-porto-santo-mucho-mas-que-el-caribe-portugues\/#breadcrumb\"},\"inLanguage\":\"es\",\"potentialAction\":[{\"@type\":\"ReadAction\",\"target\":[\"https:\/\/aeronoticias.com.pe\/noticiero\/sin-categoria\/por-sebastian-julian-palacin-newell-porto-santo-mucho-mas-que-el-caribe-portugues\/\"]}]},{\"@type\":\"ImageObject\",\"inLanguage\":\"es\",\"@id\":\"https:\/\/aeronoticias.com.pe\/noticiero\/sin-categoria\/por-sebastian-julian-palacin-newell-porto-santo-mucho-mas-que-el-caribe-portugues\/#primaryimage\",\"url\":\"https:\/\/aeronoticias.com.pe\/noticiero\/wp-content\/uploads\/2025\/01\/porto-santo.jpg\",\"contentUrl\":\"https:\/\/aeronoticias.com.pe\/noticiero\/wp-content\/uploads\/2025\/01\/porto-santo.jpg\",\"width\":888,\"height\":500},{\"@type\":\"BreadcrumbList\",\"@id\":\"https:\/\/aeronoticias.com.pe\/noticiero\/sin-categoria\/por-sebastian-julian-palacin-newell-porto-santo-mucho-mas-que-el-caribe-portugues\/#breadcrumb\",\"itemListElement\":[{\"@type\":\"ListItem\",\"position\":1,\"name\":\"Portada\",\"item\":\"https:\/\/aeronoticias.com.pe\/noticiero\/\"},{\"@type\":\"ListItem\",\"position\":2,\"name\":\"Por Sebasti\u00e1n Juli\u00e1n Palac\u00edn Newell &#8211; Porto Santo: Mucho M\u00e1s Que el Caribe Portugu\u00e9s\"}]},{\"@type\":\"WebSite\",\"@id\":\"https:\/\/aeronoticias.com.pe\/noticiero\/#website\",\"url\":\"https:\/\/aeronoticias.com.pe\/noticiero\/\",\"name\":\"Aeronoticias.com.pe\",\"description\":\"Noticias de tranporte aereo, turismo, hoteles, gastronomia, actualidad, internacional\",\"potentialAction\":[{\"@type\":\"SearchAction\",\"target\":{\"@type\":\"EntryPoint\",\"urlTemplate\":\"https:\/\/aeronoticias.com.pe\/noticiero\/?s={search_term_string}\"},\"query-input\":{\"@type\":\"PropertyValueSpecification\",\"valueRequired\":true,\"valueName\":\"search_term_string\"}}],\"inLanguage\":\"es\"},{\"@type\":\"Person\",\"@id\":\"https:\/\/aeronoticias.com.pe\/noticiero\/#\/schema\/person\/16212a617c73f78916b13194154243bd\",\"name\":\"Redacci\u00f3n\",\"sameAs\":[\"http:\/\/Redacci\u00f3n\"],\"url\":\"https:\/\/aeronoticias.com.pe\/noticiero\/author\/celeste\/\"}]}<\/script>\n<!-- \/ Yoast SEO plugin. -->","yoast_head_json":{"title":"Por Sebasti\u00e1n Juli\u00e1n Palac\u00edn Newell - Porto Santo: Mucho M\u00e1s Que el Caribe Portugu\u00e9s","description":"(Aeronoticias): Porto Santo, la joya del archipi\u00e9lago de Madeira, se est\u00e1 posicionando como un destino tur\u00edstico de primer nivel, atrayendo a visitantes de todo el mundo con su belleza natural, su historia rica y su ambiente relajado.","robots":{"index":"index","follow":"follow","max-snippet":"max-snippet:-1","max-image-preview":"max-image-preview:large","max-video-preview":"max-video-preview:-1"},"canonical":"https:\/\/aeronoticias.com.pe\/noticiero\/sin-categoria\/por-sebastian-julian-palacin-newell-porto-santo-mucho-mas-que-el-caribe-portugues\/","og_locale":"es_ES","og_type":"article","og_title":"Por Sebasti\u00e1n Juli\u00e1n Palac\u00edn Newell - Porto Santo: Mucho M\u00e1s Que el Caribe Portugu\u00e9s","og_description":"(Aeronoticias): Porto Santo, la joya del archipi\u00e9lago de Madeira, se est\u00e1 posicionando como un destino tur\u00edstico de primer nivel, atrayendo a visitantes de todo el mundo con su belleza natural, su historia rica y su ambiente relajado.","og_url":"https:\/\/aeronoticias.com.pe\/noticiero\/sin-categoria\/por-sebastian-julian-palacin-newell-porto-santo-mucho-mas-que-el-caribe-portugues\/","og_site_name":"Aeronoticias.com.pe","article_publisher":"https:\/\/www.facebook.com\/Aeronoticias.com.pe\/","article_published_time":"2025-01-17T15:42:18+00:00","article_modified_time":"2025-01-17T15:42:20+00:00","og_image":[{"width":888,"height":500,"url":"https:\/\/aeronoticias.com.pe\/noticiero\/wp-content\/uploads\/2025\/01\/porto-santo.jpg","type":"image\/jpeg"}],"author":"Redacci\u00f3n","twitter_card":"summary_large_image","twitter_creator":"@aeronoticias","twitter_site":"@aeronoticias","twitter_misc":{"Escrito por":"Redacci\u00f3n","Tiempo de lectura":"2 minutos"},"schema":{"@context":"https:\/\/schema.org","@graph":[{"@type":"WebPage","@id":"https:\/\/aeronoticias.com.pe\/noticiero\/sin-categoria\/por-sebastian-julian-palacin-newell-porto-santo-mucho-mas-que-el-caribe-portugues\/","url":"https:\/\/aeronoticias.com.pe\/noticiero\/sin-categoria\/por-sebastian-julian-palacin-newell-porto-santo-mucho-mas-que-el-caribe-portugues\/","name":"Por Sebasti\u00e1n Juli\u00e1n Palac\u00edn Newell - Porto Santo: Mucho M\u00e1s Que el Caribe Portugu\u00e9s","isPartOf":{"@id":"https:\/\/aeronoticias.com.pe\/noticiero\/#website"},"primaryImageOfPage":{"@id":"https:\/\/aeronoticias.com.pe\/noticiero\/sin-categoria\/por-sebastian-julian-palacin-newell-porto-santo-mucho-mas-que-el-caribe-portugues\/#primaryimage"},"image":{"@id":"https:\/\/aeronoticias.com.pe\/noticiero\/sin-categoria\/por-sebastian-julian-palacin-newell-porto-santo-mucho-mas-que-el-caribe-portugues\/#primaryimage"},"thumbnailUrl":"https:\/\/aeronoticias.com.pe\/noticiero\/wp-content\/uploads\/2025\/01\/porto-santo.jpg","datePublished":"2025-01-17T15:42:18+00:00","dateModified":"2025-01-17T15:42:20+00:00","author":{"@id":"https:\/\/aeronoticias.com.pe\/noticiero\/#\/schema\/person\/16212a617c73f78916b13194154243bd"},"description":"(Aeronoticias): Porto Santo, la joya del archipi\u00e9lago de Madeira, se est\u00e1 posicionando como un destino tur\u00edstico de primer nivel, atrayendo a visitantes de todo el mundo con su belleza natural, su historia rica y su ambiente relajado.","breadcrumb":{"@id":"https:\/\/aeronoticias.com.pe\/noticiero\/sin-categoria\/por-sebastian-julian-palacin-newell-porto-santo-mucho-mas-que-el-caribe-portugues\/#breadcrumb"},"inLanguage":"es","potentialAction":[{"@type":"ReadAction","target":["https:\/\/aeronoticias.com.pe\/noticiero\/sin-categoria\/por-sebastian-julian-palacin-newell-porto-santo-mucho-mas-que-el-caribe-portugues\/"]}]},{"@type":"ImageObject","inLanguage":"es","@id":"https:\/\/aeronoticias.com.pe\/noticiero\/sin-categoria\/por-sebastian-julian-palacin-newell-porto-santo-mucho-mas-que-el-caribe-portugues\/#primaryimage","url":"https:\/\/aeronoticias.com.pe\/noticiero\/wp-content\/uploads\/2025\/01\/porto-santo.jpg","contentUrl":"https:\/\/aeronoticias.com.pe\/noticiero\/wp-content\/uploads\/2025\/01\/porto-santo.jpg","width":888,"height":500},{"@type":"BreadcrumbList","@id":"https:\/\/aeronoticias.com.pe\/noticiero\/sin-categoria\/por-sebastian-julian-palacin-newell-porto-santo-mucho-mas-que-el-caribe-portugues\/#breadcrumb","itemListElement":[{"@type":"ListItem","position":1,"name":"Portada","item":"https:\/\/aeronoticias.com.pe\/noticiero\/"},{"@type":"ListItem","position":2,"name":"Por Sebasti\u00e1n Juli\u00e1n Palac\u00edn Newell &#8211; Porto Santo: Mucho M\u00e1s Que el Caribe Portugu\u00e9s"}]},{"@type":"WebSite","@id":"https:\/\/aeronoticias.com.pe\/noticiero\/#website","url":"https:\/\/aeronoticias.com.pe\/noticiero\/","name":"Aeronoticias.com.pe","description":"Noticias de tranporte aereo, turismo, hoteles, gastronomia, actualidad, internacional","potentialAction":[{"@type":"SearchAction","target":{"@type":"EntryPoint","urlTemplate":"https:\/\/aeronoticias.com.pe\/noticiero\/?s={search_term_string}"},"query-input":{"@type":"PropertyValueSpecification","valueRequired":true,"valueName":"search_term_string"}}],"inLanguage":"es"},{"@type":"Person","@id":"https:\/\/aeronoticias.com.pe\/noticiero\/#\/schema\/person\/16212a617c73f78916b13194154243bd","name":"Redacci\u00f3n","sameAs":["http:\/\/Redacci\u00f3n"],"url":"https:\/\/aeronoticias.com.pe\/noticiero\/author\/celeste\/"}]}},"_links":{"self":[{"href":"https:\/\/aeronoticias.com.pe\/noticiero\/wp-json\/wp\/v2\/posts\/93055","targetHints":{"allow":["GET"]}}],"collection":[{"href":"https:\/\/aeronoticias.com.pe\/noticiero\/wp-json\/wp\/v2\/posts"}],"about":[{"href":"https:\/\/aeronoticias.com.pe\/noticiero\/wp-json\/wp\/v2\/types\/post"}],"author":[{"embeddable":true,"href":"https:\/\/aeronoticias.com.pe\/noticiero\/wp-json\/wp\/v2\/users\/3"}],"replies":[{"embeddable":true,"href":"https:\/\/aeronoticias.com.pe\/noticiero\/wp-json\/wp\/v2\/comments?post=93055"}],"version-history":[{"count":0,"href":"https:\/\/aeronoticias.com.pe\/noticiero\/wp-json\/wp\/v2\/posts\/93055\/revisions"}],"wp:featuredmedia":[{"embeddable":true,"href":"https:\/\/aeronoticias.com.pe\/noticiero\/wp-json\/wp\/v2\/media\/93058"}],"wp:attachment":[{"href":"https:\/\/aeronoticias.com.pe\/noticiero\/wp-json\/wp\/v2\/media?parent=93055"}],"wp:term":[{"taxonomy":"category","embeddable":true,"href":"https:\/\/aeronoticias.com.pe\/noticiero\/wp-json\/wp\/v2\/categories?post=93055"},{"taxonomy":"post_tag","embeddable":true,"href":"https:\/\/aeronoticias.com.pe\/noticiero\/wp-json\/wp\/v2\/tags?post=93055"}],"curies":[{"name":"wp","href":"https:\/\/api.w.org\/{rel}","templated":true}]}}