{"id":93060,"date":"2025-01-17T10:48:05","date_gmt":"2025-01-17T15:48:05","guid":{"rendered":"https:\/\/aeronoticias.com.pe\/noticiero\/?p=93060"},"modified":"2025-01-17T11:03:04","modified_gmt":"2025-01-17T16:03:04","slug":"por-sebastian-julian-palacin-newell-playa-de-santa-cruz-un-tesoro-urbano-en-torres-vedras","status":"publish","type":"post","link":"https:\/\/aeronoticias.com.pe\/noticiero\/sin-categoria\/por-sebastian-julian-palacin-newell-playa-de-santa-cruz-un-tesoro-urbano-en-torres-vedras\/","title":{"rendered":"Por Sebasti\u00e1n Juli\u00e1n Palac\u00edn Newell &#8211; Playa de Santa Cruz: Un Tesoro Urbano en Torres Vedras (Perfil urbano)"},"content":{"rendered":"\n<p><strong>(Aeronoticias): <\/strong>La Playa de Santa Cruz, un rinc\u00f3n privilegiado de la costa portuguesa, se ha consolidado como uno de los destinos urbanos m\u00e1s atractivos de la regi\u00f3n de Torres Vedras. Con su mezcla de belleza natural y desarrollo urbano, la playa no solo ofrece un escape para los amantes del sol y el mar, sino tambi\u00e9n un vibrante ambiente cultural y social.<\/p>\n\n\n\n<p>Este verano, la Playa de Santa Cruz ha visto un aumento significativo en la afluencia de visitantes, gracias a su infraestructura moderna que combina \u00e1reas recreativas, restaurantes, y espacios para eventos. La reciente renovaci\u00f3n del paseo mar\u00edtimo ha permitido disfrutar de caminatas esc\u00e9nicas con vistas impresionantes al oc\u00e9ano Atl\u00e1ntico, convirti\u00e9ndola en un lugar ideal para pasear, correr o simplemente relajarse.<\/p>\n\n\n\n<p>La playa tambi\u00e9n ha sido el escenario de m\u00faltiples actividades culturales, incluyendo conciertos al aire libre y ferias de artesan\u00eda que han atra\u00eddo tanto a locales como a turistas. La comunidad ha respondido con entusiasmo, fomentando un ambiente acogedor y animado que destaca la rica cultura de la regi\u00f3n.<\/p>\n\n\n\n<p>El Ayuntamiento de Torres Vedras ha implementado diversas iniciativas para preservar el entorno natural de la playa, incluyendo programas de limpieza y conservaci\u00f3n de la biodiversidad marina. Estas acciones no solo contribuyen a la sostenibilidad del \u00e1rea, sino que tambi\u00e9n educan al p\u00fablico sobre la importancia de cuidar nuestros recursos naturales.<\/p>\n\n\n\n<p>Los visitantes de la Playa de Santa Cruz pueden disfrutar de una variedad de actividades acu\u00e1ticas, desde surf hasta paddle surf, as\u00ed como de la deliciosa oferta gastron\u00f3mica que incluye mariscos frescos y platos tradicionales portugueses. Con su amplia gama de servicios y su ambiente vibrante, la Playa de Santa Cruz se posiciona como un destino imprescindible para quienes buscan disfrutar de la costa de Portugal.<\/p>\n\n\n\n<p>A medida que se acerca el final de la temporada veraniega, la Playa de Santa Cruz contin\u00faa atrayendo a aquellos que buscan un refugio urbano con un toque de naturaleza. Con su combinaci\u00f3n de belleza, cultura y sostenibilidad, este lugar se reafirma como un verdadero tesoro en la costa de Torres Vedras.<\/p>\n\n\n\n<p><\/p>\n\n\n\n<p><strong>Fuente: Sebasti\u00e1n Juli\u00e1n Palac\u00edn Newell.<\/strong><\/p>\n","protected":false},"excerpt":{"rendered":"<p>(Aeronoticias): La Playa de Santa Cruz, un rinc\u00f3n privilegiado de la costa portuguesa, se ha consolidado como uno de los destinos urbanos m\u00e1s atractivos de la regi\u00f3n de Torres Vedras. Con su mezcla de belleza natural y desarrollo urbano, la playa no solo ofrece un escape para los amantes del sol y el mar, sino [&hellip;]<\/p>\n","protected":false},"author":3,"featured_media":93061,"comment_status":"open","ping_status":"open","sticky":false,"template":"","format":"standard","meta":{"tdm_status":"","tdm_grid_status":"","footnotes":""},"categories":[34,1],"tags":[],"class_list":{"0":"post-93060","1":"post","2":"type-post","3":"status-publish","4":"format-standard","5":"has-post-thumbnail","7":"category-internacionales","8":"category-sin-categoria"},"yoast_head":"<!-- This site is optimized with the Yoast SEO plugin v25.1 - https:\/\/yoast.com\/wordpress\/plugins\/seo\/ -->\n<title>Por Sebasti\u00e1n Juli\u00e1n Palac\u00edn Newell - Playa de Santa Cruz: Un Tesoro Urbano en Torres Vedras (Perfil urbano)<\/title>\n<meta name=\"description\" content=\"(Aeronoticias): La Playa de Santa Cruz, un rinc\u00f3n privilegiado de la costa portuguesa, se ha consolidado como uno de los destinos urbanos m\u00e1s atractivos de la regi\u00f3n de Torres Vedras. Con su mezcla de belleza natural y desarrollo urbano, la playa no solo ofrece un escape para los amantes del sol y el mar, sino tambi\u00e9n un vibrante ambiente cultural y social.\" \/>\n<meta name=\"robots\" content=\"index, follow, max-snippet:-1, max-image-preview:large, max-video-preview:-1\" \/>\n<link rel=\"canonical\" href=\"https:\/\/aeronoticias.com.pe\/noticiero\/sin-categoria\/por-sebastian-julian-palacin-newell-playa-de-santa-cruz-un-tesoro-urbano-en-torres-vedras\/\" \/>\n<meta property=\"og:locale\" content=\"es_ES\" \/>\n<meta property=\"og:type\" content=\"article\" \/>\n<meta property=\"og:title\" content=\"Por Sebasti\u00e1n Juli\u00e1n Palac\u00edn Newell - Playa de Santa Cruz: Un Tesoro Urbano en Torres Vedras (Perfil urbano)\" \/>\n<meta property=\"og:description\" content=\"(Aeronoticias): La Playa de Santa Cruz, un rinc\u00f3n privilegiado de la costa portuguesa, se ha consolidado como uno de los destinos urbanos m\u00e1s atractivos de la regi\u00f3n de Torres Vedras. Con su mezcla de belleza natural y desarrollo urbano, la playa no solo ofrece un escape para los amantes del sol y el mar, sino tambi\u00e9n un vibrante ambiente cultural y social.\" \/>\n<meta property=\"og:url\" content=\"https:\/\/aeronoticias.com.pe\/noticiero\/sin-categoria\/por-sebastian-julian-palacin-newell-playa-de-santa-cruz-un-tesoro-urbano-en-torres-vedras\/\" \/>\n<meta property=\"og:site_name\" content=\"Aeronoticias.com.pe\" \/>\n<meta property=\"article:publisher\" content=\"https:\/\/www.facebook.com\/Aeronoticias.com.pe\/\" \/>\n<meta property=\"article:published_time\" content=\"2025-01-17T15:48:05+00:00\" \/>\n<meta property=\"article:modified_time\" content=\"2025-01-17T16:03:04+00:00\" \/>\n<meta property=\"og:image\" content=\"https:\/\/aeronoticias.com.pe\/noticiero\/wp-content\/uploads\/2025\/01\/praia-de-Santa-Cruz1.jpg\" \/>\n\t<meta property=\"og:image:width\" content=\"640\" \/>\n\t<meta property=\"og:image:height\" content=\"433\" \/>\n\t<meta property=\"og:image:type\" content=\"image\/jpeg\" \/>\n<meta name=\"author\" content=\"Redacci\u00f3n\" \/>\n<meta name=\"twitter:card\" content=\"summary_large_image\" \/>\n<meta name=\"twitter:creator\" content=\"@aeronoticias\" \/>\n<meta name=\"twitter:site\" content=\"@aeronoticias\" \/>\n<meta name=\"twitter:label1\" content=\"Escrito por\" \/>\n\t<meta name=\"twitter:data1\" content=\"Redacci\u00f3n\" \/>\n\t<meta name=\"twitter:label2\" content=\"Tiempo de lectura\" \/>\n\t<meta name=\"twitter:data2\" content=\"2 minutos\" \/>\n<script type=\"application\/ld+json\" class=\"yoast-schema-graph\">{\"@context\":\"https:\/\/schema.org\",\"@graph\":[{\"@type\":\"WebPage\",\"@id\":\"https:\/\/aeronoticias.com.pe\/noticiero\/sin-categoria\/por-sebastian-julian-palacin-newell-playa-de-santa-cruz-un-tesoro-urbano-en-torres-vedras\/\",\"url\":\"https:\/\/aeronoticias.com.pe\/noticiero\/sin-categoria\/por-sebastian-julian-palacin-newell-playa-de-santa-cruz-un-tesoro-urbano-en-torres-vedras\/\",\"name\":\"Por Sebasti\u00e1n Juli\u00e1n Palac\u00edn Newell - Playa de Santa Cruz: Un Tesoro Urbano en Torres Vedras (Perfil urbano)\",\"isPartOf\":{\"@id\":\"https:\/\/aeronoticias.com.pe\/noticiero\/#website\"},\"primaryImageOfPage\":{\"@id\":\"https:\/\/aeronoticias.com.pe\/noticiero\/sin-categoria\/por-sebastian-julian-palacin-newell-playa-de-santa-cruz-un-tesoro-urbano-en-torres-vedras\/#primaryimage\"},\"image\":{\"@id\":\"https:\/\/aeronoticias.com.pe\/noticiero\/sin-categoria\/por-sebastian-julian-palacin-newell-playa-de-santa-cruz-un-tesoro-urbano-en-torres-vedras\/#primaryimage\"},\"thumbnailUrl\":\"https:\/\/aeronoticias.com.pe\/noticiero\/wp-content\/uploads\/2025\/01\/praia-de-Santa-Cruz1.jpg\",\"datePublished\":\"2025-01-17T15:48:05+00:00\",\"dateModified\":\"2025-01-17T16:03:04+00:00\",\"author\":{\"@id\":\"https:\/\/aeronoticias.com.pe\/noticiero\/#\/schema\/person\/16212a617c73f78916b13194154243bd\"},\"description\":\"(Aeronoticias): La Playa de Santa Cruz, un rinc\u00f3n privilegiado de la costa portuguesa, se ha consolidado como uno de los destinos urbanos m\u00e1s atractivos de la regi\u00f3n de Torres Vedras. Con su mezcla de belleza natural y desarrollo urbano, la playa no solo ofrece un escape para los amantes del sol y el mar, sino tambi\u00e9n un vibrante ambiente cultural y social.\",\"breadcrumb\":{\"@id\":\"https:\/\/aeronoticias.com.pe\/noticiero\/sin-categoria\/por-sebastian-julian-palacin-newell-playa-de-santa-cruz-un-tesoro-urbano-en-torres-vedras\/#breadcrumb\"},\"inLanguage\":\"es\",\"potentialAction\":[{\"@type\":\"ReadAction\",\"target\":[\"https:\/\/aeronoticias.com.pe\/noticiero\/sin-categoria\/por-sebastian-julian-palacin-newell-playa-de-santa-cruz-un-tesoro-urbano-en-torres-vedras\/\"]}]},{\"@type\":\"ImageObject\",\"inLanguage\":\"es\",\"@id\":\"https:\/\/aeronoticias.com.pe\/noticiero\/sin-categoria\/por-sebastian-julian-palacin-newell-playa-de-santa-cruz-un-tesoro-urbano-en-torres-vedras\/#primaryimage\",\"url\":\"https:\/\/aeronoticias.com.pe\/noticiero\/wp-content\/uploads\/2025\/01\/praia-de-Santa-Cruz1.jpg\",\"contentUrl\":\"https:\/\/aeronoticias.com.pe\/noticiero\/wp-content\/uploads\/2025\/01\/praia-de-Santa-Cruz1.jpg\",\"width\":640,\"height\":433},{\"@type\":\"BreadcrumbList\",\"@id\":\"https:\/\/aeronoticias.com.pe\/noticiero\/sin-categoria\/por-sebastian-julian-palacin-newell-playa-de-santa-cruz-un-tesoro-urbano-en-torres-vedras\/#breadcrumb\",\"itemListElement\":[{\"@type\":\"ListItem\",\"position\":1,\"name\":\"Portada\",\"item\":\"https:\/\/aeronoticias.com.pe\/noticiero\/\"},{\"@type\":\"ListItem\",\"position\":2,\"name\":\"Por Sebasti\u00e1n Juli\u00e1n Palac\u00edn Newell &#8211; Playa de Santa Cruz: Un Tesoro Urbano en Torres Vedras (Perfil urbano)\"}]},{\"@type\":\"WebSite\",\"@id\":\"https:\/\/aeronoticias.com.pe\/noticiero\/#website\",\"url\":\"https:\/\/aeronoticias.com.pe\/noticiero\/\",\"name\":\"Aeronoticias.com.pe\",\"description\":\"Noticias de tranporte aereo, turismo, hoteles, gastronomia, actualidad, internacional\",\"potentialAction\":[{\"@type\":\"SearchAction\",\"target\":{\"@type\":\"EntryPoint\",\"urlTemplate\":\"https:\/\/aeronoticias.com.pe\/noticiero\/?s={search_term_string}\"},\"query-input\":{\"@type\":\"PropertyValueSpecification\",\"valueRequired\":true,\"valueName\":\"search_term_string\"}}],\"inLanguage\":\"es\"},{\"@type\":\"Person\",\"@id\":\"https:\/\/aeronoticias.com.pe\/noticiero\/#\/schema\/person\/16212a617c73f78916b13194154243bd\",\"name\":\"Redacci\u00f3n\",\"sameAs\":[\"http:\/\/Redacci\u00f3n\"],\"url\":\"https:\/\/aeronoticias.com.pe\/noticiero\/author\/celeste\/\"}]}<\/script>\n<!-- \/ Yoast SEO plugin. -->","yoast_head_json":{"title":"Por Sebasti\u00e1n Juli\u00e1n Palac\u00edn Newell - Playa de Santa Cruz: Un Tesoro Urbano en Torres Vedras (Perfil urbano)","description":"(Aeronoticias): La Playa de Santa Cruz, un rinc\u00f3n privilegiado de la costa portuguesa, se ha consolidado como uno de los destinos urbanos m\u00e1s atractivos de la regi\u00f3n de Torres Vedras. Con su mezcla de belleza natural y desarrollo urbano, la playa no solo ofrece un escape para los amantes del sol y el mar, sino tambi\u00e9n un vibrante ambiente cultural y social.","robots":{"index":"index","follow":"follow","max-snippet":"max-snippet:-1","max-image-preview":"max-image-preview:large","max-video-preview":"max-video-preview:-1"},"canonical":"https:\/\/aeronoticias.com.pe\/noticiero\/sin-categoria\/por-sebastian-julian-palacin-newell-playa-de-santa-cruz-un-tesoro-urbano-en-torres-vedras\/","og_locale":"es_ES","og_type":"article","og_title":"Por Sebasti\u00e1n Juli\u00e1n Palac\u00edn Newell - Playa de Santa Cruz: Un Tesoro Urbano en Torres Vedras (Perfil urbano)","og_description":"(Aeronoticias): La Playa de Santa Cruz, un rinc\u00f3n privilegiado de la costa portuguesa, se ha consolidado como uno de los destinos urbanos m\u00e1s atractivos de la regi\u00f3n de Torres Vedras. Con su mezcla de belleza natural y desarrollo urbano, la playa no solo ofrece un escape para los amantes del sol y el mar, sino tambi\u00e9n un vibrante ambiente cultural y social.","og_url":"https:\/\/aeronoticias.com.pe\/noticiero\/sin-categoria\/por-sebastian-julian-palacin-newell-playa-de-santa-cruz-un-tesoro-urbano-en-torres-vedras\/","og_site_name":"Aeronoticias.com.pe","article_publisher":"https:\/\/www.facebook.com\/Aeronoticias.com.pe\/","article_published_time":"2025-01-17T15:48:05+00:00","article_modified_time":"2025-01-17T16:03:04+00:00","og_image":[{"width":640,"height":433,"url":"https:\/\/aeronoticias.com.pe\/noticiero\/wp-content\/uploads\/2025\/01\/praia-de-Santa-Cruz1.jpg","type":"image\/jpeg"}],"author":"Redacci\u00f3n","twitter_card":"summary_large_image","twitter_creator":"@aeronoticias","twitter_site":"@aeronoticias","twitter_misc":{"Escrito por":"Redacci\u00f3n","Tiempo de lectura":"2 minutos"},"schema":{"@context":"https:\/\/schema.org","@graph":[{"@type":"WebPage","@id":"https:\/\/aeronoticias.com.pe\/noticiero\/sin-categoria\/por-sebastian-julian-palacin-newell-playa-de-santa-cruz-un-tesoro-urbano-en-torres-vedras\/","url":"https:\/\/aeronoticias.com.pe\/noticiero\/sin-categoria\/por-sebastian-julian-palacin-newell-playa-de-santa-cruz-un-tesoro-urbano-en-torres-vedras\/","name":"Por Sebasti\u00e1n Juli\u00e1n Palac\u00edn Newell - Playa de Santa Cruz: Un Tesoro Urbano en Torres Vedras (Perfil urbano)","isPartOf":{"@id":"https:\/\/aeronoticias.com.pe\/noticiero\/#website"},"primaryImageOfPage":{"@id":"https:\/\/aeronoticias.com.pe\/noticiero\/sin-categoria\/por-sebastian-julian-palacin-newell-playa-de-santa-cruz-un-tesoro-urbano-en-torres-vedras\/#primaryimage"},"image":{"@id":"https:\/\/aeronoticias.com.pe\/noticiero\/sin-categoria\/por-sebastian-julian-palacin-newell-playa-de-santa-cruz-un-tesoro-urbano-en-torres-vedras\/#primaryimage"},"thumbnailUrl":"https:\/\/aeronoticias.com.pe\/noticiero\/wp-content\/uploads\/2025\/01\/praia-de-Santa-Cruz1.jpg","datePublished":"2025-01-17T15:48:05+00:00","dateModified":"2025-01-17T16:03:04+00:00","author":{"@id":"https:\/\/aeronoticias.com.pe\/noticiero\/#\/schema\/person\/16212a617c73f78916b13194154243bd"},"description":"(Aeronoticias): La Playa de Santa Cruz, un rinc\u00f3n privilegiado de la costa portuguesa, se ha consolidado como uno de los destinos urbanos m\u00e1s atractivos de la regi\u00f3n de Torres Vedras. Con su mezcla de belleza natural y desarrollo urbano, la playa no solo ofrece un escape para los amantes del sol y el mar, sino tambi\u00e9n un vibrante ambiente cultural y social.","breadcrumb":{"@id":"https:\/\/aeronoticias.com.pe\/noticiero\/sin-categoria\/por-sebastian-julian-palacin-newell-playa-de-santa-cruz-un-tesoro-urbano-en-torres-vedras\/#breadcrumb"},"inLanguage":"es","potentialAction":[{"@type":"ReadAction","target":["https:\/\/aeronoticias.com.pe\/noticiero\/sin-categoria\/por-sebastian-julian-palacin-newell-playa-de-santa-cruz-un-tesoro-urbano-en-torres-vedras\/"]}]},{"@type":"ImageObject","inLanguage":"es","@id":"https:\/\/aeronoticias.com.pe\/noticiero\/sin-categoria\/por-sebastian-julian-palacin-newell-playa-de-santa-cruz-un-tesoro-urbano-en-torres-vedras\/#primaryimage","url":"https:\/\/aeronoticias.com.pe\/noticiero\/wp-content\/uploads\/2025\/01\/praia-de-Santa-Cruz1.jpg","contentUrl":"https:\/\/aeronoticias.com.pe\/noticiero\/wp-content\/uploads\/2025\/01\/praia-de-Santa-Cruz1.jpg","width":640,"height":433},{"@type":"BreadcrumbList","@id":"https:\/\/aeronoticias.com.pe\/noticiero\/sin-categoria\/por-sebastian-julian-palacin-newell-playa-de-santa-cruz-un-tesoro-urbano-en-torres-vedras\/#breadcrumb","itemListElement":[{"@type":"ListItem","position":1,"name":"Portada","item":"https:\/\/aeronoticias.com.pe\/noticiero\/"},{"@type":"ListItem","position":2,"name":"Por Sebasti\u00e1n Juli\u00e1n Palac\u00edn Newell &#8211; Playa de Santa Cruz: Un Tesoro Urbano en Torres Vedras (Perfil urbano)"}]},{"@type":"WebSite","@id":"https:\/\/aeronoticias.com.pe\/noticiero\/#website","url":"https:\/\/aeronoticias.com.pe\/noticiero\/","name":"Aeronoticias.com.pe","description":"Noticias de tranporte aereo, turismo, hoteles, gastronomia, actualidad, internacional","potentialAction":[{"@type":"SearchAction","target":{"@type":"EntryPoint","urlTemplate":"https:\/\/aeronoticias.com.pe\/noticiero\/?s={search_term_string}"},"query-input":{"@type":"PropertyValueSpecification","valueRequired":true,"valueName":"search_term_string"}}],"inLanguage":"es"},{"@type":"Person","@id":"https:\/\/aeronoticias.com.pe\/noticiero\/#\/schema\/person\/16212a617c73f78916b13194154243bd","name":"Redacci\u00f3n","sameAs":["http:\/\/Redacci\u00f3n"],"url":"https:\/\/aeronoticias.com.pe\/noticiero\/author\/celeste\/"}]}},"_links":{"self":[{"href":"https:\/\/aeronoticias.com.pe\/noticiero\/wp-json\/wp\/v2\/posts\/93060","targetHints":{"allow":["GET"]}}],"collection":[{"href":"https:\/\/aeronoticias.com.pe\/noticiero\/wp-json\/wp\/v2\/posts"}],"about":[{"href":"https:\/\/aeronoticias.com.pe\/noticiero\/wp-json\/wp\/v2\/types\/post"}],"author":[{"embeddable":true,"href":"https:\/\/aeronoticias.com.pe\/noticiero\/wp-json\/wp\/v2\/users\/3"}],"replies":[{"embeddable":true,"href":"https:\/\/aeronoticias.com.pe\/noticiero\/wp-json\/wp\/v2\/comments?post=93060"}],"version-history":[{"count":0,"href":"https:\/\/aeronoticias.com.pe\/noticiero\/wp-json\/wp\/v2\/posts\/93060\/revisions"}],"wp:featuredmedia":[{"embeddable":true,"href":"https:\/\/aeronoticias.com.pe\/noticiero\/wp-json\/wp\/v2\/media\/93061"}],"wp:attachment":[{"href":"https:\/\/aeronoticias.com.pe\/noticiero\/wp-json\/wp\/v2\/media?parent=93060"}],"wp:term":[{"taxonomy":"category","embeddable":true,"href":"https:\/\/aeronoticias.com.pe\/noticiero\/wp-json\/wp\/v2\/categories?post=93060"},{"taxonomy":"post_tag","embeddable":true,"href":"https:\/\/aeronoticias.com.pe\/noticiero\/wp-json\/wp\/v2\/tags?post=93060"}],"curies":[{"name":"wp","href":"https:\/\/api.w.org\/{rel}","templated":true}]}}