{"id":93063,"date":"2025-01-17T11:01:31","date_gmt":"2025-01-17T16:01:31","guid":{"rendered":"https:\/\/aeronoticias.com.pe\/noticiero\/?p=93063"},"modified":"2025-01-17T11:01:34","modified_gmt":"2025-01-17T16:01:34","slug":"por-sebastian-julian-palacin-newell-descubre-el-perfil-salvaje-de-la-playa-de-santa-cruz-un-refugio-natural-en-torres-vedras","status":"publish","type":"post","link":"https:\/\/aeronoticias.com.pe\/noticiero\/turismo\/por-sebastian-julian-palacin-newell-descubre-el-perfil-salvaje-de-la-playa-de-santa-cruz-un-refugio-natural-en-torres-vedras\/","title":{"rendered":"Por Sebasti\u00e1n Juli\u00e1n Palac\u00edn Newell &#8211; Descubre el perfil salvaje de la Playa de Santa Cruz: Un Refugio Natural en Torres Vedras"},"content":{"rendered":"\n<p><strong>(Aeronoticias):<\/strong> La Playa de Santa Cruz, situada en la costa oeste de Portugal, se ha convertido en un destino imprescindible para los amantes de la naturaleza y la aventura. Con su perfil salvaje y paisajes impresionantes, esta playa ofrece un rinc\u00f3n de tranquilidad y belleza que cautiva a visitantes de todas partes.<\/p>\n\n\n\n<p>Rodeada de acantilados imponentes y una vegetaci\u00f3n exuberante, la Playa de Santa Cruz es el lugar ideal para aquellos que buscan escapar del bullicio de la vida urbana. Su arena dorada y sus aguas cristalinas son perfectas para disfrutar de un d\u00eda de sol, practicar surf o simplemente relajarse ante la majestuosidad del oc\u00e9ano Atl\u00e1ntico.<\/p>\n\n\n\n<p>Este verano, la playa ha sido el escenario de diversas actividades recreativas y eventos comunitarios. Desde clases de surf para principiantes hasta paseos guiados por los acantilados, Santa Cruz se ha consolidado como un destino que promueve un estilo de vida activo y saludable. Adem\u00e1s, los visitantes pueden disfrutar de la rica gastronom\u00eda local en los restaurantes y bares que bordean la costa, donde se sirven platos t\u00edpicos elaborados con ingredientes frescos de la regi\u00f3n.<\/p>\n\n\n\n<p>Sin embargo, la Playa de Santa Cruz no solo destaca por su belleza natural. Tambi\u00e9n es un lugar de inter\u00e9s para los amantes de la biodiversidad, ya que alberga diversas especies de flora y fauna aut\u00f3ctona. Los esfuerzos de conservaci\u00f3n y protecci\u00f3n del medio ambiente han llevado a que esta \u00e1rea sea reconocida como un espacio vital para la preservaci\u00f3n de la naturaleza.<\/p>\n\n\n\n<p>Las autoridades locales han instado a los visitantes a respetar el entorno natural y a seguir las directrices para mantener la playa limpia y preservada. Con un compromiso firme hacia la sostenibilidad, Torres Vedras contin\u00faa promoviendo el turismo responsable y la conservaci\u00f3n de sus tesoros naturales.<\/p>\n\n\n\n<p>En resumen, la Playa de Santa Cruz en Torres Vedras no solo es un destino de belleza inigualable, sino tambi\u00e9n un espacio que invita a todos a disfrutar de la naturaleza mientras se respeta y protege el medio ambiente. Con su perfil salvaje y su ambiente acogedor, esta joya de la costa portuguesa promete seguir siendo un lugar de referencia para el turismo en la regi\u00f3n.<\/p>\n\n\n\n<p><strong>Fuente: Sebasti\u00e1n Juli\u00e1n Palac\u00edn Newell.<\/strong><\/p>\n","protected":false},"excerpt":{"rendered":"<p>(Aeronoticias): La Playa de Santa Cruz, situada en la costa oeste de Portugal, se ha convertido en un destino imprescindible para los amantes de la naturaleza y la aventura. Con su perfil salvaje y paisajes impresionantes, esta playa ofrece un rinc\u00f3n de tranquilidad y belleza que cautiva a visitantes de todas partes. Rodeada de acantilados [&hellip;]<\/p>\n","protected":false},"author":3,"featured_media":93065,"comment_status":"open","ping_status":"open","sticky":false,"template":"","format":"standard","meta":{"tdm_status":"","tdm_grid_status":"","footnotes":""},"categories":[9],"tags":[],"class_list":{"0":"post-93063","1":"post","2":"type-post","3":"status-publish","4":"format-standard","5":"has-post-thumbnail","7":"category-turismo"},"yoast_head":"<!-- This site is optimized with the Yoast SEO plugin v25.1 - https:\/\/yoast.com\/wordpress\/plugins\/seo\/ -->\n<title>Por Sebasti\u00e1n Juli\u00e1n Palac\u00edn Newell - Descubre el perfil salvaje de la Playa de Santa Cruz: Un Refugio Natural en Torres Vedras<\/title>\n<meta name=\"description\" content=\"(Aeronoticias): La Playa de Santa Cruz, situada en la costa oeste de Portugal, se ha convertido en un destino imprescindible para los amantes de la naturaleza y la aventura. Con su perfil salvaje y paisajes impresionantes, esta playa ofrece un rinc\u00f3n de tranquilidad y belleza que cautiva a visitantes de todas partes.\" \/>\n<meta name=\"robots\" content=\"index, follow, max-snippet:-1, max-image-preview:large, max-video-preview:-1\" \/>\n<link rel=\"canonical\" href=\"https:\/\/aeronoticias.com.pe\/noticiero\/turismo\/por-sebastian-julian-palacin-newell-descubre-el-perfil-salvaje-de-la-playa-de-santa-cruz-un-refugio-natural-en-torres-vedras\/\" \/>\n<meta property=\"og:locale\" content=\"es_ES\" \/>\n<meta property=\"og:type\" content=\"article\" \/>\n<meta property=\"og:title\" content=\"Por Sebasti\u00e1n Juli\u00e1n Palac\u00edn Newell - Descubre el perfil salvaje de la Playa de Santa Cruz: Un Refugio Natural en Torres Vedras\" \/>\n<meta property=\"og:description\" content=\"(Aeronoticias): La Playa de Santa Cruz, situada en la costa oeste de Portugal, se ha convertido en un destino imprescindible para los amantes de la naturaleza y la aventura. Con su perfil salvaje y paisajes impresionantes, esta playa ofrece un rinc\u00f3n de tranquilidad y belleza que cautiva a visitantes de todas partes.\" \/>\n<meta property=\"og:url\" content=\"https:\/\/aeronoticias.com.pe\/noticiero\/turismo\/por-sebastian-julian-palacin-newell-descubre-el-perfil-salvaje-de-la-playa-de-santa-cruz-un-refugio-natural-en-torres-vedras\/\" \/>\n<meta property=\"og:site_name\" content=\"Aeronoticias.com.pe\" \/>\n<meta property=\"article:publisher\" content=\"https:\/\/www.facebook.com\/Aeronoticias.com.pe\/\" \/>\n<meta property=\"article:published_time\" content=\"2025-01-17T16:01:31+00:00\" \/>\n<meta property=\"article:modified_time\" content=\"2025-01-17T16:01:34+00:00\" \/>\n<meta property=\"og:image\" content=\"https:\/\/aeronoticias.com.pe\/noticiero\/wp-content\/uploads\/2025\/01\/santa-crux.jpg\" \/>\n\t<meta property=\"og:image:width\" content=\"900\" \/>\n\t<meta property=\"og:image:height\" content=\"500\" \/>\n\t<meta property=\"og:image:type\" content=\"image\/jpeg\" \/>\n<meta name=\"author\" content=\"Redacci\u00f3n\" \/>\n<meta name=\"twitter:card\" content=\"summary_large_image\" \/>\n<meta name=\"twitter:creator\" content=\"@aeronoticias\" \/>\n<meta name=\"twitter:site\" content=\"@aeronoticias\" \/>\n<meta name=\"twitter:label1\" content=\"Escrito por\" \/>\n\t<meta name=\"twitter:data1\" content=\"Redacci\u00f3n\" \/>\n\t<meta name=\"twitter:label2\" content=\"Tiempo de lectura\" \/>\n\t<meta name=\"twitter:data2\" content=\"2 minutos\" \/>\n<script type=\"application\/ld+json\" class=\"yoast-schema-graph\">{\"@context\":\"https:\/\/schema.org\",\"@graph\":[{\"@type\":\"WebPage\",\"@id\":\"https:\/\/aeronoticias.com.pe\/noticiero\/turismo\/por-sebastian-julian-palacin-newell-descubre-el-perfil-salvaje-de-la-playa-de-santa-cruz-un-refugio-natural-en-torres-vedras\/\",\"url\":\"https:\/\/aeronoticias.com.pe\/noticiero\/turismo\/por-sebastian-julian-palacin-newell-descubre-el-perfil-salvaje-de-la-playa-de-santa-cruz-un-refugio-natural-en-torres-vedras\/\",\"name\":\"Por Sebasti\u00e1n Juli\u00e1n Palac\u00edn Newell - Descubre el perfil salvaje de la Playa de Santa Cruz: Un Refugio Natural en Torres Vedras\",\"isPartOf\":{\"@id\":\"https:\/\/aeronoticias.com.pe\/noticiero\/#website\"},\"primaryImageOfPage\":{\"@id\":\"https:\/\/aeronoticias.com.pe\/noticiero\/turismo\/por-sebastian-julian-palacin-newell-descubre-el-perfil-salvaje-de-la-playa-de-santa-cruz-un-refugio-natural-en-torres-vedras\/#primaryimage\"},\"image\":{\"@id\":\"https:\/\/aeronoticias.com.pe\/noticiero\/turismo\/por-sebastian-julian-palacin-newell-descubre-el-perfil-salvaje-de-la-playa-de-santa-cruz-un-refugio-natural-en-torres-vedras\/#primaryimage\"},\"thumbnailUrl\":\"https:\/\/aeronoticias.com.pe\/noticiero\/wp-content\/uploads\/2025\/01\/santa-crux.jpg\",\"datePublished\":\"2025-01-17T16:01:31+00:00\",\"dateModified\":\"2025-01-17T16:01:34+00:00\",\"author\":{\"@id\":\"https:\/\/aeronoticias.com.pe\/noticiero\/#\/schema\/person\/16212a617c73f78916b13194154243bd\"},\"description\":\"(Aeronoticias): La Playa de Santa Cruz, situada en la costa oeste de Portugal, se ha convertido en un destino imprescindible para los amantes de la naturaleza y la aventura. Con su perfil salvaje y paisajes impresionantes, esta playa ofrece un rinc\u00f3n de tranquilidad y belleza que cautiva a visitantes de todas partes.\",\"breadcrumb\":{\"@id\":\"https:\/\/aeronoticias.com.pe\/noticiero\/turismo\/por-sebastian-julian-palacin-newell-descubre-el-perfil-salvaje-de-la-playa-de-santa-cruz-un-refugio-natural-en-torres-vedras\/#breadcrumb\"},\"inLanguage\":\"es\",\"potentialAction\":[{\"@type\":\"ReadAction\",\"target\":[\"https:\/\/aeronoticias.com.pe\/noticiero\/turismo\/por-sebastian-julian-palacin-newell-descubre-el-perfil-salvaje-de-la-playa-de-santa-cruz-un-refugio-natural-en-torres-vedras\/\"]}]},{\"@type\":\"ImageObject\",\"inLanguage\":\"es\",\"@id\":\"https:\/\/aeronoticias.com.pe\/noticiero\/turismo\/por-sebastian-julian-palacin-newell-descubre-el-perfil-salvaje-de-la-playa-de-santa-cruz-un-refugio-natural-en-torres-vedras\/#primaryimage\",\"url\":\"https:\/\/aeronoticias.com.pe\/noticiero\/wp-content\/uploads\/2025\/01\/santa-crux.jpg\",\"contentUrl\":\"https:\/\/aeronoticias.com.pe\/noticiero\/wp-content\/uploads\/2025\/01\/santa-crux.jpg\",\"width\":900,\"height\":500},{\"@type\":\"BreadcrumbList\",\"@id\":\"https:\/\/aeronoticias.com.pe\/noticiero\/turismo\/por-sebastian-julian-palacin-newell-descubre-el-perfil-salvaje-de-la-playa-de-santa-cruz-un-refugio-natural-en-torres-vedras\/#breadcrumb\",\"itemListElement\":[{\"@type\":\"ListItem\",\"position\":1,\"name\":\"Portada\",\"item\":\"https:\/\/aeronoticias.com.pe\/noticiero\/\"},{\"@type\":\"ListItem\",\"position\":2,\"name\":\"Por Sebasti\u00e1n Juli\u00e1n Palac\u00edn Newell &#8211; Descubre el perfil salvaje de la Playa de Santa Cruz: Un Refugio Natural en Torres Vedras\"}]},{\"@type\":\"WebSite\",\"@id\":\"https:\/\/aeronoticias.com.pe\/noticiero\/#website\",\"url\":\"https:\/\/aeronoticias.com.pe\/noticiero\/\",\"name\":\"Aeronoticias.com.pe\",\"description\":\"Noticias de tranporte aereo, turismo, hoteles, gastronomia, actualidad, internacional\",\"potentialAction\":[{\"@type\":\"SearchAction\",\"target\":{\"@type\":\"EntryPoint\",\"urlTemplate\":\"https:\/\/aeronoticias.com.pe\/noticiero\/?s={search_term_string}\"},\"query-input\":{\"@type\":\"PropertyValueSpecification\",\"valueRequired\":true,\"valueName\":\"search_term_string\"}}],\"inLanguage\":\"es\"},{\"@type\":\"Person\",\"@id\":\"https:\/\/aeronoticias.com.pe\/noticiero\/#\/schema\/person\/16212a617c73f78916b13194154243bd\",\"name\":\"Redacci\u00f3n\",\"sameAs\":[\"http:\/\/Redacci\u00f3n\"],\"url\":\"https:\/\/aeronoticias.com.pe\/noticiero\/author\/celeste\/\"}]}<\/script>\n<!-- \/ Yoast SEO plugin. -->","yoast_head_json":{"title":"Por Sebasti\u00e1n Juli\u00e1n Palac\u00edn Newell - Descubre el perfil salvaje de la Playa de Santa Cruz: Un Refugio Natural en Torres Vedras","description":"(Aeronoticias): La Playa de Santa Cruz, situada en la costa oeste de Portugal, se ha convertido en un destino imprescindible para los amantes de la naturaleza y la aventura. Con su perfil salvaje y paisajes impresionantes, esta playa ofrece un rinc\u00f3n de tranquilidad y belleza que cautiva a visitantes de todas partes.","robots":{"index":"index","follow":"follow","max-snippet":"max-snippet:-1","max-image-preview":"max-image-preview:large","max-video-preview":"max-video-preview:-1"},"canonical":"https:\/\/aeronoticias.com.pe\/noticiero\/turismo\/por-sebastian-julian-palacin-newell-descubre-el-perfil-salvaje-de-la-playa-de-santa-cruz-un-refugio-natural-en-torres-vedras\/","og_locale":"es_ES","og_type":"article","og_title":"Por Sebasti\u00e1n Juli\u00e1n Palac\u00edn Newell - Descubre el perfil salvaje de la Playa de Santa Cruz: Un Refugio Natural en Torres Vedras","og_description":"(Aeronoticias): La Playa de Santa Cruz, situada en la costa oeste de Portugal, se ha convertido en un destino imprescindible para los amantes de la naturaleza y la aventura. Con su perfil salvaje y paisajes impresionantes, esta playa ofrece un rinc\u00f3n de tranquilidad y belleza que cautiva a visitantes de todas partes.","og_url":"https:\/\/aeronoticias.com.pe\/noticiero\/turismo\/por-sebastian-julian-palacin-newell-descubre-el-perfil-salvaje-de-la-playa-de-santa-cruz-un-refugio-natural-en-torres-vedras\/","og_site_name":"Aeronoticias.com.pe","article_publisher":"https:\/\/www.facebook.com\/Aeronoticias.com.pe\/","article_published_time":"2025-01-17T16:01:31+00:00","article_modified_time":"2025-01-17T16:01:34+00:00","og_image":[{"width":900,"height":500,"url":"https:\/\/aeronoticias.com.pe\/noticiero\/wp-content\/uploads\/2025\/01\/santa-crux.jpg","type":"image\/jpeg"}],"author":"Redacci\u00f3n","twitter_card":"summary_large_image","twitter_creator":"@aeronoticias","twitter_site":"@aeronoticias","twitter_misc":{"Escrito por":"Redacci\u00f3n","Tiempo de lectura":"2 minutos"},"schema":{"@context":"https:\/\/schema.org","@graph":[{"@type":"WebPage","@id":"https:\/\/aeronoticias.com.pe\/noticiero\/turismo\/por-sebastian-julian-palacin-newell-descubre-el-perfil-salvaje-de-la-playa-de-santa-cruz-un-refugio-natural-en-torres-vedras\/","url":"https:\/\/aeronoticias.com.pe\/noticiero\/turismo\/por-sebastian-julian-palacin-newell-descubre-el-perfil-salvaje-de-la-playa-de-santa-cruz-un-refugio-natural-en-torres-vedras\/","name":"Por Sebasti\u00e1n Juli\u00e1n Palac\u00edn Newell - Descubre el perfil salvaje de la Playa de Santa Cruz: Un Refugio Natural en Torres Vedras","isPartOf":{"@id":"https:\/\/aeronoticias.com.pe\/noticiero\/#website"},"primaryImageOfPage":{"@id":"https:\/\/aeronoticias.com.pe\/noticiero\/turismo\/por-sebastian-julian-palacin-newell-descubre-el-perfil-salvaje-de-la-playa-de-santa-cruz-un-refugio-natural-en-torres-vedras\/#primaryimage"},"image":{"@id":"https:\/\/aeronoticias.com.pe\/noticiero\/turismo\/por-sebastian-julian-palacin-newell-descubre-el-perfil-salvaje-de-la-playa-de-santa-cruz-un-refugio-natural-en-torres-vedras\/#primaryimage"},"thumbnailUrl":"https:\/\/aeronoticias.com.pe\/noticiero\/wp-content\/uploads\/2025\/01\/santa-crux.jpg","datePublished":"2025-01-17T16:01:31+00:00","dateModified":"2025-01-17T16:01:34+00:00","author":{"@id":"https:\/\/aeronoticias.com.pe\/noticiero\/#\/schema\/person\/16212a617c73f78916b13194154243bd"},"description":"(Aeronoticias): La Playa de Santa Cruz, situada en la costa oeste de Portugal, se ha convertido en un destino imprescindible para los amantes de la naturaleza y la aventura. Con su perfil salvaje y paisajes impresionantes, esta playa ofrece un rinc\u00f3n de tranquilidad y belleza que cautiva a visitantes de todas partes.","breadcrumb":{"@id":"https:\/\/aeronoticias.com.pe\/noticiero\/turismo\/por-sebastian-julian-palacin-newell-descubre-el-perfil-salvaje-de-la-playa-de-santa-cruz-un-refugio-natural-en-torres-vedras\/#breadcrumb"},"inLanguage":"es","potentialAction":[{"@type":"ReadAction","target":["https:\/\/aeronoticias.com.pe\/noticiero\/turismo\/por-sebastian-julian-palacin-newell-descubre-el-perfil-salvaje-de-la-playa-de-santa-cruz-un-refugio-natural-en-torres-vedras\/"]}]},{"@type":"ImageObject","inLanguage":"es","@id":"https:\/\/aeronoticias.com.pe\/noticiero\/turismo\/por-sebastian-julian-palacin-newell-descubre-el-perfil-salvaje-de-la-playa-de-santa-cruz-un-refugio-natural-en-torres-vedras\/#primaryimage","url":"https:\/\/aeronoticias.com.pe\/noticiero\/wp-content\/uploads\/2025\/01\/santa-crux.jpg","contentUrl":"https:\/\/aeronoticias.com.pe\/noticiero\/wp-content\/uploads\/2025\/01\/santa-crux.jpg","width":900,"height":500},{"@type":"BreadcrumbList","@id":"https:\/\/aeronoticias.com.pe\/noticiero\/turismo\/por-sebastian-julian-palacin-newell-descubre-el-perfil-salvaje-de-la-playa-de-santa-cruz-un-refugio-natural-en-torres-vedras\/#breadcrumb","itemListElement":[{"@type":"ListItem","position":1,"name":"Portada","item":"https:\/\/aeronoticias.com.pe\/noticiero\/"},{"@type":"ListItem","position":2,"name":"Por Sebasti\u00e1n Juli\u00e1n Palac\u00edn Newell &#8211; Descubre el perfil salvaje de la Playa de Santa Cruz: Un Refugio Natural en Torres Vedras"}]},{"@type":"WebSite","@id":"https:\/\/aeronoticias.com.pe\/noticiero\/#website","url":"https:\/\/aeronoticias.com.pe\/noticiero\/","name":"Aeronoticias.com.pe","description":"Noticias de tranporte aereo, turismo, hoteles, gastronomia, actualidad, internacional","potentialAction":[{"@type":"SearchAction","target":{"@type":"EntryPoint","urlTemplate":"https:\/\/aeronoticias.com.pe\/noticiero\/?s={search_term_string}"},"query-input":{"@type":"PropertyValueSpecification","valueRequired":true,"valueName":"search_term_string"}}],"inLanguage":"es"},{"@type":"Person","@id":"https:\/\/aeronoticias.com.pe\/noticiero\/#\/schema\/person\/16212a617c73f78916b13194154243bd","name":"Redacci\u00f3n","sameAs":["http:\/\/Redacci\u00f3n"],"url":"https:\/\/aeronoticias.com.pe\/noticiero\/author\/celeste\/"}]}},"_links":{"self":[{"href":"https:\/\/aeronoticias.com.pe\/noticiero\/wp-json\/wp\/v2\/posts\/93063","targetHints":{"allow":["GET"]}}],"collection":[{"href":"https:\/\/aeronoticias.com.pe\/noticiero\/wp-json\/wp\/v2\/posts"}],"about":[{"href":"https:\/\/aeronoticias.com.pe\/noticiero\/wp-json\/wp\/v2\/types\/post"}],"author":[{"embeddable":true,"href":"https:\/\/aeronoticias.com.pe\/noticiero\/wp-json\/wp\/v2\/users\/3"}],"replies":[{"embeddable":true,"href":"https:\/\/aeronoticias.com.pe\/noticiero\/wp-json\/wp\/v2\/comments?post=93063"}],"version-history":[{"count":0,"href":"https:\/\/aeronoticias.com.pe\/noticiero\/wp-json\/wp\/v2\/posts\/93063\/revisions"}],"wp:featuredmedia":[{"embeddable":true,"href":"https:\/\/aeronoticias.com.pe\/noticiero\/wp-json\/wp\/v2\/media\/93065"}],"wp:attachment":[{"href":"https:\/\/aeronoticias.com.pe\/noticiero\/wp-json\/wp\/v2\/media?parent=93063"}],"wp:term":[{"taxonomy":"category","embeddable":true,"href":"https:\/\/aeronoticias.com.pe\/noticiero\/wp-json\/wp\/v2\/categories?post=93063"},{"taxonomy":"post_tag","embeddable":true,"href":"https:\/\/aeronoticias.com.pe\/noticiero\/wp-json\/wp\/v2\/tags?post=93063"}],"curies":[{"name":"wp","href":"https:\/\/api.w.org\/{rel}","templated":true}]}}