{"id":93863,"date":"2025-03-24T12:58:05","date_gmt":"2025-03-24T17:58:05","guid":{"rendered":"https:\/\/aeronoticias.com.pe\/noticiero\/?p=93863"},"modified":"2025-03-24T12:58:10","modified_gmt":"2025-03-24T17:58:10","slug":"atr-confirma-un-nuevo-pedido-de-10-aviones-atr-72-600f-por-parte-de-fedex-express","status":"publish","type":"post","link":"https:\/\/aeronoticias.com.pe\/noticiero\/transporte-aereo\/atr-confirma-un-nuevo-pedido-de-10-aviones-atr-72-600f-por-parte-de-fedex-express\/","title":{"rendered":"ATR confirma un nuevo pedido de 10 aviones ATR 72-600F por parte de FedEx Express"},"content":{"rendered":"\n<p><strong>(Aeronoticias)<\/strong>: <strong>Aviaci\u00f3n. Digital, Sp.-\u00a0<\/strong><em>El fabricante europeo de aviones regionales ATR ha anunciado que\u00a0<strong><a href=\"https:\/\/aviaciondigital.com\/pilotos-belgas-denuncian-operaciones-fedex-usa-europa\/\">FedEx Express<\/a><\/strong>, una de las principales compa\u00f1\u00edas de transporte de carga a nivel mundial, ha realizado un pedido de 10 unidades del modelo\u00a0<strong><a href=\"https:\/\/aviaciondigital.com\/etiqueta\/atr-72-600f\/\">ATR 72-600F<\/a><\/strong>.<\/em><\/p>\n\n\n\n<p>El acuerdo, hecho p\u00fablico el 20 de marzo de 2025, ampl\u00eda la colaboraci\u00f3n entre ambas empresas, que ya cuentan con una relaci\u00f3n consolidada en el sector de la aviaci\u00f3n de carga.<\/p>\n\n\n\n<h3 class=\"wp-block-heading\" id=\"h-caracteristicas-del-atr-72-600f\"><strong>Caracter\u00edsticas del ATR 72-600F<\/strong><\/h3>\n\n\n\n<p>El&nbsp;<strong>ATR 72-600F<\/strong>&nbsp;es un avi\u00f3n dise\u00f1ado espec\u00edficamente para operaciones de carga, con&nbsp;<strong>capacidad para transportar hasta 9 toneladas<\/strong>&nbsp;y adaptado para rutas regionales. Este modelo incorpora tecnolog\u00eda que reduce el consumo de combustible en comparaci\u00f3n con otros aviones de su categor\u00eda, lo que lo hace una opci\u00f3n viable para empresas enfocadas en optimizar sus operaciones log\u00edsticas.&nbsp;<strong>Las 10 nuevas unidades se entregar\u00e1n a FedEx Express entre 2025 y 2028.<\/strong><\/p>\n\n\n\n<h3 class=\"wp-block-heading\" id=\"h-continuidad-en-la-flota-de-fedex\"><strong>Continuidad en la flota de FedEx<\/strong><\/h3>\n\n\n\n<p><strong>FedEx Express, que ya opera m\u00e1s de 40 aviones ATR en su flota<\/strong>, es uno de los mayores usuarios de este tipo de aeronaves a nivel global. El nuevo pedido responde a la necesidad de la compa\u00f1\u00eda de mantener y ampliar su capacidad de transporte de mercanc\u00edas, especialmente en un contexto de creciente demanda por servicios log\u00edsticos r\u00e1pidos, impulsados por el comercio electr\u00f3nico.<\/p>\n\n\n\n<p><strong>Fuente: aviaciondigital.com<\/strong><\/p>\n","protected":false},"excerpt":{"rendered":"<p>(Aeronoticias): Aviaci\u00f3n. Digital, Sp.-\u00a0El fabricante europeo de aviones regionales ATR ha anunciado que\u00a0FedEx Express, una de las principales compa\u00f1\u00edas de transporte de carga a nivel mundial, ha realizado un pedido de 10 unidades del modelo\u00a0ATR 72-600F. El acuerdo, hecho p\u00fablico el 20 de marzo de 2025, ampl\u00eda la colaboraci\u00f3n entre ambas empresas, que ya cuentan [&hellip;]<\/p>\n","protected":false},"author":3,"featured_media":93864,"comment_status":"open","ping_status":"open","sticky":false,"template":"","format":"standard","meta":{"tdm_status":"","tdm_grid_status":"","footnotes":""},"categories":[32,11],"tags":[6334,6333],"class_list":{"0":"post-93863","1":"post","2":"type-post","3":"status-publish","4":"format-standard","5":"has-post-thumbnail","7":"category-internacional","8":"category-transporte-aereo","9":"tag-atr-72-600f","10":"tag-fedex-express"},"yoast_head":"<!-- This site is optimized with the Yoast SEO plugin v25.1 - https:\/\/yoast.com\/wordpress\/plugins\/seo\/ -->\n<title>ATR confirma un nuevo pedido de 10 aviones ATR 72-600F por parte de FedEx Express<\/title>\n<meta name=\"description\" content=\"Las entregas se realizar\u00e1n entre 2025 y 2028, sum\u00e1ndose a la flota actual de la empresa log\u00edstica.\" \/>\n<meta name=\"robots\" content=\"index, follow, max-snippet:-1, max-image-preview:large, max-video-preview:-1\" \/>\n<link rel=\"canonical\" href=\"https:\/\/aeronoticias.com.pe\/noticiero\/transporte-aereo\/atr-confirma-un-nuevo-pedido-de-10-aviones-atr-72-600f-por-parte-de-fedex-express\/\" \/>\n<meta property=\"og:locale\" content=\"es_ES\" \/>\n<meta property=\"og:type\" content=\"article\" \/>\n<meta property=\"og:title\" content=\"ATR confirma un nuevo pedido de 10 aviones ATR 72-600F por parte de FedEx Express\" \/>\n<meta property=\"og:description\" content=\"Las entregas se realizar\u00e1n entre 2025 y 2028, sum\u00e1ndose a la flota actual de la empresa log\u00edstica.\" \/>\n<meta property=\"og:url\" content=\"https:\/\/aeronoticias.com.pe\/noticiero\/transporte-aereo\/atr-confirma-un-nuevo-pedido-de-10-aviones-atr-72-600f-por-parte-de-fedex-express\/\" \/>\n<meta property=\"og:site_name\" content=\"Aeronoticias.com.pe\" \/>\n<meta property=\"article:publisher\" content=\"https:\/\/www.facebook.com\/Aeronoticias.com.pe\/\" \/>\n<meta property=\"article:published_time\" content=\"2025-03-24T17:58:05+00:00\" \/>\n<meta property=\"article:modified_time\" content=\"2025-03-24T17:58:10+00:00\" \/>\n<meta property=\"og:image\" content=\"https:\/\/aeronoticias.com.pe\/noticiero\/wp-content\/uploads\/2025\/03\/fedez.jpg\" \/>\n\t<meta property=\"og:image:width\" content=\"1028\" \/>\n\t<meta property=\"og:image:height\" content=\"690\" \/>\n\t<meta property=\"og:image:type\" content=\"image\/jpeg\" \/>\n<meta name=\"author\" content=\"Redacci\u00f3n\" \/>\n<meta name=\"twitter:card\" content=\"summary_large_image\" \/>\n<meta name=\"twitter:creator\" content=\"@aeronoticias\" \/>\n<meta name=\"twitter:site\" content=\"@aeronoticias\" \/>\n<meta name=\"twitter:label1\" content=\"Escrito por\" \/>\n\t<meta name=\"twitter:data1\" content=\"Redacci\u00f3n\" \/>\n\t<meta name=\"twitter:label2\" content=\"Tiempo de lectura\" \/>\n\t<meta name=\"twitter:data2\" content=\"1 minuto\" \/>\n<script type=\"application\/ld+json\" class=\"yoast-schema-graph\">{\"@context\":\"https:\/\/schema.org\",\"@graph\":[{\"@type\":\"WebPage\",\"@id\":\"https:\/\/aeronoticias.com.pe\/noticiero\/transporte-aereo\/atr-confirma-un-nuevo-pedido-de-10-aviones-atr-72-600f-por-parte-de-fedex-express\/\",\"url\":\"https:\/\/aeronoticias.com.pe\/noticiero\/transporte-aereo\/atr-confirma-un-nuevo-pedido-de-10-aviones-atr-72-600f-por-parte-de-fedex-express\/\",\"name\":\"ATR confirma un nuevo pedido de 10 aviones ATR 72-600F por parte de FedEx Express\",\"isPartOf\":{\"@id\":\"https:\/\/aeronoticias.com.pe\/noticiero\/#website\"},\"primaryImageOfPage\":{\"@id\":\"https:\/\/aeronoticias.com.pe\/noticiero\/transporte-aereo\/atr-confirma-un-nuevo-pedido-de-10-aviones-atr-72-600f-por-parte-de-fedex-express\/#primaryimage\"},\"image\":{\"@id\":\"https:\/\/aeronoticias.com.pe\/noticiero\/transporte-aereo\/atr-confirma-un-nuevo-pedido-de-10-aviones-atr-72-600f-por-parte-de-fedex-express\/#primaryimage\"},\"thumbnailUrl\":\"https:\/\/aeronoticias.com.pe\/noticiero\/wp-content\/uploads\/2025\/03\/fedez.jpg\",\"datePublished\":\"2025-03-24T17:58:05+00:00\",\"dateModified\":\"2025-03-24T17:58:10+00:00\",\"author\":{\"@id\":\"https:\/\/aeronoticias.com.pe\/noticiero\/#\/schema\/person\/16212a617c73f78916b13194154243bd\"},\"description\":\"Las entregas se realizar\u00e1n entre 2025 y 2028, sum\u00e1ndose a la flota actual de la empresa log\u00edstica.\",\"breadcrumb\":{\"@id\":\"https:\/\/aeronoticias.com.pe\/noticiero\/transporte-aereo\/atr-confirma-un-nuevo-pedido-de-10-aviones-atr-72-600f-por-parte-de-fedex-express\/#breadcrumb\"},\"inLanguage\":\"es\",\"potentialAction\":[{\"@type\":\"ReadAction\",\"target\":[\"https:\/\/aeronoticias.com.pe\/noticiero\/transporte-aereo\/atr-confirma-un-nuevo-pedido-de-10-aviones-atr-72-600f-por-parte-de-fedex-express\/\"]}]},{\"@type\":\"ImageObject\",\"inLanguage\":\"es\",\"@id\":\"https:\/\/aeronoticias.com.pe\/noticiero\/transporte-aereo\/atr-confirma-un-nuevo-pedido-de-10-aviones-atr-72-600f-por-parte-de-fedex-express\/#primaryimage\",\"url\":\"https:\/\/aeronoticias.com.pe\/noticiero\/wp-content\/uploads\/2025\/03\/fedez.jpg\",\"contentUrl\":\"https:\/\/aeronoticias.com.pe\/noticiero\/wp-content\/uploads\/2025\/03\/fedez.jpg\",\"width\":1028,\"height\":690},{\"@type\":\"BreadcrumbList\",\"@id\":\"https:\/\/aeronoticias.com.pe\/noticiero\/transporte-aereo\/atr-confirma-un-nuevo-pedido-de-10-aviones-atr-72-600f-por-parte-de-fedex-express\/#breadcrumb\",\"itemListElement\":[{\"@type\":\"ListItem\",\"position\":1,\"name\":\"Portada\",\"item\":\"https:\/\/aeronoticias.com.pe\/noticiero\/\"},{\"@type\":\"ListItem\",\"position\":2,\"name\":\"ATR confirma un nuevo pedido de 10 aviones ATR 72-600F por parte de FedEx Express\"}]},{\"@type\":\"WebSite\",\"@id\":\"https:\/\/aeronoticias.com.pe\/noticiero\/#website\",\"url\":\"https:\/\/aeronoticias.com.pe\/noticiero\/\",\"name\":\"Aeronoticias.com.pe\",\"description\":\"Noticias de tranporte aereo, turismo, hoteles, gastronomia, actualidad, internacional\",\"potentialAction\":[{\"@type\":\"SearchAction\",\"target\":{\"@type\":\"EntryPoint\",\"urlTemplate\":\"https:\/\/aeronoticias.com.pe\/noticiero\/?s={search_term_string}\"},\"query-input\":{\"@type\":\"PropertyValueSpecification\",\"valueRequired\":true,\"valueName\":\"search_term_string\"}}],\"inLanguage\":\"es\"},{\"@type\":\"Person\",\"@id\":\"https:\/\/aeronoticias.com.pe\/noticiero\/#\/schema\/person\/16212a617c73f78916b13194154243bd\",\"name\":\"Redacci\u00f3n\",\"sameAs\":[\"http:\/\/Redacci\u00f3n\"],\"url\":\"https:\/\/aeronoticias.com.pe\/noticiero\/author\/celeste\/\"}]}<\/script>\n<!-- \/ Yoast SEO plugin. -->","yoast_head_json":{"title":"ATR confirma un nuevo pedido de 10 aviones ATR 72-600F por parte de FedEx Express","description":"Las entregas se realizar\u00e1n entre 2025 y 2028, sum\u00e1ndose a la flota actual de la empresa log\u00edstica.","robots":{"index":"index","follow":"follow","max-snippet":"max-snippet:-1","max-image-preview":"max-image-preview:large","max-video-preview":"max-video-preview:-1"},"canonical":"https:\/\/aeronoticias.com.pe\/noticiero\/transporte-aereo\/atr-confirma-un-nuevo-pedido-de-10-aviones-atr-72-600f-por-parte-de-fedex-express\/","og_locale":"es_ES","og_type":"article","og_title":"ATR confirma un nuevo pedido de 10 aviones ATR 72-600F por parte de FedEx Express","og_description":"Las entregas se realizar\u00e1n entre 2025 y 2028, sum\u00e1ndose a la flota actual de la empresa log\u00edstica.","og_url":"https:\/\/aeronoticias.com.pe\/noticiero\/transporte-aereo\/atr-confirma-un-nuevo-pedido-de-10-aviones-atr-72-600f-por-parte-de-fedex-express\/","og_site_name":"Aeronoticias.com.pe","article_publisher":"https:\/\/www.facebook.com\/Aeronoticias.com.pe\/","article_published_time":"2025-03-24T17:58:05+00:00","article_modified_time":"2025-03-24T17:58:10+00:00","og_image":[{"width":1028,"height":690,"url":"https:\/\/aeronoticias.com.pe\/noticiero\/wp-content\/uploads\/2025\/03\/fedez.jpg","type":"image\/jpeg"}],"author":"Redacci\u00f3n","twitter_card":"summary_large_image","twitter_creator":"@aeronoticias","twitter_site":"@aeronoticias","twitter_misc":{"Escrito por":"Redacci\u00f3n","Tiempo de lectura":"1 minuto"},"schema":{"@context":"https:\/\/schema.org","@graph":[{"@type":"WebPage","@id":"https:\/\/aeronoticias.com.pe\/noticiero\/transporte-aereo\/atr-confirma-un-nuevo-pedido-de-10-aviones-atr-72-600f-por-parte-de-fedex-express\/","url":"https:\/\/aeronoticias.com.pe\/noticiero\/transporte-aereo\/atr-confirma-un-nuevo-pedido-de-10-aviones-atr-72-600f-por-parte-de-fedex-express\/","name":"ATR confirma un nuevo pedido de 10 aviones ATR 72-600F por parte de FedEx Express","isPartOf":{"@id":"https:\/\/aeronoticias.com.pe\/noticiero\/#website"},"primaryImageOfPage":{"@id":"https:\/\/aeronoticias.com.pe\/noticiero\/transporte-aereo\/atr-confirma-un-nuevo-pedido-de-10-aviones-atr-72-600f-por-parte-de-fedex-express\/#primaryimage"},"image":{"@id":"https:\/\/aeronoticias.com.pe\/noticiero\/transporte-aereo\/atr-confirma-un-nuevo-pedido-de-10-aviones-atr-72-600f-por-parte-de-fedex-express\/#primaryimage"},"thumbnailUrl":"https:\/\/aeronoticias.com.pe\/noticiero\/wp-content\/uploads\/2025\/03\/fedez.jpg","datePublished":"2025-03-24T17:58:05+00:00","dateModified":"2025-03-24T17:58:10+00:00","author":{"@id":"https:\/\/aeronoticias.com.pe\/noticiero\/#\/schema\/person\/16212a617c73f78916b13194154243bd"},"description":"Las entregas se realizar\u00e1n entre 2025 y 2028, sum\u00e1ndose a la flota actual de la empresa log\u00edstica.","breadcrumb":{"@id":"https:\/\/aeronoticias.com.pe\/noticiero\/transporte-aereo\/atr-confirma-un-nuevo-pedido-de-10-aviones-atr-72-600f-por-parte-de-fedex-express\/#breadcrumb"},"inLanguage":"es","potentialAction":[{"@type":"ReadAction","target":["https:\/\/aeronoticias.com.pe\/noticiero\/transporte-aereo\/atr-confirma-un-nuevo-pedido-de-10-aviones-atr-72-600f-por-parte-de-fedex-express\/"]}]},{"@type":"ImageObject","inLanguage":"es","@id":"https:\/\/aeronoticias.com.pe\/noticiero\/transporte-aereo\/atr-confirma-un-nuevo-pedido-de-10-aviones-atr-72-600f-por-parte-de-fedex-express\/#primaryimage","url":"https:\/\/aeronoticias.com.pe\/noticiero\/wp-content\/uploads\/2025\/03\/fedez.jpg","contentUrl":"https:\/\/aeronoticias.com.pe\/noticiero\/wp-content\/uploads\/2025\/03\/fedez.jpg","width":1028,"height":690},{"@type":"BreadcrumbList","@id":"https:\/\/aeronoticias.com.pe\/noticiero\/transporte-aereo\/atr-confirma-un-nuevo-pedido-de-10-aviones-atr-72-600f-por-parte-de-fedex-express\/#breadcrumb","itemListElement":[{"@type":"ListItem","position":1,"name":"Portada","item":"https:\/\/aeronoticias.com.pe\/noticiero\/"},{"@type":"ListItem","position":2,"name":"ATR confirma un nuevo pedido de 10 aviones ATR 72-600F por parte de FedEx Express"}]},{"@type":"WebSite","@id":"https:\/\/aeronoticias.com.pe\/noticiero\/#website","url":"https:\/\/aeronoticias.com.pe\/noticiero\/","name":"Aeronoticias.com.pe","description":"Noticias de tranporte aereo, turismo, hoteles, gastronomia, actualidad, internacional","potentialAction":[{"@type":"SearchAction","target":{"@type":"EntryPoint","urlTemplate":"https:\/\/aeronoticias.com.pe\/noticiero\/?s={search_term_string}"},"query-input":{"@type":"PropertyValueSpecification","valueRequired":true,"valueName":"search_term_string"}}],"inLanguage":"es"},{"@type":"Person","@id":"https:\/\/aeronoticias.com.pe\/noticiero\/#\/schema\/person\/16212a617c73f78916b13194154243bd","name":"Redacci\u00f3n","sameAs":["http:\/\/Redacci\u00f3n"],"url":"https:\/\/aeronoticias.com.pe\/noticiero\/author\/celeste\/"}]}},"_links":{"self":[{"href":"https:\/\/aeronoticias.com.pe\/noticiero\/wp-json\/wp\/v2\/posts\/93863","targetHints":{"allow":["GET"]}}],"collection":[{"href":"https:\/\/aeronoticias.com.pe\/noticiero\/wp-json\/wp\/v2\/posts"}],"about":[{"href":"https:\/\/aeronoticias.com.pe\/noticiero\/wp-json\/wp\/v2\/types\/post"}],"author":[{"embeddable":true,"href":"https:\/\/aeronoticias.com.pe\/noticiero\/wp-json\/wp\/v2\/users\/3"}],"replies":[{"embeddable":true,"href":"https:\/\/aeronoticias.com.pe\/noticiero\/wp-json\/wp\/v2\/comments?post=93863"}],"version-history":[{"count":0,"href":"https:\/\/aeronoticias.com.pe\/noticiero\/wp-json\/wp\/v2\/posts\/93863\/revisions"}],"wp:featuredmedia":[{"embeddable":true,"href":"https:\/\/aeronoticias.com.pe\/noticiero\/wp-json\/wp\/v2\/media\/93864"}],"wp:attachment":[{"href":"https:\/\/aeronoticias.com.pe\/noticiero\/wp-json\/wp\/v2\/media?parent=93863"}],"wp:term":[{"taxonomy":"category","embeddable":true,"href":"https:\/\/aeronoticias.com.pe\/noticiero\/wp-json\/wp\/v2\/categories?post=93863"},{"taxonomy":"post_tag","embeddable":true,"href":"https:\/\/aeronoticias.com.pe\/noticiero\/wp-json\/wp\/v2\/tags?post=93863"}],"curies":[{"name":"wp","href":"https:\/\/api.w.org\/{rel}","templated":true}]}}