{"id":93876,"date":"2025-03-25T11:13:29","date_gmt":"2025-03-25T16:13:29","guid":{"rendered":"https:\/\/aeronoticias.com.pe\/noticiero\/?p=93876"},"modified":"2025-03-25T11:13:44","modified_gmt":"2025-03-25T16:13:44","slug":"airbus-y-solar-impulse-alianza-estrategica-para-la-accion-climatica","status":"publish","type":"post","link":"https:\/\/aeronoticias.com.pe\/noticiero\/transporte-aereo\/airbus-y-solar-impulse-alianza-estrategica-para-la-accion-climatica\/","title":{"rendered":"Airbus y Solar Impulse: alianza estrat\u00e9gica para la acci\u00f3n clim\u00e1tica"},"content":{"rendered":"\n<p><strong>(Aeronoticias)<\/strong>: <strong>Claudia C.\/Aviaci\u00f3n Digital, Sp.-\u00a0<\/strong><em>La\u00a0<strong>Fundaci\u00f3n<\/strong>\u00a0<a href=\"https:\/\/aviaciondigital.com\/etiqueta\/airbus\/\"><strong>Airbus<\/strong><\/a>\u00a0y la\u00a0<strong>Fundaci\u00f3n Solar Impulse<\/strong>\u00a0han anunciado una colaboraci\u00f3n de tres a\u00f1os destinada a\u00a0<strong>identificar y acelerar proyectos escalables basados en la naturaleza<\/strong>\u00a0que aborden desaf\u00edos globales urgentes. Esta asociaci\u00f3n promete combinar la experiencia aeroespacial con\u00a0<strong>soluciones innovadoras<\/strong>\u00a0para fomentar un impacto ambiental positivo.<\/em><\/p>\n\n\n\n<h3 class=\"wp-block-heading\" id=\"h-uniendo-fuerzas-por-la-sostenibilidad\"><strong>Uniendo fuerzas por la sostenibilidad<\/strong><\/h3>\n\n\n\n<p>A partir del 1 de abril, ambas fundaciones buscar\u00e1n activamente&nbsp;<strong>propuestas que puedan beneficiarse de las capacidades aeroespaciales<\/strong>&nbsp;para promover soluciones basadas en la naturaleza.&nbsp;<em>Los proyectos seleccionados recibir\u00e1n una financiaci\u00f3n inicial de 10.000 euros y acceso a experiencia t\u00e9cnica para acelerar su impacto.<\/em><\/p>\n\n\n\n<p><strong>Bertrand Piccard<\/strong>,\u00a0<em>presidente de la Fundaci\u00f3n Solar Impulse,<\/em>\u00a0destac\u00f3 la importancia de esta colaboraci\u00f3n:\u00a0<em>\u00abAl combinar la tecnolog\u00eda aeroespacial con soluciones basadas en la naturaleza, podemos<strong>\u00a0convertir la innovaci\u00f3n en impacto.\u00a0<\/strong>Nuestra asociaci\u00f3n con la\u00a0<strong>Fundaci\u00f3n<\/strong>\u00a0<strong><a href=\"https:\/\/aviaciondigital.com\/etiqueta\/airbus\/\">Airbus<\/a><\/strong>\u00a0demuestra c\u00f3mo las capacidades avanzadas como las im\u00e1genes satelitales pueden ayudar a restaurar los ecosistemas, apoyar el desarrollo econ\u00f3mico y construir la\u00a0<strong>resiliencia clim\u00e1tica<\/strong>\u00a0donde m\u00e1s se necesita\u00bb.<\/em><\/p>\n\n\n\n<p>Por su parte,&nbsp;<strong>Julie Kitcher,<\/strong>&nbsp;<em>directora de sostenibilidad de Airbus y presidenta de la&nbsp;<strong>Fundaci\u00f3n<\/strong>&nbsp;<a href=\"https:\/\/aviaciondigital.com\/etiqueta\/airbus\/\"><strong>Airbus<\/strong><\/a><\/em>, se\u00f1al\u00f3:&nbsp;<em>\u00abLas tecnolog\u00edas aeroespaciales nos permiten desbloquear informaci\u00f3n sobre nuestro planeta a la que no podemos acceder desde tierra. Utilizando la experiencia de&nbsp;<a href=\"https:\/\/aviaciondigital.com\/etiqueta\/airbus\/\"><strong>Airbus<\/strong><\/a>&nbsp;en sat\u00e9lites y helic\u00f3pteros, estamos comprometidos a&nbsp;<strong>empoderar a innovadores e investigadores para desarrollar soluciones que aborden desaf\u00edos ambientales y sociales apremiantes\u00bb.<\/strong><\/em><\/p>\n\n\n\n<h3 class=\"wp-block-heading\" id=\"h-trayectoria-del-solar-impulse-innovacion-en-la-aviacion-sostenible\"><strong>Trayectoria del Solar Impulse: Innovaci\u00f3n en la aviaci\u00f3n sostenible<\/strong><\/h3>\n\n\n\n<p>El\u00a0<strong>proyecto Solar Impulse<\/strong>, iniciado por\u00a0<em>Bertrand Piccard y Andr\u00e9 Borschberg,<\/em>\u00a0marc\u00f3 un hito en la aviaci\u00f3n al desarrollar\u00a0<strong>un avi\u00f3n propulsado \u00fanicamente por energ\u00eda solar fotovoltaica<\/strong>. Este prototipo demostr\u00f3 la\u00a0<em>viabilidad de volar durante el d\u00eda y la noche sin utilizar combustibles f\u00f3siles,\u00a0<\/em>gracias a las c\u00e9lulas solares que cubr\u00edan sus alas y las bater\u00edas que almacenaban la energ\u00eda para los vuelos nocturnos.<\/p>\n\n\n\n<p>El proyecto comenz\u00f3 en 2005 con&nbsp;<strong>un presupuesto aproximado de 90 millones de d\u00f3lares.<\/strong>&nbsp;Tras superar desaf\u00edos financieros iniciales, el primer prototipo,&nbsp;<strong><a href=\"https:\/\/aviaciondigital.com\/etiqueta\/solar-impulse\/\">denominado Solar Impulse HB-SIA<\/a><\/strong>, realiz\u00f3 vuelos de prueba en 2009, seguido de demostraciones en Eu<strong>ropa, Marruecos y Estados Unidos<\/strong>. Posteriormente, se construy\u00f3 un segundo modelo mejorado, el<strong>&nbsp;HB-SIB<\/strong>, con el objetivo de dar la vuelta al mundo.<\/p>\n\n\n\n<p>En marzo de 2015, el&nbsp;<strong>Solar Impulse 2&nbsp;<\/strong>inici\u00f3 su hist\u00f3rica circunnavegaci\u00f3n desde Abu Dhabi. A lo largo de 17 etapas, la aeronave&nbsp;<strong>recorri\u00f3 40.000 kil\u00f3metros en 500 d\u00edas,<\/strong>&nbsp;acumulando m\u00e1s de 558 horas de vuelo. Este logro no solo demostr\u00f3 el potencial de las energ\u00edas renovables en la aviaci\u00f3n, sino que tambi\u00e9n&nbsp;<strong>inspir\u00f3 a la industria a explorar alternativas sostenibles.<\/strong><\/p>\n\n\n\n<h3 class=\"wp-block-heading\" id=\"h-impacto-y-futuro-de-la-colaboracion\"><strong>Impacto y futuro de la colaboraci\u00f3n<\/strong><\/h3>\n\n\n\n<p>La alianza entre la&nbsp;<em><strong>Fundaci\u00f3n<\/strong>&nbsp;<a href=\"https:\/\/aviaciondigital.com\/etiqueta\/airbus\/\"><strong>Airbus<\/strong><\/a><\/em>&nbsp;y la&nbsp;<strong>Fundaci\u00f3n Solar Impulse<\/strong>&nbsp;representa un&nbsp;<em>paso adelante en la integraci\u00f3n de tecnolog\u00edas aeroespaciales con soluciones ambientales.<\/em>&nbsp;Al proporcionar acceso a datos cr\u00edticos, herramientas avanzadas y recursos especializados, esta colaboraci\u00f3n permitir\u00e1 a las comunidades<strong>&nbsp;anticipar y adaptarse mejor a los impactos del cambio clim\u00e1tico.<\/strong><\/p>\n\n\n\n<p>Adem\u00e1s, esta asociaci\u00f3n refleja un\u00a0<strong>compromiso compartido<\/strong>\u00a0<em>por innovar en soluciones ambientales utilizando las capacidades \u00fanicas de las tecnolog\u00edas de Airbus.<\/em>\u00a0Al combinar la experiencia en observaci\u00f3n terrestre con iniciativas sostenibles, se espera fomentar<strong>\u00a0proyectos que aumenten la resiliencia clim\u00e1tica y apoyen a las comunidades locales.<\/strong><\/p>\n\n\n\n<p><strong>Fuente: aviaciondigital.com<\/strong><\/p>\n","protected":false},"excerpt":{"rendered":"<p>(Aeronoticias): Claudia C.\/Aviaci\u00f3n Digital, Sp.-\u00a0La\u00a0Fundaci\u00f3n\u00a0Airbus\u00a0y la\u00a0Fundaci\u00f3n Solar Impulse\u00a0han anunciado una colaboraci\u00f3n de tres a\u00f1os destinada a\u00a0identificar y acelerar proyectos escalables basados en la naturaleza\u00a0que aborden desaf\u00edos globales urgentes. Esta asociaci\u00f3n promete combinar la experiencia aeroespacial con\u00a0soluciones innovadoras\u00a0para fomentar un impacto ambiental positivo. Uniendo fuerzas por la sostenibilidad A partir del 1 de abril, ambas fundaciones [&hellip;]<\/p>\n","protected":false},"author":3,"featured_media":93877,"comment_status":"open","ping_status":"open","sticky":false,"template":"","format":"standard","meta":{"tdm_status":"","tdm_grid_status":"","footnotes":""},"categories":[32,11],"tags":[6341,181,6340],"class_list":{"0":"post-93876","1":"post","2":"type-post","3":"status-publish","4":"format-standard","5":"has-post-thumbnail","7":"category-internacional","8":"category-transporte-aereo","9":"tag-accion-climatica","10":"tag-airbus","11":"tag-solar-impulse"},"yoast_head":"<!-- This site is optimized with the Yoast SEO plugin v25.1 - https:\/\/yoast.com\/wordpress\/plugins\/seo\/ -->\n<title>Airbus y Solar Impulse: alianza estrat\u00e9gica para la acci\u00f3n clim\u00e1tica<\/title>\n<meta name=\"description\" content=\"La Fundaci\u00f3n Airbus y la Fundaci\u00f3n Solar Impulse han anunciado una colaboraci\u00f3n de tres a\u00f1os para impulsar proyectos sostenibles utilizando tecnolog\u00edas aeroespaciales.\" \/>\n<meta name=\"robots\" content=\"index, follow, max-snippet:-1, max-image-preview:large, max-video-preview:-1\" \/>\n<link rel=\"canonical\" href=\"https:\/\/aeronoticias.com.pe\/noticiero\/transporte-aereo\/airbus-y-solar-impulse-alianza-estrategica-para-la-accion-climatica\/\" \/>\n<meta property=\"og:locale\" content=\"es_ES\" \/>\n<meta property=\"og:type\" content=\"article\" \/>\n<meta property=\"og:title\" content=\"Airbus y Solar Impulse: alianza estrat\u00e9gica para la acci\u00f3n clim\u00e1tica\" \/>\n<meta property=\"og:description\" content=\"La Fundaci\u00f3n Airbus y la Fundaci\u00f3n Solar Impulse han anunciado una colaboraci\u00f3n de tres a\u00f1os para impulsar proyectos sostenibles utilizando tecnolog\u00edas aeroespaciales.\" \/>\n<meta property=\"og:url\" content=\"https:\/\/aeronoticias.com.pe\/noticiero\/transporte-aereo\/airbus-y-solar-impulse-alianza-estrategica-para-la-accion-climatica\/\" \/>\n<meta property=\"og:site_name\" content=\"Aeronoticias.com.pe\" \/>\n<meta property=\"article:publisher\" content=\"https:\/\/www.facebook.com\/Aeronoticias.com.pe\/\" \/>\n<meta property=\"article:published_time\" content=\"2025-03-25T16:13:29+00:00\" \/>\n<meta property=\"article:modified_time\" content=\"2025-03-25T16:13:44+00:00\" \/>\n<meta property=\"og:image\" content=\"https:\/\/aeronoticias.com.pe\/noticiero\/wp-content\/uploads\/2025\/03\/nave.jpg\" \/>\n\t<meta property=\"og:image:width\" content=\"966\" \/>\n\t<meta property=\"og:image:height\" content=\"543\" \/>\n\t<meta property=\"og:image:type\" content=\"image\/jpeg\" \/>\n<meta name=\"author\" content=\"Redacci\u00f3n\" \/>\n<meta name=\"twitter:card\" content=\"summary_large_image\" \/>\n<meta name=\"twitter:creator\" content=\"@aeronoticias\" \/>\n<meta name=\"twitter:site\" content=\"@aeronoticias\" \/>\n<meta name=\"twitter:label1\" content=\"Escrito por\" \/>\n\t<meta name=\"twitter:data1\" content=\"Redacci\u00f3n\" \/>\n\t<meta name=\"twitter:label2\" content=\"Tiempo de lectura\" \/>\n\t<meta name=\"twitter:data2\" content=\"3 minutos\" \/>\n<script type=\"application\/ld+json\" class=\"yoast-schema-graph\">{\"@context\":\"https:\/\/schema.org\",\"@graph\":[{\"@type\":\"WebPage\",\"@id\":\"https:\/\/aeronoticias.com.pe\/noticiero\/transporte-aereo\/airbus-y-solar-impulse-alianza-estrategica-para-la-accion-climatica\/\",\"url\":\"https:\/\/aeronoticias.com.pe\/noticiero\/transporte-aereo\/airbus-y-solar-impulse-alianza-estrategica-para-la-accion-climatica\/\",\"name\":\"Airbus y Solar Impulse: alianza estrat\u00e9gica para la acci\u00f3n clim\u00e1tica\",\"isPartOf\":{\"@id\":\"https:\/\/aeronoticias.com.pe\/noticiero\/#website\"},\"primaryImageOfPage\":{\"@id\":\"https:\/\/aeronoticias.com.pe\/noticiero\/transporte-aereo\/airbus-y-solar-impulse-alianza-estrategica-para-la-accion-climatica\/#primaryimage\"},\"image\":{\"@id\":\"https:\/\/aeronoticias.com.pe\/noticiero\/transporte-aereo\/airbus-y-solar-impulse-alianza-estrategica-para-la-accion-climatica\/#primaryimage\"},\"thumbnailUrl\":\"https:\/\/aeronoticias.com.pe\/noticiero\/wp-content\/uploads\/2025\/03\/nave.jpg\",\"datePublished\":\"2025-03-25T16:13:29+00:00\",\"dateModified\":\"2025-03-25T16:13:44+00:00\",\"author\":{\"@id\":\"https:\/\/aeronoticias.com.pe\/noticiero\/#\/schema\/person\/16212a617c73f78916b13194154243bd\"},\"description\":\"La Fundaci\u00f3n Airbus y la Fundaci\u00f3n Solar Impulse han anunciado una colaboraci\u00f3n de tres a\u00f1os para impulsar proyectos sostenibles utilizando tecnolog\u00edas aeroespaciales.\",\"breadcrumb\":{\"@id\":\"https:\/\/aeronoticias.com.pe\/noticiero\/transporte-aereo\/airbus-y-solar-impulse-alianza-estrategica-para-la-accion-climatica\/#breadcrumb\"},\"inLanguage\":\"es\",\"potentialAction\":[{\"@type\":\"ReadAction\",\"target\":[\"https:\/\/aeronoticias.com.pe\/noticiero\/transporte-aereo\/airbus-y-solar-impulse-alianza-estrategica-para-la-accion-climatica\/\"]}]},{\"@type\":\"ImageObject\",\"inLanguage\":\"es\",\"@id\":\"https:\/\/aeronoticias.com.pe\/noticiero\/transporte-aereo\/airbus-y-solar-impulse-alianza-estrategica-para-la-accion-climatica\/#primaryimage\",\"url\":\"https:\/\/aeronoticias.com.pe\/noticiero\/wp-content\/uploads\/2025\/03\/nave.jpg\",\"contentUrl\":\"https:\/\/aeronoticias.com.pe\/noticiero\/wp-content\/uploads\/2025\/03\/nave.jpg\",\"width\":966,\"height\":543},{\"@type\":\"BreadcrumbList\",\"@id\":\"https:\/\/aeronoticias.com.pe\/noticiero\/transporte-aereo\/airbus-y-solar-impulse-alianza-estrategica-para-la-accion-climatica\/#breadcrumb\",\"itemListElement\":[{\"@type\":\"ListItem\",\"position\":1,\"name\":\"Portada\",\"item\":\"https:\/\/aeronoticias.com.pe\/noticiero\/\"},{\"@type\":\"ListItem\",\"position\":2,\"name\":\"Airbus y Solar Impulse: alianza estrat\u00e9gica para la acci\u00f3n clim\u00e1tica\"}]},{\"@type\":\"WebSite\",\"@id\":\"https:\/\/aeronoticias.com.pe\/noticiero\/#website\",\"url\":\"https:\/\/aeronoticias.com.pe\/noticiero\/\",\"name\":\"Aeronoticias.com.pe\",\"description\":\"Noticias de tranporte aereo, turismo, hoteles, gastronomia, actualidad, internacional\",\"potentialAction\":[{\"@type\":\"SearchAction\",\"target\":{\"@type\":\"EntryPoint\",\"urlTemplate\":\"https:\/\/aeronoticias.com.pe\/noticiero\/?s={search_term_string}\"},\"query-input\":{\"@type\":\"PropertyValueSpecification\",\"valueRequired\":true,\"valueName\":\"search_term_string\"}}],\"inLanguage\":\"es\"},{\"@type\":\"Person\",\"@id\":\"https:\/\/aeronoticias.com.pe\/noticiero\/#\/schema\/person\/16212a617c73f78916b13194154243bd\",\"name\":\"Redacci\u00f3n\",\"sameAs\":[\"http:\/\/Redacci\u00f3n\"],\"url\":\"https:\/\/aeronoticias.com.pe\/noticiero\/author\/celeste\/\"}]}<\/script>\n<!-- \/ Yoast SEO plugin. -->","yoast_head_json":{"title":"Airbus y Solar Impulse: alianza estrat\u00e9gica para la acci\u00f3n clim\u00e1tica","description":"La Fundaci\u00f3n Airbus y la Fundaci\u00f3n Solar Impulse han anunciado una colaboraci\u00f3n de tres a\u00f1os para impulsar proyectos sostenibles utilizando tecnolog\u00edas aeroespaciales.","robots":{"index":"index","follow":"follow","max-snippet":"max-snippet:-1","max-image-preview":"max-image-preview:large","max-video-preview":"max-video-preview:-1"},"canonical":"https:\/\/aeronoticias.com.pe\/noticiero\/transporte-aereo\/airbus-y-solar-impulse-alianza-estrategica-para-la-accion-climatica\/","og_locale":"es_ES","og_type":"article","og_title":"Airbus y Solar Impulse: alianza estrat\u00e9gica para la acci\u00f3n clim\u00e1tica","og_description":"La Fundaci\u00f3n Airbus y la Fundaci\u00f3n Solar Impulse han anunciado una colaboraci\u00f3n de tres a\u00f1os para impulsar proyectos sostenibles utilizando tecnolog\u00edas aeroespaciales.","og_url":"https:\/\/aeronoticias.com.pe\/noticiero\/transporte-aereo\/airbus-y-solar-impulse-alianza-estrategica-para-la-accion-climatica\/","og_site_name":"Aeronoticias.com.pe","article_publisher":"https:\/\/www.facebook.com\/Aeronoticias.com.pe\/","article_published_time":"2025-03-25T16:13:29+00:00","article_modified_time":"2025-03-25T16:13:44+00:00","og_image":[{"width":966,"height":543,"url":"https:\/\/aeronoticias.com.pe\/noticiero\/wp-content\/uploads\/2025\/03\/nave.jpg","type":"image\/jpeg"}],"author":"Redacci\u00f3n","twitter_card":"summary_large_image","twitter_creator":"@aeronoticias","twitter_site":"@aeronoticias","twitter_misc":{"Escrito por":"Redacci\u00f3n","Tiempo de lectura":"3 minutos"},"schema":{"@context":"https:\/\/schema.org","@graph":[{"@type":"WebPage","@id":"https:\/\/aeronoticias.com.pe\/noticiero\/transporte-aereo\/airbus-y-solar-impulse-alianza-estrategica-para-la-accion-climatica\/","url":"https:\/\/aeronoticias.com.pe\/noticiero\/transporte-aereo\/airbus-y-solar-impulse-alianza-estrategica-para-la-accion-climatica\/","name":"Airbus y Solar Impulse: alianza estrat\u00e9gica para la acci\u00f3n clim\u00e1tica","isPartOf":{"@id":"https:\/\/aeronoticias.com.pe\/noticiero\/#website"},"primaryImageOfPage":{"@id":"https:\/\/aeronoticias.com.pe\/noticiero\/transporte-aereo\/airbus-y-solar-impulse-alianza-estrategica-para-la-accion-climatica\/#primaryimage"},"image":{"@id":"https:\/\/aeronoticias.com.pe\/noticiero\/transporte-aereo\/airbus-y-solar-impulse-alianza-estrategica-para-la-accion-climatica\/#primaryimage"},"thumbnailUrl":"https:\/\/aeronoticias.com.pe\/noticiero\/wp-content\/uploads\/2025\/03\/nave.jpg","datePublished":"2025-03-25T16:13:29+00:00","dateModified":"2025-03-25T16:13:44+00:00","author":{"@id":"https:\/\/aeronoticias.com.pe\/noticiero\/#\/schema\/person\/16212a617c73f78916b13194154243bd"},"description":"La Fundaci\u00f3n Airbus y la Fundaci\u00f3n Solar Impulse han anunciado una colaboraci\u00f3n de tres a\u00f1os para impulsar proyectos sostenibles utilizando tecnolog\u00edas aeroespaciales.","breadcrumb":{"@id":"https:\/\/aeronoticias.com.pe\/noticiero\/transporte-aereo\/airbus-y-solar-impulse-alianza-estrategica-para-la-accion-climatica\/#breadcrumb"},"inLanguage":"es","potentialAction":[{"@type":"ReadAction","target":["https:\/\/aeronoticias.com.pe\/noticiero\/transporte-aereo\/airbus-y-solar-impulse-alianza-estrategica-para-la-accion-climatica\/"]}]},{"@type":"ImageObject","inLanguage":"es","@id":"https:\/\/aeronoticias.com.pe\/noticiero\/transporte-aereo\/airbus-y-solar-impulse-alianza-estrategica-para-la-accion-climatica\/#primaryimage","url":"https:\/\/aeronoticias.com.pe\/noticiero\/wp-content\/uploads\/2025\/03\/nave.jpg","contentUrl":"https:\/\/aeronoticias.com.pe\/noticiero\/wp-content\/uploads\/2025\/03\/nave.jpg","width":966,"height":543},{"@type":"BreadcrumbList","@id":"https:\/\/aeronoticias.com.pe\/noticiero\/transporte-aereo\/airbus-y-solar-impulse-alianza-estrategica-para-la-accion-climatica\/#breadcrumb","itemListElement":[{"@type":"ListItem","position":1,"name":"Portada","item":"https:\/\/aeronoticias.com.pe\/noticiero\/"},{"@type":"ListItem","position":2,"name":"Airbus y Solar Impulse: alianza estrat\u00e9gica para la acci\u00f3n clim\u00e1tica"}]},{"@type":"WebSite","@id":"https:\/\/aeronoticias.com.pe\/noticiero\/#website","url":"https:\/\/aeronoticias.com.pe\/noticiero\/","name":"Aeronoticias.com.pe","description":"Noticias de tranporte aereo, turismo, hoteles, gastronomia, actualidad, internacional","potentialAction":[{"@type":"SearchAction","target":{"@type":"EntryPoint","urlTemplate":"https:\/\/aeronoticias.com.pe\/noticiero\/?s={search_term_string}"},"query-input":{"@type":"PropertyValueSpecification","valueRequired":true,"valueName":"search_term_string"}}],"inLanguage":"es"},{"@type":"Person","@id":"https:\/\/aeronoticias.com.pe\/noticiero\/#\/schema\/person\/16212a617c73f78916b13194154243bd","name":"Redacci\u00f3n","sameAs":["http:\/\/Redacci\u00f3n"],"url":"https:\/\/aeronoticias.com.pe\/noticiero\/author\/celeste\/"}]}},"_links":{"self":[{"href":"https:\/\/aeronoticias.com.pe\/noticiero\/wp-json\/wp\/v2\/posts\/93876","targetHints":{"allow":["GET"]}}],"collection":[{"href":"https:\/\/aeronoticias.com.pe\/noticiero\/wp-json\/wp\/v2\/posts"}],"about":[{"href":"https:\/\/aeronoticias.com.pe\/noticiero\/wp-json\/wp\/v2\/types\/post"}],"author":[{"embeddable":true,"href":"https:\/\/aeronoticias.com.pe\/noticiero\/wp-json\/wp\/v2\/users\/3"}],"replies":[{"embeddable":true,"href":"https:\/\/aeronoticias.com.pe\/noticiero\/wp-json\/wp\/v2\/comments?post=93876"}],"version-history":[{"count":0,"href":"https:\/\/aeronoticias.com.pe\/noticiero\/wp-json\/wp\/v2\/posts\/93876\/revisions"}],"wp:featuredmedia":[{"embeddable":true,"href":"https:\/\/aeronoticias.com.pe\/noticiero\/wp-json\/wp\/v2\/media\/93877"}],"wp:attachment":[{"href":"https:\/\/aeronoticias.com.pe\/noticiero\/wp-json\/wp\/v2\/media?parent=93876"}],"wp:term":[{"taxonomy":"category","embeddable":true,"href":"https:\/\/aeronoticias.com.pe\/noticiero\/wp-json\/wp\/v2\/categories?post=93876"},{"taxonomy":"post_tag","embeddable":true,"href":"https:\/\/aeronoticias.com.pe\/noticiero\/wp-json\/wp\/v2\/tags?post=93876"}],"curies":[{"name":"wp","href":"https:\/\/api.w.org\/{rel}","templated":true}]}}