{"id":94189,"date":"2025-05-02T12:42:54","date_gmt":"2025-05-02T17:42:54","guid":{"rendered":"https:\/\/aeronoticias.com.pe\/noticiero\/?p=94189"},"modified":"2025-05-02T12:43:02","modified_gmt":"2025-05-02T17:43:02","slug":"por-sebastian-palacin-newell-idiosincrasia-de-surinam-mezcla-etnica-viva-tolerancia-cotidiana-y-orgullo-silencioso","status":"publish","type":"post","link":"https:\/\/aeronoticias.com.pe\/noticiero\/internacionales\/por-sebastian-palacin-newell-idiosincrasia-de-surinam-mezcla-etnica-viva-tolerancia-cotidiana-y-orgullo-silencioso\/","title":{"rendered":"Por Sebastian Palacin Newell &#8211; Idiosincrasia de Surinam: Mezcla \u00c9tnica Viva, Tolerancia Cotidiana y Orgullo Silencioso"},"content":{"rendered":"\n<h3 class=\"wp-block-heading\"><\/h3>\n\n\n\n<p><strong>(Aeronoticias):<\/strong> Surinam es un pa\u00eds donde se habla neerland\u00e9s en la selva tropical, donde el hinduismo, el islam y el cristianismo celebran uno al lado del otro, y donde la diversidad no es un desaf\u00edo, sino un hecho de la vida. Su idiosincrasia est\u00e1 marcada por la <strong>convivencia inter\u00e9tnica, la herencia colonial peculiar y una calma caribe\u00f1a impregnada de selva amaz\u00f3nica<\/strong>.<\/p>\n\n\n\n<h3 class=\"wp-block-heading\"><strong>1. Cultura y Sociedad: Multiculturalismo Naturalizado y Equilibrio Social<\/strong><\/h3>\n\n\n\n<p>Surinam es uno de los pa\u00edses m\u00e1s <strong>multiculturales del planeta<\/strong>. Su poblaci\u00f3n incluye:<\/p>\n\n\n\n<ul class=\"wp-block-list\"><li class=\"\">Hindustanis (descendientes de indios)<\/li><li class=\"\">Javaneses<\/li><li class=\"\">Africanos y cimarrones (maroons)<\/li><li class=\"\">Chinos<\/li><li class=\"\">Ind\u00edgenas<\/li><li class=\"\">Europeos (especialmente neerlandeses)<\/li><li class=\"\">Criollos (mezclas afrodescendientes)<\/li><\/ul>\n\n\n\n<p>Esta diversidad convive sin necesidad de grandes discursos ideol\u00f3gicos. La tolerancia y el respeto est\u00e1n incorporados en la vida diaria. No es extra\u00f1o que <strong>Navidad, Diwali, el Eid y el A\u00f1o Nuevo chino<\/strong> se celebren con naturalidad en el mismo vecindario.<\/p>\n\n\n\n<p>El idioma oficial es el <strong>neerland\u00e9s<\/strong>, pero la lengua com\u00fan es el <strong>sranan tongo<\/strong>, un criollo que todos entienden y que representa el verdadero mestizaje nacional.<\/p>\n\n\n\n<h3 class=\"wp-block-heading\"><strong>2. Pol\u00edtica: Democracia Mestiza y Tensiones Hist\u00f3ricas<\/strong><\/h3>\n\n\n\n<p>Surinam es una <strong>rep\u00fablica presidencialista democr\u00e1tica<\/strong>, con elecciones regulares y participaci\u00f3n activa. El sistema pol\u00edtico est\u00e1 influenciado por la historia colonial neerlandesa, la migraci\u00f3n forzada, la esclavitud y la independencia en 1975.<\/p>\n\n\n\n<p>A pesar de su peque\u00f1a poblaci\u00f3n (poco m\u00e1s de 600 mil personas), <strong>la pol\u00edtica es vibrante y plural<\/strong>, pero tambi\u00e9n ha estado marcada por etapas de inestabilidad, como la dictadura militar de los a\u00f1os 80 bajo D\u00e9si Bouterse.<\/p>\n\n\n\n<p>Hoy, el pa\u00eds busca estabilidad econ\u00f3mica y modernizaci\u00f3n institucional, enfrentando desaf\u00edos de corrupci\u00f3n, desigualdad y crisis fiscal.<\/p>\n\n\n\n<h3 class=\"wp-block-heading\"><strong>3. Econom\u00eda: Dependencia de Recursos y Reinvenci\u00f3n Necesaria<\/strong><\/h3>\n\n\n\n<p>La econom\u00eda de Surinam se basa principalmente en:<\/p>\n\n\n\n<ul class=\"wp-block-list\"><li class=\"\"><strong>Miner\u00eda<\/strong> (bauxita, oro, petr\u00f3leo)<\/li><li class=\"\"><strong>Exportaci\u00f3n de madera tropical<\/strong><\/li><li class=\"\"><strong>Agricultura (arroz, bananas)<\/strong><\/li><li class=\"\"><strong>Pesca<\/strong><\/li><li class=\"\"><strong>Ayuda internacional (de Pa\u00edses Bajos y organismos multilaterales)<\/strong><\/li><\/ul>\n\n\n\n<p>Es un pa\u00eds rico en recursos, pero vulnerable por la <strong>dependencia de materias primas y la falta de diversificaci\u00f3n<\/strong>. Hay una juventud preparada que busca alternativas sostenibles, especialmente en turismo ecol\u00f3gico, tecnolog\u00eda y energ\u00edas limpias.<\/p>\n\n\n\n<h3 class=\"wp-block-heading\"><strong>4. Gastronom\u00eda: Fusi\u00f3n Sabrosa de Medio Mundo<\/strong><\/h3>\n\n\n\n<p>La cocina surinamesa refleja su gente: es una fusi\u00f3n mestiza en el mejor sentido.<\/p>\n\n\n\n<p>Platos t\u00edpicos:<\/p>\n\n\n\n<ul class=\"wp-block-list\"><li class=\"\"><strong>Roti:<\/strong> Pan plano indio con curry de papa, pollo o garbanzos.<\/li><li class=\"\"><strong>Pom:<\/strong> Cazuela de yuca con pollo, receta criolla tradicional.<\/li><li class=\"\"><strong>Saoto soep:<\/strong> Sopa javanesa con pollo, huevo, brotes y arroz.<\/li><li class=\"\"><strong>Bami y nasi goreng:<\/strong> De influencia indonesia.<\/li><li class=\"\"><strong>Peperpot:<\/strong> Estofado afrodescendiente de carne con cassareep (extracto de yuca amarga).<\/li><\/ul>\n\n\n\n<p>Las combinaciones son infinitas: arroz indio con salsa javanesa, pan hind\u00fa con relleno criollo, y frutas tropicales como acompa\u00f1amiento. Comer en Surinam <strong>es probar cinco cocinas en una sola comida<\/strong>.<\/p>\n\n\n\n<h3 class=\"wp-block-heading\"><strong>5. Publicidad y Medios: Lengua Criolla, Unidad y Color Local<\/strong><\/h3>\n\n\n\n<p>La publicidad surinamesa es cercana, simple y enfocada en la <strong>identidad nacional diversa<\/strong>. Se usa el sranan tongo como forma de conectar emocionalmente con el p\u00fablico, incluso en anuncios oficiales.<\/p>\n\n\n\n<p>Las campa\u00f1as suelen promover:<\/p>\n\n\n\n<ul class=\"wp-block-list\"><li class=\"\"><strong>Unidad cultural<\/strong><\/li><li class=\"\"><strong>Educaci\u00f3n y prevenci\u00f3n de enfermedades<\/strong><\/li><li class=\"\"><strong>Apoyo a negocios locales<\/strong><\/li><li class=\"\"><strong>Valores comunitarios<\/strong><\/li><\/ul>\n\n\n\n<p>Los medios digitales est\u00e1n en auge: radios online, influencers locales, comediantes multiculturales y canales de TikTok que celebran el \u00abser surinam\u00e9s\u00bb con humor y orgullo tranquilo.<\/p>\n\n\n\n<h3 class=\"wp-block-heading\"><strong>6. Conclusi\u00f3n<\/strong><\/h3>\n\n\n\n<p>Surinam es una naci\u00f3n donde el mestizaje no fue una utop\u00eda ni una imposici\u00f3n, sino una forma de vivir que <strong>sobrevive en cada plato, cada idioma y cada celebraci\u00f3n compartida<\/strong>.<\/p>\n\n\n\n<p>Su idiosincrasia es una invitaci\u00f3n a comprender que la diversidad no necesita ser teorizada cuando se practica todos los d\u00edas. Es un pa\u00eds peque\u00f1o, pero con una <strong>riqueza humana que lo hace grande, fuerte y profundamente aut\u00e9ntico<\/strong>.<\/p>\n\n\n\n<p><strong>Fuente: Sebastian Palacin Newell.<\/strong><\/p>\n","protected":false},"excerpt":{"rendered":"<p>(Aeronoticias): Surinam es un pa\u00eds donde se habla neerland\u00e9s en la selva tropical, donde el hinduismo, el islam y el cristianismo celebran uno al lado del otro, y donde la diversidad no es un desaf\u00edo, sino un hecho de la vida. Su idiosincrasia est\u00e1 marcada por la convivencia inter\u00e9tnica, la herencia colonial peculiar y una [&hellip;]<\/p>\n","protected":false},"author":3,"featured_media":94190,"comment_status":"open","ping_status":"open","sticky":false,"template":"","format":"standard","meta":{"tdm_status":"","tdm_grid_status":"","footnotes":""},"categories":[26,34,9],"tags":[],"class_list":{"0":"post-94189","1":"post","2":"type-post","3":"status-publish","4":"format-standard","5":"has-post-thumbnail","7":"category-cultural","8":"category-internacionales","9":"category-turismo"},"yoast_head":"<!-- This site is optimized with the Yoast SEO plugin v25.1 - https:\/\/yoast.com\/wordpress\/plugins\/seo\/ -->\n<title>Por Sebastian Palacin Newell - Idiosincrasia de Surinam: Mezcla \u00c9tnica Viva, Tolerancia Cotidiana y Orgullo Silencioso<\/title>\n<meta name=\"description\" content=\"(Aeronoticias): Surinam es un pa\u00eds donde se habla neerland\u00e9s en la selva tropical, donde el hinduismo, el islam y el cristianismo celebran uno al lado del otro, y donde la diversidad no es un desaf\u00edo, sino un hecho de la vida. Su idiosincrasia est\u00e1 marcada por la convivencia inter\u00e9tnica, la herencia colonial peculiar y una calma caribe\u00f1a impregnada de selva amaz\u00f3nica.\" \/>\n<meta name=\"robots\" content=\"index, follow, max-snippet:-1, max-image-preview:large, max-video-preview:-1\" \/>\n<link rel=\"canonical\" href=\"https:\/\/aeronoticias.com.pe\/noticiero\/internacionales\/por-sebastian-palacin-newell-idiosincrasia-de-surinam-mezcla-etnica-viva-tolerancia-cotidiana-y-orgullo-silencioso\/\" \/>\n<meta property=\"og:locale\" content=\"es_ES\" \/>\n<meta property=\"og:type\" content=\"article\" \/>\n<meta property=\"og:title\" content=\"Por Sebastian Palacin Newell - Idiosincrasia de Surinam: Mezcla \u00c9tnica Viva, Tolerancia Cotidiana y Orgullo Silencioso\" \/>\n<meta property=\"og:description\" content=\"(Aeronoticias): Surinam es un pa\u00eds donde se habla neerland\u00e9s en la selva tropical, donde el hinduismo, el islam y el cristianismo celebran uno al lado del otro, y donde la diversidad no es un desaf\u00edo, sino un hecho de la vida. Su idiosincrasia est\u00e1 marcada por la convivencia inter\u00e9tnica, la herencia colonial peculiar y una calma caribe\u00f1a impregnada de selva amaz\u00f3nica.\" \/>\n<meta property=\"og:url\" content=\"https:\/\/aeronoticias.com.pe\/noticiero\/internacionales\/por-sebastian-palacin-newell-idiosincrasia-de-surinam-mezcla-etnica-viva-tolerancia-cotidiana-y-orgullo-silencioso\/\" \/>\n<meta property=\"og:site_name\" content=\"Aeronoticias.com.pe\" \/>\n<meta property=\"article:publisher\" content=\"https:\/\/www.facebook.com\/Aeronoticias.com.pe\/\" \/>\n<meta property=\"article:published_time\" content=\"2025-05-02T17:42:54+00:00\" \/>\n<meta property=\"article:modified_time\" content=\"2025-05-02T17:43:02+00:00\" \/>\n<meta property=\"og:image\" content=\"https:\/\/aeronoticias.com.pe\/noticiero\/wp-content\/uploads\/2025\/05\/surinam.jpg\" \/>\n\t<meta property=\"og:image:width\" content=\"474\" \/>\n\t<meta property=\"og:image:height\" content=\"315\" \/>\n\t<meta property=\"og:image:type\" content=\"image\/jpeg\" \/>\n<meta name=\"author\" content=\"Redacci\u00f3n\" \/>\n<meta name=\"twitter:card\" content=\"summary_large_image\" \/>\n<meta name=\"twitter:creator\" content=\"@aeronoticias\" \/>\n<meta name=\"twitter:site\" content=\"@aeronoticias\" \/>\n<meta name=\"twitter:label1\" content=\"Escrito por\" \/>\n\t<meta name=\"twitter:data1\" content=\"Redacci\u00f3n\" \/>\n\t<meta name=\"twitter:label2\" content=\"Tiempo de lectura\" \/>\n\t<meta name=\"twitter:data2\" content=\"3 minutos\" \/>\n<script type=\"application\/ld+json\" class=\"yoast-schema-graph\">{\"@context\":\"https:\/\/schema.org\",\"@graph\":[{\"@type\":\"WebPage\",\"@id\":\"https:\/\/aeronoticias.com.pe\/noticiero\/internacionales\/por-sebastian-palacin-newell-idiosincrasia-de-surinam-mezcla-etnica-viva-tolerancia-cotidiana-y-orgullo-silencioso\/\",\"url\":\"https:\/\/aeronoticias.com.pe\/noticiero\/internacionales\/por-sebastian-palacin-newell-idiosincrasia-de-surinam-mezcla-etnica-viva-tolerancia-cotidiana-y-orgullo-silencioso\/\",\"name\":\"Por Sebastian Palacin Newell - Idiosincrasia de Surinam: Mezcla \u00c9tnica Viva, Tolerancia Cotidiana y Orgullo Silencioso\",\"isPartOf\":{\"@id\":\"https:\/\/aeronoticias.com.pe\/noticiero\/#website\"},\"primaryImageOfPage\":{\"@id\":\"https:\/\/aeronoticias.com.pe\/noticiero\/internacionales\/por-sebastian-palacin-newell-idiosincrasia-de-surinam-mezcla-etnica-viva-tolerancia-cotidiana-y-orgullo-silencioso\/#primaryimage\"},\"image\":{\"@id\":\"https:\/\/aeronoticias.com.pe\/noticiero\/internacionales\/por-sebastian-palacin-newell-idiosincrasia-de-surinam-mezcla-etnica-viva-tolerancia-cotidiana-y-orgullo-silencioso\/#primaryimage\"},\"thumbnailUrl\":\"https:\/\/aeronoticias.com.pe\/noticiero\/wp-content\/uploads\/2025\/05\/surinam.jpg\",\"datePublished\":\"2025-05-02T17:42:54+00:00\",\"dateModified\":\"2025-05-02T17:43:02+00:00\",\"author\":{\"@id\":\"https:\/\/aeronoticias.com.pe\/noticiero\/#\/schema\/person\/16212a617c73f78916b13194154243bd\"},\"description\":\"(Aeronoticias): Surinam es un pa\u00eds donde se habla neerland\u00e9s en la selva tropical, donde el hinduismo, el islam y el cristianismo celebran uno al lado del otro, y donde la diversidad no es un desaf\u00edo, sino un hecho de la vida. Su idiosincrasia est\u00e1 marcada por la convivencia inter\u00e9tnica, la herencia colonial peculiar y una calma caribe\u00f1a impregnada de selva amaz\u00f3nica.\",\"breadcrumb\":{\"@id\":\"https:\/\/aeronoticias.com.pe\/noticiero\/internacionales\/por-sebastian-palacin-newell-idiosincrasia-de-surinam-mezcla-etnica-viva-tolerancia-cotidiana-y-orgullo-silencioso\/#breadcrumb\"},\"inLanguage\":\"es\",\"potentialAction\":[{\"@type\":\"ReadAction\",\"target\":[\"https:\/\/aeronoticias.com.pe\/noticiero\/internacionales\/por-sebastian-palacin-newell-idiosincrasia-de-surinam-mezcla-etnica-viva-tolerancia-cotidiana-y-orgullo-silencioso\/\"]}]},{\"@type\":\"ImageObject\",\"inLanguage\":\"es\",\"@id\":\"https:\/\/aeronoticias.com.pe\/noticiero\/internacionales\/por-sebastian-palacin-newell-idiosincrasia-de-surinam-mezcla-etnica-viva-tolerancia-cotidiana-y-orgullo-silencioso\/#primaryimage\",\"url\":\"https:\/\/aeronoticias.com.pe\/noticiero\/wp-content\/uploads\/2025\/05\/surinam.jpg\",\"contentUrl\":\"https:\/\/aeronoticias.com.pe\/noticiero\/wp-content\/uploads\/2025\/05\/surinam.jpg\",\"width\":474,\"height\":315},{\"@type\":\"BreadcrumbList\",\"@id\":\"https:\/\/aeronoticias.com.pe\/noticiero\/internacionales\/por-sebastian-palacin-newell-idiosincrasia-de-surinam-mezcla-etnica-viva-tolerancia-cotidiana-y-orgullo-silencioso\/#breadcrumb\",\"itemListElement\":[{\"@type\":\"ListItem\",\"position\":1,\"name\":\"Portada\",\"item\":\"https:\/\/aeronoticias.com.pe\/noticiero\/\"},{\"@type\":\"ListItem\",\"position\":2,\"name\":\"Por Sebastian Palacin Newell &#8211; Idiosincrasia de Surinam: Mezcla \u00c9tnica Viva, Tolerancia Cotidiana y Orgullo Silencioso\"}]},{\"@type\":\"WebSite\",\"@id\":\"https:\/\/aeronoticias.com.pe\/noticiero\/#website\",\"url\":\"https:\/\/aeronoticias.com.pe\/noticiero\/\",\"name\":\"Aeronoticias.com.pe\",\"description\":\"Noticias de tranporte aereo, turismo, hoteles, gastronomia, actualidad, internacional\",\"potentialAction\":[{\"@type\":\"SearchAction\",\"target\":{\"@type\":\"EntryPoint\",\"urlTemplate\":\"https:\/\/aeronoticias.com.pe\/noticiero\/?s={search_term_string}\"},\"query-input\":{\"@type\":\"PropertyValueSpecification\",\"valueRequired\":true,\"valueName\":\"search_term_string\"}}],\"inLanguage\":\"es\"},{\"@type\":\"Person\",\"@id\":\"https:\/\/aeronoticias.com.pe\/noticiero\/#\/schema\/person\/16212a617c73f78916b13194154243bd\",\"name\":\"Redacci\u00f3n\",\"sameAs\":[\"http:\/\/Redacci\u00f3n\"],\"url\":\"https:\/\/aeronoticias.com.pe\/noticiero\/author\/celeste\/\"}]}<\/script>\n<!-- \/ Yoast SEO plugin. -->","yoast_head_json":{"title":"Por Sebastian Palacin Newell - Idiosincrasia de Surinam: Mezcla \u00c9tnica Viva, Tolerancia Cotidiana y Orgullo Silencioso","description":"(Aeronoticias): Surinam es un pa\u00eds donde se habla neerland\u00e9s en la selva tropical, donde el hinduismo, el islam y el cristianismo celebran uno al lado del otro, y donde la diversidad no es un desaf\u00edo, sino un hecho de la vida. Su idiosincrasia est\u00e1 marcada por la convivencia inter\u00e9tnica, la herencia colonial peculiar y una calma caribe\u00f1a impregnada de selva amaz\u00f3nica.","robots":{"index":"index","follow":"follow","max-snippet":"max-snippet:-1","max-image-preview":"max-image-preview:large","max-video-preview":"max-video-preview:-1"},"canonical":"https:\/\/aeronoticias.com.pe\/noticiero\/internacionales\/por-sebastian-palacin-newell-idiosincrasia-de-surinam-mezcla-etnica-viva-tolerancia-cotidiana-y-orgullo-silencioso\/","og_locale":"es_ES","og_type":"article","og_title":"Por Sebastian Palacin Newell - Idiosincrasia de Surinam: Mezcla \u00c9tnica Viva, Tolerancia Cotidiana y Orgullo Silencioso","og_description":"(Aeronoticias): Surinam es un pa\u00eds donde se habla neerland\u00e9s en la selva tropical, donde el hinduismo, el islam y el cristianismo celebran uno al lado del otro, y donde la diversidad no es un desaf\u00edo, sino un hecho de la vida. Su idiosincrasia est\u00e1 marcada por la convivencia inter\u00e9tnica, la herencia colonial peculiar y una calma caribe\u00f1a impregnada de selva amaz\u00f3nica.","og_url":"https:\/\/aeronoticias.com.pe\/noticiero\/internacionales\/por-sebastian-palacin-newell-idiosincrasia-de-surinam-mezcla-etnica-viva-tolerancia-cotidiana-y-orgullo-silencioso\/","og_site_name":"Aeronoticias.com.pe","article_publisher":"https:\/\/www.facebook.com\/Aeronoticias.com.pe\/","article_published_time":"2025-05-02T17:42:54+00:00","article_modified_time":"2025-05-02T17:43:02+00:00","og_image":[{"width":474,"height":315,"url":"https:\/\/aeronoticias.com.pe\/noticiero\/wp-content\/uploads\/2025\/05\/surinam.jpg","type":"image\/jpeg"}],"author":"Redacci\u00f3n","twitter_card":"summary_large_image","twitter_creator":"@aeronoticias","twitter_site":"@aeronoticias","twitter_misc":{"Escrito por":"Redacci\u00f3n","Tiempo de lectura":"3 minutos"},"schema":{"@context":"https:\/\/schema.org","@graph":[{"@type":"WebPage","@id":"https:\/\/aeronoticias.com.pe\/noticiero\/internacionales\/por-sebastian-palacin-newell-idiosincrasia-de-surinam-mezcla-etnica-viva-tolerancia-cotidiana-y-orgullo-silencioso\/","url":"https:\/\/aeronoticias.com.pe\/noticiero\/internacionales\/por-sebastian-palacin-newell-idiosincrasia-de-surinam-mezcla-etnica-viva-tolerancia-cotidiana-y-orgullo-silencioso\/","name":"Por Sebastian Palacin Newell - Idiosincrasia de Surinam: Mezcla \u00c9tnica Viva, Tolerancia Cotidiana y Orgullo Silencioso","isPartOf":{"@id":"https:\/\/aeronoticias.com.pe\/noticiero\/#website"},"primaryImageOfPage":{"@id":"https:\/\/aeronoticias.com.pe\/noticiero\/internacionales\/por-sebastian-palacin-newell-idiosincrasia-de-surinam-mezcla-etnica-viva-tolerancia-cotidiana-y-orgullo-silencioso\/#primaryimage"},"image":{"@id":"https:\/\/aeronoticias.com.pe\/noticiero\/internacionales\/por-sebastian-palacin-newell-idiosincrasia-de-surinam-mezcla-etnica-viva-tolerancia-cotidiana-y-orgullo-silencioso\/#primaryimage"},"thumbnailUrl":"https:\/\/aeronoticias.com.pe\/noticiero\/wp-content\/uploads\/2025\/05\/surinam.jpg","datePublished":"2025-05-02T17:42:54+00:00","dateModified":"2025-05-02T17:43:02+00:00","author":{"@id":"https:\/\/aeronoticias.com.pe\/noticiero\/#\/schema\/person\/16212a617c73f78916b13194154243bd"},"description":"(Aeronoticias): Surinam es un pa\u00eds donde se habla neerland\u00e9s en la selva tropical, donde el hinduismo, el islam y el cristianismo celebran uno al lado del otro, y donde la diversidad no es un desaf\u00edo, sino un hecho de la vida. Su idiosincrasia est\u00e1 marcada por la convivencia inter\u00e9tnica, la herencia colonial peculiar y una calma caribe\u00f1a impregnada de selva amaz\u00f3nica.","breadcrumb":{"@id":"https:\/\/aeronoticias.com.pe\/noticiero\/internacionales\/por-sebastian-palacin-newell-idiosincrasia-de-surinam-mezcla-etnica-viva-tolerancia-cotidiana-y-orgullo-silencioso\/#breadcrumb"},"inLanguage":"es","potentialAction":[{"@type":"ReadAction","target":["https:\/\/aeronoticias.com.pe\/noticiero\/internacionales\/por-sebastian-palacin-newell-idiosincrasia-de-surinam-mezcla-etnica-viva-tolerancia-cotidiana-y-orgullo-silencioso\/"]}]},{"@type":"ImageObject","inLanguage":"es","@id":"https:\/\/aeronoticias.com.pe\/noticiero\/internacionales\/por-sebastian-palacin-newell-idiosincrasia-de-surinam-mezcla-etnica-viva-tolerancia-cotidiana-y-orgullo-silencioso\/#primaryimage","url":"https:\/\/aeronoticias.com.pe\/noticiero\/wp-content\/uploads\/2025\/05\/surinam.jpg","contentUrl":"https:\/\/aeronoticias.com.pe\/noticiero\/wp-content\/uploads\/2025\/05\/surinam.jpg","width":474,"height":315},{"@type":"BreadcrumbList","@id":"https:\/\/aeronoticias.com.pe\/noticiero\/internacionales\/por-sebastian-palacin-newell-idiosincrasia-de-surinam-mezcla-etnica-viva-tolerancia-cotidiana-y-orgullo-silencioso\/#breadcrumb","itemListElement":[{"@type":"ListItem","position":1,"name":"Portada","item":"https:\/\/aeronoticias.com.pe\/noticiero\/"},{"@type":"ListItem","position":2,"name":"Por Sebastian Palacin Newell &#8211; Idiosincrasia de Surinam: Mezcla \u00c9tnica Viva, Tolerancia Cotidiana y Orgullo Silencioso"}]},{"@type":"WebSite","@id":"https:\/\/aeronoticias.com.pe\/noticiero\/#website","url":"https:\/\/aeronoticias.com.pe\/noticiero\/","name":"Aeronoticias.com.pe","description":"Noticias de tranporte aereo, turismo, hoteles, gastronomia, actualidad, internacional","potentialAction":[{"@type":"SearchAction","target":{"@type":"EntryPoint","urlTemplate":"https:\/\/aeronoticias.com.pe\/noticiero\/?s={search_term_string}"},"query-input":{"@type":"PropertyValueSpecification","valueRequired":true,"valueName":"search_term_string"}}],"inLanguage":"es"},{"@type":"Person","@id":"https:\/\/aeronoticias.com.pe\/noticiero\/#\/schema\/person\/16212a617c73f78916b13194154243bd","name":"Redacci\u00f3n","sameAs":["http:\/\/Redacci\u00f3n"],"url":"https:\/\/aeronoticias.com.pe\/noticiero\/author\/celeste\/"}]}},"_links":{"self":[{"href":"https:\/\/aeronoticias.com.pe\/noticiero\/wp-json\/wp\/v2\/posts\/94189","targetHints":{"allow":["GET"]}}],"collection":[{"href":"https:\/\/aeronoticias.com.pe\/noticiero\/wp-json\/wp\/v2\/posts"}],"about":[{"href":"https:\/\/aeronoticias.com.pe\/noticiero\/wp-json\/wp\/v2\/types\/post"}],"author":[{"embeddable":true,"href":"https:\/\/aeronoticias.com.pe\/noticiero\/wp-json\/wp\/v2\/users\/3"}],"replies":[{"embeddable":true,"href":"https:\/\/aeronoticias.com.pe\/noticiero\/wp-json\/wp\/v2\/comments?post=94189"}],"version-history":[{"count":0,"href":"https:\/\/aeronoticias.com.pe\/noticiero\/wp-json\/wp\/v2\/posts\/94189\/revisions"}],"wp:featuredmedia":[{"embeddable":true,"href":"https:\/\/aeronoticias.com.pe\/noticiero\/wp-json\/wp\/v2\/media\/94190"}],"wp:attachment":[{"href":"https:\/\/aeronoticias.com.pe\/noticiero\/wp-json\/wp\/v2\/media?parent=94189"}],"wp:term":[{"taxonomy":"category","embeddable":true,"href":"https:\/\/aeronoticias.com.pe\/noticiero\/wp-json\/wp\/v2\/categories?post=94189"},{"taxonomy":"post_tag","embeddable":true,"href":"https:\/\/aeronoticias.com.pe\/noticiero\/wp-json\/wp\/v2\/tags?post=94189"}],"curies":[{"name":"wp","href":"https:\/\/api.w.org\/{rel}","templated":true}]}}