{"id":949,"date":"2008-10-31T14:59:50","date_gmt":"2008-10-31T14:59:50","guid":{"rendered":"http:\/\/desarrollo.mcvicious.com\/aero2020\/2008\/10\/31\/el-5-de-la-flota-aerea-mundial-se-quedo-en-tierra-por-crisis-del-sector\/"},"modified":"2008-10-31T14:59:50","modified_gmt":"2008-10-31T14:59:50","slug":"el-5-de-la-flota-aerea-mundial-se-quedo-en-tierra-por-crisis-del-sector","status":"publish","type":"post","link":"https:\/\/aeronoticias.com.pe\/noticiero\/transporte-aereo\/internacional\/el-5-de-la-flota-aerea-mundial-se-quedo-en-tierra-por-crisis-del-sector\/","title":{"rendered":"EL 5% DE LA FLOTA AEREA MUNDIAL SE QUEDO EN TIERRA POR CRISIS DEL SECTOR"},"content":{"rendered":"<p><\/p>\n<div align=\"justify\">La crisis del sector a&eacute;reo dej&oacute; en tierra 1.083 aeronaves en el primer semestre, o lo que es lo mismo, el 5% de la flota a&eacute;rea mundial, seg&uacute;n explica la prensa brit&aacute;nica consultando los datos compilados por la consultora Ascend Aviaton Consultancy.<\/div>\n<div align=\"justify\">&nbsp;<\/p>\n<div style=\"text-align: center\"><img loading=\"lazy\" decoding=\"async\" src=\"http:\/\/aeronoticias.com.pe\/fotonoticias\/luis\/octubre\/aviones5.jpg\" alt=\" \" title=\"EL 5% DE LA FLOTA AEREA MUNDIAL SE QUEDO EN TIERRA POR CRISIS DEL SECTOR. (Foto: Luis Noguera - Aeronoticias)\" hspace=\"5\" vspace=\"5\" width=\"400\" height=\"269\" \/><\/div>\n<\/div>\n<p> <!--more--> <\/p>\n<div align=\"center\"><strong>Aerol&iacute;neas en EE.UU. han reducido en 10% su capacidad<\/strong><\/div>\n<p>&nbsp;<\/p>\n<div align=\"justify\">Cerca del 75% de estas retiradas de aviones se produjeron en Norteam&eacute;rica, donde las aerol&iacute;neas, lastradas por la acuciante crisis econ&oacute;mica, el descenso de la demanda y el encarecimiento del combustible, han reducido un 10% su capacidad.<\/p>\n<p>En una entrevista con el diario brit&aacute;nico &#39;Financial Times&#39;, el director de Ascend calcula en el 3% el recorte de capacidad de las aerol&iacute;neas europeas y en el 2% en el caso de las asi&aacute;ticas.<\/p>\n<p>El consejero delegado de la Asociaci&oacute;n Internacional del Transporte A&eacute;reo (IATA), Giovanni Bisigniani, record&oacute; esta misma semana en Estambul que el deterioro del tr&aacute;fico es alarmantemente r&aacute;pido y generalizado. &quot;No hab&iacute;amos visto un descenso en el tr&aacute;fico de pasajeros desde 2003&quot;, expres&oacute; a Europa Press.<\/p>\n<p>&quot;Incluso las buenas noticias de que el precio del petr&oacute;leo ha ca&iacute;do hasta la mitad de los picos alcanzados en julio son insuficientes para contrarrestar el impacto en la ca&iacute;da de la demanda&quot;, destac&oacute; el responsable de la asociaci&oacute;n, quien apunt&oacute; que, en este contexto, las p&eacute;rdidas de las aerol&iacute;neas podr&iacute;an superar la frontera de los 5.200 millones de d&oacute;lares (4.14 millones de euros) previstos por la IATA. <\/p><\/div>\n<p>&nbsp;<\/p>\n<div align=\"center\"><strong>Per&iacute;odo de consolidaci&oacute;n y cambios estructurales en el sector a&eacute;reo por causa de la crisis<\/strong><\/div>\n<p>&nbsp;<\/p>\n<div align=\"justify\">La crisis del sector a&eacute;reo no s&oacute;lo est&aacute; obligando a dejar los aviones en tierra, sino que tambi&eacute;n est&aacute; llevando al sector a cambios estructurales y a un profundo proceso de consolidaci&oacute;n.<\/p>\n<p>La aerol&iacute;nea m&aacute;s activa en dicho proceso es la alemana Lufthansa, que tras adquirir Brusells Airlines, compr&oacute; esta semana la brit&aacute;nica bmi y est&aacute; cerca de cerrar un trato para hacerse con la compa&ntilde;&iacute;a de bandera austriaca, Austrian Airlines (AUA).<\/p>\n<p>En Italia, Lufthansa rivaliza con Air France para la adquisici&oacute;n de una participaci&oacute;n minoritaria en Alitalia, mientras el mercado espera un acercamiento y pr&oacute;xima oferta sobre el grupo SAS, propietario de Spanair en Espa&ntilde;a.<\/div>\n<p>En Norteam&eacute;rica Delta y Norwest se fusionan y a nivel nacional, Iberia est&aacute; en pleno proceso de fusi&oacute;n con British Airways, un trato que se ha retrasado por la crisis influ&iacute;do tambi&eacute;n por el precio de las acciones y del plan de pensiones de la brit&aacute;nica.<\/p>\n","protected":false},"excerpt":{"rendered":"<p>La crisis del sector a&eacute;reo dej&oacute; en tierra 1.083 aeronaves en el primer semestre, o lo que es lo mismo, el 5% de la flota a&eacute;rea mundial, seg&uacute;n explica la prensa brit&aacute;nica consultando los datos compilados por la consultora Ascend Aviaton Consultancy. &nbsp;<\/p>\n","protected":false},"author":1,"featured_media":0,"comment_status":"open","ping_status":"open","sticky":false,"template":"","format":"standard","meta":{"tdm_status":"","tdm_grid_status":"","footnotes":""},"categories":[32],"tags":[],"class_list":{"0":"post-949","1":"post","2":"type-post","3":"status-publish","4":"format-standard","6":"category-internacional"},"yoast_head":"<!-- This site is optimized with the Yoast SEO plugin v25.1 - https:\/\/yoast.com\/wordpress\/plugins\/seo\/ -->\n<title>EL 5% DE LA FLOTA AEREA MUNDIAL SE QUEDO EN TIERRA POR CRISIS DEL SECTOR<\/title>\n<meta name=\"description\" content=\"Portal de noticias del Per\u00fa sobre el transporte a\u00e9reo, aviaci\u00f3n, turismo, hoteleria, actualidad.\" \/>\n<meta name=\"robots\" content=\"index, follow, max-snippet:-1, max-image-preview:large, max-video-preview:-1\" \/>\n<link rel=\"canonical\" href=\"https:\/\/aeronoticias.com.pe\/noticiero\/transporte-aereo\/internacional\/el-5-de-la-flota-aerea-mundial-se-quedo-en-tierra-por-crisis-del-sector\/\" \/>\n<meta property=\"og:locale\" content=\"es_ES\" \/>\n<meta property=\"og:type\" content=\"article\" \/>\n<meta property=\"og:title\" content=\"EL 5% DE LA FLOTA AEREA MUNDIAL SE QUEDO EN TIERRA POR CRISIS DEL SECTOR\" \/>\n<meta property=\"og:description\" content=\"Portal de noticias del Per\u00fa sobre el transporte a\u00e9reo, aviaci\u00f3n, turismo, hoteleria, actualidad.\" \/>\n<meta property=\"og:url\" content=\"https:\/\/aeronoticias.com.pe\/noticiero\/transporte-aereo\/internacional\/el-5-de-la-flota-aerea-mundial-se-quedo-en-tierra-por-crisis-del-sector\/\" \/>\n<meta property=\"og:site_name\" content=\"Aeronoticias.com.pe\" \/>\n<meta property=\"article:publisher\" content=\"https:\/\/www.facebook.com\/Aeronoticias.com.pe\/\" \/>\n<meta property=\"article:published_time\" content=\"2008-10-31T14:59:50+00:00\" \/>\n<meta property=\"og:image\" content=\"http:\/\/aeronoticias.com.pe\/fotonoticias\/luis\/octubre\/aviones5.jpg\" \/>\n<meta name=\"author\" content=\"Redacci\u00f3n Aeronoticias\" \/>\n<meta name=\"twitter:card\" content=\"summary_large_image\" \/>\n<meta name=\"twitter:creator\" content=\"@aeronoticias\" \/>\n<meta name=\"twitter:site\" content=\"@aeronoticias\" \/>\n<meta name=\"twitter:label1\" content=\"Escrito por\" \/>\n\t<meta name=\"twitter:data1\" content=\"Redacci\u00f3n Aeronoticias\" \/>\n\t<meta name=\"twitter:label2\" content=\"Tiempo de lectura\" \/>\n\t<meta name=\"twitter:data2\" content=\"3 minutos\" \/>\n<script type=\"application\/ld+json\" class=\"yoast-schema-graph\">{\"@context\":\"https:\/\/schema.org\",\"@graph\":[{\"@type\":\"WebPage\",\"@id\":\"https:\/\/aeronoticias.com.pe\/noticiero\/transporte-aereo\/internacional\/el-5-de-la-flota-aerea-mundial-se-quedo-en-tierra-por-crisis-del-sector\/\",\"url\":\"https:\/\/aeronoticias.com.pe\/noticiero\/transporte-aereo\/internacional\/el-5-de-la-flota-aerea-mundial-se-quedo-en-tierra-por-crisis-del-sector\/\",\"name\":\"EL 5% DE LA FLOTA AEREA MUNDIAL SE QUEDO EN TIERRA POR CRISIS DEL SECTOR\",\"isPartOf\":{\"@id\":\"https:\/\/aeronoticias.com.pe\/noticiero\/#website\"},\"primaryImageOfPage\":{\"@id\":\"https:\/\/aeronoticias.com.pe\/noticiero\/transporte-aereo\/internacional\/el-5-de-la-flota-aerea-mundial-se-quedo-en-tierra-por-crisis-del-sector\/#primaryimage\"},\"image\":{\"@id\":\"https:\/\/aeronoticias.com.pe\/noticiero\/transporte-aereo\/internacional\/el-5-de-la-flota-aerea-mundial-se-quedo-en-tierra-por-crisis-del-sector\/#primaryimage\"},\"thumbnailUrl\":\"http:\/\/aeronoticias.com.pe\/fotonoticias\/luis\/octubre\/aviones5.jpg\",\"datePublished\":\"2008-10-31T14:59:50+00:00\",\"author\":{\"@id\":\"https:\/\/aeronoticias.com.pe\/noticiero\/#\/schema\/person\/fc1e5d578f4b62ba1cf7ac2bba1170a0\"},\"description\":\"Portal de noticias del Per\u00fa sobre el transporte a\u00e9reo, aviaci\u00f3n, turismo, hoteleria, actualidad.\",\"breadcrumb\":{\"@id\":\"https:\/\/aeronoticias.com.pe\/noticiero\/transporte-aereo\/internacional\/el-5-de-la-flota-aerea-mundial-se-quedo-en-tierra-por-crisis-del-sector\/#breadcrumb\"},\"inLanguage\":\"es\",\"potentialAction\":[{\"@type\":\"ReadAction\",\"target\":[\"https:\/\/aeronoticias.com.pe\/noticiero\/transporte-aereo\/internacional\/el-5-de-la-flota-aerea-mundial-se-quedo-en-tierra-por-crisis-del-sector\/\"]}]},{\"@type\":\"ImageObject\",\"inLanguage\":\"es\",\"@id\":\"https:\/\/aeronoticias.com.pe\/noticiero\/transporte-aereo\/internacional\/el-5-de-la-flota-aerea-mundial-se-quedo-en-tierra-por-crisis-del-sector\/#primaryimage\",\"url\":\"http:\/\/aeronoticias.com.pe\/fotonoticias\/luis\/octubre\/aviones5.jpg\",\"contentUrl\":\"http:\/\/aeronoticias.com.pe\/fotonoticias\/luis\/octubre\/aviones5.jpg\"},{\"@type\":\"BreadcrumbList\",\"@id\":\"https:\/\/aeronoticias.com.pe\/noticiero\/transporte-aereo\/internacional\/el-5-de-la-flota-aerea-mundial-se-quedo-en-tierra-por-crisis-del-sector\/#breadcrumb\",\"itemListElement\":[{\"@type\":\"ListItem\",\"position\":1,\"name\":\"Portada\",\"item\":\"https:\/\/aeronoticias.com.pe\/noticiero\/\"},{\"@type\":\"ListItem\",\"position\":2,\"name\":\"EL 5% DE LA FLOTA AEREA MUNDIAL SE QUEDO EN TIERRA POR CRISIS DEL SECTOR\"}]},{\"@type\":\"WebSite\",\"@id\":\"https:\/\/aeronoticias.com.pe\/noticiero\/#website\",\"url\":\"https:\/\/aeronoticias.com.pe\/noticiero\/\",\"name\":\"Aeronoticias.com.pe\",\"description\":\"Noticias de tranporte aereo, turismo, hoteles, gastronomia, actualidad, internacional\",\"potentialAction\":[{\"@type\":\"SearchAction\",\"target\":{\"@type\":\"EntryPoint\",\"urlTemplate\":\"https:\/\/aeronoticias.com.pe\/noticiero\/?s={search_term_string}\"},\"query-input\":{\"@type\":\"PropertyValueSpecification\",\"valueRequired\":true,\"valueName\":\"search_term_string\"}}],\"inLanguage\":\"es\"},{\"@type\":\"Person\",\"@id\":\"https:\/\/aeronoticias.com.pe\/noticiero\/#\/schema\/person\/fc1e5d578f4b62ba1cf7ac2bba1170a0\",\"name\":\"Redacci\u00f3n Aeronoticias\",\"url\":\"https:\/\/aeronoticias.com.pe\/noticiero\/author\/piloto\/\"}]}<\/script>\n<!-- \/ Yoast SEO plugin. -->","yoast_head_json":{"title":"EL 5% DE LA FLOTA AEREA MUNDIAL SE QUEDO EN TIERRA POR CRISIS DEL SECTOR","description":"Portal de noticias del Per\u00fa sobre el transporte a\u00e9reo, aviaci\u00f3n, turismo, hoteleria, actualidad.","robots":{"index":"index","follow":"follow","max-snippet":"max-snippet:-1","max-image-preview":"max-image-preview:large","max-video-preview":"max-video-preview:-1"},"canonical":"https:\/\/aeronoticias.com.pe\/noticiero\/transporte-aereo\/internacional\/el-5-de-la-flota-aerea-mundial-se-quedo-en-tierra-por-crisis-del-sector\/","og_locale":"es_ES","og_type":"article","og_title":"EL 5% DE LA FLOTA AEREA MUNDIAL SE QUEDO EN TIERRA POR CRISIS DEL SECTOR","og_description":"Portal de noticias del Per\u00fa sobre el transporte a\u00e9reo, aviaci\u00f3n, turismo, hoteleria, actualidad.","og_url":"https:\/\/aeronoticias.com.pe\/noticiero\/transporte-aereo\/internacional\/el-5-de-la-flota-aerea-mundial-se-quedo-en-tierra-por-crisis-del-sector\/","og_site_name":"Aeronoticias.com.pe","article_publisher":"https:\/\/www.facebook.com\/Aeronoticias.com.pe\/","article_published_time":"2008-10-31T14:59:50+00:00","og_image":[{"url":"http:\/\/aeronoticias.com.pe\/fotonoticias\/luis\/octubre\/aviones5.jpg","type":"","width":"","height":""}],"author":"Redacci\u00f3n Aeronoticias","twitter_card":"summary_large_image","twitter_creator":"@aeronoticias","twitter_site":"@aeronoticias","twitter_misc":{"Escrito por":"Redacci\u00f3n Aeronoticias","Tiempo de lectura":"3 minutos"},"schema":{"@context":"https:\/\/schema.org","@graph":[{"@type":"WebPage","@id":"https:\/\/aeronoticias.com.pe\/noticiero\/transporte-aereo\/internacional\/el-5-de-la-flota-aerea-mundial-se-quedo-en-tierra-por-crisis-del-sector\/","url":"https:\/\/aeronoticias.com.pe\/noticiero\/transporte-aereo\/internacional\/el-5-de-la-flota-aerea-mundial-se-quedo-en-tierra-por-crisis-del-sector\/","name":"EL 5% DE LA FLOTA AEREA MUNDIAL SE QUEDO EN TIERRA POR CRISIS DEL SECTOR","isPartOf":{"@id":"https:\/\/aeronoticias.com.pe\/noticiero\/#website"},"primaryImageOfPage":{"@id":"https:\/\/aeronoticias.com.pe\/noticiero\/transporte-aereo\/internacional\/el-5-de-la-flota-aerea-mundial-se-quedo-en-tierra-por-crisis-del-sector\/#primaryimage"},"image":{"@id":"https:\/\/aeronoticias.com.pe\/noticiero\/transporte-aereo\/internacional\/el-5-de-la-flota-aerea-mundial-se-quedo-en-tierra-por-crisis-del-sector\/#primaryimage"},"thumbnailUrl":"http:\/\/aeronoticias.com.pe\/fotonoticias\/luis\/octubre\/aviones5.jpg","datePublished":"2008-10-31T14:59:50+00:00","author":{"@id":"https:\/\/aeronoticias.com.pe\/noticiero\/#\/schema\/person\/fc1e5d578f4b62ba1cf7ac2bba1170a0"},"description":"Portal de noticias del Per\u00fa sobre el transporte a\u00e9reo, aviaci\u00f3n, turismo, hoteleria, actualidad.","breadcrumb":{"@id":"https:\/\/aeronoticias.com.pe\/noticiero\/transporte-aereo\/internacional\/el-5-de-la-flota-aerea-mundial-se-quedo-en-tierra-por-crisis-del-sector\/#breadcrumb"},"inLanguage":"es","potentialAction":[{"@type":"ReadAction","target":["https:\/\/aeronoticias.com.pe\/noticiero\/transporte-aereo\/internacional\/el-5-de-la-flota-aerea-mundial-se-quedo-en-tierra-por-crisis-del-sector\/"]}]},{"@type":"ImageObject","inLanguage":"es","@id":"https:\/\/aeronoticias.com.pe\/noticiero\/transporte-aereo\/internacional\/el-5-de-la-flota-aerea-mundial-se-quedo-en-tierra-por-crisis-del-sector\/#primaryimage","url":"http:\/\/aeronoticias.com.pe\/fotonoticias\/luis\/octubre\/aviones5.jpg","contentUrl":"http:\/\/aeronoticias.com.pe\/fotonoticias\/luis\/octubre\/aviones5.jpg"},{"@type":"BreadcrumbList","@id":"https:\/\/aeronoticias.com.pe\/noticiero\/transporte-aereo\/internacional\/el-5-de-la-flota-aerea-mundial-se-quedo-en-tierra-por-crisis-del-sector\/#breadcrumb","itemListElement":[{"@type":"ListItem","position":1,"name":"Portada","item":"https:\/\/aeronoticias.com.pe\/noticiero\/"},{"@type":"ListItem","position":2,"name":"EL 5% DE LA FLOTA AEREA MUNDIAL SE QUEDO EN TIERRA POR CRISIS DEL SECTOR"}]},{"@type":"WebSite","@id":"https:\/\/aeronoticias.com.pe\/noticiero\/#website","url":"https:\/\/aeronoticias.com.pe\/noticiero\/","name":"Aeronoticias.com.pe","description":"Noticias de tranporte aereo, turismo, hoteles, gastronomia, actualidad, internacional","potentialAction":[{"@type":"SearchAction","target":{"@type":"EntryPoint","urlTemplate":"https:\/\/aeronoticias.com.pe\/noticiero\/?s={search_term_string}"},"query-input":{"@type":"PropertyValueSpecification","valueRequired":true,"valueName":"search_term_string"}}],"inLanguage":"es"},{"@type":"Person","@id":"https:\/\/aeronoticias.com.pe\/noticiero\/#\/schema\/person\/fc1e5d578f4b62ba1cf7ac2bba1170a0","name":"Redacci\u00f3n Aeronoticias","url":"https:\/\/aeronoticias.com.pe\/noticiero\/author\/piloto\/"}]}},"_links":{"self":[{"href":"https:\/\/aeronoticias.com.pe\/noticiero\/wp-json\/wp\/v2\/posts\/949","targetHints":{"allow":["GET"]}}],"collection":[{"href":"https:\/\/aeronoticias.com.pe\/noticiero\/wp-json\/wp\/v2\/posts"}],"about":[{"href":"https:\/\/aeronoticias.com.pe\/noticiero\/wp-json\/wp\/v2\/types\/post"}],"author":[{"embeddable":true,"href":"https:\/\/aeronoticias.com.pe\/noticiero\/wp-json\/wp\/v2\/users\/1"}],"replies":[{"embeddable":true,"href":"https:\/\/aeronoticias.com.pe\/noticiero\/wp-json\/wp\/v2\/comments?post=949"}],"version-history":[{"count":0,"href":"https:\/\/aeronoticias.com.pe\/noticiero\/wp-json\/wp\/v2\/posts\/949\/revisions"}],"wp:attachment":[{"href":"https:\/\/aeronoticias.com.pe\/noticiero\/wp-json\/wp\/v2\/media?parent=949"}],"wp:term":[{"taxonomy":"category","embeddable":true,"href":"https:\/\/aeronoticias.com.pe\/noticiero\/wp-json\/wp\/v2\/categories?post=949"},{"taxonomy":"post_tag","embeddable":true,"href":"https:\/\/aeronoticias.com.pe\/noticiero\/wp-json\/wp\/v2\/tags?post=949"}],"curies":[{"name":"wp","href":"https:\/\/api.w.org\/{rel}","templated":true}]}}