{"id":952,"date":"2008-10-31T18:54:10","date_gmt":"2008-10-31T18:54:10","guid":{"rendered":"http:\/\/desarrollo.mcvicious.com\/aero2020\/2008\/10\/31\/ii-feria-de-turismo-gastronomia-a-entretenimiento-de-ccl-espera-recibir-a-50-mil-personas\/"},"modified":"2008-10-31T18:54:10","modified_gmt":"2008-10-31T18:54:10","slug":"ii-feria-de-turismo-gastronomia-a-entretenimiento-de-ccl-espera-recibir-a-50-mil-personas","status":"publish","type":"post","link":"https:\/\/aeronoticias.com.pe\/noticiero\/ultimas\/1\/ii-feria-de-turismo-gastronomia-a-entretenimiento-de-ccl-espera-recibir-a-50-mil-personas\/","title":{"rendered":"II FERIA DE TURISMO, GASTRONOMIA &#038; ENTRETENIMIENTO DE CCL ESPERA RECIBIR A 50 MIL PERSONAS"},"content":{"rendered":"<p><\/p>\n<div align=\"justify\">M&aacute;s de 50 mil visitas espera recibir la Segunda Feria de Turismo, Gastronom&iacute;a y Entretenimiento de la C&aacute;mara de Comercio de Lima, que se desarrollar&aacute; hasta ma&ntilde;ana&nbsp; en el Parque Los Pr&oacute;ceres de la Independencia, ubicado en la cuadra 15 de la avenida Salaverry, Jes&uacute;s Mar&iacute;a (frente al C&iacute;rculo Militar).<\/div>\n<div align=\"justify\">&nbsp;<\/p>\n<div style=\"text-align: center\"><img loading=\"lazy\" decoding=\"async\" src=\"http:\/\/aeronoticias.com.pe\/fotonoticias\/luis\/octubre\/feria31.JPG\" alt=\" \" title=\"II FERIA DE TURISMO, GASTRONOMIA &amp; ENTRETENIMIENTO DE CCL ESPERA RECIBIR A 50 MIL PERSONAS. (Foto: CCL)\" hspace=\"5\" vspace=\"5\" width=\"400\" height=\"267\" \/><\/div>\n<\/div>\n<p> <!--more--> <\/p>\n<div align=\"center\"><strong>Promover la oferta tur&iacute;stica, gastron&oacute;mica y de entretenimiento<\/strong><\/div>\n<p>&nbsp;<\/p>\n<div align=\"justify\">Con este certamen, la C&aacute;mara de Comercio de Lima busca promover la oferta tur&iacute;stica, gastron&oacute;mica y de entretenimiento. Durante los tres d&iacute;as, m&aacute;s de 200 empresas de dichos sectores ofrecer&aacute;n sus productos y servicios.<\/div>\n<p align=\"justify\">&nbsp;<\/p>\n<p align=\"justify\">En la ceremonia de inauguraci&oacute;n participaron Pablo L&oacute;pez de Roma&ntilde;a, viceministro de Turismo; Antonio Brack Egg, ministro de Ambiente; David Waisman, presidente de la Comisi&oacute;n de Comercio Exterior y Turismo del Congreso; el ingeniero Peter Anders Moores, presidente de la C&aacute;mara de Comercio de Lima; y Enrique Ocrospoma, alcalde del distrito de Jes&uacute;s Mar&iacute;a.<\/p>\n<p>&nbsp;<\/p>\n<p align=\"center\"><strong>Nutrido programa<\/strong><\/p>\n<p align=\"justify\">&nbsp;<\/p>\n<p align=\"justify\">En los tres d&iacute;as de actividad se realizar&aacute;n conferencias magistrales con expositores reconocidos en el &aacute;mbito nacional e internacional, adem&aacute;s de seminarios, charlas y talleres especializados en el tema tur&iacute;stico, gastron&oacute;mico y de entretenimiento.<\/p>\n<p align=\"justify\">El primer d&iacute;a la feria se dedicar&aacute; al entretenimiento. El segundo d&iacute;a se dedicar&aacute; al turismo y el tercer d&iacute;a a la gastronom&iacute;a.<\/p>\n<p>&nbsp;<\/p>\n<p align=\"center\"><strong>Festejo criollo<\/strong><\/p>\n<p>&nbsp;<\/p>\n<p align=\"justify\">En el marco de celebraci&oacute;n por el D&iacute;a de la Canci&oacute;n Criolla, la CCL entregar&aacute; la Orden de la C&aacute;mara de Comercio de Lima en Grado de Gran Oficial a la recordada Chabuca Granda, y que ser&aacute; recibido por su hija Teresa Fuller.<br \/>&nbsp;<\/p>\n<p align=\"justify\">Natural de Cotabambas, Apurimac, donde naci&oacute; a 4,800 metros de altura, Maria Isabel Granda Larco, m&aacute;s conocida como &quot;Chabuca Granda&quot;, sol&iacute;a repetir con orgullo: <\/p>\n<p align=\"justify\">&nbsp;<\/p>\n<p align=\"justify\">&quot;Nac&iacute; entre vetas de oro, amor y sacrificio. Soy pues hermana soberbia y orgullosa de los c&oacute;ndores&nbsp; Nac&iacute; tan alto, que sol&iacute;a lavarme la cara con las estrellas&quot;.<br \/>&nbsp;<\/p>\n<p align=\"justify\">A esa gran mujer de fina inspiraci&oacute;n que se enamor&oacute; de Lima y compuso lo mejor del repertorio criollo, sin olvidar el rico folclor de los Andes, la C&aacute;mara de Comercio de Lima&nbsp; le rinde hoy homenaje, a 25 a&ntilde;os de su muerte.<br \/>&nbsp;<\/p>\n<p align=\"justify\">En la ceremonia participar&aacute;n Elsa Mar&iacute;a Elejalde, Rub&eacute;n y Sebasti&aacute;n Fl&oacute;rez,&nbsp; la orquesta de Mauro Silva, Rosaluz, conjuntos criollos, coros infantiles y grupos de baile.<\/p>\n<p>&nbsp;<\/p>\n<p align=\"center\"><strong>Concursos<\/strong><\/p>\n<p align=\"justify\">&nbsp;<\/p>\n<p align=\"justify\">Del mismo modo, se desarrollar&aacute;n concursos gastron&oacute;micos y degustaciones. Tambi&eacute;n se llevar&aacute; a cabo un concurso de cocteles en base a pisco peruano y de bartender, as&iacute; como catas de vino y pisco. <br \/>&nbsp;<\/p>\n<div align=\"justify\">Asimismo, un concurso de pintura permitir&aacute; la participaci&oacute;n de diferentes colegios a nivel nacional.<\/div>\n<p>&nbsp;<\/p>\n","protected":false},"excerpt":{"rendered":"<p>M&aacute;s de 50 mil visitas espera recibir la Segunda Feria de Turismo, Gastronom&iacute;a y Entretenimiento de la C&aacute;mara de Comercio de Lima, que se desarrollar&aacute; hasta ma&ntilde;ana&nbsp; en el Parque Los Pr&oacute;ceres de la Independencia, ubicado en la cuadra 15 de la avenida Salaverry, Jes&uacute;s Mar&iacute;a (frente al C&iacute;rculo Militar). &nbsp;<\/p>\n","protected":false},"author":1,"featured_media":0,"comment_status":"open","ping_status":"open","sticky":false,"template":"","format":"standard","meta":{"tdm_status":"","tdm_grid_status":"","footnotes":""},"categories":[30],"tags":[],"class_list":{"0":"post-952","1":"post","2":"type-post","3":"status-publish","4":"format-standard","6":"category-30"},"yoast_head":"<!-- This site is optimized with the Yoast SEO plugin v25.1 - https:\/\/yoast.com\/wordpress\/plugins\/seo\/ -->\n<title>II FERIA DE TURISMO, GASTRONOMIA &amp; ENTRETENIMIENTO DE CCL ESPERA RECIBIR A 50 MIL PERSONAS<\/title>\n<meta name=\"description\" content=\"Portal de noticias del Per\u00fa sobre el transporte a\u00e9reo, aviaci\u00f3n, turismo, hoteleria, actualidad.\" \/>\n<meta name=\"robots\" content=\"index, follow, max-snippet:-1, max-image-preview:large, max-video-preview:-1\" \/>\n<link rel=\"canonical\" href=\"https:\/\/aeronoticias.com.pe\/noticiero\/ultimas\/1\/ii-feria-de-turismo-gastronomia-a-entretenimiento-de-ccl-espera-recibir-a-50-mil-personas\/\" \/>\n<meta property=\"og:locale\" content=\"es_ES\" \/>\n<meta property=\"og:type\" content=\"article\" \/>\n<meta property=\"og:title\" content=\"II FERIA DE TURISMO, GASTRONOMIA &amp; ENTRETENIMIENTO DE CCL ESPERA RECIBIR A 50 MIL PERSONAS\" \/>\n<meta property=\"og:description\" content=\"Portal de noticias del Per\u00fa sobre el transporte a\u00e9reo, aviaci\u00f3n, turismo, hoteleria, actualidad.\" \/>\n<meta property=\"og:url\" content=\"https:\/\/aeronoticias.com.pe\/noticiero\/ultimas\/1\/ii-feria-de-turismo-gastronomia-a-entretenimiento-de-ccl-espera-recibir-a-50-mil-personas\/\" \/>\n<meta property=\"og:site_name\" content=\"Aeronoticias.com.pe\" \/>\n<meta property=\"article:publisher\" content=\"https:\/\/www.facebook.com\/Aeronoticias.com.pe\/\" \/>\n<meta property=\"article:published_time\" content=\"2008-10-31T18:54:10+00:00\" \/>\n<meta property=\"og:image\" content=\"http:\/\/aeronoticias.com.pe\/fotonoticias\/luis\/octubre\/feria31.JPG\" \/>\n<meta name=\"author\" content=\"Redacci\u00f3n Aeronoticias\" \/>\n<meta name=\"twitter:card\" content=\"summary_large_image\" \/>\n<meta name=\"twitter:creator\" content=\"@aeronoticias\" \/>\n<meta name=\"twitter:site\" content=\"@aeronoticias\" \/>\n<meta name=\"twitter:label1\" content=\"Escrito por\" \/>\n\t<meta name=\"twitter:data1\" content=\"Redacci\u00f3n Aeronoticias\" \/>\n\t<meta name=\"twitter:label2\" content=\"Tiempo de lectura\" \/>\n\t<meta name=\"twitter:data2\" content=\"3 minutos\" \/>\n<script type=\"application\/ld+json\" class=\"yoast-schema-graph\">{\"@context\":\"https:\/\/schema.org\",\"@graph\":[{\"@type\":\"WebPage\",\"@id\":\"https:\/\/aeronoticias.com.pe\/noticiero\/ultimas\/1\/ii-feria-de-turismo-gastronomia-a-entretenimiento-de-ccl-espera-recibir-a-50-mil-personas\/\",\"url\":\"https:\/\/aeronoticias.com.pe\/noticiero\/ultimas\/1\/ii-feria-de-turismo-gastronomia-a-entretenimiento-de-ccl-espera-recibir-a-50-mil-personas\/\",\"name\":\"II FERIA DE TURISMO, GASTRONOMIA & ENTRETENIMIENTO DE CCL ESPERA RECIBIR A 50 MIL PERSONAS\",\"isPartOf\":{\"@id\":\"https:\/\/aeronoticias.com.pe\/noticiero\/#website\"},\"primaryImageOfPage\":{\"@id\":\"https:\/\/aeronoticias.com.pe\/noticiero\/ultimas\/1\/ii-feria-de-turismo-gastronomia-a-entretenimiento-de-ccl-espera-recibir-a-50-mil-personas\/#primaryimage\"},\"image\":{\"@id\":\"https:\/\/aeronoticias.com.pe\/noticiero\/ultimas\/1\/ii-feria-de-turismo-gastronomia-a-entretenimiento-de-ccl-espera-recibir-a-50-mil-personas\/#primaryimage\"},\"thumbnailUrl\":\"http:\/\/aeronoticias.com.pe\/fotonoticias\/luis\/octubre\/feria31.JPG\",\"datePublished\":\"2008-10-31T18:54:10+00:00\",\"author\":{\"@id\":\"https:\/\/aeronoticias.com.pe\/noticiero\/#\/schema\/person\/fc1e5d578f4b62ba1cf7ac2bba1170a0\"},\"description\":\"Portal de noticias del Per\u00fa sobre el transporte a\u00e9reo, aviaci\u00f3n, turismo, hoteleria, actualidad.\",\"breadcrumb\":{\"@id\":\"https:\/\/aeronoticias.com.pe\/noticiero\/ultimas\/1\/ii-feria-de-turismo-gastronomia-a-entretenimiento-de-ccl-espera-recibir-a-50-mil-personas\/#breadcrumb\"},\"inLanguage\":\"es\",\"potentialAction\":[{\"@type\":\"ReadAction\",\"target\":[\"https:\/\/aeronoticias.com.pe\/noticiero\/ultimas\/1\/ii-feria-de-turismo-gastronomia-a-entretenimiento-de-ccl-espera-recibir-a-50-mil-personas\/\"]}]},{\"@type\":\"ImageObject\",\"inLanguage\":\"es\",\"@id\":\"https:\/\/aeronoticias.com.pe\/noticiero\/ultimas\/1\/ii-feria-de-turismo-gastronomia-a-entretenimiento-de-ccl-espera-recibir-a-50-mil-personas\/#primaryimage\",\"url\":\"http:\/\/aeronoticias.com.pe\/fotonoticias\/luis\/octubre\/feria31.JPG\",\"contentUrl\":\"http:\/\/aeronoticias.com.pe\/fotonoticias\/luis\/octubre\/feria31.JPG\"},{\"@type\":\"BreadcrumbList\",\"@id\":\"https:\/\/aeronoticias.com.pe\/noticiero\/ultimas\/1\/ii-feria-de-turismo-gastronomia-a-entretenimiento-de-ccl-espera-recibir-a-50-mil-personas\/#breadcrumb\",\"itemListElement\":[{\"@type\":\"ListItem\",\"position\":1,\"name\":\"Portada\",\"item\":\"https:\/\/aeronoticias.com.pe\/noticiero\/\"},{\"@type\":\"ListItem\",\"position\":2,\"name\":\"II FERIA DE TURISMO, GASTRONOMIA &#038; ENTRETENIMIENTO DE CCL ESPERA RECIBIR A 50 MIL PERSONAS\"}]},{\"@type\":\"WebSite\",\"@id\":\"https:\/\/aeronoticias.com.pe\/noticiero\/#website\",\"url\":\"https:\/\/aeronoticias.com.pe\/noticiero\/\",\"name\":\"Aeronoticias.com.pe\",\"description\":\"Noticias de tranporte aereo, turismo, hoteles, gastronomia, actualidad, internacional\",\"potentialAction\":[{\"@type\":\"SearchAction\",\"target\":{\"@type\":\"EntryPoint\",\"urlTemplate\":\"https:\/\/aeronoticias.com.pe\/noticiero\/?s={search_term_string}\"},\"query-input\":{\"@type\":\"PropertyValueSpecification\",\"valueRequired\":true,\"valueName\":\"search_term_string\"}}],\"inLanguage\":\"es\"},{\"@type\":\"Person\",\"@id\":\"https:\/\/aeronoticias.com.pe\/noticiero\/#\/schema\/person\/fc1e5d578f4b62ba1cf7ac2bba1170a0\",\"name\":\"Redacci\u00f3n Aeronoticias\",\"url\":\"https:\/\/aeronoticias.com.pe\/noticiero\/author\/piloto\/\"}]}<\/script>\n<!-- \/ Yoast SEO plugin. -->","yoast_head_json":{"title":"II FERIA DE TURISMO, GASTRONOMIA & ENTRETENIMIENTO DE CCL ESPERA RECIBIR A 50 MIL PERSONAS","description":"Portal de noticias del Per\u00fa sobre el transporte a\u00e9reo, aviaci\u00f3n, turismo, hoteleria, actualidad.","robots":{"index":"index","follow":"follow","max-snippet":"max-snippet:-1","max-image-preview":"max-image-preview:large","max-video-preview":"max-video-preview:-1"},"canonical":"https:\/\/aeronoticias.com.pe\/noticiero\/ultimas\/1\/ii-feria-de-turismo-gastronomia-a-entretenimiento-de-ccl-espera-recibir-a-50-mil-personas\/","og_locale":"es_ES","og_type":"article","og_title":"II FERIA DE TURISMO, GASTRONOMIA & ENTRETENIMIENTO DE CCL ESPERA RECIBIR A 50 MIL PERSONAS","og_description":"Portal de noticias del Per\u00fa sobre el transporte a\u00e9reo, aviaci\u00f3n, turismo, hoteleria, actualidad.","og_url":"https:\/\/aeronoticias.com.pe\/noticiero\/ultimas\/1\/ii-feria-de-turismo-gastronomia-a-entretenimiento-de-ccl-espera-recibir-a-50-mil-personas\/","og_site_name":"Aeronoticias.com.pe","article_publisher":"https:\/\/www.facebook.com\/Aeronoticias.com.pe\/","article_published_time":"2008-10-31T18:54:10+00:00","og_image":[{"url":"http:\/\/aeronoticias.com.pe\/fotonoticias\/luis\/octubre\/feria31.JPG","type":"","width":"","height":""}],"author":"Redacci\u00f3n Aeronoticias","twitter_card":"summary_large_image","twitter_creator":"@aeronoticias","twitter_site":"@aeronoticias","twitter_misc":{"Escrito por":"Redacci\u00f3n Aeronoticias","Tiempo de lectura":"3 minutos"},"schema":{"@context":"https:\/\/schema.org","@graph":[{"@type":"WebPage","@id":"https:\/\/aeronoticias.com.pe\/noticiero\/ultimas\/1\/ii-feria-de-turismo-gastronomia-a-entretenimiento-de-ccl-espera-recibir-a-50-mil-personas\/","url":"https:\/\/aeronoticias.com.pe\/noticiero\/ultimas\/1\/ii-feria-de-turismo-gastronomia-a-entretenimiento-de-ccl-espera-recibir-a-50-mil-personas\/","name":"II FERIA DE TURISMO, GASTRONOMIA & ENTRETENIMIENTO DE CCL ESPERA RECIBIR A 50 MIL PERSONAS","isPartOf":{"@id":"https:\/\/aeronoticias.com.pe\/noticiero\/#website"},"primaryImageOfPage":{"@id":"https:\/\/aeronoticias.com.pe\/noticiero\/ultimas\/1\/ii-feria-de-turismo-gastronomia-a-entretenimiento-de-ccl-espera-recibir-a-50-mil-personas\/#primaryimage"},"image":{"@id":"https:\/\/aeronoticias.com.pe\/noticiero\/ultimas\/1\/ii-feria-de-turismo-gastronomia-a-entretenimiento-de-ccl-espera-recibir-a-50-mil-personas\/#primaryimage"},"thumbnailUrl":"http:\/\/aeronoticias.com.pe\/fotonoticias\/luis\/octubre\/feria31.JPG","datePublished":"2008-10-31T18:54:10+00:00","author":{"@id":"https:\/\/aeronoticias.com.pe\/noticiero\/#\/schema\/person\/fc1e5d578f4b62ba1cf7ac2bba1170a0"},"description":"Portal de noticias del Per\u00fa sobre el transporte a\u00e9reo, aviaci\u00f3n, turismo, hoteleria, actualidad.","breadcrumb":{"@id":"https:\/\/aeronoticias.com.pe\/noticiero\/ultimas\/1\/ii-feria-de-turismo-gastronomia-a-entretenimiento-de-ccl-espera-recibir-a-50-mil-personas\/#breadcrumb"},"inLanguage":"es","potentialAction":[{"@type":"ReadAction","target":["https:\/\/aeronoticias.com.pe\/noticiero\/ultimas\/1\/ii-feria-de-turismo-gastronomia-a-entretenimiento-de-ccl-espera-recibir-a-50-mil-personas\/"]}]},{"@type":"ImageObject","inLanguage":"es","@id":"https:\/\/aeronoticias.com.pe\/noticiero\/ultimas\/1\/ii-feria-de-turismo-gastronomia-a-entretenimiento-de-ccl-espera-recibir-a-50-mil-personas\/#primaryimage","url":"http:\/\/aeronoticias.com.pe\/fotonoticias\/luis\/octubre\/feria31.JPG","contentUrl":"http:\/\/aeronoticias.com.pe\/fotonoticias\/luis\/octubre\/feria31.JPG"},{"@type":"BreadcrumbList","@id":"https:\/\/aeronoticias.com.pe\/noticiero\/ultimas\/1\/ii-feria-de-turismo-gastronomia-a-entretenimiento-de-ccl-espera-recibir-a-50-mil-personas\/#breadcrumb","itemListElement":[{"@type":"ListItem","position":1,"name":"Portada","item":"https:\/\/aeronoticias.com.pe\/noticiero\/"},{"@type":"ListItem","position":2,"name":"II FERIA DE TURISMO, GASTRONOMIA &#038; ENTRETENIMIENTO DE CCL ESPERA RECIBIR A 50 MIL PERSONAS"}]},{"@type":"WebSite","@id":"https:\/\/aeronoticias.com.pe\/noticiero\/#website","url":"https:\/\/aeronoticias.com.pe\/noticiero\/","name":"Aeronoticias.com.pe","description":"Noticias de tranporte aereo, turismo, hoteles, gastronomia, actualidad, internacional","potentialAction":[{"@type":"SearchAction","target":{"@type":"EntryPoint","urlTemplate":"https:\/\/aeronoticias.com.pe\/noticiero\/?s={search_term_string}"},"query-input":{"@type":"PropertyValueSpecification","valueRequired":true,"valueName":"search_term_string"}}],"inLanguage":"es"},{"@type":"Person","@id":"https:\/\/aeronoticias.com.pe\/noticiero\/#\/schema\/person\/fc1e5d578f4b62ba1cf7ac2bba1170a0","name":"Redacci\u00f3n Aeronoticias","url":"https:\/\/aeronoticias.com.pe\/noticiero\/author\/piloto\/"}]}},"_links":{"self":[{"href":"https:\/\/aeronoticias.com.pe\/noticiero\/wp-json\/wp\/v2\/posts\/952","targetHints":{"allow":["GET"]}}],"collection":[{"href":"https:\/\/aeronoticias.com.pe\/noticiero\/wp-json\/wp\/v2\/posts"}],"about":[{"href":"https:\/\/aeronoticias.com.pe\/noticiero\/wp-json\/wp\/v2\/types\/post"}],"author":[{"embeddable":true,"href":"https:\/\/aeronoticias.com.pe\/noticiero\/wp-json\/wp\/v2\/users\/1"}],"replies":[{"embeddable":true,"href":"https:\/\/aeronoticias.com.pe\/noticiero\/wp-json\/wp\/v2\/comments?post=952"}],"version-history":[{"count":0,"href":"https:\/\/aeronoticias.com.pe\/noticiero\/wp-json\/wp\/v2\/posts\/952\/revisions"}],"wp:attachment":[{"href":"https:\/\/aeronoticias.com.pe\/noticiero\/wp-json\/wp\/v2\/media?parent=952"}],"wp:term":[{"taxonomy":"category","embeddable":true,"href":"https:\/\/aeronoticias.com.pe\/noticiero\/wp-json\/wp\/v2\/categories?post=952"},{"taxonomy":"post_tag","embeddable":true,"href":"https:\/\/aeronoticias.com.pe\/noticiero\/wp-json\/wp\/v2\/tags?post=952"}],"curies":[{"name":"wp","href":"https:\/\/api.w.org\/{rel}","templated":true}]}}