{"id":954,"date":"2008-10-31T19:26:10","date_gmt":"2008-10-31T19:26:10","guid":{"rendered":"http:\/\/desarrollo.mcvicious.com\/aero2020\/2008\/10\/31\/mincetur-busca-reducir-impacto-de-crisis-financiera-en-turismo-peruano\/"},"modified":"2008-10-31T19:26:10","modified_gmt":"2008-10-31T19:26:10","slug":"mincetur-busca-reducir-impacto-de-crisis-financiera-en-turismo-peruano","status":"publish","type":"post","link":"https:\/\/aeronoticias.com.pe\/noticiero\/turismo\/13\/mincetur-busca-reducir-impacto-de-crisis-financiera-en-turismo-peruano\/","title":{"rendered":"MINCETUR BUSCA REDUCIR IMPACTO DE CRISIS FINANCIERA EN TURISMO PERUANO"},"content":{"rendered":"<p><\/p>\n<div align=\"justify\">La titular del Mincetur, Mercedes Ar&aacute;oz inform&oacute; que su sector viene desarrollando una estrategia a nivel de Sudam&eacute;rica y otra dirigida a Estados Unidos y Europa con el prop&oacute;sito de reducir el impacto negativo de la crisis financiera global en el crecimiento de la actividad tur&iacute;stica en nuestro pa&iacute;s.<\/div>\n<div align=\"justify\">\n<div style=\"text-align: center\"><img loading=\"lazy\" decoding=\"async\" src=\"http:\/\/aeronoticias.com.pe\/fotonoticias\/luis\/octubre\/araoz31.JPG\" alt=\" \" title=\"La ministra Mercedes Ar&aacute;oz junto a Julio Luque, Director; Boris G&oacute;mez, presidente de la C&aacute;mara Regional de Turismo del Cusco; Tom Calame, gerente general de J.W Marriott Lima; Leoni Roca, gerente general de Aeropuertos del Per&uacute;; y Alessandro Fassio, gerente general de II Tucano Per&uacute;.  (Foto: Mincetur)\" hspace=\"5\" vspace=\"5\" width=\"400\" height=\"266\" \/><\/div>\n<p><\/div>\n<p> <!--more--> <\/p>\n<div align=\"center\"><strong>Tenemos un producto tur&iacute;stico diferenciado<\/strong><\/div>\n<p><\/p>\n<div align=\"justify\">Explic&oacute; que la estrategia que se viene desarrollando en Sudam&eacute;rica busca aprovechar nuestra cercan&iacute;a con destinos ubicados a menos de seis horas de nuestro pa&iacute;s; el fortalecimiento de las monedas locales de la regi&oacute;n; el encarecimiento del euro frente al d&oacute;lar y la dificultad en la obtenci&oacute;n de visas a los Estados Unidos por parte de algunos pa&iacute;ses de Latinoam&eacute;rica.<\/p>\n<p>&ldquo;Tenemos un producto tur&iacute;stico diferenciado y una atractiva gastronom&iacute;a para desarrollar el turismo fronterizo. Estamos realizando workshops y seminarios en Arica, Iquique y Antofagasta en Chile; y en Machala, Cuenca y Guayaquil en Ecuador&rdquo;, precis&oacute; Ar&aacute;oz.<\/div>\n<p>&nbsp;<\/p>\n<div align=\"center\"><strong>Estrategia en EE.UU. y Europa<\/strong><\/div>\n<p>&nbsp;<\/p>\n<p>&nbsp;<\/p>\n<div align=\"justify\">Respecto a la estrategia que se viene desarrollando en los Estados Unidos y Europa indic&oacute; que se est&aacute;n realizando reuniones con tour operadores y agentes de viaje que trabajan con el segmento de turismo lujo.<\/p>\n<p>&ldquo;Estamos buscando que incluyan elementos aut&eacute;nticos y novedosos en sus programas, relacionados al turismo rural comunitario y la gastronom&iacute;a.&nbsp; Tambi&eacute;n estamos realizando un marketing directo con asociaciones que tienen aficiones puntuales, por ejemplo, viajes del segmento de turismo educacional, siempre que el operador pueda ofrecer actividades que garanticen el aprendizaje a trav&eacute;s del turismo (historia \/ arqueolog&iacute;a \/ naturaleza \/ cultura viva)&rdquo;, manifest&oacute; Ar&aacute;oz.<\/div>\n<p>&nbsp;<\/p>\n","protected":false},"excerpt":{"rendered":"<p>La titular del Mincetur, Mercedes Ar&aacute;oz inform&oacute; que su sector viene desarrollando una estrategia a nivel de Sudam&eacute;rica y otra dirigida a Estados Unidos y Europa con el prop&oacute;sito de reducir el impacto negativo de la crisis financiera global en el crecimiento de la actividad tur&iacute;stica en nuestro pa&iacute;s.<\/p>\n","protected":false},"author":1,"featured_media":0,"comment_status":"open","ping_status":"open","sticky":false,"template":"","format":"standard","meta":{"tdm_status":"","tdm_grid_status":"","footnotes":""},"categories":[31],"tags":[],"class_list":{"0":"post-954","1":"post","2":"type-post","3":"status-publish","4":"format-standard","6":"category-31"},"yoast_head":"<!-- This site is optimized with the Yoast SEO plugin v25.1 - https:\/\/yoast.com\/wordpress\/plugins\/seo\/ -->\n<title>MINCETUR BUSCA REDUCIR IMPACTO DE CRISIS FINANCIERA EN TURISMO PERUANO<\/title>\n<meta name=\"description\" content=\"Portal de noticias del Per\u00fa sobre el transporte a\u00e9reo, aviaci\u00f3n, turismo, hoteleria, actualidad.\" \/>\n<meta name=\"robots\" content=\"index, follow, max-snippet:-1, max-image-preview:large, max-video-preview:-1\" \/>\n<link rel=\"canonical\" href=\"https:\/\/aeronoticias.com.pe\/noticiero\/turismo\/13\/mincetur-busca-reducir-impacto-de-crisis-financiera-en-turismo-peruano\/\" \/>\n<meta property=\"og:locale\" content=\"es_ES\" \/>\n<meta property=\"og:type\" content=\"article\" \/>\n<meta property=\"og:title\" content=\"MINCETUR BUSCA REDUCIR IMPACTO DE CRISIS FINANCIERA EN TURISMO PERUANO\" \/>\n<meta property=\"og:description\" content=\"Portal de noticias del Per\u00fa sobre el transporte a\u00e9reo, aviaci\u00f3n, turismo, hoteleria, actualidad.\" \/>\n<meta property=\"og:url\" content=\"https:\/\/aeronoticias.com.pe\/noticiero\/turismo\/13\/mincetur-busca-reducir-impacto-de-crisis-financiera-en-turismo-peruano\/\" \/>\n<meta property=\"og:site_name\" content=\"Aeronoticias.com.pe\" \/>\n<meta property=\"article:publisher\" content=\"https:\/\/www.facebook.com\/Aeronoticias.com.pe\/\" \/>\n<meta property=\"article:published_time\" content=\"2008-10-31T19:26:10+00:00\" \/>\n<meta property=\"og:image\" content=\"http:\/\/aeronoticias.com.pe\/fotonoticias\/luis\/octubre\/araoz31.JPG\" \/>\n<meta name=\"author\" content=\"Redacci\u00f3n Aeronoticias\" \/>\n<meta name=\"twitter:card\" content=\"summary_large_image\" \/>\n<meta name=\"twitter:creator\" content=\"@aeronoticias\" \/>\n<meta name=\"twitter:site\" content=\"@aeronoticias\" \/>\n<meta name=\"twitter:label1\" content=\"Escrito por\" \/>\n\t<meta name=\"twitter:data1\" content=\"Redacci\u00f3n Aeronoticias\" \/>\n\t<meta name=\"twitter:label2\" content=\"Tiempo de lectura\" \/>\n\t<meta name=\"twitter:data2\" content=\"2 minutos\" \/>\n<script type=\"application\/ld+json\" class=\"yoast-schema-graph\">{\"@context\":\"https:\/\/schema.org\",\"@graph\":[{\"@type\":\"WebPage\",\"@id\":\"https:\/\/aeronoticias.com.pe\/noticiero\/turismo\/13\/mincetur-busca-reducir-impacto-de-crisis-financiera-en-turismo-peruano\/\",\"url\":\"https:\/\/aeronoticias.com.pe\/noticiero\/turismo\/13\/mincetur-busca-reducir-impacto-de-crisis-financiera-en-turismo-peruano\/\",\"name\":\"MINCETUR BUSCA REDUCIR IMPACTO DE CRISIS FINANCIERA EN TURISMO PERUANO\",\"isPartOf\":{\"@id\":\"https:\/\/aeronoticias.com.pe\/noticiero\/#website\"},\"primaryImageOfPage\":{\"@id\":\"https:\/\/aeronoticias.com.pe\/noticiero\/turismo\/13\/mincetur-busca-reducir-impacto-de-crisis-financiera-en-turismo-peruano\/#primaryimage\"},\"image\":{\"@id\":\"https:\/\/aeronoticias.com.pe\/noticiero\/turismo\/13\/mincetur-busca-reducir-impacto-de-crisis-financiera-en-turismo-peruano\/#primaryimage\"},\"thumbnailUrl\":\"http:\/\/aeronoticias.com.pe\/fotonoticias\/luis\/octubre\/araoz31.JPG\",\"datePublished\":\"2008-10-31T19:26:10+00:00\",\"author\":{\"@id\":\"https:\/\/aeronoticias.com.pe\/noticiero\/#\/schema\/person\/fc1e5d578f4b62ba1cf7ac2bba1170a0\"},\"description\":\"Portal de noticias del Per\u00fa sobre el transporte a\u00e9reo, aviaci\u00f3n, turismo, hoteleria, actualidad.\",\"breadcrumb\":{\"@id\":\"https:\/\/aeronoticias.com.pe\/noticiero\/turismo\/13\/mincetur-busca-reducir-impacto-de-crisis-financiera-en-turismo-peruano\/#breadcrumb\"},\"inLanguage\":\"es\",\"potentialAction\":[{\"@type\":\"ReadAction\",\"target\":[\"https:\/\/aeronoticias.com.pe\/noticiero\/turismo\/13\/mincetur-busca-reducir-impacto-de-crisis-financiera-en-turismo-peruano\/\"]}]},{\"@type\":\"ImageObject\",\"inLanguage\":\"es\",\"@id\":\"https:\/\/aeronoticias.com.pe\/noticiero\/turismo\/13\/mincetur-busca-reducir-impacto-de-crisis-financiera-en-turismo-peruano\/#primaryimage\",\"url\":\"http:\/\/aeronoticias.com.pe\/fotonoticias\/luis\/octubre\/araoz31.JPG\",\"contentUrl\":\"http:\/\/aeronoticias.com.pe\/fotonoticias\/luis\/octubre\/araoz31.JPG\"},{\"@type\":\"BreadcrumbList\",\"@id\":\"https:\/\/aeronoticias.com.pe\/noticiero\/turismo\/13\/mincetur-busca-reducir-impacto-de-crisis-financiera-en-turismo-peruano\/#breadcrumb\",\"itemListElement\":[{\"@type\":\"ListItem\",\"position\":1,\"name\":\"Portada\",\"item\":\"https:\/\/aeronoticias.com.pe\/noticiero\/\"},{\"@type\":\"ListItem\",\"position\":2,\"name\":\"MINCETUR BUSCA REDUCIR IMPACTO DE CRISIS FINANCIERA EN TURISMO PERUANO\"}]},{\"@type\":\"WebSite\",\"@id\":\"https:\/\/aeronoticias.com.pe\/noticiero\/#website\",\"url\":\"https:\/\/aeronoticias.com.pe\/noticiero\/\",\"name\":\"Aeronoticias.com.pe\",\"description\":\"Noticias de tranporte aereo, turismo, hoteles, gastronomia, actualidad, internacional\",\"potentialAction\":[{\"@type\":\"SearchAction\",\"target\":{\"@type\":\"EntryPoint\",\"urlTemplate\":\"https:\/\/aeronoticias.com.pe\/noticiero\/?s={search_term_string}\"},\"query-input\":{\"@type\":\"PropertyValueSpecification\",\"valueRequired\":true,\"valueName\":\"search_term_string\"}}],\"inLanguage\":\"es\"},{\"@type\":\"Person\",\"@id\":\"https:\/\/aeronoticias.com.pe\/noticiero\/#\/schema\/person\/fc1e5d578f4b62ba1cf7ac2bba1170a0\",\"name\":\"Redacci\u00f3n Aeronoticias\",\"url\":\"https:\/\/aeronoticias.com.pe\/noticiero\/author\/piloto\/\"}]}<\/script>\n<!-- \/ Yoast SEO plugin. -->","yoast_head_json":{"title":"MINCETUR BUSCA REDUCIR IMPACTO DE CRISIS FINANCIERA EN TURISMO PERUANO","description":"Portal de noticias del Per\u00fa sobre el transporte a\u00e9reo, aviaci\u00f3n, turismo, hoteleria, actualidad.","robots":{"index":"index","follow":"follow","max-snippet":"max-snippet:-1","max-image-preview":"max-image-preview:large","max-video-preview":"max-video-preview:-1"},"canonical":"https:\/\/aeronoticias.com.pe\/noticiero\/turismo\/13\/mincetur-busca-reducir-impacto-de-crisis-financiera-en-turismo-peruano\/","og_locale":"es_ES","og_type":"article","og_title":"MINCETUR BUSCA REDUCIR IMPACTO DE CRISIS FINANCIERA EN TURISMO PERUANO","og_description":"Portal de noticias del Per\u00fa sobre el transporte a\u00e9reo, aviaci\u00f3n, turismo, hoteleria, actualidad.","og_url":"https:\/\/aeronoticias.com.pe\/noticiero\/turismo\/13\/mincetur-busca-reducir-impacto-de-crisis-financiera-en-turismo-peruano\/","og_site_name":"Aeronoticias.com.pe","article_publisher":"https:\/\/www.facebook.com\/Aeronoticias.com.pe\/","article_published_time":"2008-10-31T19:26:10+00:00","og_image":[{"url":"http:\/\/aeronoticias.com.pe\/fotonoticias\/luis\/octubre\/araoz31.JPG","type":"","width":"","height":""}],"author":"Redacci\u00f3n Aeronoticias","twitter_card":"summary_large_image","twitter_creator":"@aeronoticias","twitter_site":"@aeronoticias","twitter_misc":{"Escrito por":"Redacci\u00f3n Aeronoticias","Tiempo de lectura":"2 minutos"},"schema":{"@context":"https:\/\/schema.org","@graph":[{"@type":"WebPage","@id":"https:\/\/aeronoticias.com.pe\/noticiero\/turismo\/13\/mincetur-busca-reducir-impacto-de-crisis-financiera-en-turismo-peruano\/","url":"https:\/\/aeronoticias.com.pe\/noticiero\/turismo\/13\/mincetur-busca-reducir-impacto-de-crisis-financiera-en-turismo-peruano\/","name":"MINCETUR BUSCA REDUCIR IMPACTO DE CRISIS FINANCIERA EN TURISMO PERUANO","isPartOf":{"@id":"https:\/\/aeronoticias.com.pe\/noticiero\/#website"},"primaryImageOfPage":{"@id":"https:\/\/aeronoticias.com.pe\/noticiero\/turismo\/13\/mincetur-busca-reducir-impacto-de-crisis-financiera-en-turismo-peruano\/#primaryimage"},"image":{"@id":"https:\/\/aeronoticias.com.pe\/noticiero\/turismo\/13\/mincetur-busca-reducir-impacto-de-crisis-financiera-en-turismo-peruano\/#primaryimage"},"thumbnailUrl":"http:\/\/aeronoticias.com.pe\/fotonoticias\/luis\/octubre\/araoz31.JPG","datePublished":"2008-10-31T19:26:10+00:00","author":{"@id":"https:\/\/aeronoticias.com.pe\/noticiero\/#\/schema\/person\/fc1e5d578f4b62ba1cf7ac2bba1170a0"},"description":"Portal de noticias del Per\u00fa sobre el transporte a\u00e9reo, aviaci\u00f3n, turismo, hoteleria, actualidad.","breadcrumb":{"@id":"https:\/\/aeronoticias.com.pe\/noticiero\/turismo\/13\/mincetur-busca-reducir-impacto-de-crisis-financiera-en-turismo-peruano\/#breadcrumb"},"inLanguage":"es","potentialAction":[{"@type":"ReadAction","target":["https:\/\/aeronoticias.com.pe\/noticiero\/turismo\/13\/mincetur-busca-reducir-impacto-de-crisis-financiera-en-turismo-peruano\/"]}]},{"@type":"ImageObject","inLanguage":"es","@id":"https:\/\/aeronoticias.com.pe\/noticiero\/turismo\/13\/mincetur-busca-reducir-impacto-de-crisis-financiera-en-turismo-peruano\/#primaryimage","url":"http:\/\/aeronoticias.com.pe\/fotonoticias\/luis\/octubre\/araoz31.JPG","contentUrl":"http:\/\/aeronoticias.com.pe\/fotonoticias\/luis\/octubre\/araoz31.JPG"},{"@type":"BreadcrumbList","@id":"https:\/\/aeronoticias.com.pe\/noticiero\/turismo\/13\/mincetur-busca-reducir-impacto-de-crisis-financiera-en-turismo-peruano\/#breadcrumb","itemListElement":[{"@type":"ListItem","position":1,"name":"Portada","item":"https:\/\/aeronoticias.com.pe\/noticiero\/"},{"@type":"ListItem","position":2,"name":"MINCETUR BUSCA REDUCIR IMPACTO DE CRISIS FINANCIERA EN TURISMO PERUANO"}]},{"@type":"WebSite","@id":"https:\/\/aeronoticias.com.pe\/noticiero\/#website","url":"https:\/\/aeronoticias.com.pe\/noticiero\/","name":"Aeronoticias.com.pe","description":"Noticias de tranporte aereo, turismo, hoteles, gastronomia, actualidad, internacional","potentialAction":[{"@type":"SearchAction","target":{"@type":"EntryPoint","urlTemplate":"https:\/\/aeronoticias.com.pe\/noticiero\/?s={search_term_string}"},"query-input":{"@type":"PropertyValueSpecification","valueRequired":true,"valueName":"search_term_string"}}],"inLanguage":"es"},{"@type":"Person","@id":"https:\/\/aeronoticias.com.pe\/noticiero\/#\/schema\/person\/fc1e5d578f4b62ba1cf7ac2bba1170a0","name":"Redacci\u00f3n Aeronoticias","url":"https:\/\/aeronoticias.com.pe\/noticiero\/author\/piloto\/"}]}},"_links":{"self":[{"href":"https:\/\/aeronoticias.com.pe\/noticiero\/wp-json\/wp\/v2\/posts\/954","targetHints":{"allow":["GET"]}}],"collection":[{"href":"https:\/\/aeronoticias.com.pe\/noticiero\/wp-json\/wp\/v2\/posts"}],"about":[{"href":"https:\/\/aeronoticias.com.pe\/noticiero\/wp-json\/wp\/v2\/types\/post"}],"author":[{"embeddable":true,"href":"https:\/\/aeronoticias.com.pe\/noticiero\/wp-json\/wp\/v2\/users\/1"}],"replies":[{"embeddable":true,"href":"https:\/\/aeronoticias.com.pe\/noticiero\/wp-json\/wp\/v2\/comments?post=954"}],"version-history":[{"count":0,"href":"https:\/\/aeronoticias.com.pe\/noticiero\/wp-json\/wp\/v2\/posts\/954\/revisions"}],"wp:attachment":[{"href":"https:\/\/aeronoticias.com.pe\/noticiero\/wp-json\/wp\/v2\/media?parent=954"}],"wp:term":[{"taxonomy":"category","embeddable":true,"href":"https:\/\/aeronoticias.com.pe\/noticiero\/wp-json\/wp\/v2\/categories?post=954"},{"taxonomy":"post_tag","embeddable":true,"href":"https:\/\/aeronoticias.com.pe\/noticiero\/wp-json\/wp\/v2\/tags?post=954"}],"curies":[{"name":"wp","href":"https:\/\/api.w.org\/{rel}","templated":true}]}}