{"id":955,"date":"2008-10-31T19:48:00","date_gmt":"2008-10-31T19:48:00","guid":{"rendered":"http:\/\/desarrollo.mcvicious.com\/aero2020\/2008\/10\/31\/ositran-peru-rail-si-puede-participar-en-subasta-de-ruta-cusco-machu-picchu\/"},"modified":"2008-10-31T19:48:00","modified_gmt":"2008-10-31T19:48:00","slug":"ositran-peru-rail-si-puede-participar-en-subasta-de-ruta-cusco-machu-picchu","status":"publish","type":"post","link":"https:\/\/aeronoticias.com.pe\/noticiero\/nacionales\/ositran-peru-rail-si-puede-participar-en-subasta-de-ruta-cusco-machu-picchu\/","title":{"rendered":"OSITRAN: Per\u00fa Rail si puede participar en subasta de ruta Cusco-Machu Picchu"},"content":{"rendered":"<p><\/p>\n<div align=\"justify\">El consejo directivo del Organismo Supervisor de la Inversi\u00f3n en Infraestructura de Transporte de Uso P\u00fablico (Ositran) inform\u00f3 hoy que Per\u00fa Rail no est\u00e1 impedido de participar en la subasta de horarios que ya tiene en la ruta Cusco &#8211; Machu Picchu.<br \/>\u00a0<br \/>Indic\u00f3 que, seg\u00fan el contrato que suscribi\u00f3 el actual concesionario Ferrocarril Transandino (Fetransa), no proh\u00edbe que Per\u00fa Rail, el operador de la ruta, participe en este proceso.<\/div>\n<div align=\"justify\">\u00a0<\/p>\n<div style=\"text-align: center\"><img loading=\"lazy\" decoding=\"async\" src=\"http:\/\/aeronoticias.com.pe\/fotonoticias\/luis\/octubre\/perurail.JPG\" border=\"0\" alt=\" \" title=\"OSITRAN: PERU RAIL SI PUEDE PARTICIPAR EN SUBASTA DE RUTA CUSCO-MACHU PICCHU. (Foto: Per\u00fa Rail)\" hspace=\"5\" vspace=\"5\" width=\"400\" height=\"268\" \/><\/div>\n<\/div>\n<p> <!--more--> <\/p>\n<div align=\"center\"><strong>Ositran se pronunci\u00f3 ante pedido de Inca Rail<\/strong><\/div>\n<p><\/p>\n<div align=\"justify\">Este pronunciamiento del Ositran se origina por una solicitud presentada por Inca Rail, empresa ferroviaria que est\u00e1 interesada en ingresar a la ruta Cusco &#8211; Machu Picchu, y que demand\u00f3 una interpretaci\u00f3n de la cl\u00e1usula 7.6 del contrato de concesi\u00f3n, porque en su opini\u00f3n impide la participaci\u00f3n de Per\u00fa Rail en el proceso de subasta.<\/p>\n<p>Seg\u00fan el Ositran, tras interpretar la cl\u00e1usula 7.6 del contrato de concesi\u00f3n, el consejo directivo opin\u00f3 que \u201cno se desprende que el contrato de concesi\u00f3n proh\u00edba que un operador vinculado al concesionario pueda ser postor en un concurso por horarios o frecuencias, respecto de los horarios en los cuales viene prestando el servicio de transporte.<\/p>\n<p>En ese sentido, el regulador asegur\u00f3 que garantizar\u00e1 que la concesionaria Fetransa brinde un trato equitativo a los postores no vinculados en el proceso de subasta de horarios, es decir, a Inca Rail y a la empresa ferroviaria Andean Railways.<\/div>\n<p><\/p>\n<div align=\"center\"><strong>Supervisi\u00f3n de todo el proceso de subasta<\/strong><\/div>\n<p><\/p>\n<div align=\"justify\">Ositran enfatiz\u00f3 que tiene como mandato legal supervisar todo el proceso de subasta y que la normativa vigente le permite contar con los mecanismos regulatorios para intervenir en dicho proceso de modo tal que se otorgue el acceso al m\u00e1ximo n\u00famero de operadores ferroviarios que sea posible de acuerdo con la infraestructura disponible.<\/p>\n<p>Durante el proceso de interpretaci\u00f3n del contrato y con el fin de dar un marco de transparencia y confiabilidad a su pronunciamiento, el consejo directivo de Ositran consider\u00f3 conveniente escuchar directamente las opiniones de todos los involucrados en este tema.<\/div>\n<p><\/p>\n<div align=\"center\"><strong>Competencia en sector ferroviario<\/strong><\/div>\n<p><\/p>\n<div align=\"justify\">De esta forma, tuvieron la oportunidad de brindar sus informes orales los representantes de Inca Rail, Andean Railways, Per\u00fa Rail, Fetransa y Ferrov\u00edas Central Andino.<\/p>\n<p>Asimismo, se tom\u00f3 conocimiento de informes econ\u00f3micos de instituciones y universidades presentados por cada una de las partes, adem\u00e1s de los informes de las \u00e1reas t\u00e9cnicas del Ositran.<\/p>\n<p>El regulador reiter\u00f3 que contin\u00faa promoviendo la competencia en el servicio ferroviario, lo cual redundar\u00e1 en beneficio de los usuarios finales quienes tendr\u00e1n un servicio de mejor calidad.<\/p>\n<p>El consejo directivo del Ositran est\u00e1 conformado por Juan Carlos Zevallos, quien lo preside, Sergio Salinas, Jes\u00fas Tamayo y C\u00e9sar S\u00e1nchez.<\/p><\/div>\n","protected":false},"excerpt":{"rendered":"<p>El consejo directivo del Organismo Supervisor de la Inversi\u00f3n en Infraestructura de Transporte de Uso P\u00fablico (Ositran) inform\u00f3 hoy que Per\u00fa Rail no est\u00e1 impedido de participar en la subasta de horarios que ya tiene en la ruta Cusco &#8211; Machu Picchu.\u00a0Indic\u00f3 que, seg\u00fan el contrato que suscribi\u00f3 el actual concesionario Ferrocarril Transandino (Fetransa), no [&hellip;]<\/p>\n","protected":false},"author":1,"featured_media":0,"comment_status":"open","ping_status":"open","sticky":false,"template":"","format":"standard","meta":{"tdm_status":"","tdm_grid_status":"","footnotes":""},"categories":[38],"tags":[],"class_list":{"0":"post-955","1":"post","2":"type-post","3":"status-publish","4":"format-standard","6":"category-nacionales"},"yoast_head":"<!-- This site is optimized with the Yoast SEO plugin v25.1 - https:\/\/yoast.com\/wordpress\/plugins\/seo\/ -->\n<title>OSITRAN: Per\u00fa Rail si puede participar en subasta de ruta Cusco-Machu Picchu<\/title>\n<meta name=\"description\" content=\"Portal de noticias del Per\u00fa sobre el transporte a\u00e9reo, aviaci\u00f3n, turismo, hoteleria, actualidad.\" \/>\n<meta name=\"robots\" content=\"index, follow, max-snippet:-1, max-image-preview:large, max-video-preview:-1\" \/>\n<link rel=\"canonical\" href=\"https:\/\/aeronoticias.com.pe\/noticiero\/nacionales\/ositran-peru-rail-si-puede-participar-en-subasta-de-ruta-cusco-machu-picchu\/\" \/>\n<meta property=\"og:locale\" content=\"es_ES\" \/>\n<meta property=\"og:type\" content=\"article\" \/>\n<meta property=\"og:title\" content=\"OSITRAN: Per\u00fa Rail si puede participar en subasta de ruta Cusco-Machu Picchu\" \/>\n<meta property=\"og:description\" content=\"Portal de noticias del Per\u00fa sobre el transporte a\u00e9reo, aviaci\u00f3n, turismo, hoteleria, actualidad.\" \/>\n<meta property=\"og:url\" content=\"https:\/\/aeronoticias.com.pe\/noticiero\/nacionales\/ositran-peru-rail-si-puede-participar-en-subasta-de-ruta-cusco-machu-picchu\/\" \/>\n<meta property=\"og:site_name\" content=\"Aeronoticias.com.pe\" \/>\n<meta property=\"article:publisher\" content=\"https:\/\/www.facebook.com\/Aeronoticias.com.pe\/\" \/>\n<meta property=\"article:published_time\" content=\"2008-10-31T19:48:00+00:00\" \/>\n<meta property=\"og:image\" content=\"http:\/\/aeronoticias.com.pe\/fotonoticias\/luis\/octubre\/perurail.JPG\" \/>\n<meta name=\"author\" content=\"Redacci\u00f3n Aeronoticias\" \/>\n<meta name=\"twitter:card\" content=\"summary_large_image\" \/>\n<meta name=\"twitter:creator\" content=\"@aeronoticias\" \/>\n<meta name=\"twitter:site\" content=\"@aeronoticias\" \/>\n<meta name=\"twitter:label1\" content=\"Escrito por\" \/>\n\t<meta name=\"twitter:data1\" content=\"Redacci\u00f3n Aeronoticias\" \/>\n\t<meta name=\"twitter:label2\" content=\"Tiempo de lectura\" \/>\n\t<meta name=\"twitter:data2\" content=\"2 minutos\" \/>\n<script type=\"application\/ld+json\" class=\"yoast-schema-graph\">{\"@context\":\"https:\/\/schema.org\",\"@graph\":[{\"@type\":\"WebPage\",\"@id\":\"https:\/\/aeronoticias.com.pe\/noticiero\/nacionales\/ositran-peru-rail-si-puede-participar-en-subasta-de-ruta-cusco-machu-picchu\/\",\"url\":\"https:\/\/aeronoticias.com.pe\/noticiero\/nacionales\/ositran-peru-rail-si-puede-participar-en-subasta-de-ruta-cusco-machu-picchu\/\",\"name\":\"OSITRAN: Per\u00fa Rail si puede participar en subasta de ruta Cusco-Machu Picchu\",\"isPartOf\":{\"@id\":\"https:\/\/aeronoticias.com.pe\/noticiero\/#website\"},\"primaryImageOfPage\":{\"@id\":\"https:\/\/aeronoticias.com.pe\/noticiero\/nacionales\/ositran-peru-rail-si-puede-participar-en-subasta-de-ruta-cusco-machu-picchu\/#primaryimage\"},\"image\":{\"@id\":\"https:\/\/aeronoticias.com.pe\/noticiero\/nacionales\/ositran-peru-rail-si-puede-participar-en-subasta-de-ruta-cusco-machu-picchu\/#primaryimage\"},\"thumbnailUrl\":\"http:\/\/aeronoticias.com.pe\/fotonoticias\/luis\/octubre\/perurail.JPG\",\"datePublished\":\"2008-10-31T19:48:00+00:00\",\"author\":{\"@id\":\"https:\/\/aeronoticias.com.pe\/noticiero\/#\/schema\/person\/fc1e5d578f4b62ba1cf7ac2bba1170a0\"},\"description\":\"Portal de noticias del Per\u00fa sobre el transporte a\u00e9reo, aviaci\u00f3n, turismo, hoteleria, actualidad.\",\"breadcrumb\":{\"@id\":\"https:\/\/aeronoticias.com.pe\/noticiero\/nacionales\/ositran-peru-rail-si-puede-participar-en-subasta-de-ruta-cusco-machu-picchu\/#breadcrumb\"},\"inLanguage\":\"es\",\"potentialAction\":[{\"@type\":\"ReadAction\",\"target\":[\"https:\/\/aeronoticias.com.pe\/noticiero\/nacionales\/ositran-peru-rail-si-puede-participar-en-subasta-de-ruta-cusco-machu-picchu\/\"]}]},{\"@type\":\"ImageObject\",\"inLanguage\":\"es\",\"@id\":\"https:\/\/aeronoticias.com.pe\/noticiero\/nacionales\/ositran-peru-rail-si-puede-participar-en-subasta-de-ruta-cusco-machu-picchu\/#primaryimage\",\"url\":\"http:\/\/aeronoticias.com.pe\/fotonoticias\/luis\/octubre\/perurail.JPG\",\"contentUrl\":\"http:\/\/aeronoticias.com.pe\/fotonoticias\/luis\/octubre\/perurail.JPG\"},{\"@type\":\"BreadcrumbList\",\"@id\":\"https:\/\/aeronoticias.com.pe\/noticiero\/nacionales\/ositran-peru-rail-si-puede-participar-en-subasta-de-ruta-cusco-machu-picchu\/#breadcrumb\",\"itemListElement\":[{\"@type\":\"ListItem\",\"position\":1,\"name\":\"Portada\",\"item\":\"https:\/\/aeronoticias.com.pe\/noticiero\/\"},{\"@type\":\"ListItem\",\"position\":2,\"name\":\"OSITRAN: Per\u00fa Rail si puede participar en subasta de ruta Cusco-Machu Picchu\"}]},{\"@type\":\"WebSite\",\"@id\":\"https:\/\/aeronoticias.com.pe\/noticiero\/#website\",\"url\":\"https:\/\/aeronoticias.com.pe\/noticiero\/\",\"name\":\"Aeronoticias.com.pe\",\"description\":\"Noticias de tranporte aereo, turismo, hoteles, gastronomia, actualidad, internacional\",\"potentialAction\":[{\"@type\":\"SearchAction\",\"target\":{\"@type\":\"EntryPoint\",\"urlTemplate\":\"https:\/\/aeronoticias.com.pe\/noticiero\/?s={search_term_string}\"},\"query-input\":{\"@type\":\"PropertyValueSpecification\",\"valueRequired\":true,\"valueName\":\"search_term_string\"}}],\"inLanguage\":\"es\"},{\"@type\":\"Person\",\"@id\":\"https:\/\/aeronoticias.com.pe\/noticiero\/#\/schema\/person\/fc1e5d578f4b62ba1cf7ac2bba1170a0\",\"name\":\"Redacci\u00f3n Aeronoticias\",\"url\":\"https:\/\/aeronoticias.com.pe\/noticiero\/author\/piloto\/\"}]}<\/script>\n<!-- \/ Yoast SEO plugin. -->","yoast_head_json":{"title":"OSITRAN: Per\u00fa Rail si puede participar en subasta de ruta Cusco-Machu Picchu","description":"Portal de noticias del Per\u00fa sobre el transporte a\u00e9reo, aviaci\u00f3n, turismo, hoteleria, actualidad.","robots":{"index":"index","follow":"follow","max-snippet":"max-snippet:-1","max-image-preview":"max-image-preview:large","max-video-preview":"max-video-preview:-1"},"canonical":"https:\/\/aeronoticias.com.pe\/noticiero\/nacionales\/ositran-peru-rail-si-puede-participar-en-subasta-de-ruta-cusco-machu-picchu\/","og_locale":"es_ES","og_type":"article","og_title":"OSITRAN: Per\u00fa Rail si puede participar en subasta de ruta Cusco-Machu Picchu","og_description":"Portal de noticias del Per\u00fa sobre el transporte a\u00e9reo, aviaci\u00f3n, turismo, hoteleria, actualidad.","og_url":"https:\/\/aeronoticias.com.pe\/noticiero\/nacionales\/ositran-peru-rail-si-puede-participar-en-subasta-de-ruta-cusco-machu-picchu\/","og_site_name":"Aeronoticias.com.pe","article_publisher":"https:\/\/www.facebook.com\/Aeronoticias.com.pe\/","article_published_time":"2008-10-31T19:48:00+00:00","og_image":[{"url":"http:\/\/aeronoticias.com.pe\/fotonoticias\/luis\/octubre\/perurail.JPG","type":"","width":"","height":""}],"author":"Redacci\u00f3n Aeronoticias","twitter_card":"summary_large_image","twitter_creator":"@aeronoticias","twitter_site":"@aeronoticias","twitter_misc":{"Escrito por":"Redacci\u00f3n Aeronoticias","Tiempo de lectura":"2 minutos"},"schema":{"@context":"https:\/\/schema.org","@graph":[{"@type":"WebPage","@id":"https:\/\/aeronoticias.com.pe\/noticiero\/nacionales\/ositran-peru-rail-si-puede-participar-en-subasta-de-ruta-cusco-machu-picchu\/","url":"https:\/\/aeronoticias.com.pe\/noticiero\/nacionales\/ositran-peru-rail-si-puede-participar-en-subasta-de-ruta-cusco-machu-picchu\/","name":"OSITRAN: Per\u00fa Rail si puede participar en subasta de ruta Cusco-Machu Picchu","isPartOf":{"@id":"https:\/\/aeronoticias.com.pe\/noticiero\/#website"},"primaryImageOfPage":{"@id":"https:\/\/aeronoticias.com.pe\/noticiero\/nacionales\/ositran-peru-rail-si-puede-participar-en-subasta-de-ruta-cusco-machu-picchu\/#primaryimage"},"image":{"@id":"https:\/\/aeronoticias.com.pe\/noticiero\/nacionales\/ositran-peru-rail-si-puede-participar-en-subasta-de-ruta-cusco-machu-picchu\/#primaryimage"},"thumbnailUrl":"http:\/\/aeronoticias.com.pe\/fotonoticias\/luis\/octubre\/perurail.JPG","datePublished":"2008-10-31T19:48:00+00:00","author":{"@id":"https:\/\/aeronoticias.com.pe\/noticiero\/#\/schema\/person\/fc1e5d578f4b62ba1cf7ac2bba1170a0"},"description":"Portal de noticias del Per\u00fa sobre el transporte a\u00e9reo, aviaci\u00f3n, turismo, hoteleria, actualidad.","breadcrumb":{"@id":"https:\/\/aeronoticias.com.pe\/noticiero\/nacionales\/ositran-peru-rail-si-puede-participar-en-subasta-de-ruta-cusco-machu-picchu\/#breadcrumb"},"inLanguage":"es","potentialAction":[{"@type":"ReadAction","target":["https:\/\/aeronoticias.com.pe\/noticiero\/nacionales\/ositran-peru-rail-si-puede-participar-en-subasta-de-ruta-cusco-machu-picchu\/"]}]},{"@type":"ImageObject","inLanguage":"es","@id":"https:\/\/aeronoticias.com.pe\/noticiero\/nacionales\/ositran-peru-rail-si-puede-participar-en-subasta-de-ruta-cusco-machu-picchu\/#primaryimage","url":"http:\/\/aeronoticias.com.pe\/fotonoticias\/luis\/octubre\/perurail.JPG","contentUrl":"http:\/\/aeronoticias.com.pe\/fotonoticias\/luis\/octubre\/perurail.JPG"},{"@type":"BreadcrumbList","@id":"https:\/\/aeronoticias.com.pe\/noticiero\/nacionales\/ositran-peru-rail-si-puede-participar-en-subasta-de-ruta-cusco-machu-picchu\/#breadcrumb","itemListElement":[{"@type":"ListItem","position":1,"name":"Portada","item":"https:\/\/aeronoticias.com.pe\/noticiero\/"},{"@type":"ListItem","position":2,"name":"OSITRAN: Per\u00fa Rail si puede participar en subasta de ruta Cusco-Machu Picchu"}]},{"@type":"WebSite","@id":"https:\/\/aeronoticias.com.pe\/noticiero\/#website","url":"https:\/\/aeronoticias.com.pe\/noticiero\/","name":"Aeronoticias.com.pe","description":"Noticias de tranporte aereo, turismo, hoteles, gastronomia, actualidad, internacional","potentialAction":[{"@type":"SearchAction","target":{"@type":"EntryPoint","urlTemplate":"https:\/\/aeronoticias.com.pe\/noticiero\/?s={search_term_string}"},"query-input":{"@type":"PropertyValueSpecification","valueRequired":true,"valueName":"search_term_string"}}],"inLanguage":"es"},{"@type":"Person","@id":"https:\/\/aeronoticias.com.pe\/noticiero\/#\/schema\/person\/fc1e5d578f4b62ba1cf7ac2bba1170a0","name":"Redacci\u00f3n Aeronoticias","url":"https:\/\/aeronoticias.com.pe\/noticiero\/author\/piloto\/"}]}},"_links":{"self":[{"href":"https:\/\/aeronoticias.com.pe\/noticiero\/wp-json\/wp\/v2\/posts\/955","targetHints":{"allow":["GET"]}}],"collection":[{"href":"https:\/\/aeronoticias.com.pe\/noticiero\/wp-json\/wp\/v2\/posts"}],"about":[{"href":"https:\/\/aeronoticias.com.pe\/noticiero\/wp-json\/wp\/v2\/types\/post"}],"author":[{"embeddable":true,"href":"https:\/\/aeronoticias.com.pe\/noticiero\/wp-json\/wp\/v2\/users\/1"}],"replies":[{"embeddable":true,"href":"https:\/\/aeronoticias.com.pe\/noticiero\/wp-json\/wp\/v2\/comments?post=955"}],"version-history":[{"count":0,"href":"https:\/\/aeronoticias.com.pe\/noticiero\/wp-json\/wp\/v2\/posts\/955\/revisions"}],"wp:attachment":[{"href":"https:\/\/aeronoticias.com.pe\/noticiero\/wp-json\/wp\/v2\/media?parent=955"}],"wp:term":[{"taxonomy":"category","embeddable":true,"href":"https:\/\/aeronoticias.com.pe\/noticiero\/wp-json\/wp\/v2\/categories?post=955"},{"taxonomy":"post_tag","embeddable":true,"href":"https:\/\/aeronoticias.com.pe\/noticiero\/wp-json\/wp\/v2\/tags?post=955"}],"curies":[{"name":"wp","href":"https:\/\/api.w.org\/{rel}","templated":true}]}}