{"id":95707,"date":"2025-09-04T12:25:20","date_gmt":"2025-09-04T17:25:20","guid":{"rendered":"https:\/\/aeronoticias.com.pe\/noticiero\/?p=95707"},"modified":"2025-09-04T12:25:37","modified_gmt":"2025-09-04T17:25:37","slug":"la-faa-intensifica-esfuerzos-contra-ataques-con-laser-a-las-aeronaves-en-ee-uu","status":"publish","type":"post","link":"https:\/\/aeronoticias.com.pe\/noticiero\/transporte-aereo\/la-faa-intensifica-esfuerzos-contra-ataques-con-laser-a-las-aeronaves-en-ee-uu\/","title":{"rendered":"La FAA intensifica esfuerzos contra ataques con l\u00e1ser a las aeronaves en EE. UU."},"content":{"rendered":"\n<p><strong>(Aeronoticias)<\/strong>: <strong>Aviaci\u00f3n Digital, Sp.-<\/strong>&nbsp;<em>En 2023, el&nbsp;<a href=\"https:\/\/www.faa.gov\/blog\/clearedfortakeoff\/laser-focused-safety#FAAInAction\"><strong>Programa de Asistencia a las Fuerzas del Orden de la FAA (LEAP)<\/strong>&nbsp;<\/a>desempe\u00f1\u00f3 un papel crucial en&nbsp;<strong>la captura de un responsable de m\u00faltiples incidentes de ataques con l\u00e1ser a aeronaves en el \u00e1rea de Dallas-Fort Worth<\/strong>, Texas. Este esfuerzo conjunto con el Departamento de Seguridad P\u00fablica de Texas y otras agencias locales y federales result\u00f3 en la condena del perpetrador por&nbsp;<strong>dos cargos de apuntar un l\u00e1ser a una aeronave, un delito que pone en riesgo la seguridad de pilotos y pasajeros.<\/strong><\/em><\/p>\n\n\n\n<h3 class=\"wp-block-heading\" id=\"h-colaboracion-para-garantizar-cielos-seguros\"><strong>Colaboraci\u00f3n para garantizar cielos seguros<\/strong><\/h3>\n\n\n\n<p>El LEAP, un componente esencial de la<strong><a href=\"https:\/\/aviaciondigital.com\/etiqueta\/faa\/\">&nbsp;Administraci\u00f3n Federal de Aviaci\u00f3n (FAA)<\/a><\/strong>, act\u00faa como un puente entre las fuerzas del orden y los expertos en aviaci\u00f3n. En abril de 2023, el agente especial&nbsp;<strong>Kenny Maldonado<\/strong>&nbsp;lider\u00f3 una reuni\u00f3n con el Grupo de Trabajo sobre L\u00e1ser\/UAS del Norte de Texas para abordar los crecientes reportes de ataques con l\u00e1ser azul que cegaban a pilotos de helic\u00f3pteros en Texas.<\/p>\n\n\n\n<p>Seg\u00fan Stacy Holland, piloto jefe del Departamento de Seguridad P\u00fablica de Texas, la colaboraci\u00f3n con LEAP ha sido clave para resolver varios casos de este tipo, especialmente ante el aumento de la potencia de los l\u00e1seres modernos, capaces de afectar aeronaves a mayores altitudes.<\/p>\n\n\n\n<h3 class=\"wp-block-heading\" id=\"h-impacto-de-los-ataques-con-laser\"><strong>Impacto de los ataques con l\u00e1ser<\/strong><\/h3>\n\n\n\n<p>Los incidentes de l\u00e1ser contra aeronaves son una amenaza significativa.\u00a0<strong>En lo que va de 2025, se han reportado m\u00e1s de 5,900 casos, mientras que en 2024 se registraron m\u00e1s de 12,800<\/strong>. Apuntar un l\u00e1ser al cielo puede incapacitar a los pilotos, poniendo en peligro no solo sus vidas, sino tambi\u00e9n las de los pasajeros y las comunidades en tierra. La FAA impone multas de hasta $32,646 y los responsables pueden enfrentar cargos penales.<\/p>\n\n\n\n<h3 class=\"wp-block-heading\" id=\"h-que-hace-el-programa-leap\"><strong>\u00bfQu\u00e9 hace el Programa LEAP?<\/strong><\/h3>\n\n\n\n<p>El LEAP no solo se centra en los ataques con l\u00e1ser, sino que ofrece una amplia gama de servicios para fortalecer la seguridad a\u00e9rea:<\/p>\n\n\n\n<ul class=\"wp-block-list\">\n<li><strong>Apoyo a investigaciones:<\/strong>\u00a0Proporciona informaci\u00f3n sobre registros de aeronaves, calificaciones de pilotos y actividades de vuelo.<\/li>\n\n\n\n<li><strong>Acciones de seguridad:<\/strong>\u00a0Coordina medidas como la suspensi\u00f3n o revocaci\u00f3n de licencias de pilotos inseguros.<\/li>\n\n\n\n<li><strong>Inspecciones en aeropuertos:<\/strong>\u00a0Realiza operaciones conjuntas para prevenir el uso indebido de aeronaves.<\/li>\n\n\n\n<li><strong>Asesoramiento sobre drones y l\u00e1seres:<\/strong>\u00a0Capacita a las fuerzas del orden en la respuesta a operaciones de drones inseguras y ataques con l\u00e1ser.<\/li>\n\n\n\n<li><strong>Coordinaci\u00f3n en eventos cr\u00edticos:<\/strong>\u00a0Apoya a las autoridades durante emergencias y eventos importantes, como incendios forestales o grandes espect\u00e1culos deportivos.<\/li>\n<\/ul>\n\n\n\n<h3 class=\"wp-block-heading\" id=\"h-un-enfoque-colaborativo\"><strong>Un enfoque colaborativo<\/strong><\/h3>\n\n\n\n<p>El LEAP trabaja con una red diversa de socios, incluyendo el Departamento de Justicia, el Departamento de Seguridad Nacional, polic\u00edas locales y estatales, e incluso socios internacionales y del sector privado, como SpaceX o la NFL. Este enfoque colaborativo garantiza una respuesta r\u00e1pida y efectiva ante amenazas a la seguridad a\u00e9rea, manteniendo un equilibrio entre la seguridad y los derechos de privacidad.<\/p>\n\n\n\n<h3 class=\"wp-block-heading\" id=\"h-impacto-y-compromiso-continuo\"><strong>Impacto y compromiso continuo<\/strong><\/h3>\n\n\n\n<p>Con m\u00e1s de 37 a\u00f1os de experiencia, el LEAP se ha consolidado como un recurso indispensable para las fuerzas del orden que buscan orientaci\u00f3n en casos relacionados con la aviaci\u00f3n. Desde la prevenci\u00f3n de delitos hasta la protecci\u00f3n de la infraestructura a\u00e9rea durante eventos masivos, el programa sigue siendo un pilar de la misi\u00f3n de seguridad de la FAA.<\/p>\n\n\n\n<p><strong>Fuente: aviaciondigital.com<\/strong><\/p>\n\n\n\n<p><\/p>\n","protected":false},"excerpt":{"rendered":"<p>(Aeronoticias): Aviaci\u00f3n Digital, Sp.-&nbsp;En 2023, el&nbsp;Programa de Asistencia a las Fuerzas del Orden de la FAA (LEAP)&nbsp;desempe\u00f1\u00f3 un papel crucial en&nbsp;la captura de un responsable de m\u00faltiples incidentes de ataques con l\u00e1ser a aeronaves en el \u00e1rea de Dallas-Fort Worth, Texas. Este esfuerzo conjunto con el Departamento de Seguridad P\u00fablica de Texas y otras agencias [&hellip;]<\/p>\n","protected":false},"author":3,"featured_media":95708,"comment_status":"closed","ping_status":"closed","sticky":false,"template":"","format":"standard","meta":{"tdm_status":"","tdm_grid_status":"","footnotes":""},"categories":[32,11],"tags":[6554,334,247,6555],"class_list":{"0":"post-95707","1":"post","2":"type-post","3":"status-publish","4":"format-standard","5":"has-post-thumbnail","7":"category-internacional","8":"category-transporte-aereo","9":"tag-ataques-con-laser-en-aeronaves","10":"tag-ee-uu","11":"tag-faa","12":"tag-leap"},"yoast_head":"<!-- This site is optimized with the Yoast SEO plugin v25.1 - https:\/\/yoast.com\/wordpress\/plugins\/seo\/ -->\n<title>La FAA intensifica esfuerzos contra ataques con l\u00e1ser a las aeronaves en EE. UU.<\/title>\n<meta name=\"description\" content=\"El Programa de Asistencia a las Fuerzas del Orden de la FAA colabora con autoridades para capturar a responsables de incidentes con l\u00e1ser, protegiendo la seguridad a\u00e9rea.\" \/>\n<meta name=\"robots\" content=\"index, follow, max-snippet:-1, max-image-preview:large, max-video-preview:-1\" \/>\n<link rel=\"canonical\" href=\"https:\/\/aeronoticias.com.pe\/noticiero\/transporte-aereo\/la-faa-intensifica-esfuerzos-contra-ataques-con-laser-a-las-aeronaves-en-ee-uu\/\" \/>\n<meta property=\"og:locale\" content=\"es_ES\" \/>\n<meta property=\"og:type\" content=\"article\" \/>\n<meta property=\"og:title\" content=\"La FAA intensifica esfuerzos contra ataques con l\u00e1ser a las aeronaves en EE. UU.\" \/>\n<meta property=\"og:description\" content=\"El Programa de Asistencia a las Fuerzas del Orden de la FAA colabora con autoridades para capturar a responsables de incidentes con l\u00e1ser, protegiendo la seguridad a\u00e9rea.\" \/>\n<meta property=\"og:url\" content=\"https:\/\/aeronoticias.com.pe\/noticiero\/transporte-aereo\/la-faa-intensifica-esfuerzos-contra-ataques-con-laser-a-las-aeronaves-en-ee-uu\/\" \/>\n<meta property=\"og:site_name\" content=\"Aeronoticias.com.pe\" \/>\n<meta property=\"article:publisher\" content=\"https:\/\/www.facebook.com\/Aeronoticias.com.pe\/\" \/>\n<meta property=\"article:published_time\" content=\"2025-09-04T17:25:20+00:00\" \/>\n<meta property=\"article:modified_time\" content=\"2025-09-04T17:25:37+00:00\" \/>\n<meta property=\"og:image\" content=\"https:\/\/aeronoticias.com.pe\/noticiero\/wp-content\/uploads\/2025\/09\/digi.jpg\" \/>\n\t<meta property=\"og:image:width\" content=\"1034\" \/>\n\t<meta property=\"og:image:height\" content=\"578\" \/>\n\t<meta property=\"og:image:type\" content=\"image\/jpeg\" \/>\n<meta name=\"author\" content=\"Redacci\u00f3n\" \/>\n<meta name=\"twitter:card\" content=\"summary_large_image\" \/>\n<meta name=\"twitter:creator\" content=\"@aeronoticias\" \/>\n<meta name=\"twitter:site\" content=\"@aeronoticias\" \/>\n<meta name=\"twitter:label1\" content=\"Escrito por\" \/>\n\t<meta name=\"twitter:data1\" content=\"Redacci\u00f3n\" \/>\n\t<meta name=\"twitter:label2\" content=\"Tiempo de lectura\" \/>\n\t<meta name=\"twitter:data2\" content=\"3 minutos\" \/>\n<script type=\"application\/ld+json\" class=\"yoast-schema-graph\">{\"@context\":\"https:\/\/schema.org\",\"@graph\":[{\"@type\":\"WebPage\",\"@id\":\"https:\/\/aeronoticias.com.pe\/noticiero\/transporte-aereo\/la-faa-intensifica-esfuerzos-contra-ataques-con-laser-a-las-aeronaves-en-ee-uu\/\",\"url\":\"https:\/\/aeronoticias.com.pe\/noticiero\/transporte-aereo\/la-faa-intensifica-esfuerzos-contra-ataques-con-laser-a-las-aeronaves-en-ee-uu\/\",\"name\":\"La FAA intensifica esfuerzos contra ataques con l\u00e1ser a las aeronaves en EE. UU.\",\"isPartOf\":{\"@id\":\"https:\/\/aeronoticias.com.pe\/noticiero\/#website\"},\"primaryImageOfPage\":{\"@id\":\"https:\/\/aeronoticias.com.pe\/noticiero\/transporte-aereo\/la-faa-intensifica-esfuerzos-contra-ataques-con-laser-a-las-aeronaves-en-ee-uu\/#primaryimage\"},\"image\":{\"@id\":\"https:\/\/aeronoticias.com.pe\/noticiero\/transporte-aereo\/la-faa-intensifica-esfuerzos-contra-ataques-con-laser-a-las-aeronaves-en-ee-uu\/#primaryimage\"},\"thumbnailUrl\":\"https:\/\/aeronoticias.com.pe\/noticiero\/wp-content\/uploads\/2025\/09\/digi.jpg\",\"datePublished\":\"2025-09-04T17:25:20+00:00\",\"dateModified\":\"2025-09-04T17:25:37+00:00\",\"author\":{\"@id\":\"https:\/\/aeronoticias.com.pe\/noticiero\/#\/schema\/person\/16212a617c73f78916b13194154243bd\"},\"description\":\"El Programa de Asistencia a las Fuerzas del Orden de la FAA colabora con autoridades para capturar a responsables de incidentes con l\u00e1ser, protegiendo la seguridad a\u00e9rea.\",\"breadcrumb\":{\"@id\":\"https:\/\/aeronoticias.com.pe\/noticiero\/transporte-aereo\/la-faa-intensifica-esfuerzos-contra-ataques-con-laser-a-las-aeronaves-en-ee-uu\/#breadcrumb\"},\"inLanguage\":\"es\",\"potentialAction\":[{\"@type\":\"ReadAction\",\"target\":[\"https:\/\/aeronoticias.com.pe\/noticiero\/transporte-aereo\/la-faa-intensifica-esfuerzos-contra-ataques-con-laser-a-las-aeronaves-en-ee-uu\/\"]}]},{\"@type\":\"ImageObject\",\"inLanguage\":\"es\",\"@id\":\"https:\/\/aeronoticias.com.pe\/noticiero\/transporte-aereo\/la-faa-intensifica-esfuerzos-contra-ataques-con-laser-a-las-aeronaves-en-ee-uu\/#primaryimage\",\"url\":\"https:\/\/aeronoticias.com.pe\/noticiero\/wp-content\/uploads\/2025\/09\/digi.jpg\",\"contentUrl\":\"https:\/\/aeronoticias.com.pe\/noticiero\/wp-content\/uploads\/2025\/09\/digi.jpg\",\"width\":1034,\"height\":578},{\"@type\":\"BreadcrumbList\",\"@id\":\"https:\/\/aeronoticias.com.pe\/noticiero\/transporte-aereo\/la-faa-intensifica-esfuerzos-contra-ataques-con-laser-a-las-aeronaves-en-ee-uu\/#breadcrumb\",\"itemListElement\":[{\"@type\":\"ListItem\",\"position\":1,\"name\":\"Portada\",\"item\":\"https:\/\/aeronoticias.com.pe\/noticiero\/\"},{\"@type\":\"ListItem\",\"position\":2,\"name\":\"La FAA intensifica esfuerzos contra ataques con l\u00e1ser a las aeronaves en EE. UU.\"}]},{\"@type\":\"WebSite\",\"@id\":\"https:\/\/aeronoticias.com.pe\/noticiero\/#website\",\"url\":\"https:\/\/aeronoticias.com.pe\/noticiero\/\",\"name\":\"Aeronoticias.com.pe\",\"description\":\"Noticias de tranporte aereo, turismo, hoteles, gastronomia, actualidad, internacional\",\"potentialAction\":[{\"@type\":\"SearchAction\",\"target\":{\"@type\":\"EntryPoint\",\"urlTemplate\":\"https:\/\/aeronoticias.com.pe\/noticiero\/?s={search_term_string}\"},\"query-input\":{\"@type\":\"PropertyValueSpecification\",\"valueRequired\":true,\"valueName\":\"search_term_string\"}}],\"inLanguage\":\"es\"},{\"@type\":\"Person\",\"@id\":\"https:\/\/aeronoticias.com.pe\/noticiero\/#\/schema\/person\/16212a617c73f78916b13194154243bd\",\"name\":\"Redacci\u00f3n\",\"sameAs\":[\"http:\/\/Redacci\u00f3n\"],\"url\":\"https:\/\/aeronoticias.com.pe\/noticiero\/author\/celeste\/\"}]}<\/script>\n<!-- \/ Yoast SEO plugin. -->","yoast_head_json":{"title":"La FAA intensifica esfuerzos contra ataques con l\u00e1ser a las aeronaves en EE. UU.","description":"El Programa de Asistencia a las Fuerzas del Orden de la FAA colabora con autoridades para capturar a responsables de incidentes con l\u00e1ser, protegiendo la seguridad a\u00e9rea.","robots":{"index":"index","follow":"follow","max-snippet":"max-snippet:-1","max-image-preview":"max-image-preview:large","max-video-preview":"max-video-preview:-1"},"canonical":"https:\/\/aeronoticias.com.pe\/noticiero\/transporte-aereo\/la-faa-intensifica-esfuerzos-contra-ataques-con-laser-a-las-aeronaves-en-ee-uu\/","og_locale":"es_ES","og_type":"article","og_title":"La FAA intensifica esfuerzos contra ataques con l\u00e1ser a las aeronaves en EE. UU.","og_description":"El Programa de Asistencia a las Fuerzas del Orden de la FAA colabora con autoridades para capturar a responsables de incidentes con l\u00e1ser, protegiendo la seguridad a\u00e9rea.","og_url":"https:\/\/aeronoticias.com.pe\/noticiero\/transporte-aereo\/la-faa-intensifica-esfuerzos-contra-ataques-con-laser-a-las-aeronaves-en-ee-uu\/","og_site_name":"Aeronoticias.com.pe","article_publisher":"https:\/\/www.facebook.com\/Aeronoticias.com.pe\/","article_published_time":"2025-09-04T17:25:20+00:00","article_modified_time":"2025-09-04T17:25:37+00:00","og_image":[{"width":1034,"height":578,"url":"https:\/\/aeronoticias.com.pe\/noticiero\/wp-content\/uploads\/2025\/09\/digi.jpg","type":"image\/jpeg"}],"author":"Redacci\u00f3n","twitter_card":"summary_large_image","twitter_creator":"@aeronoticias","twitter_site":"@aeronoticias","twitter_misc":{"Escrito por":"Redacci\u00f3n","Tiempo de lectura":"3 minutos"},"schema":{"@context":"https:\/\/schema.org","@graph":[{"@type":"WebPage","@id":"https:\/\/aeronoticias.com.pe\/noticiero\/transporte-aereo\/la-faa-intensifica-esfuerzos-contra-ataques-con-laser-a-las-aeronaves-en-ee-uu\/","url":"https:\/\/aeronoticias.com.pe\/noticiero\/transporte-aereo\/la-faa-intensifica-esfuerzos-contra-ataques-con-laser-a-las-aeronaves-en-ee-uu\/","name":"La FAA intensifica esfuerzos contra ataques con l\u00e1ser a las aeronaves en EE. UU.","isPartOf":{"@id":"https:\/\/aeronoticias.com.pe\/noticiero\/#website"},"primaryImageOfPage":{"@id":"https:\/\/aeronoticias.com.pe\/noticiero\/transporte-aereo\/la-faa-intensifica-esfuerzos-contra-ataques-con-laser-a-las-aeronaves-en-ee-uu\/#primaryimage"},"image":{"@id":"https:\/\/aeronoticias.com.pe\/noticiero\/transporte-aereo\/la-faa-intensifica-esfuerzos-contra-ataques-con-laser-a-las-aeronaves-en-ee-uu\/#primaryimage"},"thumbnailUrl":"https:\/\/aeronoticias.com.pe\/noticiero\/wp-content\/uploads\/2025\/09\/digi.jpg","datePublished":"2025-09-04T17:25:20+00:00","dateModified":"2025-09-04T17:25:37+00:00","author":{"@id":"https:\/\/aeronoticias.com.pe\/noticiero\/#\/schema\/person\/16212a617c73f78916b13194154243bd"},"description":"El Programa de Asistencia a las Fuerzas del Orden de la FAA colabora con autoridades para capturar a responsables de incidentes con l\u00e1ser, protegiendo la seguridad a\u00e9rea.","breadcrumb":{"@id":"https:\/\/aeronoticias.com.pe\/noticiero\/transporte-aereo\/la-faa-intensifica-esfuerzos-contra-ataques-con-laser-a-las-aeronaves-en-ee-uu\/#breadcrumb"},"inLanguage":"es","potentialAction":[{"@type":"ReadAction","target":["https:\/\/aeronoticias.com.pe\/noticiero\/transporte-aereo\/la-faa-intensifica-esfuerzos-contra-ataques-con-laser-a-las-aeronaves-en-ee-uu\/"]}]},{"@type":"ImageObject","inLanguage":"es","@id":"https:\/\/aeronoticias.com.pe\/noticiero\/transporte-aereo\/la-faa-intensifica-esfuerzos-contra-ataques-con-laser-a-las-aeronaves-en-ee-uu\/#primaryimage","url":"https:\/\/aeronoticias.com.pe\/noticiero\/wp-content\/uploads\/2025\/09\/digi.jpg","contentUrl":"https:\/\/aeronoticias.com.pe\/noticiero\/wp-content\/uploads\/2025\/09\/digi.jpg","width":1034,"height":578},{"@type":"BreadcrumbList","@id":"https:\/\/aeronoticias.com.pe\/noticiero\/transporte-aereo\/la-faa-intensifica-esfuerzos-contra-ataques-con-laser-a-las-aeronaves-en-ee-uu\/#breadcrumb","itemListElement":[{"@type":"ListItem","position":1,"name":"Portada","item":"https:\/\/aeronoticias.com.pe\/noticiero\/"},{"@type":"ListItem","position":2,"name":"La FAA intensifica esfuerzos contra ataques con l\u00e1ser a las aeronaves en EE. UU."}]},{"@type":"WebSite","@id":"https:\/\/aeronoticias.com.pe\/noticiero\/#website","url":"https:\/\/aeronoticias.com.pe\/noticiero\/","name":"Aeronoticias.com.pe","description":"Noticias de tranporte aereo, turismo, hoteles, gastronomia, actualidad, internacional","potentialAction":[{"@type":"SearchAction","target":{"@type":"EntryPoint","urlTemplate":"https:\/\/aeronoticias.com.pe\/noticiero\/?s={search_term_string}"},"query-input":{"@type":"PropertyValueSpecification","valueRequired":true,"valueName":"search_term_string"}}],"inLanguage":"es"},{"@type":"Person","@id":"https:\/\/aeronoticias.com.pe\/noticiero\/#\/schema\/person\/16212a617c73f78916b13194154243bd","name":"Redacci\u00f3n","sameAs":["http:\/\/Redacci\u00f3n"],"url":"https:\/\/aeronoticias.com.pe\/noticiero\/author\/celeste\/"}]}},"_links":{"self":[{"href":"https:\/\/aeronoticias.com.pe\/noticiero\/wp-json\/wp\/v2\/posts\/95707","targetHints":{"allow":["GET"]}}],"collection":[{"href":"https:\/\/aeronoticias.com.pe\/noticiero\/wp-json\/wp\/v2\/posts"}],"about":[{"href":"https:\/\/aeronoticias.com.pe\/noticiero\/wp-json\/wp\/v2\/types\/post"}],"author":[{"embeddable":true,"href":"https:\/\/aeronoticias.com.pe\/noticiero\/wp-json\/wp\/v2\/users\/3"}],"replies":[{"embeddable":true,"href":"https:\/\/aeronoticias.com.pe\/noticiero\/wp-json\/wp\/v2\/comments?post=95707"}],"version-history":[{"count":1,"href":"https:\/\/aeronoticias.com.pe\/noticiero\/wp-json\/wp\/v2\/posts\/95707\/revisions"}],"predecessor-version":[{"id":95709,"href":"https:\/\/aeronoticias.com.pe\/noticiero\/wp-json\/wp\/v2\/posts\/95707\/revisions\/95709"}],"wp:featuredmedia":[{"embeddable":true,"href":"https:\/\/aeronoticias.com.pe\/noticiero\/wp-json\/wp\/v2\/media\/95708"}],"wp:attachment":[{"href":"https:\/\/aeronoticias.com.pe\/noticiero\/wp-json\/wp\/v2\/media?parent=95707"}],"wp:term":[{"taxonomy":"category","embeddable":true,"href":"https:\/\/aeronoticias.com.pe\/noticiero\/wp-json\/wp\/v2\/categories?post=95707"},{"taxonomy":"post_tag","embeddable":true,"href":"https:\/\/aeronoticias.com.pe\/noticiero\/wp-json\/wp\/v2\/tags?post=95707"}],"curies":[{"name":"wp","href":"https:\/\/api.w.org\/{rel}","templated":true}]}}