{"id":95710,"date":"2025-09-04T12:33:51","date_gmt":"2025-09-04T17:33:51","guid":{"rendered":"https:\/\/aeronoticias.com.pe\/noticiero\/?p=95710"},"modified":"2025-09-04T12:33:53","modified_gmt":"2025-09-04T17:33:53","slug":"interferencia-gps-en-el-avion-de-von-der-leyen-en-bulgaria-genera-preocupacion-por-tacticas-rusas","status":"publish","type":"post","link":"https:\/\/aeronoticias.com.pe\/noticiero\/transporte-aereo\/internacional\/interferencia-gps-en-el-avion-de-von-der-leyen-en-bulgaria-genera-preocupacion-por-tacticas-rusas\/","title":{"rendered":"Interferencia GPS en el avi\u00f3n de von der Leyen en Bulgaria genera preocupaci\u00f3n por t\u00e1cticas rusas"},"content":{"rendered":"\n<p><strong>(Aeronoticias)<\/strong>: <strong>Aviaci\u00f3n Digital, Sp.-<\/strong>&nbsp;<em>El pasado domingo 31 de agosto de 2025, un avi\u00f3n que transportaba a Ursula von der Leyen, presidenta de la Comisi\u00f3n Europea, se enfrent\u00f3 a una grave&nbsp;<strong>interferencia GPS<\/strong>&nbsp;durante su aproximaci\u00f3n al aeropuerto de Plovdiv, Bulgaria. Este incidente, que involucr\u00f3 t\u00e9cnicas de&nbsp;<strong><a href=\"https:\/\/aviaciondigital.com\/etiqueta\/jamming\/\">jamming<\/a><\/strong>&nbsp;y&nbsp;<strong><a href=\"https:\/\/aviaciondigital.com\/etiqueta\/spoofing\/\">spoofing<\/a><\/strong>, ha encendido alarmas sobre las vulnerabilidades de la aviaci\u00f3n civil y las posibles t\u00e1cticas de guerra h\u00edbrida atribuidas a Rusia.<\/em><\/p>\n\n\n\n<h3 class=\"wp-block-heading\" id=\"h-detalles-del-incidente-en-plovdiv\"><strong>Detalles del Incidente en Plovdiv<\/strong><\/h3>\n\n\n\n<p>El avi\u00f3n, que formaba parte de la gira de von der Leyen por pa\u00edses de la Uni\u00f3n Europea cercanos a Rusia, Bielorrusia y el Mar Negro, sufri\u00f3 una interrupci\u00f3n en su sistema de navegaci\u00f3n satelital. La interferencia GPS neutraliz\u00f3 los sistemas de la aeronave, obligando al piloto a recurrir a la navegaci\u00f3n convencional, para aterrizar de forma segura tras orbitar durante una hora sobre el aeropuerto. von der Leyen continu\u00f3 su agenda, que incluy\u00f3 reuniones con el primer ministro b\u00falgaro Rosen Zhelyazkov y una visita a una f\u00e1brica de municiones.<\/p>\n\n\n\n<p>T\u00e9cnicamente, el&nbsp;<strong>jamming<\/strong>&nbsp;implica la emisi\u00f3n de se\u00f1ales potentes para bloquear las comunicaciones satelitales, mientras que el&nbsp;<strong>spoofing<\/strong>&nbsp;sustituye se\u00f1ales leg\u00edtimas por falsas, lo que puede desorientar a los sistemas de navegaci\u00f3n. Ambos m\u00e9todos representan riesgos significativos durante maniobras cr\u00edticas como despegues y aterrizajes.&nbsp;<strong>La Autoridad de Servicios de Tr\u00e1fico A\u00e9reo de Bulgaria (BULATSA) report\u00f3 un aumento en este tipo de interferencias<\/strong>&nbsp;desde el inicio de la invasi\u00f3n rusa a Ucrania en 2022.<\/p>\n\n\n\n<h3 class=\"wp-block-heading\" id=\"h-sospechas-de-intervencion-rusa\"><strong>Sospechas de Intervenci\u00f3n Rusa<\/strong><\/h3>\n\n\n\n<p>Las autoridades b\u00falgaras notificaron a la Comisi\u00f3n Europea que sospechan de una \u201c<em>interferencia flagrante<\/em>\u201d de origen ruso, consider\u00e1ndola parte de una estrategia de guerra h\u00edbrida destinada a desestabilizar la seguridad europea. Aunque no se ha confirmado un ataque directo contra von der Leyen, portavoces de la UE se\u00f1alaron que estas acciones son consistentes con las t\u00e1cticas hostiles de Rusia, que incluyen intimidaci\u00f3n y disrupci\u00f3n tecnol\u00f3gica. El Kremlin, por su parte, neg\u00f3 las acusaciones a trav\u00e9s de su portavoz Dmitry Peskov, calific\u00e1ndolas de \u201c<em>incorrectas<\/em>\u201d.<\/p>\n\n\n\n<h3 class=\"wp-block-heading\" id=\"h-un-patron-creciente-en-europa\"><strong>Un Patr\u00f3n Creciente en Europa<\/strong><\/h3>\n\n\n\n<p>El incidente no es aislado. Desde 2022, Europa ha registrado decenas de miles de casos de&nbsp;<strong>interferencia GPS en aviaci\u00f3n<\/strong>, especialmente en el Mar B\u00e1ltico y pa\u00edses cercanos a Rusia. Ejemplos previos incluyen el jamming de un avi\u00f3n de la RAF que transportaba al exsecretario de Defensa brit\u00e1nico Grant Shapps en 2024 cerca de Kaliningrado, y desv\u00edos de vuelos de Finnair en Estonia.<\/p>\n\n\n\n<p>La Uni\u00f3n Europea, consciente de estas amenazas, planea fortalecer su seguridad a\u00e9rea mediante el despliegue de sat\u00e9lites en \u00f3rbita baja para detectar interferencias. La Agencia de Seguridad A\u00e9rea de la Uni\u00f3n Europea (EASA) ha intensificado esfuerzos para abordar el&nbsp;<strong>spoofing<\/strong>, convocando conferencias y promoviendo medidas de mitigaci\u00f3n entre los estados miembros.<\/p>\n\n\n\n<p><strong>Fuente: aviaciondigital.com<\/strong><\/p>\n","protected":false},"excerpt":{"rendered":"<p>(Aeronoticias): Aviaci\u00f3n Digital, Sp.-&nbsp;El pasado domingo 31 de agosto de 2025, un avi\u00f3n que transportaba a Ursula von der Leyen, presidenta de la Comisi\u00f3n Europea, se enfrent\u00f3 a una grave&nbsp;interferencia GPS&nbsp;durante su aproximaci\u00f3n al aeropuerto de Plovdiv, Bulgaria. Este incidente, que involucr\u00f3 t\u00e9cnicas de&nbsp;jamming&nbsp;y&nbsp;spoofing, ha encendido alarmas sobre las vulnerabilidades de la aviaci\u00f3n civil y [&hellip;]<\/p>\n","protected":false},"author":3,"featured_media":95711,"comment_status":"closed","ping_status":"closed","sticky":false,"template":"","format":"standard","meta":{"tdm_status":"","tdm_grid_status":"","footnotes":""},"categories":[32,34],"tags":[281,6557,6556,442],"class_list":{"0":"post-95710","1":"post","2":"type-post","3":"status-publish","4":"format-standard","5":"has-post-thumbnail","7":"category-internacional","8":"category-internacionales","9":"tag-easa","10":"tag-intervencion-rusa","11":"tag-spoofing","12":"tag-union-europea"},"yoast_head":"<!-- This site is optimized with the Yoast SEO plugin v25.1 - https:\/\/yoast.com\/wordpress\/plugins\/seo\/ -->\n<title>Interferencia GPS en el avi\u00f3n de von der Leyen en Bulgaria genera preocupaci\u00f3n por t\u00e1cticas rusas<\/title>\n<meta name=\"description\" content=\"El incidente de jamming y spoofing en Plovdiv resalta vulnerabilidades en la aviaci\u00f3n civil y refuerza preocupaciones sobre guerra h\u00edbrida.\" \/>\n<meta name=\"robots\" content=\"index, follow, max-snippet:-1, max-image-preview:large, max-video-preview:-1\" \/>\n<link rel=\"canonical\" href=\"https:\/\/aeronoticias.com.pe\/noticiero\/transporte-aereo\/internacional\/interferencia-gps-en-el-avion-de-von-der-leyen-en-bulgaria-genera-preocupacion-por-tacticas-rusas\/\" \/>\n<meta property=\"og:locale\" content=\"es_ES\" \/>\n<meta property=\"og:type\" content=\"article\" \/>\n<meta property=\"og:title\" content=\"Interferencia GPS en el avi\u00f3n de von der Leyen en Bulgaria genera preocupaci\u00f3n por t\u00e1cticas rusas\" \/>\n<meta property=\"og:description\" content=\"El incidente de jamming y spoofing en Plovdiv resalta vulnerabilidades en la aviaci\u00f3n civil y refuerza preocupaciones sobre guerra h\u00edbrida.\" \/>\n<meta property=\"og:url\" content=\"https:\/\/aeronoticias.com.pe\/noticiero\/transporte-aereo\/internacional\/interferencia-gps-en-el-avion-de-von-der-leyen-en-bulgaria-genera-preocupacion-por-tacticas-rusas\/\" \/>\n<meta property=\"og:site_name\" content=\"Aeronoticias.com.pe\" \/>\n<meta property=\"article:publisher\" content=\"https:\/\/www.facebook.com\/Aeronoticias.com.pe\/\" \/>\n<meta property=\"article:published_time\" content=\"2025-09-04T17:33:51+00:00\" \/>\n<meta property=\"article:modified_time\" content=\"2025-09-04T17:33:53+00:00\" \/>\n<meta property=\"og:image\" content=\"https:\/\/aeronoticias.com.pe\/noticiero\/wp-content\/uploads\/2025\/09\/cnn.jpg\" \/>\n\t<meta property=\"og:image:width\" content=\"1036\" \/>\n\t<meta property=\"og:image:height\" content=\"771\" \/>\n\t<meta property=\"og:image:type\" content=\"image\/jpeg\" \/>\n<meta name=\"author\" content=\"Redacci\u00f3n\" \/>\n<meta name=\"twitter:card\" content=\"summary_large_image\" \/>\n<meta name=\"twitter:creator\" content=\"@aeronoticias\" \/>\n<meta name=\"twitter:site\" content=\"@aeronoticias\" \/>\n<meta name=\"twitter:label1\" content=\"Escrito por\" \/>\n\t<meta name=\"twitter:data1\" content=\"Redacci\u00f3n\" \/>\n\t<meta name=\"twitter:label2\" content=\"Tiempo de lectura\" \/>\n\t<meta name=\"twitter:data2\" content=\"3 minutos\" \/>\n<script type=\"application\/ld+json\" class=\"yoast-schema-graph\">{\"@context\":\"https:\/\/schema.org\",\"@graph\":[{\"@type\":\"WebPage\",\"@id\":\"https:\/\/aeronoticias.com.pe\/noticiero\/transporte-aereo\/internacional\/interferencia-gps-en-el-avion-de-von-der-leyen-en-bulgaria-genera-preocupacion-por-tacticas-rusas\/\",\"url\":\"https:\/\/aeronoticias.com.pe\/noticiero\/transporte-aereo\/internacional\/interferencia-gps-en-el-avion-de-von-der-leyen-en-bulgaria-genera-preocupacion-por-tacticas-rusas\/\",\"name\":\"Interferencia GPS en el avi\u00f3n de von der Leyen en Bulgaria genera preocupaci\u00f3n por t\u00e1cticas rusas\",\"isPartOf\":{\"@id\":\"https:\/\/aeronoticias.com.pe\/noticiero\/#website\"},\"primaryImageOfPage\":{\"@id\":\"https:\/\/aeronoticias.com.pe\/noticiero\/transporte-aereo\/internacional\/interferencia-gps-en-el-avion-de-von-der-leyen-en-bulgaria-genera-preocupacion-por-tacticas-rusas\/#primaryimage\"},\"image\":{\"@id\":\"https:\/\/aeronoticias.com.pe\/noticiero\/transporte-aereo\/internacional\/interferencia-gps-en-el-avion-de-von-der-leyen-en-bulgaria-genera-preocupacion-por-tacticas-rusas\/#primaryimage\"},\"thumbnailUrl\":\"https:\/\/aeronoticias.com.pe\/noticiero\/wp-content\/uploads\/2025\/09\/cnn.jpg\",\"datePublished\":\"2025-09-04T17:33:51+00:00\",\"dateModified\":\"2025-09-04T17:33:53+00:00\",\"author\":{\"@id\":\"https:\/\/aeronoticias.com.pe\/noticiero\/#\/schema\/person\/16212a617c73f78916b13194154243bd\"},\"description\":\"El incidente de jamming y spoofing en Plovdiv resalta vulnerabilidades en la aviaci\u00f3n civil y refuerza preocupaciones sobre guerra h\u00edbrida.\",\"breadcrumb\":{\"@id\":\"https:\/\/aeronoticias.com.pe\/noticiero\/transporte-aereo\/internacional\/interferencia-gps-en-el-avion-de-von-der-leyen-en-bulgaria-genera-preocupacion-por-tacticas-rusas\/#breadcrumb\"},\"inLanguage\":\"es\",\"potentialAction\":[{\"@type\":\"ReadAction\",\"target\":[\"https:\/\/aeronoticias.com.pe\/noticiero\/transporte-aereo\/internacional\/interferencia-gps-en-el-avion-de-von-der-leyen-en-bulgaria-genera-preocupacion-por-tacticas-rusas\/\"]}]},{\"@type\":\"ImageObject\",\"inLanguage\":\"es\",\"@id\":\"https:\/\/aeronoticias.com.pe\/noticiero\/transporte-aereo\/internacional\/interferencia-gps-en-el-avion-de-von-der-leyen-en-bulgaria-genera-preocupacion-por-tacticas-rusas\/#primaryimage\",\"url\":\"https:\/\/aeronoticias.com.pe\/noticiero\/wp-content\/uploads\/2025\/09\/cnn.jpg\",\"contentUrl\":\"https:\/\/aeronoticias.com.pe\/noticiero\/wp-content\/uploads\/2025\/09\/cnn.jpg\",\"width\":1036,\"height\":771},{\"@type\":\"BreadcrumbList\",\"@id\":\"https:\/\/aeronoticias.com.pe\/noticiero\/transporte-aereo\/internacional\/interferencia-gps-en-el-avion-de-von-der-leyen-en-bulgaria-genera-preocupacion-por-tacticas-rusas\/#breadcrumb\",\"itemListElement\":[{\"@type\":\"ListItem\",\"position\":1,\"name\":\"Portada\",\"item\":\"https:\/\/aeronoticias.com.pe\/noticiero\/\"},{\"@type\":\"ListItem\",\"position\":2,\"name\":\"Interferencia GPS en el avi\u00f3n de von der Leyen en Bulgaria genera preocupaci\u00f3n por t\u00e1cticas rusas\"}]},{\"@type\":\"WebSite\",\"@id\":\"https:\/\/aeronoticias.com.pe\/noticiero\/#website\",\"url\":\"https:\/\/aeronoticias.com.pe\/noticiero\/\",\"name\":\"Aeronoticias.com.pe\",\"description\":\"Noticias de tranporte aereo, turismo, hoteles, gastronomia, actualidad, internacional\",\"potentialAction\":[{\"@type\":\"SearchAction\",\"target\":{\"@type\":\"EntryPoint\",\"urlTemplate\":\"https:\/\/aeronoticias.com.pe\/noticiero\/?s={search_term_string}\"},\"query-input\":{\"@type\":\"PropertyValueSpecification\",\"valueRequired\":true,\"valueName\":\"search_term_string\"}}],\"inLanguage\":\"es\"},{\"@type\":\"Person\",\"@id\":\"https:\/\/aeronoticias.com.pe\/noticiero\/#\/schema\/person\/16212a617c73f78916b13194154243bd\",\"name\":\"Redacci\u00f3n\",\"sameAs\":[\"http:\/\/Redacci\u00f3n\"],\"url\":\"https:\/\/aeronoticias.com.pe\/noticiero\/author\/celeste\/\"}]}<\/script>\n<!-- \/ Yoast SEO plugin. -->","yoast_head_json":{"title":"Interferencia GPS en el avi\u00f3n de von der Leyen en Bulgaria genera preocupaci\u00f3n por t\u00e1cticas rusas","description":"El incidente de jamming y spoofing en Plovdiv resalta vulnerabilidades en la aviaci\u00f3n civil y refuerza preocupaciones sobre guerra h\u00edbrida.","robots":{"index":"index","follow":"follow","max-snippet":"max-snippet:-1","max-image-preview":"max-image-preview:large","max-video-preview":"max-video-preview:-1"},"canonical":"https:\/\/aeronoticias.com.pe\/noticiero\/transporte-aereo\/internacional\/interferencia-gps-en-el-avion-de-von-der-leyen-en-bulgaria-genera-preocupacion-por-tacticas-rusas\/","og_locale":"es_ES","og_type":"article","og_title":"Interferencia GPS en el avi\u00f3n de von der Leyen en Bulgaria genera preocupaci\u00f3n por t\u00e1cticas rusas","og_description":"El incidente de jamming y spoofing en Plovdiv resalta vulnerabilidades en la aviaci\u00f3n civil y refuerza preocupaciones sobre guerra h\u00edbrida.","og_url":"https:\/\/aeronoticias.com.pe\/noticiero\/transporte-aereo\/internacional\/interferencia-gps-en-el-avion-de-von-der-leyen-en-bulgaria-genera-preocupacion-por-tacticas-rusas\/","og_site_name":"Aeronoticias.com.pe","article_publisher":"https:\/\/www.facebook.com\/Aeronoticias.com.pe\/","article_published_time":"2025-09-04T17:33:51+00:00","article_modified_time":"2025-09-04T17:33:53+00:00","og_image":[{"width":1036,"height":771,"url":"https:\/\/aeronoticias.com.pe\/noticiero\/wp-content\/uploads\/2025\/09\/cnn.jpg","type":"image\/jpeg"}],"author":"Redacci\u00f3n","twitter_card":"summary_large_image","twitter_creator":"@aeronoticias","twitter_site":"@aeronoticias","twitter_misc":{"Escrito por":"Redacci\u00f3n","Tiempo de lectura":"3 minutos"},"schema":{"@context":"https:\/\/schema.org","@graph":[{"@type":"WebPage","@id":"https:\/\/aeronoticias.com.pe\/noticiero\/transporte-aereo\/internacional\/interferencia-gps-en-el-avion-de-von-der-leyen-en-bulgaria-genera-preocupacion-por-tacticas-rusas\/","url":"https:\/\/aeronoticias.com.pe\/noticiero\/transporte-aereo\/internacional\/interferencia-gps-en-el-avion-de-von-der-leyen-en-bulgaria-genera-preocupacion-por-tacticas-rusas\/","name":"Interferencia GPS en el avi\u00f3n de von der Leyen en Bulgaria genera preocupaci\u00f3n por t\u00e1cticas rusas","isPartOf":{"@id":"https:\/\/aeronoticias.com.pe\/noticiero\/#website"},"primaryImageOfPage":{"@id":"https:\/\/aeronoticias.com.pe\/noticiero\/transporte-aereo\/internacional\/interferencia-gps-en-el-avion-de-von-der-leyen-en-bulgaria-genera-preocupacion-por-tacticas-rusas\/#primaryimage"},"image":{"@id":"https:\/\/aeronoticias.com.pe\/noticiero\/transporte-aereo\/internacional\/interferencia-gps-en-el-avion-de-von-der-leyen-en-bulgaria-genera-preocupacion-por-tacticas-rusas\/#primaryimage"},"thumbnailUrl":"https:\/\/aeronoticias.com.pe\/noticiero\/wp-content\/uploads\/2025\/09\/cnn.jpg","datePublished":"2025-09-04T17:33:51+00:00","dateModified":"2025-09-04T17:33:53+00:00","author":{"@id":"https:\/\/aeronoticias.com.pe\/noticiero\/#\/schema\/person\/16212a617c73f78916b13194154243bd"},"description":"El incidente de jamming y spoofing en Plovdiv resalta vulnerabilidades en la aviaci\u00f3n civil y refuerza preocupaciones sobre guerra h\u00edbrida.","breadcrumb":{"@id":"https:\/\/aeronoticias.com.pe\/noticiero\/transporte-aereo\/internacional\/interferencia-gps-en-el-avion-de-von-der-leyen-en-bulgaria-genera-preocupacion-por-tacticas-rusas\/#breadcrumb"},"inLanguage":"es","potentialAction":[{"@type":"ReadAction","target":["https:\/\/aeronoticias.com.pe\/noticiero\/transporte-aereo\/internacional\/interferencia-gps-en-el-avion-de-von-der-leyen-en-bulgaria-genera-preocupacion-por-tacticas-rusas\/"]}]},{"@type":"ImageObject","inLanguage":"es","@id":"https:\/\/aeronoticias.com.pe\/noticiero\/transporte-aereo\/internacional\/interferencia-gps-en-el-avion-de-von-der-leyen-en-bulgaria-genera-preocupacion-por-tacticas-rusas\/#primaryimage","url":"https:\/\/aeronoticias.com.pe\/noticiero\/wp-content\/uploads\/2025\/09\/cnn.jpg","contentUrl":"https:\/\/aeronoticias.com.pe\/noticiero\/wp-content\/uploads\/2025\/09\/cnn.jpg","width":1036,"height":771},{"@type":"BreadcrumbList","@id":"https:\/\/aeronoticias.com.pe\/noticiero\/transporte-aereo\/internacional\/interferencia-gps-en-el-avion-de-von-der-leyen-en-bulgaria-genera-preocupacion-por-tacticas-rusas\/#breadcrumb","itemListElement":[{"@type":"ListItem","position":1,"name":"Portada","item":"https:\/\/aeronoticias.com.pe\/noticiero\/"},{"@type":"ListItem","position":2,"name":"Interferencia GPS en el avi\u00f3n de von der Leyen en Bulgaria genera preocupaci\u00f3n por t\u00e1cticas rusas"}]},{"@type":"WebSite","@id":"https:\/\/aeronoticias.com.pe\/noticiero\/#website","url":"https:\/\/aeronoticias.com.pe\/noticiero\/","name":"Aeronoticias.com.pe","description":"Noticias de tranporte aereo, turismo, hoteles, gastronomia, actualidad, internacional","potentialAction":[{"@type":"SearchAction","target":{"@type":"EntryPoint","urlTemplate":"https:\/\/aeronoticias.com.pe\/noticiero\/?s={search_term_string}"},"query-input":{"@type":"PropertyValueSpecification","valueRequired":true,"valueName":"search_term_string"}}],"inLanguage":"es"},{"@type":"Person","@id":"https:\/\/aeronoticias.com.pe\/noticiero\/#\/schema\/person\/16212a617c73f78916b13194154243bd","name":"Redacci\u00f3n","sameAs":["http:\/\/Redacci\u00f3n"],"url":"https:\/\/aeronoticias.com.pe\/noticiero\/author\/celeste\/"}]}},"_links":{"self":[{"href":"https:\/\/aeronoticias.com.pe\/noticiero\/wp-json\/wp\/v2\/posts\/95710","targetHints":{"allow":["GET"]}}],"collection":[{"href":"https:\/\/aeronoticias.com.pe\/noticiero\/wp-json\/wp\/v2\/posts"}],"about":[{"href":"https:\/\/aeronoticias.com.pe\/noticiero\/wp-json\/wp\/v2\/types\/post"}],"author":[{"embeddable":true,"href":"https:\/\/aeronoticias.com.pe\/noticiero\/wp-json\/wp\/v2\/users\/3"}],"replies":[{"embeddable":true,"href":"https:\/\/aeronoticias.com.pe\/noticiero\/wp-json\/wp\/v2\/comments?post=95710"}],"version-history":[{"count":1,"href":"https:\/\/aeronoticias.com.pe\/noticiero\/wp-json\/wp\/v2\/posts\/95710\/revisions"}],"predecessor-version":[{"id":95712,"href":"https:\/\/aeronoticias.com.pe\/noticiero\/wp-json\/wp\/v2\/posts\/95710\/revisions\/95712"}],"wp:featuredmedia":[{"embeddable":true,"href":"https:\/\/aeronoticias.com.pe\/noticiero\/wp-json\/wp\/v2\/media\/95711"}],"wp:attachment":[{"href":"https:\/\/aeronoticias.com.pe\/noticiero\/wp-json\/wp\/v2\/media?parent=95710"}],"wp:term":[{"taxonomy":"category","embeddable":true,"href":"https:\/\/aeronoticias.com.pe\/noticiero\/wp-json\/wp\/v2\/categories?post=95710"},{"taxonomy":"post_tag","embeddable":true,"href":"https:\/\/aeronoticias.com.pe\/noticiero\/wp-json\/wp\/v2\/tags?post=95710"}],"curies":[{"name":"wp","href":"https:\/\/api.w.org\/{rel}","templated":true}]}}