{"id":95722,"date":"2025-09-05T12:23:45","date_gmt":"2025-09-05T17:23:45","guid":{"rendered":"https:\/\/aeronoticias.com.pe\/noticiero\/?p=95722"},"modified":"2025-09-05T12:23:49","modified_gmt":"2025-09-05T17:23:49","slug":"concluye-tocumen-modernizacion-de-su-terminal-de-carga","status":"publish","type":"post","link":"https:\/\/aeronoticias.com.pe\/noticiero\/transporte-aereo\/internacional\/concluye-tocumen-modernizacion-de-su-terminal-de-carga\/","title":{"rendered":"Concluye Tocumen modernizaci\u00f3n de su terminal de carga"},"content":{"rendered":"\n<p><strong>(Aeronoticias)<\/strong>: <strong>El Aeropuerto Internacional de Tocumen, Panam\u00e1, avanza en su proceso de modernizaci\u00f3n con la culminaci\u00f3n de trabajos en su hist\u00f3rica terminal de carga, una infraestructura que opera desde 1947 y que se mantiene activa como centro estrat\u00e9gico para el transporte de mercanc\u00edas y vuelos privados.&nbsp;<\/strong><\/p>\n\n\n\n<p>La obra incluy\u00f3 la impermeabilizaci\u00f3n de las losas del edificio y forma parte de un plan integral de conservaci\u00f3n de las instalaciones.<\/p>\n\n\n\n<p>La inversi\u00f3n alcanz\u00f3 los 575 mil d\u00f3lares y fue ejecutada por la empresa OPG Communications, Inc., que aplic\u00f3 una membrana TPO de 2.0 mil\u00edmetros, reconocida por su durabilidad frente a las condiciones clim\u00e1ticas.<\/p>\n\n\n\n<p>A estos trabajos se suman 60 mil d\u00f3lares adicionales para resane de grietas, sellado de ventanas y pintura exterior.<\/p>\n\n\n\n<p>Jos\u00e9 Ruiz, gerente general del aeropuerto, explic\u00f3 que estas acciones buscan garantizar la continuidad operativa de la terminal de carga y fortalecer su papel en el comercio internacional.<\/p>\n\n\n\n<p>\u201cEstamos elevando los est\u00e1ndares de calidad y resiliencia de nuestras instalaciones, con una visi\u00f3n de largo plazo que responde a las crecientes demandas del comercio internacional\u201d, agreg\u00f3.<\/p>\n\n\n\n<p>Actualmente, la terminal concentra operaciones de 17 aerol\u00edneas de carga que movilizan mercanc\u00edas de alto valor y r\u00e1pida rotaci\u00f3n, como productos farmac\u00e9uticos, tecnolog\u00eda, perecederos y carga consolidada.<\/p>\n\n\n\n<p>Entre enero y julio de 2025 se transportaron 138,275 toneladas m\u00e9tricas de mercanc\u00edas y correo, lo que represent\u00f3 un incremento del 16% respecto al mismo periodo del a\u00f1o anterior, con 18,749 toneladas adicionales.<\/p>\n\n\n\n<p><strong>Ruiz a\u00f1adi\u00f3 que \u201ccada mejora en esta terminal es una inversi\u00f3n estrat\u00e9gica que fortalece nuestra capacidad para atraer nuevas rutas de carga y operadores log\u00edsticos\u201d.<\/strong><\/p>\n\n\n\n<p>El vicepresidente de Mantenimiento de Tocumen S.A., Andr\u00e9 Mendoza, indic\u00f3 que los trabajos permiten reforzar la protecci\u00f3n estructural y asegurar las condiciones operativas del recinto.<\/p>\n\n\n\n<p>Explic\u00f3 que en una siguiente fase se prev\u00e9n remodelaciones internas en ba\u00f1os, cielos rasos y luminarias, as\u00ed como la construcci\u00f3n de nuevos estacionamientos.<\/p>\n\n\n\n<p><strong>Con estas acciones, Tocumen mantiene su posici\u00f3n como centro log\u00edstico clave en Am\u00e9rica Latina y el Caribe, y refuerza el compromiso de Panam\u00e1 con el desarrollo econ\u00f3mico y la conectividad regional.&nbsp;<\/strong><\/p>\n\n\n\n<p><strong>Fuente: A21.com.mx<\/strong><\/p>\n","protected":false},"excerpt":{"rendered":"<p>(Aeronoticias): El Aeropuerto Internacional de Tocumen, Panam\u00e1, avanza en su proceso de modernizaci\u00f3n con la culminaci\u00f3n de trabajos en su hist\u00f3rica terminal de carga, una infraestructura que opera desde 1947 y que se mantiene activa como centro estrat\u00e9gico para el transporte de mercanc\u00edas y vuelos privados.&nbsp; La obra incluy\u00f3 la impermeabilizaci\u00f3n de las losas del [&hellip;]<\/p>\n","protected":false},"author":3,"featured_media":95723,"comment_status":"closed","ping_status":"closed","sticky":false,"template":"","format":"standard","meta":{"tdm_status":"","tdm_grid_status":"","footnotes":""},"categories":[32,34],"tags":[807,6562,967],"class_list":{"0":"post-95722","1":"post","2":"type-post","3":"status-publish","4":"format-standard","5":"has-post-thumbnail","7":"category-internacional","8":"category-internacionales","9":"tag-america-latina","10":"tag-modernizacion-del-terminal-de-carga","11":"tag-tocumen"},"yoast_head":"<!-- This site is optimized with the Yoast SEO plugin v25.1 - https:\/\/yoast.com\/wordpress\/plugins\/seo\/ -->\n<title>Concluye Tocumen modernizaci\u00f3n de su terminal de carga<\/title>\n<meta name=\"description\" content=\"El aeropuerto inaugurado en 1947 busca recuperar su liderazgo como centro estrat\u00e9gico del comercio internacional y conectividad regional.\" \/>\n<meta name=\"robots\" content=\"index, follow, max-snippet:-1, max-image-preview:large, max-video-preview:-1\" \/>\n<link rel=\"canonical\" href=\"https:\/\/aeronoticias.com.pe\/noticiero\/transporte-aereo\/internacional\/concluye-tocumen-modernizacion-de-su-terminal-de-carga\/\" \/>\n<meta property=\"og:locale\" content=\"es_ES\" \/>\n<meta property=\"og:type\" content=\"article\" \/>\n<meta property=\"og:title\" content=\"Concluye Tocumen modernizaci\u00f3n de su terminal de carga\" \/>\n<meta property=\"og:description\" content=\"El aeropuerto inaugurado en 1947 busca recuperar su liderazgo como centro estrat\u00e9gico del comercio internacional y conectividad regional.\" \/>\n<meta property=\"og:url\" content=\"https:\/\/aeronoticias.com.pe\/noticiero\/transporte-aereo\/internacional\/concluye-tocumen-modernizacion-de-su-terminal-de-carga\/\" \/>\n<meta property=\"og:site_name\" content=\"Aeronoticias.com.pe\" \/>\n<meta property=\"article:publisher\" content=\"https:\/\/www.facebook.com\/Aeronoticias.com.pe\/\" \/>\n<meta property=\"article:published_time\" content=\"2025-09-05T17:23:45+00:00\" \/>\n<meta property=\"article:modified_time\" content=\"2025-09-05T17:23:49+00:00\" \/>\n<meta property=\"og:image\" content=\"https:\/\/aeronoticias.com.pe\/noticiero\/wp-content\/uploads\/2025\/09\/aerop.jpg\" \/>\n\t<meta property=\"og:image:width\" content=\"632\" \/>\n\t<meta property=\"og:image:height\" content=\"402\" \/>\n\t<meta property=\"og:image:type\" content=\"image\/jpeg\" \/>\n<meta name=\"author\" content=\"Redacci\u00f3n\" \/>\n<meta name=\"twitter:card\" content=\"summary_large_image\" \/>\n<meta name=\"twitter:creator\" content=\"@aeronoticias\" \/>\n<meta name=\"twitter:site\" content=\"@aeronoticias\" \/>\n<meta name=\"twitter:label1\" content=\"Escrito por\" \/>\n\t<meta name=\"twitter:data1\" content=\"Redacci\u00f3n\" \/>\n\t<meta name=\"twitter:label2\" content=\"Tiempo de lectura\" \/>\n\t<meta name=\"twitter:data2\" content=\"2 minutos\" \/>\n<script type=\"application\/ld+json\" class=\"yoast-schema-graph\">{\"@context\":\"https:\/\/schema.org\",\"@graph\":[{\"@type\":\"WebPage\",\"@id\":\"https:\/\/aeronoticias.com.pe\/noticiero\/transporte-aereo\/internacional\/concluye-tocumen-modernizacion-de-su-terminal-de-carga\/\",\"url\":\"https:\/\/aeronoticias.com.pe\/noticiero\/transporte-aereo\/internacional\/concluye-tocumen-modernizacion-de-su-terminal-de-carga\/\",\"name\":\"Concluye Tocumen modernizaci\u00f3n de su terminal de carga\",\"isPartOf\":{\"@id\":\"https:\/\/aeronoticias.com.pe\/noticiero\/#website\"},\"primaryImageOfPage\":{\"@id\":\"https:\/\/aeronoticias.com.pe\/noticiero\/transporte-aereo\/internacional\/concluye-tocumen-modernizacion-de-su-terminal-de-carga\/#primaryimage\"},\"image\":{\"@id\":\"https:\/\/aeronoticias.com.pe\/noticiero\/transporte-aereo\/internacional\/concluye-tocumen-modernizacion-de-su-terminal-de-carga\/#primaryimage\"},\"thumbnailUrl\":\"https:\/\/aeronoticias.com.pe\/noticiero\/wp-content\/uploads\/2025\/09\/aerop.jpg\",\"datePublished\":\"2025-09-05T17:23:45+00:00\",\"dateModified\":\"2025-09-05T17:23:49+00:00\",\"author\":{\"@id\":\"https:\/\/aeronoticias.com.pe\/noticiero\/#\/schema\/person\/16212a617c73f78916b13194154243bd\"},\"description\":\"El aeropuerto inaugurado en 1947 busca recuperar su liderazgo como centro estrat\u00e9gico del comercio internacional y conectividad regional.\",\"breadcrumb\":{\"@id\":\"https:\/\/aeronoticias.com.pe\/noticiero\/transporte-aereo\/internacional\/concluye-tocumen-modernizacion-de-su-terminal-de-carga\/#breadcrumb\"},\"inLanguage\":\"es\",\"potentialAction\":[{\"@type\":\"ReadAction\",\"target\":[\"https:\/\/aeronoticias.com.pe\/noticiero\/transporte-aereo\/internacional\/concluye-tocumen-modernizacion-de-su-terminal-de-carga\/\"]}]},{\"@type\":\"ImageObject\",\"inLanguage\":\"es\",\"@id\":\"https:\/\/aeronoticias.com.pe\/noticiero\/transporte-aereo\/internacional\/concluye-tocumen-modernizacion-de-su-terminal-de-carga\/#primaryimage\",\"url\":\"https:\/\/aeronoticias.com.pe\/noticiero\/wp-content\/uploads\/2025\/09\/aerop.jpg\",\"contentUrl\":\"https:\/\/aeronoticias.com.pe\/noticiero\/wp-content\/uploads\/2025\/09\/aerop.jpg\",\"width\":632,\"height\":402},{\"@type\":\"BreadcrumbList\",\"@id\":\"https:\/\/aeronoticias.com.pe\/noticiero\/transporte-aereo\/internacional\/concluye-tocumen-modernizacion-de-su-terminal-de-carga\/#breadcrumb\",\"itemListElement\":[{\"@type\":\"ListItem\",\"position\":1,\"name\":\"Portada\",\"item\":\"https:\/\/aeronoticias.com.pe\/noticiero\/\"},{\"@type\":\"ListItem\",\"position\":2,\"name\":\"Concluye Tocumen modernizaci\u00f3n de su terminal de carga\"}]},{\"@type\":\"WebSite\",\"@id\":\"https:\/\/aeronoticias.com.pe\/noticiero\/#website\",\"url\":\"https:\/\/aeronoticias.com.pe\/noticiero\/\",\"name\":\"Aeronoticias.com.pe\",\"description\":\"Noticias de tranporte aereo, turismo, hoteles, gastronomia, actualidad, internacional\",\"potentialAction\":[{\"@type\":\"SearchAction\",\"target\":{\"@type\":\"EntryPoint\",\"urlTemplate\":\"https:\/\/aeronoticias.com.pe\/noticiero\/?s={search_term_string}\"},\"query-input\":{\"@type\":\"PropertyValueSpecification\",\"valueRequired\":true,\"valueName\":\"search_term_string\"}}],\"inLanguage\":\"es\"},{\"@type\":\"Person\",\"@id\":\"https:\/\/aeronoticias.com.pe\/noticiero\/#\/schema\/person\/16212a617c73f78916b13194154243bd\",\"name\":\"Redacci\u00f3n\",\"sameAs\":[\"http:\/\/Redacci\u00f3n\"],\"url\":\"https:\/\/aeronoticias.com.pe\/noticiero\/author\/celeste\/\"}]}<\/script>\n<!-- \/ Yoast SEO plugin. -->","yoast_head_json":{"title":"Concluye Tocumen modernizaci\u00f3n de su terminal de carga","description":"El aeropuerto inaugurado en 1947 busca recuperar su liderazgo como centro estrat\u00e9gico del comercio internacional y conectividad regional.","robots":{"index":"index","follow":"follow","max-snippet":"max-snippet:-1","max-image-preview":"max-image-preview:large","max-video-preview":"max-video-preview:-1"},"canonical":"https:\/\/aeronoticias.com.pe\/noticiero\/transporte-aereo\/internacional\/concluye-tocumen-modernizacion-de-su-terminal-de-carga\/","og_locale":"es_ES","og_type":"article","og_title":"Concluye Tocumen modernizaci\u00f3n de su terminal de carga","og_description":"El aeropuerto inaugurado en 1947 busca recuperar su liderazgo como centro estrat\u00e9gico del comercio internacional y conectividad regional.","og_url":"https:\/\/aeronoticias.com.pe\/noticiero\/transporte-aereo\/internacional\/concluye-tocumen-modernizacion-de-su-terminal-de-carga\/","og_site_name":"Aeronoticias.com.pe","article_publisher":"https:\/\/www.facebook.com\/Aeronoticias.com.pe\/","article_published_time":"2025-09-05T17:23:45+00:00","article_modified_time":"2025-09-05T17:23:49+00:00","og_image":[{"width":632,"height":402,"url":"https:\/\/aeronoticias.com.pe\/noticiero\/wp-content\/uploads\/2025\/09\/aerop.jpg","type":"image\/jpeg"}],"author":"Redacci\u00f3n","twitter_card":"summary_large_image","twitter_creator":"@aeronoticias","twitter_site":"@aeronoticias","twitter_misc":{"Escrito por":"Redacci\u00f3n","Tiempo de lectura":"2 minutos"},"schema":{"@context":"https:\/\/schema.org","@graph":[{"@type":"WebPage","@id":"https:\/\/aeronoticias.com.pe\/noticiero\/transporte-aereo\/internacional\/concluye-tocumen-modernizacion-de-su-terminal-de-carga\/","url":"https:\/\/aeronoticias.com.pe\/noticiero\/transporte-aereo\/internacional\/concluye-tocumen-modernizacion-de-su-terminal-de-carga\/","name":"Concluye Tocumen modernizaci\u00f3n de su terminal de carga","isPartOf":{"@id":"https:\/\/aeronoticias.com.pe\/noticiero\/#website"},"primaryImageOfPage":{"@id":"https:\/\/aeronoticias.com.pe\/noticiero\/transporte-aereo\/internacional\/concluye-tocumen-modernizacion-de-su-terminal-de-carga\/#primaryimage"},"image":{"@id":"https:\/\/aeronoticias.com.pe\/noticiero\/transporte-aereo\/internacional\/concluye-tocumen-modernizacion-de-su-terminal-de-carga\/#primaryimage"},"thumbnailUrl":"https:\/\/aeronoticias.com.pe\/noticiero\/wp-content\/uploads\/2025\/09\/aerop.jpg","datePublished":"2025-09-05T17:23:45+00:00","dateModified":"2025-09-05T17:23:49+00:00","author":{"@id":"https:\/\/aeronoticias.com.pe\/noticiero\/#\/schema\/person\/16212a617c73f78916b13194154243bd"},"description":"El aeropuerto inaugurado en 1947 busca recuperar su liderazgo como centro estrat\u00e9gico del comercio internacional y conectividad regional.","breadcrumb":{"@id":"https:\/\/aeronoticias.com.pe\/noticiero\/transporte-aereo\/internacional\/concluye-tocumen-modernizacion-de-su-terminal-de-carga\/#breadcrumb"},"inLanguage":"es","potentialAction":[{"@type":"ReadAction","target":["https:\/\/aeronoticias.com.pe\/noticiero\/transporte-aereo\/internacional\/concluye-tocumen-modernizacion-de-su-terminal-de-carga\/"]}]},{"@type":"ImageObject","inLanguage":"es","@id":"https:\/\/aeronoticias.com.pe\/noticiero\/transporte-aereo\/internacional\/concluye-tocumen-modernizacion-de-su-terminal-de-carga\/#primaryimage","url":"https:\/\/aeronoticias.com.pe\/noticiero\/wp-content\/uploads\/2025\/09\/aerop.jpg","contentUrl":"https:\/\/aeronoticias.com.pe\/noticiero\/wp-content\/uploads\/2025\/09\/aerop.jpg","width":632,"height":402},{"@type":"BreadcrumbList","@id":"https:\/\/aeronoticias.com.pe\/noticiero\/transporte-aereo\/internacional\/concluye-tocumen-modernizacion-de-su-terminal-de-carga\/#breadcrumb","itemListElement":[{"@type":"ListItem","position":1,"name":"Portada","item":"https:\/\/aeronoticias.com.pe\/noticiero\/"},{"@type":"ListItem","position":2,"name":"Concluye Tocumen modernizaci\u00f3n de su terminal de carga"}]},{"@type":"WebSite","@id":"https:\/\/aeronoticias.com.pe\/noticiero\/#website","url":"https:\/\/aeronoticias.com.pe\/noticiero\/","name":"Aeronoticias.com.pe","description":"Noticias de tranporte aereo, turismo, hoteles, gastronomia, actualidad, internacional","potentialAction":[{"@type":"SearchAction","target":{"@type":"EntryPoint","urlTemplate":"https:\/\/aeronoticias.com.pe\/noticiero\/?s={search_term_string}"},"query-input":{"@type":"PropertyValueSpecification","valueRequired":true,"valueName":"search_term_string"}}],"inLanguage":"es"},{"@type":"Person","@id":"https:\/\/aeronoticias.com.pe\/noticiero\/#\/schema\/person\/16212a617c73f78916b13194154243bd","name":"Redacci\u00f3n","sameAs":["http:\/\/Redacci\u00f3n"],"url":"https:\/\/aeronoticias.com.pe\/noticiero\/author\/celeste\/"}]}},"_links":{"self":[{"href":"https:\/\/aeronoticias.com.pe\/noticiero\/wp-json\/wp\/v2\/posts\/95722","targetHints":{"allow":["GET"]}}],"collection":[{"href":"https:\/\/aeronoticias.com.pe\/noticiero\/wp-json\/wp\/v2\/posts"}],"about":[{"href":"https:\/\/aeronoticias.com.pe\/noticiero\/wp-json\/wp\/v2\/types\/post"}],"author":[{"embeddable":true,"href":"https:\/\/aeronoticias.com.pe\/noticiero\/wp-json\/wp\/v2\/users\/3"}],"replies":[{"embeddable":true,"href":"https:\/\/aeronoticias.com.pe\/noticiero\/wp-json\/wp\/v2\/comments?post=95722"}],"version-history":[{"count":1,"href":"https:\/\/aeronoticias.com.pe\/noticiero\/wp-json\/wp\/v2\/posts\/95722\/revisions"}],"predecessor-version":[{"id":95724,"href":"https:\/\/aeronoticias.com.pe\/noticiero\/wp-json\/wp\/v2\/posts\/95722\/revisions\/95724"}],"wp:featuredmedia":[{"embeddable":true,"href":"https:\/\/aeronoticias.com.pe\/noticiero\/wp-json\/wp\/v2\/media\/95723"}],"wp:attachment":[{"href":"https:\/\/aeronoticias.com.pe\/noticiero\/wp-json\/wp\/v2\/media?parent=95722"}],"wp:term":[{"taxonomy":"category","embeddable":true,"href":"https:\/\/aeronoticias.com.pe\/noticiero\/wp-json\/wp\/v2\/categories?post=95722"},{"taxonomy":"post_tag","embeddable":true,"href":"https:\/\/aeronoticias.com.pe\/noticiero\/wp-json\/wp\/v2\/tags?post=95722"}],"curies":[{"name":"wp","href":"https:\/\/api.w.org\/{rel}","templated":true}]}}