{"id":95729,"date":"2025-09-08T11:31:50","date_gmt":"2025-09-08T16:31:50","guid":{"rendered":"https:\/\/aeronoticias.com.pe\/noticiero\/?p=95729"},"modified":"2025-09-08T11:33:31","modified_gmt":"2025-09-08T16:33:31","slug":"%e2%9c%88%ef%b8%8f-lima-bucarest-rumania-paquete-turistico-city-vibes-castillos-para-creadores-de-contenido","status":"publish","type":"post","link":"https:\/\/aeronoticias.com.pe\/noticiero\/cultural\/%e2%9c%88%ef%b8%8f-lima-bucarest-rumania-paquete-turistico-city-vibes-castillos-para-creadores-de-contenido\/","title":{"rendered":"\u2708\ufe0f Lima \u2013 Bucarest (Ruman\u00eda): paquete tur\u00edstico \u201ccity vibes + castillos\u201d para creadores de contenido"},"content":{"rendered":"\n<h2 class=\"wp-block-heading\"><\/h2>\n\n\n\n<p><strong>(Aeronoticias):<\/strong><br>La ruta <strong>Lima \u2013 Bucarest<\/strong> conecta a los viajeros peruanos con una de las capitales m\u00e1s subestimadas y <strong>fotog\u00e9nicas<\/strong> de Europa del Este. Sin vuelos directos, el trayecto se realiza con una escala com\u00fan en Madrid, Par\u00eds o Estambul (22\u201328 h aprox.). Bucarest combina <strong>palacios monumentales, caf\u00e9s de autor, street art<\/strong> y una vida nocturna legendaria en su \u201cOld Town\u201d. Este paquete est\u00e1 curado para <strong>millennials<\/strong> que quieran volver con material listo para <strong>Reels, TikToks, historias y posts<\/strong>.<\/p>\n\n\n\n<hr class=\"wp-block-separator has-alpha-channel-opacity\"\/>\n\n\n\n<h3 class=\"wp-block-heading\">\ud83d\udce6 Paquetes por segmento<\/h3>\n\n\n\n<p><strong>Sector A \u2013 \u201cSignature Romania\u201d (7D\/5N)<\/strong><\/p>\n\n\n\n<ul class=\"wp-block-list\">\n<li><strong>Vuelos<\/strong> en business class.<\/li>\n\n\n\n<li><strong>Hotel 5\u2605<\/strong> cerca de Calea Victoriei (p. ej., habitaci\u00f3n con balc\u00f3n para tomas golden hour).<\/li>\n\n\n\n<li><strong>Traslados privados<\/strong> + chofer para jornadas de shooting.<\/li>\n\n\n\n<li><strong>Tours premium<\/strong>: Palacio del Parlamento (acceso a salones ic\u00f3nicos), visita privada a castillos de <strong>Pele\u0219<\/strong> y <strong>Bran<\/strong> en Transilvania con fot\u00f3grafo local, experiencia de cata en bodega de Dealu Mare.<\/li>\n\n\n\n<li><strong>Nightlife hosted<\/strong>: mesa y botella en <strong>BOA \u2013 Beat of Angels<\/strong> o <strong>Fratelli Studios<\/strong>.<\/li>\n\n\n\n<li><strong>Extras<\/strong>: vide\u00f3grafo 1\/2 d\u00eda para un <strong>\u201ctravel recap\u201d<\/strong> edit-ready.<\/li>\n<\/ul>\n\n\n\n<p><strong>Precio referencial:<\/strong> <strong>USD 6,900 \u2013 8,900<\/strong> por persona (temporada media).<\/p>\n\n\n\n<hr class=\"wp-block-separator has-alpha-channel-opacity\"\/>\n\n\n\n<p><strong>Sector B \u2013 \u201cUrban &amp; Castles\u201d (7D\/5N)<\/strong><\/p>\n\n\n\n<ul class=\"wp-block-list\">\n<li><strong>Vuelos<\/strong> en turista premium.<\/li>\n\n\n\n<li><strong>Hotel 4\u2605<\/strong> en el <strong>Casco Antiguo (Lipscani)<\/strong>.<\/li>\n\n\n\n<li><strong>City tour<\/strong> en grupo por Calea Victoriei, Ateneo Rumano y Jardines Ci\u0219migiu.<\/li>\n\n\n\n<li><strong>Full day Transilvania<\/strong> (Pele\u0219 + Bran + Bra\u0219ov) con paradas fotogr\u00e1ficas.<\/li>\n\n\n\n<li><strong>Night out<\/strong> con entrada y welcome drink en <strong>CONTROL Club<\/strong> o <strong>Expirat<\/strong>, y ruta de bares por Old Town.<\/li>\n\n\n\n<li><strong>Street art &amp; caf\u00e9 hopping<\/strong> por <strong>Strada Arthur Verona<\/strong> y caf\u00e9s \u201cinstagramables\u201d.<\/li>\n<\/ul>\n\n\n\n<p><strong>Precio referencial:<\/strong> <strong>USD 3,100 \u2013 4,100<\/strong> por persona.<\/p>\n\n\n\n<hr class=\"wp-block-separator has-alpha-channel-opacity\"\/>\n\n\n\n<p><strong>Sector C \u2013 \u201cCreator on a Budget\u201d (6D\/4N)<\/strong><\/p>\n\n\n\n<ul class=\"wp-block-list\">\n<li><strong>Vuelos<\/strong> con tarifa econ\u00f3mica.<\/li>\n\n\n\n<li><strong>Hostal boutique<\/strong> en Lipscani o habitaci\u00f3n privada en guesthouse.<\/li>\n\n\n\n<li><strong>Walking tour<\/strong> gratuito + pase de transporte.<\/li>\n\n\n\n<li><strong>Excursi\u00f3n low-cost<\/strong> a Bra\u0219ov con stops en vistas panor\u00e1micas.<\/li>\n\n\n\n<li><strong>Nightlife<\/strong>: entrada sin cover en bares del <strong>Pasajul Macca-Vilacrosse<\/strong> y happy hours.<\/li>\n\n\n\n<li><strong>Bonus<\/strong>: mapa de spots <strong>IG\/TikTok-friendly<\/strong> y guion sugerido para 3 Reels.<\/li>\n<\/ul>\n\n\n\n<p><strong>Precio referencial:<\/strong> <strong>desde USD 1,450<\/strong> por persona.<\/p>\n\n\n\n<hr class=\"wp-block-separator has-alpha-channel-opacity\"\/>\n\n\n\n<h3 class=\"wp-block-heading\">\ud83d\uddd3\ufe0f Itinerario sugerido (ajustable)<\/h3>\n\n\n\n<ul class=\"wp-block-list\">\n<li><strong>D\u00eda 1:<\/strong> Llegada, check-in y sesi\u00f3n \u201csunset\u201d en <strong>Ateneo Rumano<\/strong> y <strong>Calea Victoriei<\/strong>.<\/li>\n\n\n\n<li><strong>D\u00eda 2:<\/strong> <strong>Palacio del Parlamento<\/strong>, Jardines Ci\u0219migiu y caf\u00e9s de autor (flat-lays y B-rolls). Noche: <strong>CONTROL Club<\/strong> (indie\/electr\u00f3nica).<\/li>\n\n\n\n<li><strong>D\u00eda 3:<\/strong> Full day <strong>Transilvania<\/strong>: <strong>Castillo de Pele\u0219<\/strong> (detalles neorrenacentistas), <strong>Castillo de Bran<\/strong> (vibes g\u00f3ticas), <strong>Bra\u0219ov<\/strong> (Plaza del Consejo). Shots clave: escalinatas, ventanales, bosques.<\/li>\n\n\n\n<li><strong>D\u00eda 4:<\/strong> <strong>Street art tour<\/strong> por Strada Arthur Verona + Libr\u0103ria C\u0103rture\u0219ti Carusel (toma en espiral de escaleras). Tarde de spa\/termales. Noche: <strong>Fratelli Studios<\/strong> (house\/tech).<\/li>\n\n\n\n<li><strong>D\u00eda 5:<\/strong> <strong>Museo del Pueblo (Dimitrie Gusti)<\/strong> para contenido etnogr\u00e1fico; golden hour en <strong>Arco del Triunfo<\/strong>. Ruta de bares por Old Town.<\/li>\n\n\n\n<li><strong>D\u00eda 6\/7:<\/strong> Tiempo libre para reshoots, compras vintage, brunch final y regreso.<\/li>\n<\/ul>\n\n\n\n<hr class=\"wp-block-separator has-alpha-channel-opacity\"\/>\n\n\n\n<h3 class=\"wp-block-heading\">\ud83d\udccd Sitios tur\u00edsticos y \u201cshots\u201d imperdibles<\/h3>\n\n\n\n<ul class=\"wp-block-list\">\n<li><strong>Palacio del Parlamento:<\/strong> simetr\u00edas, pasillos y l\u00e1mparas; plano travelling en escalinatas.<\/li>\n\n\n\n<li><strong>C\u0103rture\u0219ti Carusel:<\/strong> famoso por sus <strong>curvas blancas<\/strong>; tilt-up desde planta baja.<\/li>\n\n\n\n<li><strong>Ateneo Rumano:<\/strong> fachada neocl\u00e1sica; toma frontal con profundidad de campo.<\/li>\n\n\n\n<li><strong>Pasaje Macca-Vilacrosse:<\/strong> cubierta amarilla para tomas con ne\u00f3n.<\/li>\n\n\n\n<li><strong>Castillos Pele\u0219 &amp; Bran:<\/strong> transiciones entre madera tallada y piedra; dron opcional.<\/li>\n\n\n\n<li><strong>Bra\u0219ov:<\/strong> letras en la colina, calles medievales y tejados naranjas.<\/li>\n<\/ul>\n\n\n\n<hr class=\"wp-block-separator has-alpha-channel-opacity\"\/>\n\n\n\n<h3 class=\"wp-block-heading\">\ud83c\udf19 Clubes y vida nocturna (para stories con ritmo)<\/h3>\n\n\n\n<ul class=\"wp-block-list\">\n<li><strong>CONTROL Club:<\/strong> cartel indie\/electro, patio cool para clips naturales.<\/li>\n\n\n\n<li><strong>Fratelli Studios:<\/strong> producci\u00f3n de luces y DJ sets para transiciones r\u00e1pidas.<\/li>\n\n\n\n<li><strong>BOA \u2013 Beat of Angels:<\/strong> dressy, perfecto para \u201cfit checks\u201d y clips 0.5x.<\/li>\n\n\n\n<li><strong>Expirat:<\/strong> rock\/alt vibes, muro de luz para boomerangs.<\/li>\n<\/ul>\n\n\n\n<hr class=\"wp-block-separator has-alpha-channel-opacity\"\/>\n\n\n\n<h3 class=\"wp-block-heading\">\ud83c\udf7d\ufe0f Comida t\u00edpica (y c\u00f3mo grabarla)<\/h3>\n\n\n\n<ul class=\"wp-block-list\">\n<li><strong>Sarmale<\/strong> (arrollados de col) y <strong>m\u0103m\u0103lig\u0103<\/strong> (polenta): close-ups con vapor.<\/li>\n\n\n\n<li><strong>Mici<\/strong> (salchichitas a la parrilla) con mostaza: corte a la mordida.<\/li>\n\n\n\n<li><strong>Ciorb\u0103 de burt\u0103<\/strong> (sopa cremosa): spoon shot con giro.<\/li>\n\n\n\n<li><strong>Papan\u0219i<\/strong> (donas con crema y mermelada): drizzle lento para Reels.<\/li>\n\n\n\n<li><strong>Bebidas:<\/strong> <strong>vin fiert<\/strong> (vino caliente, en invierno) y cervezas artesanales locales.<\/li>\n<\/ul>\n\n\n\n<p><strong>Incluido en paquetes:<\/strong><\/p>\n\n\n\n<ul class=\"wp-block-list\">\n<li>A: 2 cenas gourmet maridadas + brunch \u201caesthetic\u201d.<\/li>\n\n\n\n<li>B: 1 cena tradicional + tour de <strong>street food<\/strong>.<\/li>\n\n\n\n<li>C: vale de comida en <strong>market hall<\/strong> + lista de men\u00fas del d\u00eda econ\u00f3micos.<\/li>\n<\/ul>\n\n\n\n<hr class=\"wp-block-separator has-alpha-channel-opacity\"\/>\n\n\n\n<h3 class=\"wp-block-heading\">\ud83e\udded Accesibilidad y transporte<\/h3>\n\n\n\n<p>Aeropuerto <strong>OTP (Henri Coand\u0103)<\/strong> con transfers privados (A\/B) o bus\/metro (C). Dentro de la ciudad, <strong>rideshares<\/strong> y e-scooters ideales para b-roll urbano; tren\/bus para Transilvania.<\/p>\n\n\n\n<hr class=\"wp-block-separator has-alpha-channel-opacity\"\/>\n\n\n\n<h3 class=\"wp-block-heading\">\u2600\ufe0f Mejor \u00e9poca para reservar<\/h3>\n\n\n\n<ul class=\"wp-block-list\">\n<li><strong>Primavera (abr\u2013jun)<\/strong> y <strong>oto\u00f1o (sep\u2013oct)<\/strong>: clima suave, luz perfecta y menos turistas.<\/li>\n\n\n\n<li><strong>Invierno (dic\u2013feb):<\/strong> mercados navide\u00f1os y <strong>vin fiert<\/strong> (contenido cozy).<\/li>\n<\/ul>\n\n\n\n<hr class=\"wp-block-separator has-alpha-channel-opacity\"\/>\n\n\n\n<h3 class=\"wp-block-heading\">\ud83c\udfac Entregables de contenido (opcionales)<\/h3>\n\n\n\n<ul class=\"wp-block-list\">\n<li><strong>Plantilla de 5 Reels<\/strong> (hook + transici\u00f3n + call to action).<\/li>\n\n\n\n<li><strong>Preset m\u00f3vil<\/strong> (tono c\u00e1lido\/retro Bucarest).<\/li>\n\n\n\n<li><strong>Gu\u00eda de hashtags<\/strong>: #BucharestVibes #RomaniaCreators #OldTownNights #TransylvaniaTrip #CaleaVictoriei #Lipscani<\/li>\n<\/ul>\n\n\n\n<hr class=\"wp-block-separator has-alpha-channel-opacity\"\/>\n\n\n\n<h3 class=\"wp-block-heading\">\ud83e\uddfe Cierre<\/h3>\n\n\n\n<p>Reserva tu <strong>paquete Lima \u2013 Bucarest<\/strong> y vuelve con una galer\u00eda de contenido <strong>listo para viralizar<\/strong>: castillos, clubs, comida y rincones que no salen en los mapas. Personalizamos tiempos de rodaje y scouting seg\u00fan tu nicho (food, fashion, travel, lifestyle).<\/p>\n\n\n\n<p><strong>Fuente: Sebasti\u00e1n Palac\u00edn<\/strong><\/p>\n","protected":false},"excerpt":{"rendered":"<p>(Aeronoticias):La ruta Lima \u2013 Bucarest conecta a los viajeros peruanos con una de las capitales m\u00e1s subestimadas y fotog\u00e9nicas de Europa del Este. Sin vuelos directos, el trayecto se realiza con una escala com\u00fan en Madrid, Par\u00eds o Estambul (22\u201328 h aprox.). Bucarest combina palacios monumentales, caf\u00e9s de autor, street art y una vida nocturna [&hellip;]<\/p>\n","protected":false},"author":3,"featured_media":95730,"comment_status":"closed","ping_status":"closed","sticky":false,"template":"","format":"standard","meta":{"tdm_status":"","tdm_grid_status":"","footnotes":""},"categories":[26,49,34,9,67],"tags":[],"class_list":{"0":"post-95729","1":"post","2":"type-post","3":"status-publish","4":"format-standard","5":"has-post-thumbnail","7":"category-cultural","8":"category-gastronomia","9":"category-internacionales","10":"category-turismo","11":"category-viajes"},"yoast_head":"<!-- This site is optimized with the Yoast SEO plugin v25.1 - https:\/\/yoast.com\/wordpress\/plugins\/seo\/ -->\n<title>\u2708\ufe0f Lima \u2013 Bucarest (Ruman\u00eda): paquete tur\u00edstico \u201ccity vibes + castillos\u201d para creadores de contenido<\/title>\n<meta name=\"description\" content=\"(Aeronoticias): La ruta Lima \u2013 Bucarest conecta a los viajeros peruanos con una de las capitales m\u00e1s subestimadas y fotog\u00e9nicas de Europa del Este. Sin vuelos directos, el trayecto se realiza con una escala com\u00fan en Madrid, Par\u00eds o Estambul (22\u201328 h aprox.). Bucarest combina palacios monumentales, caf\u00e9s de autor, street art y una vida nocturna legendaria en su \u201cOld Town\u201d. Este paquete est\u00e1 curado para millennials que quieran volver con material listo para Reels, TikToks, historias y posts.\" \/>\n<meta name=\"robots\" content=\"index, follow, max-snippet:-1, max-image-preview:large, max-video-preview:-1\" \/>\n<link rel=\"canonical\" href=\"https:\/\/aeronoticias.com.pe\/noticiero\/cultural\/\u2708\ufe0f-lima-bucarest-rumania-paquete-turistico-city-vibes-castillos-para-creadores-de-contenido\/\" \/>\n<meta property=\"og:locale\" content=\"es_ES\" \/>\n<meta property=\"og:type\" content=\"article\" \/>\n<meta property=\"og:title\" content=\"\u2708\ufe0f Lima \u2013 Bucarest (Ruman\u00eda): paquete tur\u00edstico \u201ccity vibes + castillos\u201d para creadores de contenido\" \/>\n<meta property=\"og:description\" content=\"(Aeronoticias): La ruta Lima \u2013 Bucarest conecta a los viajeros peruanos con una de las capitales m\u00e1s subestimadas y fotog\u00e9nicas de Europa del Este. Sin vuelos directos, el trayecto se realiza con una escala com\u00fan en Madrid, Par\u00eds o Estambul (22\u201328 h aprox.). Bucarest combina palacios monumentales, caf\u00e9s de autor, street art y una vida nocturna legendaria en su \u201cOld Town\u201d. Este paquete est\u00e1 curado para millennials que quieran volver con material listo para Reels, TikToks, historias y posts.\" \/>\n<meta property=\"og:url\" content=\"https:\/\/aeronoticias.com.pe\/noticiero\/cultural\/\u2708\ufe0f-lima-bucarest-rumania-paquete-turistico-city-vibes-castillos-para-creadores-de-contenido\/\" \/>\n<meta property=\"og:site_name\" content=\"Aeronoticias.com.pe\" \/>\n<meta property=\"article:publisher\" content=\"https:\/\/www.facebook.com\/Aeronoticias.com.pe\/\" \/>\n<meta property=\"article:published_time\" content=\"2025-09-08T16:31:50+00:00\" \/>\n<meta property=\"article:modified_time\" content=\"2025-09-08T16:33:31+00:00\" \/>\n<meta property=\"og:image\" content=\"https:\/\/aeronoticias.com.pe\/noticiero\/wp-content\/uploads\/2025\/09\/buca.jpg\" \/>\n\t<meta property=\"og:image:width\" content=\"2048\" \/>\n\t<meta property=\"og:image:height\" content=\"1276\" \/>\n\t<meta property=\"og:image:type\" content=\"image\/jpeg\" \/>\n<meta name=\"author\" content=\"Redacci\u00f3n\" \/>\n<meta name=\"twitter:card\" content=\"summary_large_image\" \/>\n<meta name=\"twitter:creator\" content=\"@aeronoticias\" \/>\n<meta name=\"twitter:site\" content=\"@aeronoticias\" \/>\n<meta name=\"twitter:label1\" content=\"Escrito por\" \/>\n\t<meta name=\"twitter:data1\" content=\"Redacci\u00f3n\" \/>\n\t<meta name=\"twitter:label2\" content=\"Tiempo de lectura\" \/>\n\t<meta name=\"twitter:data2\" content=\"4 minutos\" \/>\n<script type=\"application\/ld+json\" class=\"yoast-schema-graph\">{\"@context\":\"https:\/\/schema.org\",\"@graph\":[{\"@type\":\"WebPage\",\"@id\":\"https:\/\/aeronoticias.com.pe\/noticiero\/cultural\/%e2%9c%88%ef%b8%8f-lima-bucarest-rumania-paquete-turistico-city-vibes-castillos-para-creadores-de-contenido\/\",\"url\":\"https:\/\/aeronoticias.com.pe\/noticiero\/cultural\/%e2%9c%88%ef%b8%8f-lima-bucarest-rumania-paquete-turistico-city-vibes-castillos-para-creadores-de-contenido\/\",\"name\":\"\u2708\ufe0f Lima \u2013 Bucarest (Ruman\u00eda): paquete tur\u00edstico \u201ccity vibes + castillos\u201d para creadores de contenido\",\"isPartOf\":{\"@id\":\"https:\/\/aeronoticias.com.pe\/noticiero\/#website\"},\"primaryImageOfPage\":{\"@id\":\"https:\/\/aeronoticias.com.pe\/noticiero\/cultural\/%e2%9c%88%ef%b8%8f-lima-bucarest-rumania-paquete-turistico-city-vibes-castillos-para-creadores-de-contenido\/#primaryimage\"},\"image\":{\"@id\":\"https:\/\/aeronoticias.com.pe\/noticiero\/cultural\/%e2%9c%88%ef%b8%8f-lima-bucarest-rumania-paquete-turistico-city-vibes-castillos-para-creadores-de-contenido\/#primaryimage\"},\"thumbnailUrl\":\"https:\/\/aeronoticias.com.pe\/noticiero\/wp-content\/uploads\/2025\/09\/buca.jpg\",\"datePublished\":\"2025-09-08T16:31:50+00:00\",\"dateModified\":\"2025-09-08T16:33:31+00:00\",\"author\":{\"@id\":\"https:\/\/aeronoticias.com.pe\/noticiero\/#\/schema\/person\/16212a617c73f78916b13194154243bd\"},\"description\":\"(Aeronoticias): La ruta Lima \u2013 Bucarest conecta a los viajeros peruanos con una de las capitales m\u00e1s subestimadas y fotog\u00e9nicas de Europa del Este. Sin vuelos directos, el trayecto se realiza con una escala com\u00fan en Madrid, Par\u00eds o Estambul (22\u201328 h aprox.). Bucarest combina palacios monumentales, caf\u00e9s de autor, street art y una vida nocturna legendaria en su \u201cOld Town\u201d. Este paquete est\u00e1 curado para millennials que quieran volver con material listo para Reels, TikToks, historias y posts.\",\"breadcrumb\":{\"@id\":\"https:\/\/aeronoticias.com.pe\/noticiero\/cultural\/%e2%9c%88%ef%b8%8f-lima-bucarest-rumania-paquete-turistico-city-vibes-castillos-para-creadores-de-contenido\/#breadcrumb\"},\"inLanguage\":\"es\",\"potentialAction\":[{\"@type\":\"ReadAction\",\"target\":[\"https:\/\/aeronoticias.com.pe\/noticiero\/cultural\/%e2%9c%88%ef%b8%8f-lima-bucarest-rumania-paquete-turistico-city-vibes-castillos-para-creadores-de-contenido\/\"]}]},{\"@type\":\"ImageObject\",\"inLanguage\":\"es\",\"@id\":\"https:\/\/aeronoticias.com.pe\/noticiero\/cultural\/%e2%9c%88%ef%b8%8f-lima-bucarest-rumania-paquete-turistico-city-vibes-castillos-para-creadores-de-contenido\/#primaryimage\",\"url\":\"https:\/\/aeronoticias.com.pe\/noticiero\/wp-content\/uploads\/2025\/09\/buca.jpg\",\"contentUrl\":\"https:\/\/aeronoticias.com.pe\/noticiero\/wp-content\/uploads\/2025\/09\/buca.jpg\",\"width\":2048,\"height\":1276},{\"@type\":\"BreadcrumbList\",\"@id\":\"https:\/\/aeronoticias.com.pe\/noticiero\/cultural\/%e2%9c%88%ef%b8%8f-lima-bucarest-rumania-paquete-turistico-city-vibes-castillos-para-creadores-de-contenido\/#breadcrumb\",\"itemListElement\":[{\"@type\":\"ListItem\",\"position\":1,\"name\":\"Portada\",\"item\":\"https:\/\/aeronoticias.com.pe\/noticiero\/\"},{\"@type\":\"ListItem\",\"position\":2,\"name\":\"\u2708\ufe0f Lima \u2013 Bucarest (Ruman\u00eda): paquete tur\u00edstico \u201ccity vibes + castillos\u201d para creadores de contenido\"}]},{\"@type\":\"WebSite\",\"@id\":\"https:\/\/aeronoticias.com.pe\/noticiero\/#website\",\"url\":\"https:\/\/aeronoticias.com.pe\/noticiero\/\",\"name\":\"Aeronoticias.com.pe\",\"description\":\"Noticias de tranporte aereo, turismo, hoteles, gastronomia, actualidad, internacional\",\"potentialAction\":[{\"@type\":\"SearchAction\",\"target\":{\"@type\":\"EntryPoint\",\"urlTemplate\":\"https:\/\/aeronoticias.com.pe\/noticiero\/?s={search_term_string}\"},\"query-input\":{\"@type\":\"PropertyValueSpecification\",\"valueRequired\":true,\"valueName\":\"search_term_string\"}}],\"inLanguage\":\"es\"},{\"@type\":\"Person\",\"@id\":\"https:\/\/aeronoticias.com.pe\/noticiero\/#\/schema\/person\/16212a617c73f78916b13194154243bd\",\"name\":\"Redacci\u00f3n\",\"sameAs\":[\"http:\/\/Redacci\u00f3n\"],\"url\":\"https:\/\/aeronoticias.com.pe\/noticiero\/author\/celeste\/\"}]}<\/script>\n<!-- \/ Yoast SEO plugin. -->","yoast_head_json":{"title":"\u2708\ufe0f Lima \u2013 Bucarest (Ruman\u00eda): paquete tur\u00edstico \u201ccity vibes + castillos\u201d para creadores de contenido","description":"(Aeronoticias): La ruta Lima \u2013 Bucarest conecta a los viajeros peruanos con una de las capitales m\u00e1s subestimadas y fotog\u00e9nicas de Europa del Este. Sin vuelos directos, el trayecto se realiza con una escala com\u00fan en Madrid, Par\u00eds o Estambul (22\u201328 h aprox.). Bucarest combina palacios monumentales, caf\u00e9s de autor, street art y una vida nocturna legendaria en su \u201cOld Town\u201d. Este paquete est\u00e1 curado para millennials que quieran volver con material listo para Reels, TikToks, historias y posts.","robots":{"index":"index","follow":"follow","max-snippet":"max-snippet:-1","max-image-preview":"max-image-preview:large","max-video-preview":"max-video-preview:-1"},"canonical":"https:\/\/aeronoticias.com.pe\/noticiero\/cultural\/\u2708\ufe0f-lima-bucarest-rumania-paquete-turistico-city-vibes-castillos-para-creadores-de-contenido\/","og_locale":"es_ES","og_type":"article","og_title":"\u2708\ufe0f Lima \u2013 Bucarest (Ruman\u00eda): paquete tur\u00edstico \u201ccity vibes + castillos\u201d para creadores de contenido","og_description":"(Aeronoticias): La ruta Lima \u2013 Bucarest conecta a los viajeros peruanos con una de las capitales m\u00e1s subestimadas y fotog\u00e9nicas de Europa del Este. Sin vuelos directos, el trayecto se realiza con una escala com\u00fan en Madrid, Par\u00eds o Estambul (22\u201328 h aprox.). Bucarest combina palacios monumentales, caf\u00e9s de autor, street art y una vida nocturna legendaria en su \u201cOld Town\u201d. Este paquete est\u00e1 curado para millennials que quieran volver con material listo para Reels, TikToks, historias y posts.","og_url":"https:\/\/aeronoticias.com.pe\/noticiero\/cultural\/\u2708\ufe0f-lima-bucarest-rumania-paquete-turistico-city-vibes-castillos-para-creadores-de-contenido\/","og_site_name":"Aeronoticias.com.pe","article_publisher":"https:\/\/www.facebook.com\/Aeronoticias.com.pe\/","article_published_time":"2025-09-08T16:31:50+00:00","article_modified_time":"2025-09-08T16:33:31+00:00","og_image":[{"width":2048,"height":1276,"url":"https:\/\/aeronoticias.com.pe\/noticiero\/wp-content\/uploads\/2025\/09\/buca.jpg","type":"image\/jpeg"}],"author":"Redacci\u00f3n","twitter_card":"summary_large_image","twitter_creator":"@aeronoticias","twitter_site":"@aeronoticias","twitter_misc":{"Escrito por":"Redacci\u00f3n","Tiempo de lectura":"4 minutos"},"schema":{"@context":"https:\/\/schema.org","@graph":[{"@type":"WebPage","@id":"https:\/\/aeronoticias.com.pe\/noticiero\/cultural\/%e2%9c%88%ef%b8%8f-lima-bucarest-rumania-paquete-turistico-city-vibes-castillos-para-creadores-de-contenido\/","url":"https:\/\/aeronoticias.com.pe\/noticiero\/cultural\/%e2%9c%88%ef%b8%8f-lima-bucarest-rumania-paquete-turistico-city-vibes-castillos-para-creadores-de-contenido\/","name":"\u2708\ufe0f Lima \u2013 Bucarest (Ruman\u00eda): paquete tur\u00edstico \u201ccity vibes + castillos\u201d para creadores de contenido","isPartOf":{"@id":"https:\/\/aeronoticias.com.pe\/noticiero\/#website"},"primaryImageOfPage":{"@id":"https:\/\/aeronoticias.com.pe\/noticiero\/cultural\/%e2%9c%88%ef%b8%8f-lima-bucarest-rumania-paquete-turistico-city-vibes-castillos-para-creadores-de-contenido\/#primaryimage"},"image":{"@id":"https:\/\/aeronoticias.com.pe\/noticiero\/cultural\/%e2%9c%88%ef%b8%8f-lima-bucarest-rumania-paquete-turistico-city-vibes-castillos-para-creadores-de-contenido\/#primaryimage"},"thumbnailUrl":"https:\/\/aeronoticias.com.pe\/noticiero\/wp-content\/uploads\/2025\/09\/buca.jpg","datePublished":"2025-09-08T16:31:50+00:00","dateModified":"2025-09-08T16:33:31+00:00","author":{"@id":"https:\/\/aeronoticias.com.pe\/noticiero\/#\/schema\/person\/16212a617c73f78916b13194154243bd"},"description":"(Aeronoticias): La ruta Lima \u2013 Bucarest conecta a los viajeros peruanos con una de las capitales m\u00e1s subestimadas y fotog\u00e9nicas de Europa del Este. Sin vuelos directos, el trayecto se realiza con una escala com\u00fan en Madrid, Par\u00eds o Estambul (22\u201328 h aprox.). Bucarest combina palacios monumentales, caf\u00e9s de autor, street art y una vida nocturna legendaria en su \u201cOld Town\u201d. Este paquete est\u00e1 curado para millennials que quieran volver con material listo para Reels, TikToks, historias y posts.","breadcrumb":{"@id":"https:\/\/aeronoticias.com.pe\/noticiero\/cultural\/%e2%9c%88%ef%b8%8f-lima-bucarest-rumania-paquete-turistico-city-vibes-castillos-para-creadores-de-contenido\/#breadcrumb"},"inLanguage":"es","potentialAction":[{"@type":"ReadAction","target":["https:\/\/aeronoticias.com.pe\/noticiero\/cultural\/%e2%9c%88%ef%b8%8f-lima-bucarest-rumania-paquete-turistico-city-vibes-castillos-para-creadores-de-contenido\/"]}]},{"@type":"ImageObject","inLanguage":"es","@id":"https:\/\/aeronoticias.com.pe\/noticiero\/cultural\/%e2%9c%88%ef%b8%8f-lima-bucarest-rumania-paquete-turistico-city-vibes-castillos-para-creadores-de-contenido\/#primaryimage","url":"https:\/\/aeronoticias.com.pe\/noticiero\/wp-content\/uploads\/2025\/09\/buca.jpg","contentUrl":"https:\/\/aeronoticias.com.pe\/noticiero\/wp-content\/uploads\/2025\/09\/buca.jpg","width":2048,"height":1276},{"@type":"BreadcrumbList","@id":"https:\/\/aeronoticias.com.pe\/noticiero\/cultural\/%e2%9c%88%ef%b8%8f-lima-bucarest-rumania-paquete-turistico-city-vibes-castillos-para-creadores-de-contenido\/#breadcrumb","itemListElement":[{"@type":"ListItem","position":1,"name":"Portada","item":"https:\/\/aeronoticias.com.pe\/noticiero\/"},{"@type":"ListItem","position":2,"name":"\u2708\ufe0f Lima \u2013 Bucarest (Ruman\u00eda): paquete tur\u00edstico \u201ccity vibes + castillos\u201d para creadores de contenido"}]},{"@type":"WebSite","@id":"https:\/\/aeronoticias.com.pe\/noticiero\/#website","url":"https:\/\/aeronoticias.com.pe\/noticiero\/","name":"Aeronoticias.com.pe","description":"Noticias de tranporte aereo, turismo, hoteles, gastronomia, actualidad, internacional","potentialAction":[{"@type":"SearchAction","target":{"@type":"EntryPoint","urlTemplate":"https:\/\/aeronoticias.com.pe\/noticiero\/?s={search_term_string}"},"query-input":{"@type":"PropertyValueSpecification","valueRequired":true,"valueName":"search_term_string"}}],"inLanguage":"es"},{"@type":"Person","@id":"https:\/\/aeronoticias.com.pe\/noticiero\/#\/schema\/person\/16212a617c73f78916b13194154243bd","name":"Redacci\u00f3n","sameAs":["http:\/\/Redacci\u00f3n"],"url":"https:\/\/aeronoticias.com.pe\/noticiero\/author\/celeste\/"}]}},"_links":{"self":[{"href":"https:\/\/aeronoticias.com.pe\/noticiero\/wp-json\/wp\/v2\/posts\/95729","targetHints":{"allow":["GET"]}}],"collection":[{"href":"https:\/\/aeronoticias.com.pe\/noticiero\/wp-json\/wp\/v2\/posts"}],"about":[{"href":"https:\/\/aeronoticias.com.pe\/noticiero\/wp-json\/wp\/v2\/types\/post"}],"author":[{"embeddable":true,"href":"https:\/\/aeronoticias.com.pe\/noticiero\/wp-json\/wp\/v2\/users\/3"}],"replies":[{"embeddable":true,"href":"https:\/\/aeronoticias.com.pe\/noticiero\/wp-json\/wp\/v2\/comments?post=95729"}],"version-history":[{"count":1,"href":"https:\/\/aeronoticias.com.pe\/noticiero\/wp-json\/wp\/v2\/posts\/95729\/revisions"}],"predecessor-version":[{"id":95731,"href":"https:\/\/aeronoticias.com.pe\/noticiero\/wp-json\/wp\/v2\/posts\/95729\/revisions\/95731"}],"wp:featuredmedia":[{"embeddable":true,"href":"https:\/\/aeronoticias.com.pe\/noticiero\/wp-json\/wp\/v2\/media\/95730"}],"wp:attachment":[{"href":"https:\/\/aeronoticias.com.pe\/noticiero\/wp-json\/wp\/v2\/media?parent=95729"}],"wp:term":[{"taxonomy":"category","embeddable":true,"href":"https:\/\/aeronoticias.com.pe\/noticiero\/wp-json\/wp\/v2\/categories?post=95729"},{"taxonomy":"post_tag","embeddable":true,"href":"https:\/\/aeronoticias.com.pe\/noticiero\/wp-json\/wp\/v2\/tags?post=95729"}],"curies":[{"name":"wp","href":"https:\/\/api.w.org\/{rel}","templated":true}]}}