{"id":95732,"date":"2025-09-08T11:39:51","date_gmt":"2025-09-08T16:39:51","guid":{"rendered":"https:\/\/aeronoticias.com.pe\/noticiero\/?p=95732"},"modified":"2025-09-08T11:39:54","modified_gmt":"2025-09-08T16:39:54","slug":"%e2%9c%88%ef%b8%8f-lima-budapest-hungria","status":"publish","type":"post","link":"https:\/\/aeronoticias.com.pe\/noticiero\/cultural\/%e2%9c%88%ef%b8%8f-lima-budapest-hungria\/","title":{"rendered":"\u2708\ufe0f Lima \u2013 Budapest (Hungr\u00eda)"},"content":{"rendered":"\n<h2 class=\"wp-block-heading\"><\/h2>\n\n\n\n<hr class=\"wp-block-separator has-alpha-channel-opacity\"\/>\n\n\n\n<p><strong>(Aeronoticias):<\/strong><br>La ruta <strong>Lima \u2013 Budapest<\/strong> abre la posibilidad de conectar con una de las capitales m\u00e1s bellas de Europa Central. Aunque no existen vuelos directos, se puede llegar mediante escalas en <strong>Madrid, \u00c1msterdam, Par\u00eds o Estambul<\/strong>, con un tiempo de vuelo total de entre <strong>22 y 28 horas<\/strong>. Conocida como la <strong>\u201cPerla del Danubio\u201d<\/strong>, Budapest combina <strong>palacios, termas hist\u00f3ricas, vida nocturna en ruinas bars<\/strong> y una gastronom\u00eda rica en sabores tradicionales.<\/p>\n\n\n\n<p>Este paquete est\u00e1 pensado para <strong>millennials que quieren vivir experiencias urbanas \u00fanicas y al mismo tiempo generar contenido atractivo para Instagram, TikTok y Reels<\/strong>.<\/p>\n\n\n\n<hr class=\"wp-block-separator has-alpha-channel-opacity\"\/>\n\n\n\n<h3 class=\"wp-block-heading\">\ud83d\udce6 Paquetes por segmento<\/h3>\n\n\n\n<p><strong>Sector A \u2013 \u201cLuxury Danube Experience\u201d (7D\/5N)<\/strong><\/p>\n\n\n\n<ul class=\"wp-block-list\">\n<li>Vuelos en business class.<\/li>\n\n\n\n<li>Hotel 5\u2605 en la ribera del Danubio (Four Seasons Gresham Palace o similar).<\/li>\n\n\n\n<li>Cena rom\u00e1ntica con vistas al Parlamento.<\/li>\n\n\n\n<li>Pase privado en barco nocturno por el Danubio con fot\u00f3grafo incluido.<\/li>\n\n\n\n<li>Tour exclusivo a <strong>Ba\u00f1os Sz\u00e9chenyi<\/strong> con acceso VIP.<\/li>\n\n\n\n<li>Clubbing premium en <strong>\u00d6tkert<\/strong> o <strong>White Angel Club<\/strong> con mesa reservada.<br><strong>Precio:<\/strong> USD 6,800 \u2013 8,500.<\/li>\n<\/ul>\n\n\n\n<hr class=\"wp-block-separator has-alpha-channel-opacity\"\/>\n\n\n\n<p><strong>Sector B \u2013 \u201cCity &amp; Party Pack\u201d (7D\/5N)<\/strong><\/p>\n\n\n\n<ul class=\"wp-block-list\">\n<li>Vuelos en turista premium.<\/li>\n\n\n\n<li>Hotel 4\u2605 en Pest, cerca de la zona del centro.<\/li>\n\n\n\n<li>City tour grupal por Parlamento, Basti\u00f3n de los Pescadores y Castillo de Buda.<\/li>\n\n\n\n<li>Entrada a <strong>ruin pubs<\/strong> como Szimpla Kert (el m\u00e1s famoso) y tour de bares guiado.<\/li>\n\n\n\n<li>Paseo en barco por el Danubio con cena buffet.<\/li>\n\n\n\n<li>D\u00eda de relax en termas Gell\u00e9rt.<br><strong>Precio:<\/strong> USD 3,000 \u2013 4,200.<\/li>\n<\/ul>\n\n\n\n<hr class=\"wp-block-separator has-alpha-channel-opacity\"\/>\n\n\n\n<p><strong>Sector C \u2013 \u201cBackpacker Vibes\u201d (6D\/4N)<\/strong><\/p>\n\n\n\n<ul class=\"wp-block-list\">\n<li>Vuelos en clase econ\u00f3mica.<\/li>\n\n\n\n<li>Hostales c\u00e9ntricos en Pest o habitaciones privadas en guesthouse.<\/li>\n\n\n\n<li>Walking tour gratuito por la ciudad.<\/li>\n\n\n\n<li>Acceso b\u00e1sico a <strong>Szimpla Kert<\/strong> y ruta de bares de bajo presupuesto.<\/li>\n\n\n\n<li>Paseo en ferry diurno por el Danubio para tomas panor\u00e1micas.<\/li>\n\n\n\n<li>Food tour econ\u00f3mico por mercados locales como el <strong>Nagycsarnok<\/strong>.<br><strong>Precio:<\/strong> desde USD 1,350.<\/li>\n<\/ul>\n\n\n\n<hr class=\"wp-block-separator has-alpha-channel-opacity\"\/>\n\n\n\n<h3 class=\"wp-block-heading\">\ud83d\uddd3\ufe0f Itinerario sugerido<\/h3>\n\n\n\n<ul class=\"wp-block-list\">\n<li><strong>D\u00eda 1:<\/strong> Llegada, paseo nocturno por el Danubio, fotos con Parlamento iluminado.<\/li>\n\n\n\n<li><strong>D\u00eda 2:<\/strong> City tour (Castillo de Buda, Basti\u00f3n de los Pescadores, Puente de las Cadenas). Noche en ruin pubs.<\/li>\n\n\n\n<li><strong>D\u00eda 3:<\/strong> Termas Sz\u00e9chenyi (contenido relax + est\u00e9tica retro). Sunset en la colina Gell\u00e9rt.<\/li>\n\n\n\n<li><strong>D\u00eda 4:<\/strong> Mercado Central + gastronom\u00eda t\u00edpica. Barco nocturno por el Danubio.<\/li>\n\n\n\n<li><strong>D\u00eda 5:<\/strong> Ruta de caf\u00e9s hipsters + murales de street art. Clubbing.<\/li>\n\n\n\n<li><strong>D\u00eda 6:<\/strong> D\u00eda libre para shootings + regreso.<\/li>\n<\/ul>\n\n\n\n<hr class=\"wp-block-separator has-alpha-channel-opacity\"\/>\n\n\n\n<h3 class=\"wp-block-heading\">\ud83d\udccd Spots tur\u00edsticos y fotog\u00e9nicos<\/h3>\n\n\n\n<ul class=\"wp-block-list\">\n<li><strong>Parlamento H\u00fangaro:<\/strong> shots frontales y en barco.<\/li>\n\n\n\n<li><strong>Basti\u00f3n de los Pescadores:<\/strong> escaleras y ventanales neog\u00f3ticos.<\/li>\n\n\n\n<li><strong>Sz\u00e9chenyi Baths:<\/strong> piscinas amarillas, perfectas para stories.<\/li>\n\n\n\n<li><strong>Szimpla Kert:<\/strong> murales, luces y vibes underground.<\/li>\n\n\n\n<li><strong>Puente de las Cadenas:<\/strong> tomas al amanecer con nula multitud.<\/li>\n<\/ul>\n\n\n\n<hr class=\"wp-block-separator has-alpha-channel-opacity\"\/>\n\n\n\n<h3 class=\"wp-block-heading\">\ud83c\udf19 Vida nocturna<\/h3>\n\n\n\n<ul class=\"wp-block-list\">\n<li><strong>Szimpla Kert:<\/strong> el ruin bar m\u00e1s ic\u00f3nico del mundo.<\/li>\n\n\n\n<li><strong>Mazel Tov:<\/strong> bohemio, ideal para stories \u201caesthetic\u201d.<\/li>\n\n\n\n<li><strong>Instant-Fogas Complex:<\/strong> complejo con 7 pistas de baile.<\/li>\n\n\n\n<li><strong>White Angel Club:<\/strong> electr\u00f3nico de lujo.<\/li>\n<\/ul>\n\n\n\n<hr class=\"wp-block-separator has-alpha-channel-opacity\"\/>\n\n\n\n<h3 class=\"wp-block-heading\">\ud83c\udf7d\ufe0f Comida t\u00edpica<\/h3>\n\n\n\n<ul class=\"wp-block-list\">\n<li><strong>Goulash:<\/strong> sopa de carne y paprika (plato nacional).<\/li>\n\n\n\n<li><strong>L\u00e1ngos:<\/strong> masa frita con crema y queso (foodie shot cl\u00e1sico).<\/li>\n\n\n\n<li><strong>K\u00fcrt\u0151skal\u00e1cs (chimney cake):<\/strong> dulce enrollado, trending en TikTok.<\/li>\n\n\n\n<li><strong>Tokaji wine:<\/strong> vino dulce h\u00fangaro para un cheers en stories.<\/li>\n<\/ul>\n\n\n\n<hr class=\"wp-block-separator has-alpha-channel-opacity\"\/>\n\n\n\n<h3 class=\"wp-block-heading\">\ud83e\udded Transporte<\/h3>\n\n\n\n<p>Aeropuerto <strong>BUD \u2013 Ferenc Liszt<\/strong> con shuttle privado (A\/B) o bus econ\u00f3mico (C). Dentro de la ciudad: metro antiguo (el segundo m\u00e1s antiguo del mundo), tranv\u00edas y scooters el\u00e9ctricos.<\/p>\n\n\n\n<hr class=\"wp-block-separator has-alpha-channel-opacity\"\/>\n\n\n\n<h3 class=\"wp-block-heading\">\u2600\ufe0f Mejor \u00e9poca para visitar<\/h3>\n\n\n\n<ul class=\"wp-block-list\">\n<li><strong>Primavera (abr\u2013jun):<\/strong> clima templado y terrazas abiertas.<\/li>\n\n\n\n<li><strong>Invierno (dic\u2013feb):<\/strong> mercados navide\u00f1os y shots nevados.<\/li>\n<\/ul>\n\n\n\n<hr class=\"wp-block-separator has-alpha-channel-opacity\"\/>\n\n\n\n<h3 class=\"wp-block-heading\">\ud83c\udfac Tip de contenido<\/h3>\n\n\n\n<ul class=\"wp-block-list\">\n<li>Haz un Reel comparando el Budapest diurno vs. nocturno.<\/li>\n\n\n\n<li>Stories \u201cbefore &amp; after\u201d desde un ruin bar a un brunch elegante.<\/li>\n\n\n\n<li>Post viral con \u201cLos 5 spots m\u00e1s instagrameables de Budapest\u201d.<\/li>\n<\/ul>\n\n\n\n<hr class=\"wp-block-separator has-alpha-channel-opacity\"\/>\n\n\n\n<h3 class=\"wp-block-heading\">\ud83e\uddfe Cierre<\/h3>\n\n\n\n<p>Reserva tu <strong>paquete Lima \u2013 Budapest<\/strong> y vuelve con carretes de fotos y clips dignos de viralizarse. Una ciudad que mezcla historia, termas, fiesta y sabores \u00fanicos, perfecta para el millennial viajero.<\/p>\n\n\n\n<p><strong>Fuente: Sebasti\u00e1n Palac\u00edn<\/strong><\/p>\n\n\n\n<p><\/p>\n","protected":false},"excerpt":{"rendered":"<p>(Aeronoticias):La ruta Lima \u2013 Budapest abre la posibilidad de conectar con una de las capitales m\u00e1s bellas de Europa Central. Aunque no existen vuelos directos, se puede llegar mediante escalas en Madrid, \u00c1msterdam, Par\u00eds o Estambul, con un tiempo de vuelo total de entre 22 y 28 horas. Conocida como la \u201cPerla del Danubio\u201d, Budapest [&hellip;]<\/p>\n","protected":false},"author":3,"featured_media":95733,"comment_status":"closed","ping_status":"closed","sticky":false,"template":"","format":"standard","meta":{"tdm_status":"","tdm_grid_status":"","footnotes":""},"categories":[26,34,9,67],"tags":[],"class_list":{"0":"post-95732","1":"post","2":"type-post","3":"status-publish","4":"format-standard","5":"has-post-thumbnail","7":"category-cultural","8":"category-internacionales","9":"category-turismo","10":"category-viajes"},"yoast_head":"<!-- This site is optimized with the Yoast SEO plugin v25.1 - https:\/\/yoast.com\/wordpress\/plugins\/seo\/ -->\n<title>\u2708\ufe0f Lima \u2013 Budapest (Hungr\u00eda)<\/title>\n<meta name=\"description\" content=\"(Aeronoticias): La ruta Lima \u2013 Budapest abre la posibilidad de conectar con una de las capitales m\u00e1s bellas de Europa Central. Aunque no existen vuelos directos, se puede llegar mediante escalas en Madrid, \u00c1msterdam, Par\u00eds o Estambul, con un tiempo de vuelo total de entre 22 y 28 horas. Conocida como la \u201cPerla del Danubio\u201d, Budapest combina palacios, termas hist\u00f3ricas, vida nocturna en ruinas bars y una gastronom\u00eda rica en sabores tradicionales.\" \/>\n<meta name=\"robots\" content=\"index, follow, max-snippet:-1, max-image-preview:large, max-video-preview:-1\" \/>\n<link rel=\"canonical\" href=\"https:\/\/aeronoticias.com.pe\/noticiero\/cultural\/\u2708\ufe0f-lima-budapest-hungria\/\" \/>\n<meta property=\"og:locale\" content=\"es_ES\" \/>\n<meta property=\"og:type\" content=\"article\" \/>\n<meta property=\"og:title\" content=\"\u2708\ufe0f Lima \u2013 Budapest (Hungr\u00eda)\" \/>\n<meta property=\"og:description\" content=\"(Aeronoticias): La ruta Lima \u2013 Budapest abre la posibilidad de conectar con una de las capitales m\u00e1s bellas de Europa Central. Aunque no existen vuelos directos, se puede llegar mediante escalas en Madrid, \u00c1msterdam, Par\u00eds o Estambul, con un tiempo de vuelo total de entre 22 y 28 horas. Conocida como la \u201cPerla del Danubio\u201d, Budapest combina palacios, termas hist\u00f3ricas, vida nocturna en ruinas bars y una gastronom\u00eda rica en sabores tradicionales.\" \/>\n<meta property=\"og:url\" content=\"https:\/\/aeronoticias.com.pe\/noticiero\/cultural\/\u2708\ufe0f-lima-budapest-hungria\/\" \/>\n<meta property=\"og:site_name\" content=\"Aeronoticias.com.pe\" \/>\n<meta property=\"article:publisher\" content=\"https:\/\/www.facebook.com\/Aeronoticias.com.pe\/\" \/>\n<meta property=\"article:published_time\" content=\"2025-09-08T16:39:51+00:00\" \/>\n<meta property=\"article:modified_time\" content=\"2025-09-08T16:39:54+00:00\" \/>\n<meta property=\"og:image\" content=\"https:\/\/aeronoticias.com.pe\/noticiero\/wp-content\/uploads\/2025\/09\/budapest.jpg\" \/>\n\t<meta property=\"og:image:width\" content=\"1600\" \/>\n\t<meta property=\"og:image:height\" content=\"1066\" \/>\n\t<meta property=\"og:image:type\" content=\"image\/jpeg\" \/>\n<meta name=\"author\" content=\"Redacci\u00f3n\" \/>\n<meta name=\"twitter:card\" content=\"summary_large_image\" \/>\n<meta name=\"twitter:creator\" content=\"@aeronoticias\" \/>\n<meta name=\"twitter:site\" content=\"@aeronoticias\" \/>\n<meta name=\"twitter:label1\" content=\"Escrito por\" \/>\n\t<meta name=\"twitter:data1\" content=\"Redacci\u00f3n\" \/>\n\t<meta name=\"twitter:label2\" content=\"Tiempo de lectura\" \/>\n\t<meta name=\"twitter:data2\" content=\"3 minutos\" \/>\n<script type=\"application\/ld+json\" class=\"yoast-schema-graph\">{\"@context\":\"https:\/\/schema.org\",\"@graph\":[{\"@type\":\"WebPage\",\"@id\":\"https:\/\/aeronoticias.com.pe\/noticiero\/cultural\/%e2%9c%88%ef%b8%8f-lima-budapest-hungria\/\",\"url\":\"https:\/\/aeronoticias.com.pe\/noticiero\/cultural\/%e2%9c%88%ef%b8%8f-lima-budapest-hungria\/\",\"name\":\"\u2708\ufe0f Lima \u2013 Budapest (Hungr\u00eda)\",\"isPartOf\":{\"@id\":\"https:\/\/aeronoticias.com.pe\/noticiero\/#website\"},\"primaryImageOfPage\":{\"@id\":\"https:\/\/aeronoticias.com.pe\/noticiero\/cultural\/%e2%9c%88%ef%b8%8f-lima-budapest-hungria\/#primaryimage\"},\"image\":{\"@id\":\"https:\/\/aeronoticias.com.pe\/noticiero\/cultural\/%e2%9c%88%ef%b8%8f-lima-budapest-hungria\/#primaryimage\"},\"thumbnailUrl\":\"https:\/\/aeronoticias.com.pe\/noticiero\/wp-content\/uploads\/2025\/09\/budapest.jpg\",\"datePublished\":\"2025-09-08T16:39:51+00:00\",\"dateModified\":\"2025-09-08T16:39:54+00:00\",\"author\":{\"@id\":\"https:\/\/aeronoticias.com.pe\/noticiero\/#\/schema\/person\/16212a617c73f78916b13194154243bd\"},\"description\":\"(Aeronoticias): La ruta Lima \u2013 Budapest abre la posibilidad de conectar con una de las capitales m\u00e1s bellas de Europa Central. Aunque no existen vuelos directos, se puede llegar mediante escalas en Madrid, \u00c1msterdam, Par\u00eds o Estambul, con un tiempo de vuelo total de entre 22 y 28 horas. Conocida como la \u201cPerla del Danubio\u201d, Budapest combina palacios, termas hist\u00f3ricas, vida nocturna en ruinas bars y una gastronom\u00eda rica en sabores tradicionales.\",\"breadcrumb\":{\"@id\":\"https:\/\/aeronoticias.com.pe\/noticiero\/cultural\/%e2%9c%88%ef%b8%8f-lima-budapest-hungria\/#breadcrumb\"},\"inLanguage\":\"es\",\"potentialAction\":[{\"@type\":\"ReadAction\",\"target\":[\"https:\/\/aeronoticias.com.pe\/noticiero\/cultural\/%e2%9c%88%ef%b8%8f-lima-budapest-hungria\/\"]}]},{\"@type\":\"ImageObject\",\"inLanguage\":\"es\",\"@id\":\"https:\/\/aeronoticias.com.pe\/noticiero\/cultural\/%e2%9c%88%ef%b8%8f-lima-budapest-hungria\/#primaryimage\",\"url\":\"https:\/\/aeronoticias.com.pe\/noticiero\/wp-content\/uploads\/2025\/09\/budapest.jpg\",\"contentUrl\":\"https:\/\/aeronoticias.com.pe\/noticiero\/wp-content\/uploads\/2025\/09\/budapest.jpg\",\"width\":1600,\"height\":1066},{\"@type\":\"BreadcrumbList\",\"@id\":\"https:\/\/aeronoticias.com.pe\/noticiero\/cultural\/%e2%9c%88%ef%b8%8f-lima-budapest-hungria\/#breadcrumb\",\"itemListElement\":[{\"@type\":\"ListItem\",\"position\":1,\"name\":\"Portada\",\"item\":\"https:\/\/aeronoticias.com.pe\/noticiero\/\"},{\"@type\":\"ListItem\",\"position\":2,\"name\":\"\u2708\ufe0f Lima \u2013 Budapest (Hungr\u00eda)\"}]},{\"@type\":\"WebSite\",\"@id\":\"https:\/\/aeronoticias.com.pe\/noticiero\/#website\",\"url\":\"https:\/\/aeronoticias.com.pe\/noticiero\/\",\"name\":\"Aeronoticias.com.pe\",\"description\":\"Noticias de tranporte aereo, turismo, hoteles, gastronomia, actualidad, internacional\",\"potentialAction\":[{\"@type\":\"SearchAction\",\"target\":{\"@type\":\"EntryPoint\",\"urlTemplate\":\"https:\/\/aeronoticias.com.pe\/noticiero\/?s={search_term_string}\"},\"query-input\":{\"@type\":\"PropertyValueSpecification\",\"valueRequired\":true,\"valueName\":\"search_term_string\"}}],\"inLanguage\":\"es\"},{\"@type\":\"Person\",\"@id\":\"https:\/\/aeronoticias.com.pe\/noticiero\/#\/schema\/person\/16212a617c73f78916b13194154243bd\",\"name\":\"Redacci\u00f3n\",\"sameAs\":[\"http:\/\/Redacci\u00f3n\"],\"url\":\"https:\/\/aeronoticias.com.pe\/noticiero\/author\/celeste\/\"}]}<\/script>\n<!-- \/ Yoast SEO plugin. -->","yoast_head_json":{"title":"\u2708\ufe0f Lima \u2013 Budapest (Hungr\u00eda)","description":"(Aeronoticias): La ruta Lima \u2013 Budapest abre la posibilidad de conectar con una de las capitales m\u00e1s bellas de Europa Central. Aunque no existen vuelos directos, se puede llegar mediante escalas en Madrid, \u00c1msterdam, Par\u00eds o Estambul, con un tiempo de vuelo total de entre 22 y 28 horas. Conocida como la \u201cPerla del Danubio\u201d, Budapest combina palacios, termas hist\u00f3ricas, vida nocturna en ruinas bars y una gastronom\u00eda rica en sabores tradicionales.","robots":{"index":"index","follow":"follow","max-snippet":"max-snippet:-1","max-image-preview":"max-image-preview:large","max-video-preview":"max-video-preview:-1"},"canonical":"https:\/\/aeronoticias.com.pe\/noticiero\/cultural\/\u2708\ufe0f-lima-budapest-hungria\/","og_locale":"es_ES","og_type":"article","og_title":"\u2708\ufe0f Lima \u2013 Budapest (Hungr\u00eda)","og_description":"(Aeronoticias): La ruta Lima \u2013 Budapest abre la posibilidad de conectar con una de las capitales m\u00e1s bellas de Europa Central. Aunque no existen vuelos directos, se puede llegar mediante escalas en Madrid, \u00c1msterdam, Par\u00eds o Estambul, con un tiempo de vuelo total de entre 22 y 28 horas. Conocida como la \u201cPerla del Danubio\u201d, Budapest combina palacios, termas hist\u00f3ricas, vida nocturna en ruinas bars y una gastronom\u00eda rica en sabores tradicionales.","og_url":"https:\/\/aeronoticias.com.pe\/noticiero\/cultural\/\u2708\ufe0f-lima-budapest-hungria\/","og_site_name":"Aeronoticias.com.pe","article_publisher":"https:\/\/www.facebook.com\/Aeronoticias.com.pe\/","article_published_time":"2025-09-08T16:39:51+00:00","article_modified_time":"2025-09-08T16:39:54+00:00","og_image":[{"width":1600,"height":1066,"url":"https:\/\/aeronoticias.com.pe\/noticiero\/wp-content\/uploads\/2025\/09\/budapest.jpg","type":"image\/jpeg"}],"author":"Redacci\u00f3n","twitter_card":"summary_large_image","twitter_creator":"@aeronoticias","twitter_site":"@aeronoticias","twitter_misc":{"Escrito por":"Redacci\u00f3n","Tiempo de lectura":"3 minutos"},"schema":{"@context":"https:\/\/schema.org","@graph":[{"@type":"WebPage","@id":"https:\/\/aeronoticias.com.pe\/noticiero\/cultural\/%e2%9c%88%ef%b8%8f-lima-budapest-hungria\/","url":"https:\/\/aeronoticias.com.pe\/noticiero\/cultural\/%e2%9c%88%ef%b8%8f-lima-budapest-hungria\/","name":"\u2708\ufe0f Lima \u2013 Budapest (Hungr\u00eda)","isPartOf":{"@id":"https:\/\/aeronoticias.com.pe\/noticiero\/#website"},"primaryImageOfPage":{"@id":"https:\/\/aeronoticias.com.pe\/noticiero\/cultural\/%e2%9c%88%ef%b8%8f-lima-budapest-hungria\/#primaryimage"},"image":{"@id":"https:\/\/aeronoticias.com.pe\/noticiero\/cultural\/%e2%9c%88%ef%b8%8f-lima-budapest-hungria\/#primaryimage"},"thumbnailUrl":"https:\/\/aeronoticias.com.pe\/noticiero\/wp-content\/uploads\/2025\/09\/budapest.jpg","datePublished":"2025-09-08T16:39:51+00:00","dateModified":"2025-09-08T16:39:54+00:00","author":{"@id":"https:\/\/aeronoticias.com.pe\/noticiero\/#\/schema\/person\/16212a617c73f78916b13194154243bd"},"description":"(Aeronoticias): La ruta Lima \u2013 Budapest abre la posibilidad de conectar con una de las capitales m\u00e1s bellas de Europa Central. Aunque no existen vuelos directos, se puede llegar mediante escalas en Madrid, \u00c1msterdam, Par\u00eds o Estambul, con un tiempo de vuelo total de entre 22 y 28 horas. Conocida como la \u201cPerla del Danubio\u201d, Budapest combina palacios, termas hist\u00f3ricas, vida nocturna en ruinas bars y una gastronom\u00eda rica en sabores tradicionales.","breadcrumb":{"@id":"https:\/\/aeronoticias.com.pe\/noticiero\/cultural\/%e2%9c%88%ef%b8%8f-lima-budapest-hungria\/#breadcrumb"},"inLanguage":"es","potentialAction":[{"@type":"ReadAction","target":["https:\/\/aeronoticias.com.pe\/noticiero\/cultural\/%e2%9c%88%ef%b8%8f-lima-budapest-hungria\/"]}]},{"@type":"ImageObject","inLanguage":"es","@id":"https:\/\/aeronoticias.com.pe\/noticiero\/cultural\/%e2%9c%88%ef%b8%8f-lima-budapest-hungria\/#primaryimage","url":"https:\/\/aeronoticias.com.pe\/noticiero\/wp-content\/uploads\/2025\/09\/budapest.jpg","contentUrl":"https:\/\/aeronoticias.com.pe\/noticiero\/wp-content\/uploads\/2025\/09\/budapest.jpg","width":1600,"height":1066},{"@type":"BreadcrumbList","@id":"https:\/\/aeronoticias.com.pe\/noticiero\/cultural\/%e2%9c%88%ef%b8%8f-lima-budapest-hungria\/#breadcrumb","itemListElement":[{"@type":"ListItem","position":1,"name":"Portada","item":"https:\/\/aeronoticias.com.pe\/noticiero\/"},{"@type":"ListItem","position":2,"name":"\u2708\ufe0f Lima \u2013 Budapest (Hungr\u00eda)"}]},{"@type":"WebSite","@id":"https:\/\/aeronoticias.com.pe\/noticiero\/#website","url":"https:\/\/aeronoticias.com.pe\/noticiero\/","name":"Aeronoticias.com.pe","description":"Noticias de tranporte aereo, turismo, hoteles, gastronomia, actualidad, internacional","potentialAction":[{"@type":"SearchAction","target":{"@type":"EntryPoint","urlTemplate":"https:\/\/aeronoticias.com.pe\/noticiero\/?s={search_term_string}"},"query-input":{"@type":"PropertyValueSpecification","valueRequired":true,"valueName":"search_term_string"}}],"inLanguage":"es"},{"@type":"Person","@id":"https:\/\/aeronoticias.com.pe\/noticiero\/#\/schema\/person\/16212a617c73f78916b13194154243bd","name":"Redacci\u00f3n","sameAs":["http:\/\/Redacci\u00f3n"],"url":"https:\/\/aeronoticias.com.pe\/noticiero\/author\/celeste\/"}]}},"_links":{"self":[{"href":"https:\/\/aeronoticias.com.pe\/noticiero\/wp-json\/wp\/v2\/posts\/95732","targetHints":{"allow":["GET"]}}],"collection":[{"href":"https:\/\/aeronoticias.com.pe\/noticiero\/wp-json\/wp\/v2\/posts"}],"about":[{"href":"https:\/\/aeronoticias.com.pe\/noticiero\/wp-json\/wp\/v2\/types\/post"}],"author":[{"embeddable":true,"href":"https:\/\/aeronoticias.com.pe\/noticiero\/wp-json\/wp\/v2\/users\/3"}],"replies":[{"embeddable":true,"href":"https:\/\/aeronoticias.com.pe\/noticiero\/wp-json\/wp\/v2\/comments?post=95732"}],"version-history":[{"count":1,"href":"https:\/\/aeronoticias.com.pe\/noticiero\/wp-json\/wp\/v2\/posts\/95732\/revisions"}],"predecessor-version":[{"id":95734,"href":"https:\/\/aeronoticias.com.pe\/noticiero\/wp-json\/wp\/v2\/posts\/95732\/revisions\/95734"}],"wp:featuredmedia":[{"embeddable":true,"href":"https:\/\/aeronoticias.com.pe\/noticiero\/wp-json\/wp\/v2\/media\/95733"}],"wp:attachment":[{"href":"https:\/\/aeronoticias.com.pe\/noticiero\/wp-json\/wp\/v2\/media?parent=95732"}],"wp:term":[{"taxonomy":"category","embeddable":true,"href":"https:\/\/aeronoticias.com.pe\/noticiero\/wp-json\/wp\/v2\/categories?post=95732"},{"taxonomy":"post_tag","embeddable":true,"href":"https:\/\/aeronoticias.com.pe\/noticiero\/wp-json\/wp\/v2\/tags?post=95732"}],"curies":[{"name":"wp","href":"https:\/\/api.w.org\/{rel}","templated":true}]}}