{"id":95735,"date":"2025-09-08T11:44:15","date_gmt":"2025-09-08T16:44:15","guid":{"rendered":"https:\/\/aeronoticias.com.pe\/noticiero\/?p=95735"},"modified":"2025-09-08T11:44:18","modified_gmt":"2025-09-08T16:44:18","slug":"%e2%9c%88%ef%b8%8f-lima-praga-paquetes-turisticos-para-creadores-de-contenido-en-la-ciudad-de-las-100-torres","status":"publish","type":"post","link":"https:\/\/aeronoticias.com.pe\/noticiero\/cultural\/%e2%9c%88%ef%b8%8f-lima-praga-paquetes-turisticos-para-creadores-de-contenido-en-la-ciudad-de-las-100-torres\/","title":{"rendered":"\u2708\ufe0f Lima \u2013 Praga: paquetes tur\u00edsticos para creadores de contenido en la \u201cCiudad de las 100 torres\u201d"},"content":{"rendered":"\n<h2 class=\"wp-block-heading\"><\/h2>\n\n\n\n<p><strong>(Aeronoticias):<\/strong><br>La ruta <strong>Lima \u2013 Praga<\/strong> lleva a los peruanos hacia una de las capitales m\u00e1s rom\u00e1nticas y cinematogr\u00e1ficas de Europa Central. Aunque no existen vuelos directos, se llega f\u00e1cilmente mediante escalas en <strong>Madrid, Par\u00eds, Frankfurt o \u00c1msterdam<\/strong>, con un tiempo total de <strong>22 a 27 horas<\/strong> seg\u00fan la conexi\u00f3n. Praga es un verdadero set de grabaci\u00f3n al aire libre: castillos g\u00f3ticos, caf\u00e9s vintage, calles empedradas y clubes nocturnos de renombre internacional.<\/p>\n\n\n\n<p>Este paquete est\u00e1 dise\u00f1ado para <strong>milenials creadores de contenido<\/strong>, que buscan regresar con galer\u00edas listas para <strong>TikTok, Instagram Reels y stories<\/strong>.<\/p>\n\n\n\n<hr class=\"wp-block-separator has-alpha-channel-opacity\"\/>\n\n\n\n<h3 class=\"wp-block-heading\">\ud83d\udce6 Paquetes por segmento<\/h3>\n\n\n\n<p><strong>Sector A \u2013 \u201cLuxury Prague\u201d (7D\/5N)<\/strong><\/p>\n\n\n\n<ul class=\"wp-block-list\">\n<li>Vuelos en business class.<\/li>\n\n\n\n<li>Alojamiento en hoteles 5\u2605 como el <strong>Augustine Prague<\/strong> o el <strong>Four Seasons<\/strong>, con vistas al Castillo.<\/li>\n\n\n\n<li>Traslados privados + gu\u00eda biling\u00fce.<\/li>\n\n\n\n<li>Pase VIP al <strong>Castillo de Praga<\/strong> y sesi\u00f3n privada en el <strong>Puente de Carlos<\/strong> al amanecer.<\/li>\n\n\n\n<li>Cena gourmet en el restaurante <strong>La Degustation Boh\u00eame Bourgeoise<\/strong> (estrella Michelin).<\/li>\n\n\n\n<li>Noche de lujo en <strong>Epic Prague<\/strong>, club con mesas VIP y DJs internacionales.<br><strong>Precio:<\/strong> USD 6,800 \u2013 8,900.<\/li>\n<\/ul>\n\n\n\n<hr class=\"wp-block-separator has-alpha-channel-opacity\"\/>\n\n\n\n<p><strong>Sector B \u2013 \u201cCity &amp; Content Pack\u201d (6D\/4N)<\/strong><\/p>\n\n\n\n<ul class=\"wp-block-list\">\n<li>Vuelos en turista premium.<\/li>\n\n\n\n<li>Hotel 4\u2605 en el centro hist\u00f3rico (Star\u00e9 M\u011bsto).<\/li>\n\n\n\n<li>City tour grupal (Plaza de la Ciudad Vieja, Reloj Astron\u00f3mico, Barrio Jud\u00edo).<\/li>\n\n\n\n<li>Excursi\u00f3n a <strong>\u010cesk\u00fd Krumlov<\/strong>, una de las ciudades m\u00e1s instagrameables del pa\u00eds.<\/li>\n\n\n\n<li>Cena t\u00edpica con show folcl\u00f3rico.<\/li>\n\n\n\n<li>Pub crawl por bares tem\u00e1ticos y entrada a <strong>Roxy Club<\/strong>.<br><strong>Precio:<\/strong> USD 2,900 \u2013 4,200.<\/li>\n<\/ul>\n\n\n\n<hr class=\"wp-block-separator has-alpha-channel-opacity\"\/>\n\n\n\n<p><strong>Sector C \u2013 \u201cBackpacker Creator\u201d (6D\/4N)<\/strong><\/p>\n\n\n\n<ul class=\"wp-block-list\">\n<li>Vuelos econ\u00f3micos.<\/li>\n\n\n\n<li>Hostales boutique como <strong>Czech Inn<\/strong> en barrios alternativos.<\/li>\n\n\n\n<li>Walking tour gratuito.<\/li>\n\n\n\n<li>Visita al <strong>Muro de John Lennon<\/strong>, el spot m\u00e1s viral de IG en Praga.<\/li>\n\n\n\n<li>Entrada econ\u00f3mica a <strong>Cross Club<\/strong> (bar futurista de metal reciclado).<\/li>\n\n\n\n<li>Mapa de \u201cshooting points\u201d para creadores: tranv\u00edas rojos, caf\u00e9s hipsters y rooftops.<br><strong>Precio:<\/strong> desde USD 1,350.<\/li>\n<\/ul>\n\n\n\n<hr class=\"wp-block-separator has-alpha-channel-opacity\"\/>\n\n\n\n<h3 class=\"wp-block-heading\">\ud83d\uddd3\ufe0f Itinerario sugerido<\/h3>\n\n\n\n<ul class=\"wp-block-list\">\n<li><strong>D\u00eda 1:<\/strong> Llegada y paseo nocturno por la Plaza de la Ciudad Vieja iluminada.<\/li>\n\n\n\n<li><strong>D\u00eda 2:<\/strong> Castillo de Praga, Catedral de San Vito, Puente de Carlos (sunset shot).<\/li>\n\n\n\n<li><strong>D\u00eda 3:<\/strong> Excursi\u00f3n a \u010cesk\u00fd Krumlov. Shots a\u00e9reos opcionales con dron.<\/li>\n\n\n\n<li><strong>D\u00eda 4:<\/strong> Tour alternativo por \u017di\u017ekov (street art) y mercados vintage. Noche en Cross Club.<\/li>\n\n\n\n<li><strong>D\u00eda 5:<\/strong> Museo Kafka + shooting en librer\u00edas y caf\u00e9s hist\u00f3ricos. Pub crawl.<\/li>\n\n\n\n<li><strong>D\u00eda 6:<\/strong> Libre para grabar Reels + regreso.<\/li>\n<\/ul>\n\n\n\n<hr class=\"wp-block-separator has-alpha-channel-opacity\"\/>\n\n\n\n<h3 class=\"wp-block-heading\">\ud83d\udccd Sitios tur\u00edsticos y fotog\u00e9nicos<\/h3>\n\n\n\n<ul class=\"wp-block-list\">\n<li><strong>Castillo de Praga:<\/strong> imponente y g\u00f3tico, ideal para transiciones \u00e9picas.<\/li>\n\n\n\n<li><strong>Puente de Carlos:<\/strong> cl\u00e1sico amanecer con m\u00fasicos callejeros.<\/li>\n\n\n\n<li><strong>Reloj Astron\u00f3mico:<\/strong> stories de cada hora con la animaci\u00f3n.<\/li>\n\n\n\n<li><strong>Muro de John Lennon:<\/strong> fondo colorido perfecto para TikTok.<\/li>\n\n\n\n<li><strong>\u010cesk\u00fd Krumlov:<\/strong> casas medievales y r\u00edo serpenteante, efecto cuento.<\/li>\n<\/ul>\n\n\n\n<hr class=\"wp-block-separator has-alpha-channel-opacity\"\/>\n\n\n\n<h3 class=\"wp-block-heading\">\ud83c\udf19 Vida nocturna para stories<\/h3>\n\n\n\n<ul class=\"wp-block-list\">\n<li><strong>Epic Prague:<\/strong> mega club, luces y DJs internacionales.<\/li>\n\n\n\n<li><strong>Roxy Club:<\/strong> underground, perfecto para reels con c\u00e1mara 0.5x.<\/li>\n\n\n\n<li><strong>Cross Club:<\/strong> decoraci\u00f3n futurista y steampunk, \u00fanico en Europa.<\/li>\n\n\n\n<li><strong>Beer tours:<\/strong> para grabar catas en pubs centenarios.<\/li>\n<\/ul>\n\n\n\n<hr class=\"wp-block-separator has-alpha-channel-opacity\"\/>\n\n\n\n<h3 class=\"wp-block-heading\">\ud83c\udf7d\ufe0f Comida t\u00edpica<\/h3>\n\n\n\n<ul class=\"wp-block-list\">\n<li><strong>Sv\u00ed\u010dkov\u00e1:<\/strong> carne con salsa cremosa y dumplings.<\/li>\n\n\n\n<li><strong>Goulash checo:<\/strong> servido en pan, shot cl\u00e1sico para foodie reels.<\/li>\n\n\n\n<li><strong>Trdeln\u00edk:<\/strong> postre en espiral con helado, viral en IG.<\/li>\n\n\n\n<li><strong>Cervezas locales (Pilsner Urquell):<\/strong> brindis obligado en stories.<\/li>\n<\/ul>\n\n\n\n<hr class=\"wp-block-separator has-alpha-channel-opacity\"\/>\n\n\n\n<h3 class=\"wp-block-heading\">\ud83e\udded Transporte<\/h3>\n\n\n\n<p>Aeropuerto <strong>V\u00e1clav Havel (PRG)<\/strong>. Conexi\u00f3n al centro en bus o traslados privados. Dentro de Praga: tranv\u00edas hist\u00f3ricos (perfectos para clips vintage), metro y scooters el\u00e9ctricos.<\/p>\n\n\n\n<hr class=\"wp-block-separator has-alpha-channel-opacity\"\/>\n\n\n\n<h3 class=\"wp-block-heading\">\u2600\ufe0f Mejor \u00e9poca<\/h3>\n\n\n\n<ul class=\"wp-block-list\">\n<li><strong>Primavera (mar\u2013may):<\/strong> flores y terrazas abiertas.<\/li>\n\n\n\n<li><strong>Navidad (dic):<\/strong> mercados navide\u00f1os, luces y chocolate caliente para contenido cozy.<\/li>\n<\/ul>\n\n\n\n<hr class=\"wp-block-separator has-alpha-channel-opacity\"\/>\n\n\n\n<h3 class=\"wp-block-heading\">\ud83c\udfac Tips de contenido<\/h3>\n\n\n\n<ul class=\"wp-block-list\">\n<li>Reel de \u201cantes y despu\u00e9s\u201d: d\u00eda soleado vs. noche iluminada en Puente de Carlos.<\/li>\n\n\n\n<li>TikTok \u201cprobando dulces t\u00edpicos en 15 segundos\u201d en mercados.<\/li>\n\n\n\n<li>IG stories con POV en tranv\u00eda vintage.<\/li>\n<\/ul>\n\n\n\n<hr class=\"wp-block-separator has-alpha-channel-opacity\"\/>\n\n\n\n<h3 class=\"wp-block-heading\">\ud83e\uddfe Cierre<\/h3>\n\n\n\n<p>El paquete <strong>Lima \u2013 Praga<\/strong> es perfecto para millennials que buscan <strong>contenido viral + experiencias \u00fanicas<\/strong>. Desde castillos g\u00f3ticos hasta clubes futuristas, cada rinc\u00f3n es un set listo para tu c\u00e1mara.<\/p>\n\n\n\n<p><strong>Fuente: Sebasti\u00e1n Palac\u00edn<\/strong><\/p>\n\n\n\n<p><\/p>\n","protected":false},"excerpt":{"rendered":"<p>(Aeronoticias):La ruta Lima \u2013 Praga lleva a los peruanos hacia una de las capitales m\u00e1s rom\u00e1nticas y cinematogr\u00e1ficas de Europa Central. Aunque no existen vuelos directos, se llega f\u00e1cilmente mediante escalas en Madrid, Par\u00eds, Frankfurt o \u00c1msterdam, con un tiempo total de 22 a 27 horas seg\u00fan la conexi\u00f3n. Praga es un verdadero set de [&hellip;]<\/p>\n","protected":false},"author":3,"featured_media":95736,"comment_status":"closed","ping_status":"closed","sticky":false,"template":"","format":"standard","meta":{"tdm_status":"","tdm_grid_status":"","footnotes":""},"categories":[26,34,9,67],"tags":[],"class_list":{"0":"post-95735","1":"post","2":"type-post","3":"status-publish","4":"format-standard","5":"has-post-thumbnail","7":"category-cultural","8":"category-internacionales","9":"category-turismo","10":"category-viajes"},"yoast_head":"<!-- This site is optimized with the Yoast SEO plugin v25.1 - https:\/\/yoast.com\/wordpress\/plugins\/seo\/ -->\n<title>\u2708\ufe0f Lima \u2013 Praga: paquetes tur\u00edsticos para creadores de contenido en la \u201cCiudad de las 100 torres\u201d<\/title>\n<meta name=\"description\" content=\"(Aeronoticias): La ruta Lima \u2013 Praga lleva a los peruanos hacia una de las capitales m\u00e1s rom\u00e1nticas y cinematogr\u00e1ficas de Europa Central. Aunque no existen vuelos directos, se llega f\u00e1cilmente mediante escalas en Madrid, Par\u00eds, Frankfurt o \u00c1msterdam, con un tiempo total de 22 a 27 horas seg\u00fan la conexi\u00f3n. Praga es un verdadero set de grabaci\u00f3n al aire libre: castillos g\u00f3ticos, caf\u00e9s vintage, calles empedradas y clubes nocturnos de renombre internacional.\" \/>\n<meta name=\"robots\" content=\"index, follow, max-snippet:-1, max-image-preview:large, max-video-preview:-1\" \/>\n<link rel=\"canonical\" href=\"https:\/\/aeronoticias.com.pe\/noticiero\/cultural\/\u2708\ufe0f-lima-praga-paquetes-turisticos-para-creadores-de-contenido-en-la-ciudad-de-las-100-torres\/\" \/>\n<meta property=\"og:locale\" content=\"es_ES\" \/>\n<meta property=\"og:type\" content=\"article\" \/>\n<meta property=\"og:title\" content=\"\u2708\ufe0f Lima \u2013 Praga: paquetes tur\u00edsticos para creadores de contenido en la \u201cCiudad de las 100 torres\u201d\" \/>\n<meta property=\"og:description\" content=\"(Aeronoticias): La ruta Lima \u2013 Praga lleva a los peruanos hacia una de las capitales m\u00e1s rom\u00e1nticas y cinematogr\u00e1ficas de Europa Central. Aunque no existen vuelos directos, se llega f\u00e1cilmente mediante escalas en Madrid, Par\u00eds, Frankfurt o \u00c1msterdam, con un tiempo total de 22 a 27 horas seg\u00fan la conexi\u00f3n. Praga es un verdadero set de grabaci\u00f3n al aire libre: castillos g\u00f3ticos, caf\u00e9s vintage, calles empedradas y clubes nocturnos de renombre internacional.\" \/>\n<meta property=\"og:url\" content=\"https:\/\/aeronoticias.com.pe\/noticiero\/cultural\/\u2708\ufe0f-lima-praga-paquetes-turisticos-para-creadores-de-contenido-en-la-ciudad-de-las-100-torres\/\" \/>\n<meta property=\"og:site_name\" content=\"Aeronoticias.com.pe\" \/>\n<meta property=\"article:publisher\" content=\"https:\/\/www.facebook.com\/Aeronoticias.com.pe\/\" \/>\n<meta property=\"article:published_time\" content=\"2025-09-08T16:44:15+00:00\" \/>\n<meta property=\"article:modified_time\" content=\"2025-09-08T16:44:18+00:00\" \/>\n<meta property=\"og:image\" content=\"https:\/\/aeronoticias.com.pe\/noticiero\/wp-content\/uploads\/2025\/09\/praga.jpg\" \/>\n\t<meta property=\"og:image:width\" content=\"1360\" \/>\n\t<meta property=\"og:image:height\" content=\"907\" \/>\n\t<meta property=\"og:image:type\" content=\"image\/jpeg\" \/>\n<meta name=\"author\" content=\"Redacci\u00f3n\" \/>\n<meta name=\"twitter:card\" content=\"summary_large_image\" \/>\n<meta name=\"twitter:creator\" content=\"@aeronoticias\" \/>\n<meta name=\"twitter:site\" content=\"@aeronoticias\" \/>\n<meta name=\"twitter:label1\" content=\"Escrito por\" \/>\n\t<meta name=\"twitter:data1\" content=\"Redacci\u00f3n\" \/>\n\t<meta name=\"twitter:label2\" content=\"Tiempo de lectura\" \/>\n\t<meta name=\"twitter:data2\" content=\"3 minutos\" \/>\n<script type=\"application\/ld+json\" class=\"yoast-schema-graph\">{\"@context\":\"https:\/\/schema.org\",\"@graph\":[{\"@type\":\"WebPage\",\"@id\":\"https:\/\/aeronoticias.com.pe\/noticiero\/cultural\/%e2%9c%88%ef%b8%8f-lima-praga-paquetes-turisticos-para-creadores-de-contenido-en-la-ciudad-de-las-100-torres\/\",\"url\":\"https:\/\/aeronoticias.com.pe\/noticiero\/cultural\/%e2%9c%88%ef%b8%8f-lima-praga-paquetes-turisticos-para-creadores-de-contenido-en-la-ciudad-de-las-100-torres\/\",\"name\":\"\u2708\ufe0f Lima \u2013 Praga: paquetes tur\u00edsticos para creadores de contenido en la \u201cCiudad de las 100 torres\u201d\",\"isPartOf\":{\"@id\":\"https:\/\/aeronoticias.com.pe\/noticiero\/#website\"},\"primaryImageOfPage\":{\"@id\":\"https:\/\/aeronoticias.com.pe\/noticiero\/cultural\/%e2%9c%88%ef%b8%8f-lima-praga-paquetes-turisticos-para-creadores-de-contenido-en-la-ciudad-de-las-100-torres\/#primaryimage\"},\"image\":{\"@id\":\"https:\/\/aeronoticias.com.pe\/noticiero\/cultural\/%e2%9c%88%ef%b8%8f-lima-praga-paquetes-turisticos-para-creadores-de-contenido-en-la-ciudad-de-las-100-torres\/#primaryimage\"},\"thumbnailUrl\":\"https:\/\/aeronoticias.com.pe\/noticiero\/wp-content\/uploads\/2025\/09\/praga.jpg\",\"datePublished\":\"2025-09-08T16:44:15+00:00\",\"dateModified\":\"2025-09-08T16:44:18+00:00\",\"author\":{\"@id\":\"https:\/\/aeronoticias.com.pe\/noticiero\/#\/schema\/person\/16212a617c73f78916b13194154243bd\"},\"description\":\"(Aeronoticias): La ruta Lima \u2013 Praga lleva a los peruanos hacia una de las capitales m\u00e1s rom\u00e1nticas y cinematogr\u00e1ficas de Europa Central. Aunque no existen vuelos directos, se llega f\u00e1cilmente mediante escalas en Madrid, Par\u00eds, Frankfurt o \u00c1msterdam, con un tiempo total de 22 a 27 horas seg\u00fan la conexi\u00f3n. Praga es un verdadero set de grabaci\u00f3n al aire libre: castillos g\u00f3ticos, caf\u00e9s vintage, calles empedradas y clubes nocturnos de renombre internacional.\",\"breadcrumb\":{\"@id\":\"https:\/\/aeronoticias.com.pe\/noticiero\/cultural\/%e2%9c%88%ef%b8%8f-lima-praga-paquetes-turisticos-para-creadores-de-contenido-en-la-ciudad-de-las-100-torres\/#breadcrumb\"},\"inLanguage\":\"es\",\"potentialAction\":[{\"@type\":\"ReadAction\",\"target\":[\"https:\/\/aeronoticias.com.pe\/noticiero\/cultural\/%e2%9c%88%ef%b8%8f-lima-praga-paquetes-turisticos-para-creadores-de-contenido-en-la-ciudad-de-las-100-torres\/\"]}]},{\"@type\":\"ImageObject\",\"inLanguage\":\"es\",\"@id\":\"https:\/\/aeronoticias.com.pe\/noticiero\/cultural\/%e2%9c%88%ef%b8%8f-lima-praga-paquetes-turisticos-para-creadores-de-contenido-en-la-ciudad-de-las-100-torres\/#primaryimage\",\"url\":\"https:\/\/aeronoticias.com.pe\/noticiero\/wp-content\/uploads\/2025\/09\/praga.jpg\",\"contentUrl\":\"https:\/\/aeronoticias.com.pe\/noticiero\/wp-content\/uploads\/2025\/09\/praga.jpg\",\"width\":1360,\"height\":907},{\"@type\":\"BreadcrumbList\",\"@id\":\"https:\/\/aeronoticias.com.pe\/noticiero\/cultural\/%e2%9c%88%ef%b8%8f-lima-praga-paquetes-turisticos-para-creadores-de-contenido-en-la-ciudad-de-las-100-torres\/#breadcrumb\",\"itemListElement\":[{\"@type\":\"ListItem\",\"position\":1,\"name\":\"Portada\",\"item\":\"https:\/\/aeronoticias.com.pe\/noticiero\/\"},{\"@type\":\"ListItem\",\"position\":2,\"name\":\"\u2708\ufe0f Lima \u2013 Praga: paquetes tur\u00edsticos para creadores de contenido en la \u201cCiudad de las 100 torres\u201d\"}]},{\"@type\":\"WebSite\",\"@id\":\"https:\/\/aeronoticias.com.pe\/noticiero\/#website\",\"url\":\"https:\/\/aeronoticias.com.pe\/noticiero\/\",\"name\":\"Aeronoticias.com.pe\",\"description\":\"Noticias de tranporte aereo, turismo, hoteles, gastronomia, actualidad, internacional\",\"potentialAction\":[{\"@type\":\"SearchAction\",\"target\":{\"@type\":\"EntryPoint\",\"urlTemplate\":\"https:\/\/aeronoticias.com.pe\/noticiero\/?s={search_term_string}\"},\"query-input\":{\"@type\":\"PropertyValueSpecification\",\"valueRequired\":true,\"valueName\":\"search_term_string\"}}],\"inLanguage\":\"es\"},{\"@type\":\"Person\",\"@id\":\"https:\/\/aeronoticias.com.pe\/noticiero\/#\/schema\/person\/16212a617c73f78916b13194154243bd\",\"name\":\"Redacci\u00f3n\",\"sameAs\":[\"http:\/\/Redacci\u00f3n\"],\"url\":\"https:\/\/aeronoticias.com.pe\/noticiero\/author\/celeste\/\"}]}<\/script>\n<!-- \/ Yoast SEO plugin. -->","yoast_head_json":{"title":"\u2708\ufe0f Lima \u2013 Praga: paquetes tur\u00edsticos para creadores de contenido en la \u201cCiudad de las 100 torres\u201d","description":"(Aeronoticias): La ruta Lima \u2013 Praga lleva a los peruanos hacia una de las capitales m\u00e1s rom\u00e1nticas y cinematogr\u00e1ficas de Europa Central. Aunque no existen vuelos directos, se llega f\u00e1cilmente mediante escalas en Madrid, Par\u00eds, Frankfurt o \u00c1msterdam, con un tiempo total de 22 a 27 horas seg\u00fan la conexi\u00f3n. Praga es un verdadero set de grabaci\u00f3n al aire libre: castillos g\u00f3ticos, caf\u00e9s vintage, calles empedradas y clubes nocturnos de renombre internacional.","robots":{"index":"index","follow":"follow","max-snippet":"max-snippet:-1","max-image-preview":"max-image-preview:large","max-video-preview":"max-video-preview:-1"},"canonical":"https:\/\/aeronoticias.com.pe\/noticiero\/cultural\/\u2708\ufe0f-lima-praga-paquetes-turisticos-para-creadores-de-contenido-en-la-ciudad-de-las-100-torres\/","og_locale":"es_ES","og_type":"article","og_title":"\u2708\ufe0f Lima \u2013 Praga: paquetes tur\u00edsticos para creadores de contenido en la \u201cCiudad de las 100 torres\u201d","og_description":"(Aeronoticias): La ruta Lima \u2013 Praga lleva a los peruanos hacia una de las capitales m\u00e1s rom\u00e1nticas y cinematogr\u00e1ficas de Europa Central. Aunque no existen vuelos directos, se llega f\u00e1cilmente mediante escalas en Madrid, Par\u00eds, Frankfurt o \u00c1msterdam, con un tiempo total de 22 a 27 horas seg\u00fan la conexi\u00f3n. Praga es un verdadero set de grabaci\u00f3n al aire libre: castillos g\u00f3ticos, caf\u00e9s vintage, calles empedradas y clubes nocturnos de renombre internacional.","og_url":"https:\/\/aeronoticias.com.pe\/noticiero\/cultural\/\u2708\ufe0f-lima-praga-paquetes-turisticos-para-creadores-de-contenido-en-la-ciudad-de-las-100-torres\/","og_site_name":"Aeronoticias.com.pe","article_publisher":"https:\/\/www.facebook.com\/Aeronoticias.com.pe\/","article_published_time":"2025-09-08T16:44:15+00:00","article_modified_time":"2025-09-08T16:44:18+00:00","og_image":[{"width":1360,"height":907,"url":"https:\/\/aeronoticias.com.pe\/noticiero\/wp-content\/uploads\/2025\/09\/praga.jpg","type":"image\/jpeg"}],"author":"Redacci\u00f3n","twitter_card":"summary_large_image","twitter_creator":"@aeronoticias","twitter_site":"@aeronoticias","twitter_misc":{"Escrito por":"Redacci\u00f3n","Tiempo de lectura":"3 minutos"},"schema":{"@context":"https:\/\/schema.org","@graph":[{"@type":"WebPage","@id":"https:\/\/aeronoticias.com.pe\/noticiero\/cultural\/%e2%9c%88%ef%b8%8f-lima-praga-paquetes-turisticos-para-creadores-de-contenido-en-la-ciudad-de-las-100-torres\/","url":"https:\/\/aeronoticias.com.pe\/noticiero\/cultural\/%e2%9c%88%ef%b8%8f-lima-praga-paquetes-turisticos-para-creadores-de-contenido-en-la-ciudad-de-las-100-torres\/","name":"\u2708\ufe0f Lima \u2013 Praga: paquetes tur\u00edsticos para creadores de contenido en la \u201cCiudad de las 100 torres\u201d","isPartOf":{"@id":"https:\/\/aeronoticias.com.pe\/noticiero\/#website"},"primaryImageOfPage":{"@id":"https:\/\/aeronoticias.com.pe\/noticiero\/cultural\/%e2%9c%88%ef%b8%8f-lima-praga-paquetes-turisticos-para-creadores-de-contenido-en-la-ciudad-de-las-100-torres\/#primaryimage"},"image":{"@id":"https:\/\/aeronoticias.com.pe\/noticiero\/cultural\/%e2%9c%88%ef%b8%8f-lima-praga-paquetes-turisticos-para-creadores-de-contenido-en-la-ciudad-de-las-100-torres\/#primaryimage"},"thumbnailUrl":"https:\/\/aeronoticias.com.pe\/noticiero\/wp-content\/uploads\/2025\/09\/praga.jpg","datePublished":"2025-09-08T16:44:15+00:00","dateModified":"2025-09-08T16:44:18+00:00","author":{"@id":"https:\/\/aeronoticias.com.pe\/noticiero\/#\/schema\/person\/16212a617c73f78916b13194154243bd"},"description":"(Aeronoticias): La ruta Lima \u2013 Praga lleva a los peruanos hacia una de las capitales m\u00e1s rom\u00e1nticas y cinematogr\u00e1ficas de Europa Central. Aunque no existen vuelos directos, se llega f\u00e1cilmente mediante escalas en Madrid, Par\u00eds, Frankfurt o \u00c1msterdam, con un tiempo total de 22 a 27 horas seg\u00fan la conexi\u00f3n. Praga es un verdadero set de grabaci\u00f3n al aire libre: castillos g\u00f3ticos, caf\u00e9s vintage, calles empedradas y clubes nocturnos de renombre internacional.","breadcrumb":{"@id":"https:\/\/aeronoticias.com.pe\/noticiero\/cultural\/%e2%9c%88%ef%b8%8f-lima-praga-paquetes-turisticos-para-creadores-de-contenido-en-la-ciudad-de-las-100-torres\/#breadcrumb"},"inLanguage":"es","potentialAction":[{"@type":"ReadAction","target":["https:\/\/aeronoticias.com.pe\/noticiero\/cultural\/%e2%9c%88%ef%b8%8f-lima-praga-paquetes-turisticos-para-creadores-de-contenido-en-la-ciudad-de-las-100-torres\/"]}]},{"@type":"ImageObject","inLanguage":"es","@id":"https:\/\/aeronoticias.com.pe\/noticiero\/cultural\/%e2%9c%88%ef%b8%8f-lima-praga-paquetes-turisticos-para-creadores-de-contenido-en-la-ciudad-de-las-100-torres\/#primaryimage","url":"https:\/\/aeronoticias.com.pe\/noticiero\/wp-content\/uploads\/2025\/09\/praga.jpg","contentUrl":"https:\/\/aeronoticias.com.pe\/noticiero\/wp-content\/uploads\/2025\/09\/praga.jpg","width":1360,"height":907},{"@type":"BreadcrumbList","@id":"https:\/\/aeronoticias.com.pe\/noticiero\/cultural\/%e2%9c%88%ef%b8%8f-lima-praga-paquetes-turisticos-para-creadores-de-contenido-en-la-ciudad-de-las-100-torres\/#breadcrumb","itemListElement":[{"@type":"ListItem","position":1,"name":"Portada","item":"https:\/\/aeronoticias.com.pe\/noticiero\/"},{"@type":"ListItem","position":2,"name":"\u2708\ufe0f Lima \u2013 Praga: paquetes tur\u00edsticos para creadores de contenido en la \u201cCiudad de las 100 torres\u201d"}]},{"@type":"WebSite","@id":"https:\/\/aeronoticias.com.pe\/noticiero\/#website","url":"https:\/\/aeronoticias.com.pe\/noticiero\/","name":"Aeronoticias.com.pe","description":"Noticias de tranporte aereo, turismo, hoteles, gastronomia, actualidad, internacional","potentialAction":[{"@type":"SearchAction","target":{"@type":"EntryPoint","urlTemplate":"https:\/\/aeronoticias.com.pe\/noticiero\/?s={search_term_string}"},"query-input":{"@type":"PropertyValueSpecification","valueRequired":true,"valueName":"search_term_string"}}],"inLanguage":"es"},{"@type":"Person","@id":"https:\/\/aeronoticias.com.pe\/noticiero\/#\/schema\/person\/16212a617c73f78916b13194154243bd","name":"Redacci\u00f3n","sameAs":["http:\/\/Redacci\u00f3n"],"url":"https:\/\/aeronoticias.com.pe\/noticiero\/author\/celeste\/"}]}},"_links":{"self":[{"href":"https:\/\/aeronoticias.com.pe\/noticiero\/wp-json\/wp\/v2\/posts\/95735","targetHints":{"allow":["GET"]}}],"collection":[{"href":"https:\/\/aeronoticias.com.pe\/noticiero\/wp-json\/wp\/v2\/posts"}],"about":[{"href":"https:\/\/aeronoticias.com.pe\/noticiero\/wp-json\/wp\/v2\/types\/post"}],"author":[{"embeddable":true,"href":"https:\/\/aeronoticias.com.pe\/noticiero\/wp-json\/wp\/v2\/users\/3"}],"replies":[{"embeddable":true,"href":"https:\/\/aeronoticias.com.pe\/noticiero\/wp-json\/wp\/v2\/comments?post=95735"}],"version-history":[{"count":1,"href":"https:\/\/aeronoticias.com.pe\/noticiero\/wp-json\/wp\/v2\/posts\/95735\/revisions"}],"predecessor-version":[{"id":95737,"href":"https:\/\/aeronoticias.com.pe\/noticiero\/wp-json\/wp\/v2\/posts\/95735\/revisions\/95737"}],"wp:featuredmedia":[{"embeddable":true,"href":"https:\/\/aeronoticias.com.pe\/noticiero\/wp-json\/wp\/v2\/media\/95736"}],"wp:attachment":[{"href":"https:\/\/aeronoticias.com.pe\/noticiero\/wp-json\/wp\/v2\/media?parent=95735"}],"wp:term":[{"taxonomy":"category","embeddable":true,"href":"https:\/\/aeronoticias.com.pe\/noticiero\/wp-json\/wp\/v2\/categories?post=95735"},{"taxonomy":"post_tag","embeddable":true,"href":"https:\/\/aeronoticias.com.pe\/noticiero\/wp-json\/wp\/v2\/tags?post=95735"}],"curies":[{"name":"wp","href":"https:\/\/api.w.org\/{rel}","templated":true}]}}