{"id":95744,"date":"2025-09-08T11:58:04","date_gmt":"2025-09-08T16:58:04","guid":{"rendered":"https:\/\/aeronoticias.com.pe\/noticiero\/?p=95744"},"modified":"2025-09-08T11:58:07","modified_gmt":"2025-09-08T16:58:07","slug":"%e2%9c%88%ef%b8%8f-lima-argel-cultura-arabe-mediterraneo-y-rincones-secretos-para-creadores-de-contenido","status":"publish","type":"post","link":"https:\/\/aeronoticias.com.pe\/noticiero\/cultural\/%e2%9c%88%ef%b8%8f-lima-argel-cultura-arabe-mediterraneo-y-rincones-secretos-para-creadores-de-contenido\/","title":{"rendered":"\u2708\ufe0f Lima \u2013 Argel: cultura \u00e1rabe, Mediterr\u00e1neo y rincones secretos para creadores de contenido"},"content":{"rendered":"\n<h2 class=\"wp-block-heading\"><\/h2>\n\n\n\n<p><strong>(Aeronoticias):<\/strong><br>La ruta <strong>Lima \u2013 Argel<\/strong> conecta Per\u00fa con la capital de Argelia, una ciudad que combina la <strong>herencia \u00e1rabe-otomana, arquitectura colonial francesa y vistas al Mediterr\u00e1neo<\/strong>. Aunque no existen vuelos directos, se llega con escalas en <strong>Madrid, Par\u00eds o Estambul<\/strong>, con un tiempo total de <strong>20 a 26 horas<\/strong>.<\/p>\n\n\n\n<p>Argel, a\u00fan poco explorada por turistas latinoamericanos, es un destino perfecto para <strong>milenials viajeros y creadores de contenido<\/strong>, ya que ofrece murallas hist\u00f3ricas, zocos coloridos, mezquitas ic\u00f3nicas y playas mediterr\u00e1neas casi v\u00edrgenes, ideales para generar <strong>TikToks, Reels y galer\u00edas de Instagram<\/strong>.<\/p>\n\n\n\n<hr class=\"wp-block-separator has-alpha-channel-opacity\"\/>\n\n\n\n<h3 class=\"wp-block-heading\">\ud83d\udce6 Paquetes tur\u00edsticos por segmento<\/h3>\n\n\n\n<p><strong>Sector A \u2013 \u201cLuxury Maghreb\u201d (7D\/5N)<\/strong><\/p>\n\n\n\n<ul class=\"wp-block-list\">\n<li>Vuelos business class.<\/li>\n\n\n\n<li>Hotel 5\u2605 como el <strong>Sofitel Algiers Hamma Garden<\/strong> o el <strong>El Aurassi<\/strong> con vista a la bah\u00eda.<\/li>\n\n\n\n<li>Traslados privados con gu\u00eda en espa\u00f1ol.<\/li>\n\n\n\n<li>Tour privado por la <strong>Casbah de Argel<\/strong> (Patrimonio UNESCO).<\/li>\n\n\n\n<li>Cena de lujo en restaurantes mediterr\u00e1neos con maridaje de vinos locales.<\/li>\n\n\n\n<li>Noche en clubes premium como <strong>Le San Remo<\/strong>.<br><strong>Precio:<\/strong> USD 6,500 \u2013 8,000.<\/li>\n<\/ul>\n\n\n\n<hr class=\"wp-block-separator has-alpha-channel-opacity\"\/>\n\n\n\n<p><strong>Sector B \u2013 \u201cCity &amp; History Pack\u201d (6D\/4N)<\/strong><\/p>\n\n\n\n<ul class=\"wp-block-list\">\n<li>Vuelos turista premium.<\/li>\n\n\n\n<li>Hotel 4\u2605 en el centro hist\u00f3rico.<\/li>\n\n\n\n<li>City tour grupal: <strong>Bas\u00edlica de Notre Dame d\u2019Afrique<\/strong>, <strong>Casbah<\/strong>, <strong>Palacio de los Ra\u00efs<\/strong>.<\/li>\n\n\n\n<li>Excursi\u00f3n de un d\u00eda a <strong>Tipasa<\/strong>, ruinas romanas frente al mar.<\/li>\n\n\n\n<li>Pub crawl en bares locales y noche en <strong>Le Bardo Club<\/strong>.<br><strong>Precio:<\/strong> USD 2,900 \u2013 4,000.<\/li>\n<\/ul>\n\n\n\n<hr class=\"wp-block-separator has-alpha-channel-opacity\"\/>\n\n\n\n<p><strong>Sector C \u2013 \u201cBackpacker Content Creator\u201d (5D\/3N)<\/strong><\/p>\n\n\n\n<ul class=\"wp-block-list\">\n<li>Vuelos econ\u00f3micos.<\/li>\n\n\n\n<li>Hostales o Airbnbs en Bab El Oued.<\/li>\n\n\n\n<li>Walking tour gratuito en la Casbah.<\/li>\n\n\n\n<li>Mercado de <strong>Souk El Fellah<\/strong> para grabar vlogs.<\/li>\n\n\n\n<li>Vida nocturna en bares locales de bajo presupuesto.<br><strong>Precio:<\/strong> desde USD 1,200.<\/li>\n<\/ul>\n\n\n\n<hr class=\"wp-block-separator has-alpha-channel-opacity\"\/>\n\n\n\n<h3 class=\"wp-block-heading\">\ud83d\uddd3\ufe0f Itinerario sugerido<\/h3>\n\n\n\n<ul class=\"wp-block-list\">\n<li><strong>D\u00eda 1:<\/strong> Llegada y fotos de la bah\u00eda desde el hotel.<\/li>\n\n\n\n<li><strong>D\u00eda 2:<\/strong> Tour por la <strong>Casbah<\/strong> (murallas, casas otomanas, mezquitas). Sunset en Notre Dame d\u2019Afrique.<\/li>\n\n\n\n<li><strong>D\u00eda 3:<\/strong> Ruinas de <strong>Tipasa<\/strong>, clips en mosaicos romanos y costa.<\/li>\n\n\n\n<li><strong>D\u00eda 4:<\/strong> Museos y palacios en Argel + caf\u00e9s coloniales para stories. Noche en club Le San Remo.<\/li>\n\n\n\n<li><strong>D\u00eda 5:<\/strong> Mercado callejero + reshoot de contenido + regreso.<\/li>\n<\/ul>\n\n\n\n<hr class=\"wp-block-separator has-alpha-channel-opacity\"\/>\n\n\n\n<h3 class=\"wp-block-heading\">\ud83d\udccd Spots tur\u00edsticos y fotog\u00e9nicos<\/h3>\n\n\n\n<ul class=\"wp-block-list\">\n<li><strong>Casbah:<\/strong> callejones, puertas antiguas y balcones decorados.<\/li>\n\n\n\n<li><strong>Notre Dame d\u2019Afrique:<\/strong> imponente vista al Mediterr\u00e1neo.<\/li>\n\n\n\n<li><strong>Tipasa:<\/strong> ruinas romanas + mar azul de fondo.<\/li>\n\n\n\n<li><strong>Jard\u00edn de Hamma:<\/strong> espacio verde, ideal para Reels slow-motion.<\/li>\n\n\n\n<li><strong>Playa Sidi Fredj:<\/strong> vibra mediterr\u00e1nea, perfecta para TikToks playeros.<\/li>\n<\/ul>\n\n\n\n<hr class=\"wp-block-separator has-alpha-channel-opacity\"\/>\n\n\n\n<h3 class=\"wp-block-heading\">\ud83c\udf19 Vida nocturna<\/h3>\n\n\n\n<ul class=\"wp-block-list\">\n<li><strong>Le San Remo:<\/strong> club con DJ y c\u00f3cteles premium.<\/li>\n\n\n\n<li><strong>Le Bardo:<\/strong> bar alternativo con m\u00fasica en vivo.<\/li>\n\n\n\n<li><strong>Roof bar en El Aurassi:<\/strong> terraza con skyline de Argel.<\/li>\n<\/ul>\n\n\n\n<hr class=\"wp-block-separator has-alpha-channel-opacity\"\/>\n\n\n\n<h3 class=\"wp-block-heading\">\ud83c\udf7d\ufe0f Comida t\u00edpica<\/h3>\n\n\n\n<ul class=\"wp-block-list\">\n<li><strong>Cusc\u00fas argelino:<\/strong> servido con vegetales y cordero, plano superior para food reels.<\/li>\n\n\n\n<li><strong>Chakhchoukha:<\/strong> pan desmenuzado con salsa picante.<\/li>\n\n\n\n<li><strong>Makroud:<\/strong> dulces de s\u00e9mola con d\u00e1tiles y miel.<\/li>\n\n\n\n<li><strong>T\u00e9 con menta:<\/strong> ritual grabable para stories.<\/li>\n<\/ul>\n\n\n\n<hr class=\"wp-block-separator has-alpha-channel-opacity\"\/>\n\n\n\n<h3 class=\"wp-block-heading\">\ud83e\udded Transporte<\/h3>\n\n\n\n<p>Aeropuerto <strong>Houari Boumediene (ALG)<\/strong>, a 17 km del centro. Traslados privados (A\/B) o buses y taxis colectivos (C).<\/p>\n\n\n\n<hr class=\"wp-block-separator has-alpha-channel-opacity\"\/>\n\n\n\n<h3 class=\"wp-block-heading\">\u2600\ufe0f Mejor \u00e9poca<\/h3>\n\n\n\n<ul class=\"wp-block-list\">\n<li><strong>Primavera (mar\u2013may)<\/strong>: clima fresco, flores en jardines.<\/li>\n\n\n\n<li><strong>Oto\u00f1o (sep\u2013nov)<\/strong>: temperaturas suaves y menos turistas.<\/li>\n<\/ul>\n\n\n\n<hr class=\"wp-block-separator has-alpha-channel-opacity\"\/>\n\n\n\n<h3 class=\"wp-block-heading\">\ud83c\udfac Tips de contenido<\/h3>\n\n\n\n<ul class=\"wp-block-list\">\n<li>Reel \u201cArgel antigua vs. Argel moderna\u201d.<\/li>\n\n\n\n<li>TikTok probando cusc\u00fas en zoco.<\/li>\n\n\n\n<li>Story POV recorriendo la Casbah.<\/li>\n\n\n\n<li>Foto viral: mosaicos de Tipasa con mar Mediterr\u00e1neo detr\u00e1s.<\/li>\n<\/ul>\n\n\n\n<hr class=\"wp-block-separator has-alpha-channel-opacity\"\/>\n\n\n\n<h3 class=\"wp-block-heading\">\ud83e\uddfe Cierre<\/h3>\n\n\n\n<p>El paquete <strong>Lima \u2013 Argel<\/strong> est\u00e1 dise\u00f1ado para quienes buscan destinos aut\u00e9nticos y a\u00fan v\u00edrgenes en Instagram. Una combinaci\u00f3n de <strong>historia, cultura \u00e1rabe, playas mediterr\u00e1neas y vida nocturna<\/strong>, ideal para <strong>milenials creadores<\/strong> que quieran diferenciar su contenido viajero.<\/p>\n\n\n\n<p><strong>Fuente: Sebasti\u00e1n Palac\u00edn<\/strong><\/p>\n","protected":false},"excerpt":{"rendered":"<p>(Aeronoticias):La ruta Lima \u2013 Argel conecta Per\u00fa con la capital de Argelia, una ciudad que combina la herencia \u00e1rabe-otomana, arquitectura colonial francesa y vistas al Mediterr\u00e1neo. Aunque no existen vuelos directos, se llega con escalas en Madrid, Par\u00eds o Estambul, con un tiempo total de 20 a 26 horas. Argel, a\u00fan poco explorada por turistas [&hellip;]<\/p>\n","protected":false},"author":3,"featured_media":95745,"comment_status":"closed","ping_status":"closed","sticky":false,"template":"","format":"standard","meta":{"tdm_status":"","tdm_grid_status":"","footnotes":""},"categories":[26,34,9,67],"tags":[],"class_list":{"0":"post-95744","1":"post","2":"type-post","3":"status-publish","4":"format-standard","5":"has-post-thumbnail","7":"category-cultural","8":"category-internacionales","9":"category-turismo","10":"category-viajes"},"yoast_head":"<!-- This site is optimized with the Yoast SEO plugin v25.1 - https:\/\/yoast.com\/wordpress\/plugins\/seo\/ -->\n<title>\u2708\ufe0f Lima \u2013 Argel: cultura \u00e1rabe, Mediterr\u00e1neo y rincones secretos para creadores de contenido<\/title>\n<meta name=\"description\" content=\"(Aeronoticias): La ruta Lima \u2013 Argel conecta Per\u00fa con la capital de Argelia, una ciudad que combina la herencia \u00e1rabe-otomana, arquitectura colonial francesa y vistas al Mediterr\u00e1neo. Aunque no existen vuelos directos, se llega con escalas en Madrid, Par\u00eds o Estambul, con un tiempo total de 20 a 26 horas.\" \/>\n<meta name=\"robots\" content=\"index, follow, max-snippet:-1, max-image-preview:large, max-video-preview:-1\" \/>\n<link rel=\"canonical\" href=\"https:\/\/aeronoticias.com.pe\/noticiero\/cultural\/\u2708\ufe0f-lima-argel-cultura-arabe-mediterraneo-y-rincones-secretos-para-creadores-de-contenido\/\" \/>\n<meta property=\"og:locale\" content=\"es_ES\" \/>\n<meta property=\"og:type\" content=\"article\" \/>\n<meta property=\"og:title\" content=\"\u2708\ufe0f Lima \u2013 Argel: cultura \u00e1rabe, Mediterr\u00e1neo y rincones secretos para creadores de contenido\" \/>\n<meta property=\"og:description\" content=\"(Aeronoticias): La ruta Lima \u2013 Argel conecta Per\u00fa con la capital de Argelia, una ciudad que combina la herencia \u00e1rabe-otomana, arquitectura colonial francesa y vistas al Mediterr\u00e1neo. Aunque no existen vuelos directos, se llega con escalas en Madrid, Par\u00eds o Estambul, con un tiempo total de 20 a 26 horas.\" \/>\n<meta property=\"og:url\" content=\"https:\/\/aeronoticias.com.pe\/noticiero\/cultural\/\u2708\ufe0f-lima-argel-cultura-arabe-mediterraneo-y-rincones-secretos-para-creadores-de-contenido\/\" \/>\n<meta property=\"og:site_name\" content=\"Aeronoticias.com.pe\" \/>\n<meta property=\"article:publisher\" content=\"https:\/\/www.facebook.com\/Aeronoticias.com.pe\/\" \/>\n<meta property=\"article:published_time\" content=\"2025-09-08T16:58:04+00:00\" \/>\n<meta property=\"article:modified_time\" content=\"2025-09-08T16:58:07+00:00\" \/>\n<meta property=\"og:image\" content=\"https:\/\/aeronoticias.com.pe\/noticiero\/wp-content\/uploads\/2025\/09\/argelia.jpg\" \/>\n\t<meta property=\"og:image:width\" content=\"1920\" \/>\n\t<meta property=\"og:image:height\" content=\"1080\" \/>\n\t<meta property=\"og:image:type\" content=\"image\/jpeg\" \/>\n<meta name=\"author\" content=\"Redacci\u00f3n\" \/>\n<meta name=\"twitter:card\" content=\"summary_large_image\" \/>\n<meta name=\"twitter:creator\" content=\"@aeronoticias\" \/>\n<meta name=\"twitter:site\" content=\"@aeronoticias\" \/>\n<meta name=\"twitter:label1\" content=\"Escrito por\" \/>\n\t<meta name=\"twitter:data1\" content=\"Redacci\u00f3n\" \/>\n\t<meta name=\"twitter:label2\" content=\"Tiempo de lectura\" \/>\n\t<meta name=\"twitter:data2\" content=\"3 minutos\" \/>\n<script type=\"application\/ld+json\" class=\"yoast-schema-graph\">{\"@context\":\"https:\/\/schema.org\",\"@graph\":[{\"@type\":\"WebPage\",\"@id\":\"https:\/\/aeronoticias.com.pe\/noticiero\/cultural\/%e2%9c%88%ef%b8%8f-lima-argel-cultura-arabe-mediterraneo-y-rincones-secretos-para-creadores-de-contenido\/\",\"url\":\"https:\/\/aeronoticias.com.pe\/noticiero\/cultural\/%e2%9c%88%ef%b8%8f-lima-argel-cultura-arabe-mediterraneo-y-rincones-secretos-para-creadores-de-contenido\/\",\"name\":\"\u2708\ufe0f Lima \u2013 Argel: cultura \u00e1rabe, Mediterr\u00e1neo y rincones secretos para creadores de contenido\",\"isPartOf\":{\"@id\":\"https:\/\/aeronoticias.com.pe\/noticiero\/#website\"},\"primaryImageOfPage\":{\"@id\":\"https:\/\/aeronoticias.com.pe\/noticiero\/cultural\/%e2%9c%88%ef%b8%8f-lima-argel-cultura-arabe-mediterraneo-y-rincones-secretos-para-creadores-de-contenido\/#primaryimage\"},\"image\":{\"@id\":\"https:\/\/aeronoticias.com.pe\/noticiero\/cultural\/%e2%9c%88%ef%b8%8f-lima-argel-cultura-arabe-mediterraneo-y-rincones-secretos-para-creadores-de-contenido\/#primaryimage\"},\"thumbnailUrl\":\"https:\/\/aeronoticias.com.pe\/noticiero\/wp-content\/uploads\/2025\/09\/argelia.jpg\",\"datePublished\":\"2025-09-08T16:58:04+00:00\",\"dateModified\":\"2025-09-08T16:58:07+00:00\",\"author\":{\"@id\":\"https:\/\/aeronoticias.com.pe\/noticiero\/#\/schema\/person\/16212a617c73f78916b13194154243bd\"},\"description\":\"(Aeronoticias): La ruta Lima \u2013 Argel conecta Per\u00fa con la capital de Argelia, una ciudad que combina la herencia \u00e1rabe-otomana, arquitectura colonial francesa y vistas al Mediterr\u00e1neo. Aunque no existen vuelos directos, se llega con escalas en Madrid, Par\u00eds o Estambul, con un tiempo total de 20 a 26 horas.\",\"breadcrumb\":{\"@id\":\"https:\/\/aeronoticias.com.pe\/noticiero\/cultural\/%e2%9c%88%ef%b8%8f-lima-argel-cultura-arabe-mediterraneo-y-rincones-secretos-para-creadores-de-contenido\/#breadcrumb\"},\"inLanguage\":\"es\",\"potentialAction\":[{\"@type\":\"ReadAction\",\"target\":[\"https:\/\/aeronoticias.com.pe\/noticiero\/cultural\/%e2%9c%88%ef%b8%8f-lima-argel-cultura-arabe-mediterraneo-y-rincones-secretos-para-creadores-de-contenido\/\"]}]},{\"@type\":\"ImageObject\",\"inLanguage\":\"es\",\"@id\":\"https:\/\/aeronoticias.com.pe\/noticiero\/cultural\/%e2%9c%88%ef%b8%8f-lima-argel-cultura-arabe-mediterraneo-y-rincones-secretos-para-creadores-de-contenido\/#primaryimage\",\"url\":\"https:\/\/aeronoticias.com.pe\/noticiero\/wp-content\/uploads\/2025\/09\/argelia.jpg\",\"contentUrl\":\"https:\/\/aeronoticias.com.pe\/noticiero\/wp-content\/uploads\/2025\/09\/argelia.jpg\",\"width\":1920,\"height\":1080},{\"@type\":\"BreadcrumbList\",\"@id\":\"https:\/\/aeronoticias.com.pe\/noticiero\/cultural\/%e2%9c%88%ef%b8%8f-lima-argel-cultura-arabe-mediterraneo-y-rincones-secretos-para-creadores-de-contenido\/#breadcrumb\",\"itemListElement\":[{\"@type\":\"ListItem\",\"position\":1,\"name\":\"Portada\",\"item\":\"https:\/\/aeronoticias.com.pe\/noticiero\/\"},{\"@type\":\"ListItem\",\"position\":2,\"name\":\"\u2708\ufe0f Lima \u2013 Argel: cultura \u00e1rabe, Mediterr\u00e1neo y rincones secretos para creadores de contenido\"}]},{\"@type\":\"WebSite\",\"@id\":\"https:\/\/aeronoticias.com.pe\/noticiero\/#website\",\"url\":\"https:\/\/aeronoticias.com.pe\/noticiero\/\",\"name\":\"Aeronoticias.com.pe\",\"description\":\"Noticias de tranporte aereo, turismo, hoteles, gastronomia, actualidad, internacional\",\"potentialAction\":[{\"@type\":\"SearchAction\",\"target\":{\"@type\":\"EntryPoint\",\"urlTemplate\":\"https:\/\/aeronoticias.com.pe\/noticiero\/?s={search_term_string}\"},\"query-input\":{\"@type\":\"PropertyValueSpecification\",\"valueRequired\":true,\"valueName\":\"search_term_string\"}}],\"inLanguage\":\"es\"},{\"@type\":\"Person\",\"@id\":\"https:\/\/aeronoticias.com.pe\/noticiero\/#\/schema\/person\/16212a617c73f78916b13194154243bd\",\"name\":\"Redacci\u00f3n\",\"sameAs\":[\"http:\/\/Redacci\u00f3n\"],\"url\":\"https:\/\/aeronoticias.com.pe\/noticiero\/author\/celeste\/\"}]}<\/script>\n<!-- \/ Yoast SEO plugin. -->","yoast_head_json":{"title":"\u2708\ufe0f Lima \u2013 Argel: cultura \u00e1rabe, Mediterr\u00e1neo y rincones secretos para creadores de contenido","description":"(Aeronoticias): La ruta Lima \u2013 Argel conecta Per\u00fa con la capital de Argelia, una ciudad que combina la herencia \u00e1rabe-otomana, arquitectura colonial francesa y vistas al Mediterr\u00e1neo. Aunque no existen vuelos directos, se llega con escalas en Madrid, Par\u00eds o Estambul, con un tiempo total de 20 a 26 horas.","robots":{"index":"index","follow":"follow","max-snippet":"max-snippet:-1","max-image-preview":"max-image-preview:large","max-video-preview":"max-video-preview:-1"},"canonical":"https:\/\/aeronoticias.com.pe\/noticiero\/cultural\/\u2708\ufe0f-lima-argel-cultura-arabe-mediterraneo-y-rincones-secretos-para-creadores-de-contenido\/","og_locale":"es_ES","og_type":"article","og_title":"\u2708\ufe0f Lima \u2013 Argel: cultura \u00e1rabe, Mediterr\u00e1neo y rincones secretos para creadores de contenido","og_description":"(Aeronoticias): La ruta Lima \u2013 Argel conecta Per\u00fa con la capital de Argelia, una ciudad que combina la herencia \u00e1rabe-otomana, arquitectura colonial francesa y vistas al Mediterr\u00e1neo. Aunque no existen vuelos directos, se llega con escalas en Madrid, Par\u00eds o Estambul, con un tiempo total de 20 a 26 horas.","og_url":"https:\/\/aeronoticias.com.pe\/noticiero\/cultural\/\u2708\ufe0f-lima-argel-cultura-arabe-mediterraneo-y-rincones-secretos-para-creadores-de-contenido\/","og_site_name":"Aeronoticias.com.pe","article_publisher":"https:\/\/www.facebook.com\/Aeronoticias.com.pe\/","article_published_time":"2025-09-08T16:58:04+00:00","article_modified_time":"2025-09-08T16:58:07+00:00","og_image":[{"width":1920,"height":1080,"url":"https:\/\/aeronoticias.com.pe\/noticiero\/wp-content\/uploads\/2025\/09\/argelia.jpg","type":"image\/jpeg"}],"author":"Redacci\u00f3n","twitter_card":"summary_large_image","twitter_creator":"@aeronoticias","twitter_site":"@aeronoticias","twitter_misc":{"Escrito por":"Redacci\u00f3n","Tiempo de lectura":"3 minutos"},"schema":{"@context":"https:\/\/schema.org","@graph":[{"@type":"WebPage","@id":"https:\/\/aeronoticias.com.pe\/noticiero\/cultural\/%e2%9c%88%ef%b8%8f-lima-argel-cultura-arabe-mediterraneo-y-rincones-secretos-para-creadores-de-contenido\/","url":"https:\/\/aeronoticias.com.pe\/noticiero\/cultural\/%e2%9c%88%ef%b8%8f-lima-argel-cultura-arabe-mediterraneo-y-rincones-secretos-para-creadores-de-contenido\/","name":"\u2708\ufe0f Lima \u2013 Argel: cultura \u00e1rabe, Mediterr\u00e1neo y rincones secretos para creadores de contenido","isPartOf":{"@id":"https:\/\/aeronoticias.com.pe\/noticiero\/#website"},"primaryImageOfPage":{"@id":"https:\/\/aeronoticias.com.pe\/noticiero\/cultural\/%e2%9c%88%ef%b8%8f-lima-argel-cultura-arabe-mediterraneo-y-rincones-secretos-para-creadores-de-contenido\/#primaryimage"},"image":{"@id":"https:\/\/aeronoticias.com.pe\/noticiero\/cultural\/%e2%9c%88%ef%b8%8f-lima-argel-cultura-arabe-mediterraneo-y-rincones-secretos-para-creadores-de-contenido\/#primaryimage"},"thumbnailUrl":"https:\/\/aeronoticias.com.pe\/noticiero\/wp-content\/uploads\/2025\/09\/argelia.jpg","datePublished":"2025-09-08T16:58:04+00:00","dateModified":"2025-09-08T16:58:07+00:00","author":{"@id":"https:\/\/aeronoticias.com.pe\/noticiero\/#\/schema\/person\/16212a617c73f78916b13194154243bd"},"description":"(Aeronoticias): La ruta Lima \u2013 Argel conecta Per\u00fa con la capital de Argelia, una ciudad que combina la herencia \u00e1rabe-otomana, arquitectura colonial francesa y vistas al Mediterr\u00e1neo. Aunque no existen vuelos directos, se llega con escalas en Madrid, Par\u00eds o Estambul, con un tiempo total de 20 a 26 horas.","breadcrumb":{"@id":"https:\/\/aeronoticias.com.pe\/noticiero\/cultural\/%e2%9c%88%ef%b8%8f-lima-argel-cultura-arabe-mediterraneo-y-rincones-secretos-para-creadores-de-contenido\/#breadcrumb"},"inLanguage":"es","potentialAction":[{"@type":"ReadAction","target":["https:\/\/aeronoticias.com.pe\/noticiero\/cultural\/%e2%9c%88%ef%b8%8f-lima-argel-cultura-arabe-mediterraneo-y-rincones-secretos-para-creadores-de-contenido\/"]}]},{"@type":"ImageObject","inLanguage":"es","@id":"https:\/\/aeronoticias.com.pe\/noticiero\/cultural\/%e2%9c%88%ef%b8%8f-lima-argel-cultura-arabe-mediterraneo-y-rincones-secretos-para-creadores-de-contenido\/#primaryimage","url":"https:\/\/aeronoticias.com.pe\/noticiero\/wp-content\/uploads\/2025\/09\/argelia.jpg","contentUrl":"https:\/\/aeronoticias.com.pe\/noticiero\/wp-content\/uploads\/2025\/09\/argelia.jpg","width":1920,"height":1080},{"@type":"BreadcrumbList","@id":"https:\/\/aeronoticias.com.pe\/noticiero\/cultural\/%e2%9c%88%ef%b8%8f-lima-argel-cultura-arabe-mediterraneo-y-rincones-secretos-para-creadores-de-contenido\/#breadcrumb","itemListElement":[{"@type":"ListItem","position":1,"name":"Portada","item":"https:\/\/aeronoticias.com.pe\/noticiero\/"},{"@type":"ListItem","position":2,"name":"\u2708\ufe0f Lima \u2013 Argel: cultura \u00e1rabe, Mediterr\u00e1neo y rincones secretos para creadores de contenido"}]},{"@type":"WebSite","@id":"https:\/\/aeronoticias.com.pe\/noticiero\/#website","url":"https:\/\/aeronoticias.com.pe\/noticiero\/","name":"Aeronoticias.com.pe","description":"Noticias de tranporte aereo, turismo, hoteles, gastronomia, actualidad, internacional","potentialAction":[{"@type":"SearchAction","target":{"@type":"EntryPoint","urlTemplate":"https:\/\/aeronoticias.com.pe\/noticiero\/?s={search_term_string}"},"query-input":{"@type":"PropertyValueSpecification","valueRequired":true,"valueName":"search_term_string"}}],"inLanguage":"es"},{"@type":"Person","@id":"https:\/\/aeronoticias.com.pe\/noticiero\/#\/schema\/person\/16212a617c73f78916b13194154243bd","name":"Redacci\u00f3n","sameAs":["http:\/\/Redacci\u00f3n"],"url":"https:\/\/aeronoticias.com.pe\/noticiero\/author\/celeste\/"}]}},"_links":{"self":[{"href":"https:\/\/aeronoticias.com.pe\/noticiero\/wp-json\/wp\/v2\/posts\/95744","targetHints":{"allow":["GET"]}}],"collection":[{"href":"https:\/\/aeronoticias.com.pe\/noticiero\/wp-json\/wp\/v2\/posts"}],"about":[{"href":"https:\/\/aeronoticias.com.pe\/noticiero\/wp-json\/wp\/v2\/types\/post"}],"author":[{"embeddable":true,"href":"https:\/\/aeronoticias.com.pe\/noticiero\/wp-json\/wp\/v2\/users\/3"}],"replies":[{"embeddable":true,"href":"https:\/\/aeronoticias.com.pe\/noticiero\/wp-json\/wp\/v2\/comments?post=95744"}],"version-history":[{"count":1,"href":"https:\/\/aeronoticias.com.pe\/noticiero\/wp-json\/wp\/v2\/posts\/95744\/revisions"}],"predecessor-version":[{"id":95746,"href":"https:\/\/aeronoticias.com.pe\/noticiero\/wp-json\/wp\/v2\/posts\/95744\/revisions\/95746"}],"wp:featuredmedia":[{"embeddable":true,"href":"https:\/\/aeronoticias.com.pe\/noticiero\/wp-json\/wp\/v2\/media\/95745"}],"wp:attachment":[{"href":"https:\/\/aeronoticias.com.pe\/noticiero\/wp-json\/wp\/v2\/media?parent=95744"}],"wp:term":[{"taxonomy":"category","embeddable":true,"href":"https:\/\/aeronoticias.com.pe\/noticiero\/wp-json\/wp\/v2\/categories?post=95744"},{"taxonomy":"post_tag","embeddable":true,"href":"https:\/\/aeronoticias.com.pe\/noticiero\/wp-json\/wp\/v2\/tags?post=95744"}],"curies":[{"name":"wp","href":"https:\/\/api.w.org\/{rel}","templated":true}]}}