{"id":95747,"date":"2025-09-08T12:00:19","date_gmt":"2025-09-08T17:00:19","guid":{"rendered":"https:\/\/aeronoticias.com.pe\/noticiero\/?p=95747"},"modified":"2025-09-08T12:00:22","modified_gmt":"2025-09-08T17:00:22","slug":"%e2%9c%88%ef%b8%8f-lima-tunez-mediterraneo-desierto-y-casbahs-para-creadores-de-contenido","status":"publish","type":"post","link":"https:\/\/aeronoticias.com.pe\/noticiero\/cultural\/%e2%9c%88%ef%b8%8f-lima-tunez-mediterraneo-desierto-y-casbahs-para-creadores-de-contenido\/","title":{"rendered":"\u2708\ufe0f Lima \u2013 T\u00fanez: Mediterr\u00e1neo, desierto y casbahs para creadores de contenido"},"content":{"rendered":"\n<h2 class=\"wp-block-heading\"><\/h2>\n\n\n\n<p><strong>(Aeronoticias):<\/strong><br>La ruta <strong>Lima \u2013 T\u00fanez<\/strong> conecta a los peruanos con la capital de T\u00fanez, un destino que mezcla el <strong>encanto mediterr\u00e1neo<\/strong>, la herencia isl\u00e1mica y los ecos del <strong>Imperio Romano<\/strong>. Aunque no existen vuelos directos, se puede llegar con escalas en <strong>Madrid, Par\u00eds o Estambul<\/strong>, con un tiempo total de entre <strong>21 y 27 horas<\/strong>.<\/p>\n\n\n\n<p>T\u00fanez es un destino <strong>subestimado pero fotog\u00e9nico<\/strong>: medinas laber\u00ednticas, playas blancas, ruinas antiguas y desiertos cinematogr\u00e1ficos. Un lugar perfecto para <strong>milenials creadores de contenido<\/strong> que buscan diferenciar su feed con material aut\u00e9ntico y poco explorado.<\/p>\n\n\n\n<hr class=\"wp-block-separator has-alpha-channel-opacity\"\/>\n\n\n\n<h3 class=\"wp-block-heading\">\ud83d\udce6 Paquetes tur\u00edsticos por segmento<\/h3>\n\n\n\n<p><strong>Sector A \u2013 \u201cMagreb Premium\u201d (7D\/5N)<\/strong><\/p>\n\n\n\n<ul class=\"wp-block-list\">\n<li>Vuelos business class.<\/li>\n\n\n\n<li>Hotel 5\u2605 en Gammarth o La Marsa, con vista al Mediterr\u00e1neo.<\/li>\n\n\n\n<li>Traslados privados con gu\u00eda biling\u00fce.<\/li>\n\n\n\n<li>Paseo privado por la <strong>Medina de T\u00fanez<\/strong> y el barrio azul de <strong>Sidi Bou Said<\/strong>.<\/li>\n\n\n\n<li>Cena gourmet en restaurante de autor con cocina tunecina moderna.<\/li>\n\n\n\n<li>Experiencia exclusiva: paseo en 4&#215;4 al desierto de <strong>Douz<\/strong>.<\/li>\n\n\n\n<li>Vida nocturna en rooftop de lujo como <strong>Skyline Hammamet<\/strong>.<br><strong>Precio:<\/strong> USD 6,800 \u2013 8,500.<\/li>\n<\/ul>\n\n\n\n<hr class=\"wp-block-separator has-alpha-channel-opacity\"\/>\n\n\n\n<p><strong>Sector B \u2013 \u201cCity &amp; History Pack\u201d (6D\/4N)<\/strong><\/p>\n\n\n\n<ul class=\"wp-block-list\">\n<li>Vuelos en turista premium.<\/li>\n\n\n\n<li>Hotel 4\u2605 cerca del centro hist\u00f3rico.<\/li>\n\n\n\n<li>City tour grupal: Medina de T\u00fanez, Sidi Bou Said y ruinas de Cartago.<\/li>\n\n\n\n<li>Excursi\u00f3n de un d\u00eda a <strong>Hammamet<\/strong> (playas + medina costera).<\/li>\n\n\n\n<li>Cena t\u00edpica con espect\u00e1culo folcl\u00f3rico.<\/li>\n\n\n\n<li>Pub crawl por bares locales y noche en <strong>Le Carpe Diem Club<\/strong>.<br><strong>Precio:<\/strong> USD 3,000 \u2013 4,200.<\/li>\n<\/ul>\n\n\n\n<hr class=\"wp-block-separator has-alpha-channel-opacity\"\/>\n\n\n\n<p><strong>Sector C \u2013 \u201cBackpacker Content Creator\u201d (5D\/3N)<\/strong><\/p>\n\n\n\n<ul class=\"wp-block-list\">\n<li>Vuelos econ\u00f3micos.<\/li>\n\n\n\n<li>Hostales en la Medina o Airbnbs en Sidi Bou Said.<\/li>\n\n\n\n<li>Walking tours gratuitos en la medina.<\/li>\n\n\n\n<li>Ruta \u201cDIY\u201d por ruinas de Cartago, caf\u00e9s bohemios y mercados populares.<\/li>\n\n\n\n<li>Noche en bares alternativos de bajo presupuesto.<br><strong>Precio:<\/strong> desde USD 1,200.<\/li>\n<\/ul>\n\n\n\n<hr class=\"wp-block-separator has-alpha-channel-opacity\"\/>\n\n\n\n<h3 class=\"wp-block-heading\">\ud83d\uddd3\ufe0f Itinerario sugerido<\/h3>\n\n\n\n<ul class=\"wp-block-list\">\n<li><strong>D\u00eda 1:<\/strong> Llegada, cena frente al Mediterr\u00e1neo en La Marsa.<\/li>\n\n\n\n<li><strong>D\u00eda 2:<\/strong> Medina de T\u00fanez (laberintos y zocos). Sunset en Sidi Bou Said (casas azules y blancas).<\/li>\n\n\n\n<li><strong>D\u00eda 3:<\/strong> Ruinas de <strong>Cartago<\/strong> y fotos con columnas frente al mar. Noche en Le Carpe Diem.<\/li>\n\n\n\n<li><strong>D\u00eda 4:<\/strong> Excursi\u00f3n a <strong>Hammamet<\/strong>, shots playeros + medina costera.<\/li>\n\n\n\n<li><strong>D\u00eda 5:<\/strong> Tour opcional al desierto de Douz para escenas tipo <em>Star Wars<\/em>.<\/li>\n<\/ul>\n\n\n\n<hr class=\"wp-block-separator has-alpha-channel-opacity\"\/>\n\n\n\n<h3 class=\"wp-block-heading\">\ud83d\udccd Spots tur\u00edsticos y fotog\u00e9nicos<\/h3>\n\n\n\n<ul class=\"wp-block-list\">\n<li><strong>Medina de T\u00fanez:<\/strong> calles coloridas y puertas decoradas.<\/li>\n\n\n\n<li><strong>Sidi Bou Said:<\/strong> el \u201cSantorini africano\u201d para reels virales.<\/li>\n\n\n\n<li><strong>Cartago:<\/strong> columnas romanas con mar azul de fondo.<\/li>\n\n\n\n<li><strong>Douz y Matmata:<\/strong> paisajes des\u00e9rticos, ideales para TikToks cinematogr\u00e1ficos.<\/li>\n\n\n\n<li><strong>Hammamet:<\/strong> playas + mercados costeros.<\/li>\n<\/ul>\n\n\n\n<hr class=\"wp-block-separator has-alpha-channel-opacity\"\/>\n\n\n\n<h3 class=\"wp-block-heading\">\ud83c\udf19 Vida nocturna<\/h3>\n\n\n\n<ul class=\"wp-block-list\">\n<li><strong>Le Carpe Diem:<\/strong> club famoso con visuales modernos.<\/li>\n\n\n\n<li><strong>Skyline Hammamet:<\/strong> rooftop mediterr\u00e1neo para stories de lujo.<\/li>\n\n\n\n<li><strong>Bares en Gammarth:<\/strong> mezcla de m\u00fasica \u00e1rabe y electr\u00f3nica.<\/li>\n<\/ul>\n\n\n\n<hr class=\"wp-block-separator has-alpha-channel-opacity\"\/>\n\n\n\n<h3 class=\"wp-block-heading\">\ud83c\udf7d\ufe0f Comida t\u00edpica<\/h3>\n\n\n\n<ul class=\"wp-block-list\">\n<li><strong>Cusc\u00fas tunecino:<\/strong> con mariscos o cordero, ideal para food shots.<\/li>\n\n\n\n<li><strong>Brik:<\/strong> empanada crujiente rellena de huevo.<\/li>\n\n\n\n<li><strong>Harissa:<\/strong> salsa picante para un TikTok \u201cspicy challenge\u201d.<\/li>\n\n\n\n<li><strong>Makroud:<\/strong> pastelitos de d\u00e1tiles con miel.<\/li>\n\n\n\n<li><strong>T\u00e9 con pi\u00f1ones:<\/strong> ritual tunecino para stories.<\/li>\n<\/ul>\n\n\n\n<hr class=\"wp-block-separator has-alpha-channel-opacity\"\/>\n\n\n\n<h3 class=\"wp-block-heading\">\ud83e\udded Transporte<\/h3>\n\n\n\n<p>Aeropuerto Internacional de <strong>Cartago (TUN)<\/strong> a 20 min del centro. Transporte interno: taxis econ\u00f3micos, colectivos y trenes.<\/p>\n\n\n\n<hr class=\"wp-block-separator has-alpha-channel-opacity\"\/>\n\n\n\n<h3 class=\"wp-block-heading\">\u2600\ufe0f Mejor \u00e9poca<\/h3>\n\n\n\n<ul class=\"wp-block-list\">\n<li><strong>Primavera (mar\u2013may):<\/strong> clima perfecto y flores en Sidi Bou Said.<\/li>\n\n\n\n<li><strong>Oto\u00f1o (sep\u2013nov):<\/strong> ideal para ruinas y desierto.<\/li>\n<\/ul>\n\n\n\n<hr class=\"wp-block-separator has-alpha-channel-opacity\"\/>\n\n\n\n<h3 class=\"wp-block-heading\">\ud83c\udfac Tips de contenido<\/h3>\n\n\n\n<ul class=\"wp-block-list\">\n<li>Reel \u201cde las ruinas romanas al desierto en 24h\u201d.<\/li>\n\n\n\n<li>TikTok probando harissa por primera vez.<\/li>\n\n\n\n<li>POV caminando por callecitas azules de Sidi Bou Said.<\/li>\n<\/ul>\n\n\n\n<hr class=\"wp-block-separator has-alpha-channel-opacity\"\/>\n\n\n\n<h3 class=\"wp-block-heading\">\ud83e\uddfe Cierre<\/h3>\n\n\n\n<p>El paquete <strong>Lima \u2013 T\u00fanez<\/strong> es perfecto para quienes buscan <strong>destinos ex\u00f3ticos, poco explorados y 100% instagrameables<\/strong>. Desde la historia de Cartago hasta el azul de Sidi Bou Said y los paisajes de desierto, es un viaje que llenar\u00e1 tu feed de material \u00fanico.<\/p>\n\n\n\n<p><strong>Fuente: Sebasti\u00e1n Palac\u00edn<\/strong><\/p>\n","protected":false},"excerpt":{"rendered":"<p>(Aeronoticias):La ruta Lima \u2013 T\u00fanez conecta a los peruanos con la capital de T\u00fanez, un destino que mezcla el encanto mediterr\u00e1neo, la herencia isl\u00e1mica y los ecos del Imperio Romano. Aunque no existen vuelos directos, se puede llegar con escalas en Madrid, Par\u00eds o Estambul, con un tiempo total de entre 21 y 27 horas. [&hellip;]<\/p>\n","protected":false},"author":3,"featured_media":95748,"comment_status":"closed","ping_status":"closed","sticky":false,"template":"","format":"standard","meta":{"tdm_status":"","tdm_grid_status":"","footnotes":""},"categories":[26,34,9,67],"tags":[],"class_list":{"0":"post-95747","1":"post","2":"type-post","3":"status-publish","4":"format-standard","5":"has-post-thumbnail","7":"category-cultural","8":"category-internacionales","9":"category-turismo","10":"category-viajes"},"yoast_head":"<!-- This site is optimized with the Yoast SEO plugin v25.1 - https:\/\/yoast.com\/wordpress\/plugins\/seo\/ -->\n<title>\u2708\ufe0f Lima \u2013 T\u00fanez: Mediterr\u00e1neo, desierto y casbahs para creadores de contenido<\/title>\n<meta name=\"description\" content=\"(Aeronoticias): La ruta Lima \u2013 T\u00fanez conecta a los peruanos con la capital de T\u00fanez, un destino que mezcla el encanto mediterr\u00e1neo, la herencia isl\u00e1mica y los ecos del Imperio Romano. Aunque no existen vuelos directos, se puede llegar con escalas en Madrid, Par\u00eds o Estambul, con un tiempo total de entre 21 y 27 horas.\" \/>\n<meta name=\"robots\" content=\"index, follow, max-snippet:-1, max-image-preview:large, max-video-preview:-1\" \/>\n<link rel=\"canonical\" href=\"https:\/\/aeronoticias.com.pe\/noticiero\/cultural\/\u2708\ufe0f-lima-tunez-mediterraneo-desierto-y-casbahs-para-creadores-de-contenido\/\" \/>\n<meta property=\"og:locale\" content=\"es_ES\" \/>\n<meta property=\"og:type\" content=\"article\" \/>\n<meta property=\"og:title\" content=\"\u2708\ufe0f Lima \u2013 T\u00fanez: Mediterr\u00e1neo, desierto y casbahs para creadores de contenido\" \/>\n<meta property=\"og:description\" content=\"(Aeronoticias): La ruta Lima \u2013 T\u00fanez conecta a los peruanos con la capital de T\u00fanez, un destino que mezcla el encanto mediterr\u00e1neo, la herencia isl\u00e1mica y los ecos del Imperio Romano. Aunque no existen vuelos directos, se puede llegar con escalas en Madrid, Par\u00eds o Estambul, con un tiempo total de entre 21 y 27 horas.\" \/>\n<meta property=\"og:url\" content=\"https:\/\/aeronoticias.com.pe\/noticiero\/cultural\/\u2708\ufe0f-lima-tunez-mediterraneo-desierto-y-casbahs-para-creadores-de-contenido\/\" \/>\n<meta property=\"og:site_name\" content=\"Aeronoticias.com.pe\" \/>\n<meta property=\"article:publisher\" content=\"https:\/\/www.facebook.com\/Aeronoticias.com.pe\/\" \/>\n<meta property=\"article:published_time\" content=\"2025-09-08T17:00:19+00:00\" \/>\n<meta property=\"article:modified_time\" content=\"2025-09-08T17:00:22+00:00\" \/>\n<meta property=\"og:image\" content=\"https:\/\/aeronoticias.com.pe\/noticiero\/wp-content\/uploads\/2025\/09\/tunez.jpg\" \/>\n\t<meta property=\"og:image:width\" content=\"1920\" \/>\n\t<meta property=\"og:image:height\" content=\"1280\" \/>\n\t<meta property=\"og:image:type\" content=\"image\/jpeg\" \/>\n<meta name=\"author\" content=\"Redacci\u00f3n\" \/>\n<meta name=\"twitter:card\" content=\"summary_large_image\" \/>\n<meta name=\"twitter:creator\" content=\"@aeronoticias\" \/>\n<meta name=\"twitter:site\" content=\"@aeronoticias\" \/>\n<meta name=\"twitter:label1\" content=\"Escrito por\" \/>\n\t<meta name=\"twitter:data1\" content=\"Redacci\u00f3n\" \/>\n\t<meta name=\"twitter:label2\" content=\"Tiempo de lectura\" \/>\n\t<meta name=\"twitter:data2\" content=\"3 minutos\" \/>\n<script type=\"application\/ld+json\" class=\"yoast-schema-graph\">{\"@context\":\"https:\/\/schema.org\",\"@graph\":[{\"@type\":\"WebPage\",\"@id\":\"https:\/\/aeronoticias.com.pe\/noticiero\/cultural\/%e2%9c%88%ef%b8%8f-lima-tunez-mediterraneo-desierto-y-casbahs-para-creadores-de-contenido\/\",\"url\":\"https:\/\/aeronoticias.com.pe\/noticiero\/cultural\/%e2%9c%88%ef%b8%8f-lima-tunez-mediterraneo-desierto-y-casbahs-para-creadores-de-contenido\/\",\"name\":\"\u2708\ufe0f Lima \u2013 T\u00fanez: Mediterr\u00e1neo, desierto y casbahs para creadores de contenido\",\"isPartOf\":{\"@id\":\"https:\/\/aeronoticias.com.pe\/noticiero\/#website\"},\"primaryImageOfPage\":{\"@id\":\"https:\/\/aeronoticias.com.pe\/noticiero\/cultural\/%e2%9c%88%ef%b8%8f-lima-tunez-mediterraneo-desierto-y-casbahs-para-creadores-de-contenido\/#primaryimage\"},\"image\":{\"@id\":\"https:\/\/aeronoticias.com.pe\/noticiero\/cultural\/%e2%9c%88%ef%b8%8f-lima-tunez-mediterraneo-desierto-y-casbahs-para-creadores-de-contenido\/#primaryimage\"},\"thumbnailUrl\":\"https:\/\/aeronoticias.com.pe\/noticiero\/wp-content\/uploads\/2025\/09\/tunez.jpg\",\"datePublished\":\"2025-09-08T17:00:19+00:00\",\"dateModified\":\"2025-09-08T17:00:22+00:00\",\"author\":{\"@id\":\"https:\/\/aeronoticias.com.pe\/noticiero\/#\/schema\/person\/16212a617c73f78916b13194154243bd\"},\"description\":\"(Aeronoticias): La ruta Lima \u2013 T\u00fanez conecta a los peruanos con la capital de T\u00fanez, un destino que mezcla el encanto mediterr\u00e1neo, la herencia isl\u00e1mica y los ecos del Imperio Romano. Aunque no existen vuelos directos, se puede llegar con escalas en Madrid, Par\u00eds o Estambul, con un tiempo total de entre 21 y 27 horas.\",\"breadcrumb\":{\"@id\":\"https:\/\/aeronoticias.com.pe\/noticiero\/cultural\/%e2%9c%88%ef%b8%8f-lima-tunez-mediterraneo-desierto-y-casbahs-para-creadores-de-contenido\/#breadcrumb\"},\"inLanguage\":\"es\",\"potentialAction\":[{\"@type\":\"ReadAction\",\"target\":[\"https:\/\/aeronoticias.com.pe\/noticiero\/cultural\/%e2%9c%88%ef%b8%8f-lima-tunez-mediterraneo-desierto-y-casbahs-para-creadores-de-contenido\/\"]}]},{\"@type\":\"ImageObject\",\"inLanguage\":\"es\",\"@id\":\"https:\/\/aeronoticias.com.pe\/noticiero\/cultural\/%e2%9c%88%ef%b8%8f-lima-tunez-mediterraneo-desierto-y-casbahs-para-creadores-de-contenido\/#primaryimage\",\"url\":\"https:\/\/aeronoticias.com.pe\/noticiero\/wp-content\/uploads\/2025\/09\/tunez.jpg\",\"contentUrl\":\"https:\/\/aeronoticias.com.pe\/noticiero\/wp-content\/uploads\/2025\/09\/tunez.jpg\",\"width\":1920,\"height\":1280},{\"@type\":\"BreadcrumbList\",\"@id\":\"https:\/\/aeronoticias.com.pe\/noticiero\/cultural\/%e2%9c%88%ef%b8%8f-lima-tunez-mediterraneo-desierto-y-casbahs-para-creadores-de-contenido\/#breadcrumb\",\"itemListElement\":[{\"@type\":\"ListItem\",\"position\":1,\"name\":\"Portada\",\"item\":\"https:\/\/aeronoticias.com.pe\/noticiero\/\"},{\"@type\":\"ListItem\",\"position\":2,\"name\":\"\u2708\ufe0f Lima \u2013 T\u00fanez: Mediterr\u00e1neo, desierto y casbahs para creadores de contenido\"}]},{\"@type\":\"WebSite\",\"@id\":\"https:\/\/aeronoticias.com.pe\/noticiero\/#website\",\"url\":\"https:\/\/aeronoticias.com.pe\/noticiero\/\",\"name\":\"Aeronoticias.com.pe\",\"description\":\"Noticias de tranporte aereo, turismo, hoteles, gastronomia, actualidad, internacional\",\"potentialAction\":[{\"@type\":\"SearchAction\",\"target\":{\"@type\":\"EntryPoint\",\"urlTemplate\":\"https:\/\/aeronoticias.com.pe\/noticiero\/?s={search_term_string}\"},\"query-input\":{\"@type\":\"PropertyValueSpecification\",\"valueRequired\":true,\"valueName\":\"search_term_string\"}}],\"inLanguage\":\"es\"},{\"@type\":\"Person\",\"@id\":\"https:\/\/aeronoticias.com.pe\/noticiero\/#\/schema\/person\/16212a617c73f78916b13194154243bd\",\"name\":\"Redacci\u00f3n\",\"sameAs\":[\"http:\/\/Redacci\u00f3n\"],\"url\":\"https:\/\/aeronoticias.com.pe\/noticiero\/author\/celeste\/\"}]}<\/script>\n<!-- \/ Yoast SEO plugin. -->","yoast_head_json":{"title":"\u2708\ufe0f Lima \u2013 T\u00fanez: Mediterr\u00e1neo, desierto y casbahs para creadores de contenido","description":"(Aeronoticias): La ruta Lima \u2013 T\u00fanez conecta a los peruanos con la capital de T\u00fanez, un destino que mezcla el encanto mediterr\u00e1neo, la herencia isl\u00e1mica y los ecos del Imperio Romano. Aunque no existen vuelos directos, se puede llegar con escalas en Madrid, Par\u00eds o Estambul, con un tiempo total de entre 21 y 27 horas.","robots":{"index":"index","follow":"follow","max-snippet":"max-snippet:-1","max-image-preview":"max-image-preview:large","max-video-preview":"max-video-preview:-1"},"canonical":"https:\/\/aeronoticias.com.pe\/noticiero\/cultural\/\u2708\ufe0f-lima-tunez-mediterraneo-desierto-y-casbahs-para-creadores-de-contenido\/","og_locale":"es_ES","og_type":"article","og_title":"\u2708\ufe0f Lima \u2013 T\u00fanez: Mediterr\u00e1neo, desierto y casbahs para creadores de contenido","og_description":"(Aeronoticias): La ruta Lima \u2013 T\u00fanez conecta a los peruanos con la capital de T\u00fanez, un destino que mezcla el encanto mediterr\u00e1neo, la herencia isl\u00e1mica y los ecos del Imperio Romano. Aunque no existen vuelos directos, se puede llegar con escalas en Madrid, Par\u00eds o Estambul, con un tiempo total de entre 21 y 27 horas.","og_url":"https:\/\/aeronoticias.com.pe\/noticiero\/cultural\/\u2708\ufe0f-lima-tunez-mediterraneo-desierto-y-casbahs-para-creadores-de-contenido\/","og_site_name":"Aeronoticias.com.pe","article_publisher":"https:\/\/www.facebook.com\/Aeronoticias.com.pe\/","article_published_time":"2025-09-08T17:00:19+00:00","article_modified_time":"2025-09-08T17:00:22+00:00","og_image":[{"width":1920,"height":1280,"url":"https:\/\/aeronoticias.com.pe\/noticiero\/wp-content\/uploads\/2025\/09\/tunez.jpg","type":"image\/jpeg"}],"author":"Redacci\u00f3n","twitter_card":"summary_large_image","twitter_creator":"@aeronoticias","twitter_site":"@aeronoticias","twitter_misc":{"Escrito por":"Redacci\u00f3n","Tiempo de lectura":"3 minutos"},"schema":{"@context":"https:\/\/schema.org","@graph":[{"@type":"WebPage","@id":"https:\/\/aeronoticias.com.pe\/noticiero\/cultural\/%e2%9c%88%ef%b8%8f-lima-tunez-mediterraneo-desierto-y-casbahs-para-creadores-de-contenido\/","url":"https:\/\/aeronoticias.com.pe\/noticiero\/cultural\/%e2%9c%88%ef%b8%8f-lima-tunez-mediterraneo-desierto-y-casbahs-para-creadores-de-contenido\/","name":"\u2708\ufe0f Lima \u2013 T\u00fanez: Mediterr\u00e1neo, desierto y casbahs para creadores de contenido","isPartOf":{"@id":"https:\/\/aeronoticias.com.pe\/noticiero\/#website"},"primaryImageOfPage":{"@id":"https:\/\/aeronoticias.com.pe\/noticiero\/cultural\/%e2%9c%88%ef%b8%8f-lima-tunez-mediterraneo-desierto-y-casbahs-para-creadores-de-contenido\/#primaryimage"},"image":{"@id":"https:\/\/aeronoticias.com.pe\/noticiero\/cultural\/%e2%9c%88%ef%b8%8f-lima-tunez-mediterraneo-desierto-y-casbahs-para-creadores-de-contenido\/#primaryimage"},"thumbnailUrl":"https:\/\/aeronoticias.com.pe\/noticiero\/wp-content\/uploads\/2025\/09\/tunez.jpg","datePublished":"2025-09-08T17:00:19+00:00","dateModified":"2025-09-08T17:00:22+00:00","author":{"@id":"https:\/\/aeronoticias.com.pe\/noticiero\/#\/schema\/person\/16212a617c73f78916b13194154243bd"},"description":"(Aeronoticias): La ruta Lima \u2013 T\u00fanez conecta a los peruanos con la capital de T\u00fanez, un destino que mezcla el encanto mediterr\u00e1neo, la herencia isl\u00e1mica y los ecos del Imperio Romano. Aunque no existen vuelos directos, se puede llegar con escalas en Madrid, Par\u00eds o Estambul, con un tiempo total de entre 21 y 27 horas.","breadcrumb":{"@id":"https:\/\/aeronoticias.com.pe\/noticiero\/cultural\/%e2%9c%88%ef%b8%8f-lima-tunez-mediterraneo-desierto-y-casbahs-para-creadores-de-contenido\/#breadcrumb"},"inLanguage":"es","potentialAction":[{"@type":"ReadAction","target":["https:\/\/aeronoticias.com.pe\/noticiero\/cultural\/%e2%9c%88%ef%b8%8f-lima-tunez-mediterraneo-desierto-y-casbahs-para-creadores-de-contenido\/"]}]},{"@type":"ImageObject","inLanguage":"es","@id":"https:\/\/aeronoticias.com.pe\/noticiero\/cultural\/%e2%9c%88%ef%b8%8f-lima-tunez-mediterraneo-desierto-y-casbahs-para-creadores-de-contenido\/#primaryimage","url":"https:\/\/aeronoticias.com.pe\/noticiero\/wp-content\/uploads\/2025\/09\/tunez.jpg","contentUrl":"https:\/\/aeronoticias.com.pe\/noticiero\/wp-content\/uploads\/2025\/09\/tunez.jpg","width":1920,"height":1280},{"@type":"BreadcrumbList","@id":"https:\/\/aeronoticias.com.pe\/noticiero\/cultural\/%e2%9c%88%ef%b8%8f-lima-tunez-mediterraneo-desierto-y-casbahs-para-creadores-de-contenido\/#breadcrumb","itemListElement":[{"@type":"ListItem","position":1,"name":"Portada","item":"https:\/\/aeronoticias.com.pe\/noticiero\/"},{"@type":"ListItem","position":2,"name":"\u2708\ufe0f Lima \u2013 T\u00fanez: Mediterr\u00e1neo, desierto y casbahs para creadores de contenido"}]},{"@type":"WebSite","@id":"https:\/\/aeronoticias.com.pe\/noticiero\/#website","url":"https:\/\/aeronoticias.com.pe\/noticiero\/","name":"Aeronoticias.com.pe","description":"Noticias de tranporte aereo, turismo, hoteles, gastronomia, actualidad, internacional","potentialAction":[{"@type":"SearchAction","target":{"@type":"EntryPoint","urlTemplate":"https:\/\/aeronoticias.com.pe\/noticiero\/?s={search_term_string}"},"query-input":{"@type":"PropertyValueSpecification","valueRequired":true,"valueName":"search_term_string"}}],"inLanguage":"es"},{"@type":"Person","@id":"https:\/\/aeronoticias.com.pe\/noticiero\/#\/schema\/person\/16212a617c73f78916b13194154243bd","name":"Redacci\u00f3n","sameAs":["http:\/\/Redacci\u00f3n"],"url":"https:\/\/aeronoticias.com.pe\/noticiero\/author\/celeste\/"}]}},"_links":{"self":[{"href":"https:\/\/aeronoticias.com.pe\/noticiero\/wp-json\/wp\/v2\/posts\/95747","targetHints":{"allow":["GET"]}}],"collection":[{"href":"https:\/\/aeronoticias.com.pe\/noticiero\/wp-json\/wp\/v2\/posts"}],"about":[{"href":"https:\/\/aeronoticias.com.pe\/noticiero\/wp-json\/wp\/v2\/types\/post"}],"author":[{"embeddable":true,"href":"https:\/\/aeronoticias.com.pe\/noticiero\/wp-json\/wp\/v2\/users\/3"}],"replies":[{"embeddable":true,"href":"https:\/\/aeronoticias.com.pe\/noticiero\/wp-json\/wp\/v2\/comments?post=95747"}],"version-history":[{"count":1,"href":"https:\/\/aeronoticias.com.pe\/noticiero\/wp-json\/wp\/v2\/posts\/95747\/revisions"}],"predecessor-version":[{"id":95749,"href":"https:\/\/aeronoticias.com.pe\/noticiero\/wp-json\/wp\/v2\/posts\/95747\/revisions\/95749"}],"wp:featuredmedia":[{"embeddable":true,"href":"https:\/\/aeronoticias.com.pe\/noticiero\/wp-json\/wp\/v2\/media\/95748"}],"wp:attachment":[{"href":"https:\/\/aeronoticias.com.pe\/noticiero\/wp-json\/wp\/v2\/media?parent=95747"}],"wp:term":[{"taxonomy":"category","embeddable":true,"href":"https:\/\/aeronoticias.com.pe\/noticiero\/wp-json\/wp\/v2\/categories?post=95747"},{"taxonomy":"post_tag","embeddable":true,"href":"https:\/\/aeronoticias.com.pe\/noticiero\/wp-json\/wp\/v2\/tags?post=95747"}],"curies":[{"name":"wp","href":"https:\/\/api.w.org\/{rel}","templated":true}]}}