{"id":95753,"date":"2025-09-08T12:05:02","date_gmt":"2025-09-08T17:05:02","guid":{"rendered":"https:\/\/aeronoticias.com.pe\/noticiero\/?p=95753"},"modified":"2025-09-08T12:05:05","modified_gmt":"2025-09-08T17:05:05","slug":"%e2%9c%88%ef%b8%8f-lima-beirut-cultura-mediterranea-fiesta-y-contrastes-para-creadores-de-contenido","status":"publish","type":"post","link":"https:\/\/aeronoticias.com.pe\/noticiero\/cultural\/%e2%9c%88%ef%b8%8f-lima-beirut-cultura-mediterranea-fiesta-y-contrastes-para-creadores-de-contenido\/","title":{"rendered":"\u2708\ufe0f Lima \u2013 Beirut: cultura mediterr\u00e1nea, fiesta y contrastes para creadores de contenido"},"content":{"rendered":"\n<h2 class=\"wp-block-heading\"><\/h2>\n\n\n\n<p><strong>(Aeronoticias):<\/strong><br>La ruta <strong>Lima \u2013 Beirut<\/strong> conecta a los peruanos con el <strong>L\u00edbano<\/strong>, un pa\u00eds que sorprende por su combinaci\u00f3n de historia antigua, playas mediterr\u00e1neas, vida nocturna vibrante y una gastronom\u00eda reconocida mundialmente. No hay vuelos directos, pero es posible llegar con escalas en <strong>Madrid, Par\u00eds o Estambul<\/strong>, con un tiempo total de <strong>22 a 28 horas<\/strong>.<\/p>\n\n\n\n<p>Beirut, conocida como la <strong>\u201cPar\u00eds de Oriente Medio\u201d<\/strong>, es un destino en auge entre <strong>millennials creadores de contenido<\/strong>. Desde ruinas romanas hasta rooftops modernos, es un lugar perfecto para <strong>TikToks, Reels e historias virales<\/strong>.<\/p>\n\n\n\n<hr class=\"wp-block-separator has-alpha-channel-opacity\"\/>\n\n\n\n<h3 class=\"wp-block-heading\">\ud83d\udce6 Paquetes tur\u00edsticos por segmento<\/h3>\n\n\n\n<p><strong>Sector A \u2013 \u201cBeirut Premium\u201d (7D\/5N)<\/strong><\/p>\n\n\n\n<ul class=\"wp-block-list\">\n<li>Vuelos en business class.<\/li>\n\n\n\n<li>Hotel 5\u2605 como el <strong>Phoenicia Beirut<\/strong> o el <strong>Four Seasons<\/strong> frente al mar.<\/li>\n\n\n\n<li>Traslados privados y gu\u00eda biling\u00fce.<\/li>\n\n\n\n<li>Tour exclusivo: <strong>ruinas romanas de Baalbek<\/strong> con fot\u00f3grafo local.<\/li>\n\n\n\n<li>Cena gourmet en <strong>Em Sherif<\/strong> (alta cocina libanesa).<\/li>\n\n\n\n<li>Rooftop night en <strong>SkyBar Beirut<\/strong>, club legendario.<br><strong>Precio:<\/strong> USD 7,000 \u2013 9,000.<\/li>\n<\/ul>\n\n\n\n<hr class=\"wp-block-separator has-alpha-channel-opacity\"\/>\n\n\n\n<p><strong>Sector B \u2013 \u201cCity &amp; Coast Pack\u201d (6D\/4N)<\/strong><\/p>\n\n\n\n<ul class=\"wp-block-list\">\n<li>Vuelos en turista premium.<\/li>\n\n\n\n<li>Hotel 4\u2605 en Hamra o Mar Mikhael.<\/li>\n\n\n\n<li>City tour grupal: Corniche de Beirut, Museo Nacional, barrios de moda.<\/li>\n\n\n\n<li>Excursi\u00f3n a <strong>Biblos<\/strong> (ciudad fenicia) y playas de Byblos.<\/li>\n\n\n\n<li>Cena t\u00edpica con espect\u00e1culo \u00e1rabe.<\/li>\n\n\n\n<li>Vida nocturna en <strong>B 018 Club<\/strong>, famoso por su techo retr\u00e1ctil.<br><strong>Precio:<\/strong> USD 3,200 \u2013 4,200.<\/li>\n<\/ul>\n\n\n\n<hr class=\"wp-block-separator has-alpha-channel-opacity\"\/>\n\n\n\n<p><strong>Sector C \u2013 \u201cBackpacker Vibes\u201d (5D\/3N)<\/strong><\/p>\n\n\n\n<ul class=\"wp-block-list\">\n<li>Vuelos econ\u00f3micos.<\/li>\n\n\n\n<li>Hostales en Hamra o Airbnbs en Mar Mikhael.<\/li>\n\n\n\n<li>Walking tours gratuitos por la ciudad.<\/li>\n\n\n\n<li>Ruta \u201cDIY\u201d a ruinas de Biblos y zocos locales.<\/li>\n\n\n\n<li>Noche en bares alternativos de Mar Mikhael con m\u00fasica indie.<br><strong>Precio:<\/strong> desde USD 1,300.<\/li>\n<\/ul>\n\n\n\n<hr class=\"wp-block-separator has-alpha-channel-opacity\"\/>\n\n\n\n<h3 class=\"wp-block-heading\">\ud83d\uddd3\ufe0f Itinerario sugerido<\/h3>\n\n\n\n<ul class=\"wp-block-list\">\n<li><strong>D\u00eda 1:<\/strong> Llegada, paseo al atardecer por la Corniche.<\/li>\n\n\n\n<li><strong>D\u00eda 2:<\/strong> City tour (Museo Nacional, Downtown, zocos). Noche en SkyBar.<\/li>\n\n\n\n<li><strong>D\u00eda 3:<\/strong> Excursi\u00f3n a <strong>Baalbek<\/strong> y vi\u00f1edos locales.<\/li>\n\n\n\n<li><strong>D\u00eda 4:<\/strong> Playas y ruinas en Biblos. Noche en B 018 Club.<\/li>\n\n\n\n<li><strong>D\u00eda 5:<\/strong> Caf\u00e9 bohemio en Mar Mikhael + regreso.<\/li>\n<\/ul>\n\n\n\n<hr class=\"wp-block-separator has-alpha-channel-opacity\"\/>\n\n\n\n<h3 class=\"wp-block-heading\">\ud83d\udccd Spots tur\u00edsticos y fotog\u00e9nicos<\/h3>\n\n\n\n<ul class=\"wp-block-list\">\n<li><strong>Corniche de Beirut:<\/strong> paseo mar\u00edtimo perfecto para POVs.<\/li>\n\n\n\n<li><strong>Baalbek:<\/strong> columnas romanas monumentales para transiciones \u00e9picas.<\/li>\n\n\n\n<li><strong>Biblos:<\/strong> ciudad antigua + playa en un mismo Reel.<\/li>\n\n\n\n<li><strong>Mar Mikhael:<\/strong> murales y caf\u00e9s instagrameables.<\/li>\n\n\n\n<li><strong>Downtown reconstruido:<\/strong> contraste entre lo antiguo y moderno.<\/li>\n<\/ul>\n\n\n\n<hr class=\"wp-block-separator has-alpha-channel-opacity\"\/>\n\n\n\n<h3 class=\"wp-block-heading\">\ud83c\udf19 Vida nocturna<\/h3>\n\n\n\n<ul class=\"wp-block-list\">\n<li><strong>SkyBar Beirut:<\/strong> rooftop ic\u00f3nico, contenido de lujo.<\/li>\n\n\n\n<li><strong>B 018 Club:<\/strong> underground con techo retr\u00e1ctil, vibes \u00fanicas.<\/li>\n\n\n\n<li><strong>Mar Mikhael District:<\/strong> bares alternativos y artesanales.<\/li>\n<\/ul>\n\n\n\n<hr class=\"wp-block-separator has-alpha-channel-opacity\"\/>\n\n\n\n<h3 class=\"wp-block-heading\">\ud83c\udf7d\ufe0f Comida t\u00edpica<\/h3>\n\n\n\n<ul class=\"wp-block-list\">\n<li><strong>Mezze liban\u00e9s:<\/strong> hummus, tabbouleh, baba ghanoush (plato viral para food reels).<\/li>\n\n\n\n<li><strong>Shawarma:<\/strong> grabar POV de corte en vivo.<\/li>\n\n\n\n<li><strong>Kibbeh:<\/strong> croquetas de carne y trigo, shot al partirlas.<\/li>\n\n\n\n<li><strong>Baklava:<\/strong> dulce ic\u00f3nico, slow-motion del sirope.<\/li>\n\n\n\n<li><strong>Arak:<\/strong> licor local para brindis en stories.<\/li>\n<\/ul>\n\n\n\n<hr class=\"wp-block-separator has-alpha-channel-opacity\"\/>\n\n\n\n<h3 class=\"wp-block-heading\">\ud83e\udded Transporte<\/h3>\n\n\n\n<p>Aeropuerto Internacional <strong>Rafic Hariri (BEY)<\/strong>. Traslados privados (A\/B) o buses locales (C). Dentro de Beirut: taxis y Uber.<\/p>\n\n\n\n<hr class=\"wp-block-separator has-alpha-channel-opacity\"\/>\n\n\n\n<h3 class=\"wp-block-heading\">\u2600\ufe0f Mejor \u00e9poca<\/h3>\n\n\n\n<ul class=\"wp-block-list\">\n<li><strong>Primavera (mar\u2013may):<\/strong> clima suave y colores vibrantes.<\/li>\n\n\n\n<li><strong>Verano (jun\u2013sep):<\/strong> playas mediterr\u00e1neas y festivales.<\/li>\n<\/ul>\n\n\n\n<hr class=\"wp-block-separator has-alpha-channel-opacity\"\/>\n\n\n\n<h3 class=\"wp-block-heading\">\ud83c\udfac Tips de contenido<\/h3>\n\n\n\n<ul class=\"wp-block-list\">\n<li>Reel \u201cde las ruinas romanas a la fiesta en un rooftop en 24h\u201d.<\/li>\n\n\n\n<li>TikTok probando un mezze completo en menos de 1 min.<\/li>\n\n\n\n<li>Story POV caminando por murales de Mar Mikhael.<\/li>\n<\/ul>\n\n\n\n<hr class=\"wp-block-separator has-alpha-channel-opacity\"\/>\n\n\n\n<h3 class=\"wp-block-heading\">\ud83e\uddfe Cierre<\/h3>\n\n\n\n<p>El paquete <strong>Lima \u2013 Beirut<\/strong> combina <strong>historia antigua, Mediterr\u00e1neo y vida nocturna de alto nivel<\/strong>, ideal para millennials que buscan experiencias aut\u00e9nticas y contenido viral para sus redes sociales.<\/p>\n\n\n\n<p><strong>Fuente: Sebasti\u00e1n Palac\u00edn<\/strong><\/p>\n\n\n\n<p><\/p>\n","protected":false},"excerpt":{"rendered":"<p>(Aeronoticias):La ruta Lima \u2013 Beirut conecta a los peruanos con el L\u00edbano, un pa\u00eds que sorprende por su combinaci\u00f3n de historia antigua, playas mediterr\u00e1neas, vida nocturna vibrante y una gastronom\u00eda reconocida mundialmente. No hay vuelos directos, pero es posible llegar con escalas en Madrid, Par\u00eds o Estambul, con un tiempo total de 22 a 28 [&hellip;]<\/p>\n","protected":false},"author":3,"featured_media":95754,"comment_status":"closed","ping_status":"closed","sticky":false,"template":"","format":"standard","meta":{"tdm_status":"","tdm_grid_status":"","footnotes":""},"categories":[26,34,9,67],"tags":[],"class_list":{"0":"post-95753","1":"post","2":"type-post","3":"status-publish","4":"format-standard","5":"has-post-thumbnail","7":"category-cultural","8":"category-internacionales","9":"category-turismo","10":"category-viajes"},"yoast_head":"<!-- This site is optimized with the Yoast SEO plugin v25.1 - https:\/\/yoast.com\/wordpress\/plugins\/seo\/ -->\n<title>\u2708\ufe0f Lima \u2013 Beirut: cultura mediterr\u00e1nea, fiesta y contrastes para creadores de contenido<\/title>\n<meta name=\"description\" content=\"(Aeronoticias): La ruta Lima \u2013 Beirut conecta a los peruanos con el L\u00edbano, un pa\u00eds que sorprende por su combinaci\u00f3n de historia antigua, playas mediterr\u00e1neas, vida nocturna vibrante y una gastronom\u00eda reconocida mundialmente. No hay vuelos directos, pero es posible llegar con escalas en Madrid, Par\u00eds o Estambul, con un tiempo total de 22 a 28 horas.\" \/>\n<meta name=\"robots\" content=\"index, follow, max-snippet:-1, max-image-preview:large, max-video-preview:-1\" \/>\n<link rel=\"canonical\" href=\"https:\/\/aeronoticias.com.pe\/noticiero\/cultural\/\u2708\ufe0f-lima-beirut-cultura-mediterranea-fiesta-y-contrastes-para-creadores-de-contenido\/\" \/>\n<meta property=\"og:locale\" content=\"es_ES\" \/>\n<meta property=\"og:type\" content=\"article\" \/>\n<meta property=\"og:title\" content=\"\u2708\ufe0f Lima \u2013 Beirut: cultura mediterr\u00e1nea, fiesta y contrastes para creadores de contenido\" \/>\n<meta property=\"og:description\" content=\"(Aeronoticias): La ruta Lima \u2013 Beirut conecta a los peruanos con el L\u00edbano, un pa\u00eds que sorprende por su combinaci\u00f3n de historia antigua, playas mediterr\u00e1neas, vida nocturna vibrante y una gastronom\u00eda reconocida mundialmente. No hay vuelos directos, pero es posible llegar con escalas en Madrid, Par\u00eds o Estambul, con un tiempo total de 22 a 28 horas.\" \/>\n<meta property=\"og:url\" content=\"https:\/\/aeronoticias.com.pe\/noticiero\/cultural\/\u2708\ufe0f-lima-beirut-cultura-mediterranea-fiesta-y-contrastes-para-creadores-de-contenido\/\" \/>\n<meta property=\"og:site_name\" content=\"Aeronoticias.com.pe\" \/>\n<meta property=\"article:publisher\" content=\"https:\/\/www.facebook.com\/Aeronoticias.com.pe\/\" \/>\n<meta property=\"article:published_time\" content=\"2025-09-08T17:05:02+00:00\" \/>\n<meta property=\"article:modified_time\" content=\"2025-09-08T17:05:05+00:00\" \/>\n<meta property=\"og:image\" content=\"https:\/\/aeronoticias.com.pe\/noticiero\/wp-content\/uploads\/2025\/09\/beirut.jpg\" \/>\n\t<meta property=\"og:image:width\" content=\"1000\" \/>\n\t<meta property=\"og:image:height\" content=\"667\" \/>\n\t<meta property=\"og:image:type\" content=\"image\/jpeg\" \/>\n<meta name=\"author\" content=\"Redacci\u00f3n\" \/>\n<meta name=\"twitter:card\" content=\"summary_large_image\" \/>\n<meta name=\"twitter:creator\" content=\"@aeronoticias\" \/>\n<meta name=\"twitter:site\" content=\"@aeronoticias\" \/>\n<meta name=\"twitter:label1\" content=\"Escrito por\" \/>\n\t<meta name=\"twitter:data1\" content=\"Redacci\u00f3n\" \/>\n\t<meta name=\"twitter:label2\" content=\"Tiempo de lectura\" \/>\n\t<meta name=\"twitter:data2\" content=\"3 minutos\" \/>\n<script type=\"application\/ld+json\" class=\"yoast-schema-graph\">{\"@context\":\"https:\/\/schema.org\",\"@graph\":[{\"@type\":\"WebPage\",\"@id\":\"https:\/\/aeronoticias.com.pe\/noticiero\/cultural\/%e2%9c%88%ef%b8%8f-lima-beirut-cultura-mediterranea-fiesta-y-contrastes-para-creadores-de-contenido\/\",\"url\":\"https:\/\/aeronoticias.com.pe\/noticiero\/cultural\/%e2%9c%88%ef%b8%8f-lima-beirut-cultura-mediterranea-fiesta-y-contrastes-para-creadores-de-contenido\/\",\"name\":\"\u2708\ufe0f Lima \u2013 Beirut: cultura mediterr\u00e1nea, fiesta y contrastes para creadores de contenido\",\"isPartOf\":{\"@id\":\"https:\/\/aeronoticias.com.pe\/noticiero\/#website\"},\"primaryImageOfPage\":{\"@id\":\"https:\/\/aeronoticias.com.pe\/noticiero\/cultural\/%e2%9c%88%ef%b8%8f-lima-beirut-cultura-mediterranea-fiesta-y-contrastes-para-creadores-de-contenido\/#primaryimage\"},\"image\":{\"@id\":\"https:\/\/aeronoticias.com.pe\/noticiero\/cultural\/%e2%9c%88%ef%b8%8f-lima-beirut-cultura-mediterranea-fiesta-y-contrastes-para-creadores-de-contenido\/#primaryimage\"},\"thumbnailUrl\":\"https:\/\/aeronoticias.com.pe\/noticiero\/wp-content\/uploads\/2025\/09\/beirut.jpg\",\"datePublished\":\"2025-09-08T17:05:02+00:00\",\"dateModified\":\"2025-09-08T17:05:05+00:00\",\"author\":{\"@id\":\"https:\/\/aeronoticias.com.pe\/noticiero\/#\/schema\/person\/16212a617c73f78916b13194154243bd\"},\"description\":\"(Aeronoticias): La ruta Lima \u2013 Beirut conecta a los peruanos con el L\u00edbano, un pa\u00eds que sorprende por su combinaci\u00f3n de historia antigua, playas mediterr\u00e1neas, vida nocturna vibrante y una gastronom\u00eda reconocida mundialmente. No hay vuelos directos, pero es posible llegar con escalas en Madrid, Par\u00eds o Estambul, con un tiempo total de 22 a 28 horas.\",\"breadcrumb\":{\"@id\":\"https:\/\/aeronoticias.com.pe\/noticiero\/cultural\/%e2%9c%88%ef%b8%8f-lima-beirut-cultura-mediterranea-fiesta-y-contrastes-para-creadores-de-contenido\/#breadcrumb\"},\"inLanguage\":\"es\",\"potentialAction\":[{\"@type\":\"ReadAction\",\"target\":[\"https:\/\/aeronoticias.com.pe\/noticiero\/cultural\/%e2%9c%88%ef%b8%8f-lima-beirut-cultura-mediterranea-fiesta-y-contrastes-para-creadores-de-contenido\/\"]}]},{\"@type\":\"ImageObject\",\"inLanguage\":\"es\",\"@id\":\"https:\/\/aeronoticias.com.pe\/noticiero\/cultural\/%e2%9c%88%ef%b8%8f-lima-beirut-cultura-mediterranea-fiesta-y-contrastes-para-creadores-de-contenido\/#primaryimage\",\"url\":\"https:\/\/aeronoticias.com.pe\/noticiero\/wp-content\/uploads\/2025\/09\/beirut.jpg\",\"contentUrl\":\"https:\/\/aeronoticias.com.pe\/noticiero\/wp-content\/uploads\/2025\/09\/beirut.jpg\",\"width\":1000,\"height\":667},{\"@type\":\"BreadcrumbList\",\"@id\":\"https:\/\/aeronoticias.com.pe\/noticiero\/cultural\/%e2%9c%88%ef%b8%8f-lima-beirut-cultura-mediterranea-fiesta-y-contrastes-para-creadores-de-contenido\/#breadcrumb\",\"itemListElement\":[{\"@type\":\"ListItem\",\"position\":1,\"name\":\"Portada\",\"item\":\"https:\/\/aeronoticias.com.pe\/noticiero\/\"},{\"@type\":\"ListItem\",\"position\":2,\"name\":\"\u2708\ufe0f Lima \u2013 Beirut: cultura mediterr\u00e1nea, fiesta y contrastes para creadores de contenido\"}]},{\"@type\":\"WebSite\",\"@id\":\"https:\/\/aeronoticias.com.pe\/noticiero\/#website\",\"url\":\"https:\/\/aeronoticias.com.pe\/noticiero\/\",\"name\":\"Aeronoticias.com.pe\",\"description\":\"Noticias de tranporte aereo, turismo, hoteles, gastronomia, actualidad, internacional\",\"potentialAction\":[{\"@type\":\"SearchAction\",\"target\":{\"@type\":\"EntryPoint\",\"urlTemplate\":\"https:\/\/aeronoticias.com.pe\/noticiero\/?s={search_term_string}\"},\"query-input\":{\"@type\":\"PropertyValueSpecification\",\"valueRequired\":true,\"valueName\":\"search_term_string\"}}],\"inLanguage\":\"es\"},{\"@type\":\"Person\",\"@id\":\"https:\/\/aeronoticias.com.pe\/noticiero\/#\/schema\/person\/16212a617c73f78916b13194154243bd\",\"name\":\"Redacci\u00f3n\",\"sameAs\":[\"http:\/\/Redacci\u00f3n\"],\"url\":\"https:\/\/aeronoticias.com.pe\/noticiero\/author\/celeste\/\"}]}<\/script>\n<!-- \/ Yoast SEO plugin. -->","yoast_head_json":{"title":"\u2708\ufe0f Lima \u2013 Beirut: cultura mediterr\u00e1nea, fiesta y contrastes para creadores de contenido","description":"(Aeronoticias): La ruta Lima \u2013 Beirut conecta a los peruanos con el L\u00edbano, un pa\u00eds que sorprende por su combinaci\u00f3n de historia antigua, playas mediterr\u00e1neas, vida nocturna vibrante y una gastronom\u00eda reconocida mundialmente. No hay vuelos directos, pero es posible llegar con escalas en Madrid, Par\u00eds o Estambul, con un tiempo total de 22 a 28 horas.","robots":{"index":"index","follow":"follow","max-snippet":"max-snippet:-1","max-image-preview":"max-image-preview:large","max-video-preview":"max-video-preview:-1"},"canonical":"https:\/\/aeronoticias.com.pe\/noticiero\/cultural\/\u2708\ufe0f-lima-beirut-cultura-mediterranea-fiesta-y-contrastes-para-creadores-de-contenido\/","og_locale":"es_ES","og_type":"article","og_title":"\u2708\ufe0f Lima \u2013 Beirut: cultura mediterr\u00e1nea, fiesta y contrastes para creadores de contenido","og_description":"(Aeronoticias): La ruta Lima \u2013 Beirut conecta a los peruanos con el L\u00edbano, un pa\u00eds que sorprende por su combinaci\u00f3n de historia antigua, playas mediterr\u00e1neas, vida nocturna vibrante y una gastronom\u00eda reconocida mundialmente. No hay vuelos directos, pero es posible llegar con escalas en Madrid, Par\u00eds o Estambul, con un tiempo total de 22 a 28 horas.","og_url":"https:\/\/aeronoticias.com.pe\/noticiero\/cultural\/\u2708\ufe0f-lima-beirut-cultura-mediterranea-fiesta-y-contrastes-para-creadores-de-contenido\/","og_site_name":"Aeronoticias.com.pe","article_publisher":"https:\/\/www.facebook.com\/Aeronoticias.com.pe\/","article_published_time":"2025-09-08T17:05:02+00:00","article_modified_time":"2025-09-08T17:05:05+00:00","og_image":[{"width":1000,"height":667,"url":"https:\/\/aeronoticias.com.pe\/noticiero\/wp-content\/uploads\/2025\/09\/beirut.jpg","type":"image\/jpeg"}],"author":"Redacci\u00f3n","twitter_card":"summary_large_image","twitter_creator":"@aeronoticias","twitter_site":"@aeronoticias","twitter_misc":{"Escrito por":"Redacci\u00f3n","Tiempo de lectura":"3 minutos"},"schema":{"@context":"https:\/\/schema.org","@graph":[{"@type":"WebPage","@id":"https:\/\/aeronoticias.com.pe\/noticiero\/cultural\/%e2%9c%88%ef%b8%8f-lima-beirut-cultura-mediterranea-fiesta-y-contrastes-para-creadores-de-contenido\/","url":"https:\/\/aeronoticias.com.pe\/noticiero\/cultural\/%e2%9c%88%ef%b8%8f-lima-beirut-cultura-mediterranea-fiesta-y-contrastes-para-creadores-de-contenido\/","name":"\u2708\ufe0f Lima \u2013 Beirut: cultura mediterr\u00e1nea, fiesta y contrastes para creadores de contenido","isPartOf":{"@id":"https:\/\/aeronoticias.com.pe\/noticiero\/#website"},"primaryImageOfPage":{"@id":"https:\/\/aeronoticias.com.pe\/noticiero\/cultural\/%e2%9c%88%ef%b8%8f-lima-beirut-cultura-mediterranea-fiesta-y-contrastes-para-creadores-de-contenido\/#primaryimage"},"image":{"@id":"https:\/\/aeronoticias.com.pe\/noticiero\/cultural\/%e2%9c%88%ef%b8%8f-lima-beirut-cultura-mediterranea-fiesta-y-contrastes-para-creadores-de-contenido\/#primaryimage"},"thumbnailUrl":"https:\/\/aeronoticias.com.pe\/noticiero\/wp-content\/uploads\/2025\/09\/beirut.jpg","datePublished":"2025-09-08T17:05:02+00:00","dateModified":"2025-09-08T17:05:05+00:00","author":{"@id":"https:\/\/aeronoticias.com.pe\/noticiero\/#\/schema\/person\/16212a617c73f78916b13194154243bd"},"description":"(Aeronoticias): La ruta Lima \u2013 Beirut conecta a los peruanos con el L\u00edbano, un pa\u00eds que sorprende por su combinaci\u00f3n de historia antigua, playas mediterr\u00e1neas, vida nocturna vibrante y una gastronom\u00eda reconocida mundialmente. No hay vuelos directos, pero es posible llegar con escalas en Madrid, Par\u00eds o Estambul, con un tiempo total de 22 a 28 horas.","breadcrumb":{"@id":"https:\/\/aeronoticias.com.pe\/noticiero\/cultural\/%e2%9c%88%ef%b8%8f-lima-beirut-cultura-mediterranea-fiesta-y-contrastes-para-creadores-de-contenido\/#breadcrumb"},"inLanguage":"es","potentialAction":[{"@type":"ReadAction","target":["https:\/\/aeronoticias.com.pe\/noticiero\/cultural\/%e2%9c%88%ef%b8%8f-lima-beirut-cultura-mediterranea-fiesta-y-contrastes-para-creadores-de-contenido\/"]}]},{"@type":"ImageObject","inLanguage":"es","@id":"https:\/\/aeronoticias.com.pe\/noticiero\/cultural\/%e2%9c%88%ef%b8%8f-lima-beirut-cultura-mediterranea-fiesta-y-contrastes-para-creadores-de-contenido\/#primaryimage","url":"https:\/\/aeronoticias.com.pe\/noticiero\/wp-content\/uploads\/2025\/09\/beirut.jpg","contentUrl":"https:\/\/aeronoticias.com.pe\/noticiero\/wp-content\/uploads\/2025\/09\/beirut.jpg","width":1000,"height":667},{"@type":"BreadcrumbList","@id":"https:\/\/aeronoticias.com.pe\/noticiero\/cultural\/%e2%9c%88%ef%b8%8f-lima-beirut-cultura-mediterranea-fiesta-y-contrastes-para-creadores-de-contenido\/#breadcrumb","itemListElement":[{"@type":"ListItem","position":1,"name":"Portada","item":"https:\/\/aeronoticias.com.pe\/noticiero\/"},{"@type":"ListItem","position":2,"name":"\u2708\ufe0f Lima \u2013 Beirut: cultura mediterr\u00e1nea, fiesta y contrastes para creadores de contenido"}]},{"@type":"WebSite","@id":"https:\/\/aeronoticias.com.pe\/noticiero\/#website","url":"https:\/\/aeronoticias.com.pe\/noticiero\/","name":"Aeronoticias.com.pe","description":"Noticias de tranporte aereo, turismo, hoteles, gastronomia, actualidad, internacional","potentialAction":[{"@type":"SearchAction","target":{"@type":"EntryPoint","urlTemplate":"https:\/\/aeronoticias.com.pe\/noticiero\/?s={search_term_string}"},"query-input":{"@type":"PropertyValueSpecification","valueRequired":true,"valueName":"search_term_string"}}],"inLanguage":"es"},{"@type":"Person","@id":"https:\/\/aeronoticias.com.pe\/noticiero\/#\/schema\/person\/16212a617c73f78916b13194154243bd","name":"Redacci\u00f3n","sameAs":["http:\/\/Redacci\u00f3n"],"url":"https:\/\/aeronoticias.com.pe\/noticiero\/author\/celeste\/"}]}},"_links":{"self":[{"href":"https:\/\/aeronoticias.com.pe\/noticiero\/wp-json\/wp\/v2\/posts\/95753","targetHints":{"allow":["GET"]}}],"collection":[{"href":"https:\/\/aeronoticias.com.pe\/noticiero\/wp-json\/wp\/v2\/posts"}],"about":[{"href":"https:\/\/aeronoticias.com.pe\/noticiero\/wp-json\/wp\/v2\/types\/post"}],"author":[{"embeddable":true,"href":"https:\/\/aeronoticias.com.pe\/noticiero\/wp-json\/wp\/v2\/users\/3"}],"replies":[{"embeddable":true,"href":"https:\/\/aeronoticias.com.pe\/noticiero\/wp-json\/wp\/v2\/comments?post=95753"}],"version-history":[{"count":1,"href":"https:\/\/aeronoticias.com.pe\/noticiero\/wp-json\/wp\/v2\/posts\/95753\/revisions"}],"predecessor-version":[{"id":95755,"href":"https:\/\/aeronoticias.com.pe\/noticiero\/wp-json\/wp\/v2\/posts\/95753\/revisions\/95755"}],"wp:featuredmedia":[{"embeddable":true,"href":"https:\/\/aeronoticias.com.pe\/noticiero\/wp-json\/wp\/v2\/media\/95754"}],"wp:attachment":[{"href":"https:\/\/aeronoticias.com.pe\/noticiero\/wp-json\/wp\/v2\/media?parent=95753"}],"wp:term":[{"taxonomy":"category","embeddable":true,"href":"https:\/\/aeronoticias.com.pe\/noticiero\/wp-json\/wp\/v2\/categories?post=95753"},{"taxonomy":"post_tag","embeddable":true,"href":"https:\/\/aeronoticias.com.pe\/noticiero\/wp-json\/wp\/v2\/tags?post=95753"}],"curies":[{"name":"wp","href":"https:\/\/api.w.org\/{rel}","templated":true}]}}