{"id":95756,"date":"2025-09-08T12:17:01","date_gmt":"2025-09-08T17:17:01","guid":{"rendered":"https:\/\/aeronoticias.com.pe\/noticiero\/?p=95756"},"modified":"2025-09-08T12:17:04","modified_gmt":"2025-09-08T17:17:04","slug":"%e2%9c%88%ef%b8%8f-lima-dakar-musica-playa-y-cultura-urbana-en-senegal","status":"publish","type":"post","link":"https:\/\/aeronoticias.com.pe\/noticiero\/cultural\/%e2%9c%88%ef%b8%8f-lima-dakar-musica-playa-y-cultura-urbana-en-senegal\/","title":{"rendered":"\u2708\ufe0f Lima \u2013 Dakar: m\u00fasica, playa y cultura urbana en Senegal"},"content":{"rendered":"\n<h2 class=\"wp-block-heading\"><\/h2>\n\n\n\n<p><strong>(Aeronoticias):<\/strong><br>La ruta <strong>Lima \u2013 Dakar<\/strong> conecta al Per\u00fa con la capital de <strong>Senegal<\/strong>, un pa\u00eds que brilla por su energ\u00eda cultural, playas atl\u00e1nticas y vida urbana efervescente. No existen vuelos directos, pero es posible llegar con escalas en <strong>Madrid o Lisboa<\/strong>, con un tiempo total de entre <strong>22 y 27 horas<\/strong>.<\/p>\n\n\n\n<p>Dakar es conocida como la <strong>capital de la m\u00fasica africana<\/strong>, cuna de estilos como el mbalax, y combina mercados coloridos, monumentos hist\u00f3ricos y una escena nocturna intensa. Es un destino perfecto para <strong>milenials creadores de contenido<\/strong> que buscan experiencias aut\u00e9nticas y virales.<\/p>\n\n\n\n<hr class=\"wp-block-separator has-alpha-channel-opacity\"\/>\n\n\n\n<h3 class=\"wp-block-heading\">\ud83d\udce6 Paquetes tur\u00edsticos por segmento<\/h3>\n\n\n\n<p><strong>Sector A \u2013 \u201cLuxury Dakar\u201d (7D\/5N)<\/strong><\/p>\n\n\n\n<ul class=\"wp-block-list\">\n<li>Vuelos en business class.<\/li>\n\n\n\n<li>Hotel 5\u2605 en la Corniche (Radisson Blu o Terrou-Bi).<\/li>\n\n\n\n<li>Traslados privados y gu\u00eda biling\u00fce.<\/li>\n\n\n\n<li>Excursi\u00f3n privada a la <strong>Isla de Gor\u00e9e<\/strong> (Patrimonio UNESCO).<\/li>\n\n\n\n<li>Cena gourmet en <strong>Le Lagon 1<\/strong>, con mariscos premium.<\/li>\n\n\n\n<li>Noche VIP en <strong>Le Duplex Club<\/strong>.<br><strong>Precio:<\/strong> USD 6,200 \u2013 8,000.<\/li>\n<\/ul>\n\n\n\n<hr class=\"wp-block-separator has-alpha-channel-opacity\"\/>\n\n\n\n<p><strong>Sector B \u2013 \u201cCity &amp; Rhythm Pack\u201d (6D\/4N)<\/strong><\/p>\n\n\n\n<ul class=\"wp-block-list\">\n<li>Vuelos en turista premium.<\/li>\n\n\n\n<li>Hotel 4\u2605 en Plateau o Almadies.<\/li>\n\n\n\n<li>City tour grupal: Monumento del Renacimiento Africano, Mercado Kermel, Isla de Gor\u00e9e.<\/li>\n\n\n\n<li>Excursi\u00f3n a <strong>Lago Rosa (Retba)<\/strong>, famoso por su tono rosado.<\/li>\n\n\n\n<li>Cena t\u00edpica con show de m\u00fasica mbalax.<\/li>\n\n\n\n<li>Pub crawl en Almadies.<br><strong>Precio:<\/strong> USD 2,800 \u2013 3,900.<\/li>\n<\/ul>\n\n\n\n<hr class=\"wp-block-separator has-alpha-channel-opacity\"\/>\n\n\n\n<p><strong>Sector C \u2013 \u201cBackpacker Afro Vibes\u201d (5D\/3N)<\/strong><\/p>\n\n\n\n<ul class=\"wp-block-list\">\n<li>Vuelos econ\u00f3micos.<\/li>\n\n\n\n<li>Hostales en Medina o Almadies.<\/li>\n\n\n\n<li>Walking tours gratuitos en mercados y murales callejeros.<\/li>\n\n\n\n<li>Excursi\u00f3n compartida al Lago Rosa en 4&#215;4.<\/li>\n\n\n\n<li>Vida nocturna en bares de reggae y mbalax.<br><strong>Precio:<\/strong> desde USD 1,200.<\/li>\n<\/ul>\n\n\n\n<hr class=\"wp-block-separator has-alpha-channel-opacity\"\/>\n\n\n\n<h3 class=\"wp-block-heading\">\ud83d\uddd3\ufe0f Itinerario sugerido<\/h3>\n\n\n\n<ul class=\"wp-block-list\">\n<li><strong>D\u00eda 1:<\/strong> Llegada, cena en Corniche y sunset.<\/li>\n\n\n\n<li><strong>D\u00eda 2:<\/strong> City tour: Monumento, Mercado Kermel, Medina. Noche en Le Duplex.<\/li>\n\n\n\n<li><strong>D\u00eda 3:<\/strong> Isla de Gor\u00e9e, historias desde la \u201cCasa de los Esclavos\u201d.<\/li>\n\n\n\n<li><strong>D\u00eda 4:<\/strong> Lago Rosa, reels con agua rosada + playa en Almadies.<\/li>\n\n\n\n<li><strong>D\u00eda 5:<\/strong> Ruta musical por bares y regreso.<\/li>\n<\/ul>\n\n\n\n<hr class=\"wp-block-separator has-alpha-channel-opacity\"\/>\n\n\n\n<h3 class=\"wp-block-heading\">\ud83d\udccd Spots tur\u00edsticos y fotog\u00e9nicos<\/h3>\n\n\n\n<ul class=\"wp-block-list\">\n<li><strong>Isla de Gor\u00e9e:<\/strong> casas coloniales coloridas, tomas ic\u00f3nicas para IG.<\/li>\n\n\n\n<li><strong>Lago Rosa:<\/strong> planos virales con el agua de tonos pastel.<\/li>\n\n\n\n<li><strong>Corniche de Dakar:<\/strong> amaneceres frente al Atl\u00e1ntico.<\/li>\n\n\n\n<li><strong>Murales en Medina:<\/strong> est\u00e9tica urbana para Reels alternativos.<\/li>\n\n\n\n<li><strong>Monumento del Renacimiento Africano:<\/strong> selfie viral al pie de la estatua.<\/li>\n<\/ul>\n\n\n\n<hr class=\"wp-block-separator has-alpha-channel-opacity\"\/>\n\n\n\n<h3 class=\"wp-block-heading\">\ud83c\udf19 Vida nocturna<\/h3>\n\n\n\n<ul class=\"wp-block-list\">\n<li><strong>Le Duplex:<\/strong> club de moda, m\u00fasica electr\u00f3nica y africana.<\/li>\n\n\n\n<li><strong>Thiossane Club:<\/strong> creado por Youssou N\u2019Dour, templo del mbalax.<\/li>\n\n\n\n<li><strong>Almadies District:<\/strong> bares de playa con reggae y afrobeat.<\/li>\n<\/ul>\n\n\n\n<hr class=\"wp-block-separator has-alpha-channel-opacity\"\/>\n\n\n\n<h3 class=\"wp-block-heading\">\ud83c\udf7d\ufe0f Comida t\u00edpica<\/h3>\n\n\n\n<ul class=\"wp-block-list\">\n<li><strong>Thieboudienne:<\/strong> arroz con pescado, plato nacional.<\/li>\n\n\n\n<li><strong>Yassa:<\/strong> pollo o pescado marinado con lim\u00f3n y cebolla.<\/li>\n\n\n\n<li><strong>Pasteles de pescado:<\/strong> perfectos para street food TikToks.<\/li>\n\n\n\n<li><strong>Bissap:<\/strong> bebida de hibisco para stories coloridos.<\/li>\n<\/ul>\n\n\n\n<hr class=\"wp-block-separator has-alpha-channel-opacity\"\/>\n\n\n\n<h3 class=\"wp-block-heading\">\ud83e\udded Transporte<\/h3>\n\n\n\n<p>Aeropuerto Internacional <strong>Blaise Diagne (DSS)<\/strong> a 40 km de Dakar. Traslados privados (A\/B) o buses y taxis colectivos (C).<\/p>\n\n\n\n<hr class=\"wp-block-separator has-alpha-channel-opacity\"\/>\n\n\n\n<h3 class=\"wp-block-heading\">\u2600\ufe0f Mejor \u00e9poca<\/h3>\n\n\n\n<ul class=\"wp-block-list\">\n<li><strong>Nov\u2013may:<\/strong> temporada seca, clima ideal para explorar.<\/li>\n\n\n\n<li><strong>Jun\u2013oct:<\/strong> lluvias, pero paisajes m\u00e1s verdes.<\/li>\n<\/ul>\n\n\n\n<hr class=\"wp-block-separator has-alpha-channel-opacity\"\/>\n\n\n\n<h3 class=\"wp-block-heading\">\ud83c\udfac Tips de contenido<\/h3>\n\n\n\n<ul class=\"wp-block-list\">\n<li>Reel comparando el <strong>agua rosada del Lago Retba<\/strong> con un filtro \u201csin editar\u201d.<\/li>\n\n\n\n<li>TikTok bailando mbalax en un club local.<\/li>\n\n\n\n<li>Stories POV caminando por los mercados de Dakar.<\/li>\n<\/ul>\n\n\n\n<hr class=\"wp-block-separator has-alpha-channel-opacity\"\/>\n\n\n\n<h3 class=\"wp-block-heading\">\ud83e\uddfe Cierre<\/h3>\n\n\n\n<p>El paquete <strong>Lima \u2013 Dakar<\/strong> ofrece un mix de <strong>cultura africana, playas atl\u00e1nticas y ritmos musicales<\/strong> que enamoran a cualquier viajero. Es ideal para <strong>milenials creadores de contenido<\/strong> que buscan diferenciarse con material aut\u00e9ntico y colorido.<\/p>\n\n\n\n<p><strong>Fuente: Sebasti\u00e1n Palac\u00edn<\/strong><\/p>\n","protected":false},"excerpt":{"rendered":"<p>(Aeronoticias):La ruta Lima \u2013 Dakar conecta al Per\u00fa con la capital de Senegal, un pa\u00eds que brilla por su energ\u00eda cultural, playas atl\u00e1nticas y vida urbana efervescente. No existen vuelos directos, pero es posible llegar con escalas en Madrid o Lisboa, con un tiempo total de entre 22 y 27 horas. Dakar es conocida como [&hellip;]<\/p>\n","protected":false},"author":3,"featured_media":95757,"comment_status":"closed","ping_status":"closed","sticky":false,"template":"","format":"standard","meta":{"tdm_status":"","tdm_grid_status":"","footnotes":""},"categories":[26,34,9],"tags":[],"class_list":{"0":"post-95756","1":"post","2":"type-post","3":"status-publish","4":"format-standard","5":"has-post-thumbnail","7":"category-cultural","8":"category-internacionales","9":"category-turismo"},"yoast_head":"<!-- This site is optimized with the Yoast SEO plugin v25.1 - https:\/\/yoast.com\/wordpress\/plugins\/seo\/ -->\n<title>\u2708\ufe0f Lima \u2013 Dakar: m\u00fasica, playa y cultura urbana en Senegal<\/title>\n<meta name=\"description\" content=\"(Aeronoticias): La ruta Lima \u2013 Dakar conecta al Per\u00fa con la capital de Senegal, un pa\u00eds que brilla por su energ\u00eda cultural, playas atl\u00e1nticas y vida urbana efervescente. No existen vuelos directos, pero es posible llegar con escalas en Madrid o Lisboa, con un tiempo total de entre 22 y 27 horas.\" \/>\n<meta name=\"robots\" content=\"index, follow, max-snippet:-1, max-image-preview:large, max-video-preview:-1\" \/>\n<link rel=\"canonical\" href=\"https:\/\/aeronoticias.com.pe\/noticiero\/cultural\/\u2708\ufe0f-lima-dakar-musica-playa-y-cultura-urbana-en-senegal\/\" \/>\n<meta property=\"og:locale\" content=\"es_ES\" \/>\n<meta property=\"og:type\" content=\"article\" \/>\n<meta property=\"og:title\" content=\"\u2708\ufe0f Lima \u2013 Dakar: m\u00fasica, playa y cultura urbana en Senegal\" \/>\n<meta property=\"og:description\" content=\"(Aeronoticias): La ruta Lima \u2013 Dakar conecta al Per\u00fa con la capital de Senegal, un pa\u00eds que brilla por su energ\u00eda cultural, playas atl\u00e1nticas y vida urbana efervescente. No existen vuelos directos, pero es posible llegar con escalas en Madrid o Lisboa, con un tiempo total de entre 22 y 27 horas.\" \/>\n<meta property=\"og:url\" content=\"https:\/\/aeronoticias.com.pe\/noticiero\/cultural\/\u2708\ufe0f-lima-dakar-musica-playa-y-cultura-urbana-en-senegal\/\" \/>\n<meta property=\"og:site_name\" content=\"Aeronoticias.com.pe\" \/>\n<meta property=\"article:publisher\" content=\"https:\/\/www.facebook.com\/Aeronoticias.com.pe\/\" \/>\n<meta property=\"article:published_time\" content=\"2025-09-08T17:17:01+00:00\" \/>\n<meta property=\"article:modified_time\" content=\"2025-09-08T17:17:04+00:00\" \/>\n<meta property=\"og:image\" content=\"https:\/\/aeronoticias.com.pe\/noticiero\/wp-content\/uploads\/2025\/09\/dakar.jpg\" \/>\n\t<meta property=\"og:image:width\" content=\"736\" \/>\n\t<meta property=\"og:image:height\" content=\"429\" \/>\n\t<meta property=\"og:image:type\" content=\"image\/jpeg\" \/>\n<meta name=\"author\" content=\"Redacci\u00f3n\" \/>\n<meta name=\"twitter:card\" content=\"summary_large_image\" \/>\n<meta name=\"twitter:creator\" content=\"@aeronoticias\" \/>\n<meta name=\"twitter:site\" content=\"@aeronoticias\" \/>\n<meta name=\"twitter:label1\" content=\"Escrito por\" \/>\n\t<meta name=\"twitter:data1\" content=\"Redacci\u00f3n\" \/>\n\t<meta name=\"twitter:label2\" content=\"Tiempo de lectura\" \/>\n\t<meta name=\"twitter:data2\" content=\"3 minutos\" \/>\n<script type=\"application\/ld+json\" class=\"yoast-schema-graph\">{\"@context\":\"https:\/\/schema.org\",\"@graph\":[{\"@type\":\"WebPage\",\"@id\":\"https:\/\/aeronoticias.com.pe\/noticiero\/cultural\/%e2%9c%88%ef%b8%8f-lima-dakar-musica-playa-y-cultura-urbana-en-senegal\/\",\"url\":\"https:\/\/aeronoticias.com.pe\/noticiero\/cultural\/%e2%9c%88%ef%b8%8f-lima-dakar-musica-playa-y-cultura-urbana-en-senegal\/\",\"name\":\"\u2708\ufe0f Lima \u2013 Dakar: m\u00fasica, playa y cultura urbana en Senegal\",\"isPartOf\":{\"@id\":\"https:\/\/aeronoticias.com.pe\/noticiero\/#website\"},\"primaryImageOfPage\":{\"@id\":\"https:\/\/aeronoticias.com.pe\/noticiero\/cultural\/%e2%9c%88%ef%b8%8f-lima-dakar-musica-playa-y-cultura-urbana-en-senegal\/#primaryimage\"},\"image\":{\"@id\":\"https:\/\/aeronoticias.com.pe\/noticiero\/cultural\/%e2%9c%88%ef%b8%8f-lima-dakar-musica-playa-y-cultura-urbana-en-senegal\/#primaryimage\"},\"thumbnailUrl\":\"https:\/\/aeronoticias.com.pe\/noticiero\/wp-content\/uploads\/2025\/09\/dakar.jpg\",\"datePublished\":\"2025-09-08T17:17:01+00:00\",\"dateModified\":\"2025-09-08T17:17:04+00:00\",\"author\":{\"@id\":\"https:\/\/aeronoticias.com.pe\/noticiero\/#\/schema\/person\/16212a617c73f78916b13194154243bd\"},\"description\":\"(Aeronoticias): La ruta Lima \u2013 Dakar conecta al Per\u00fa con la capital de Senegal, un pa\u00eds que brilla por su energ\u00eda cultural, playas atl\u00e1nticas y vida urbana efervescente. No existen vuelos directos, pero es posible llegar con escalas en Madrid o Lisboa, con un tiempo total de entre 22 y 27 horas.\",\"breadcrumb\":{\"@id\":\"https:\/\/aeronoticias.com.pe\/noticiero\/cultural\/%e2%9c%88%ef%b8%8f-lima-dakar-musica-playa-y-cultura-urbana-en-senegal\/#breadcrumb\"},\"inLanguage\":\"es\",\"potentialAction\":[{\"@type\":\"ReadAction\",\"target\":[\"https:\/\/aeronoticias.com.pe\/noticiero\/cultural\/%e2%9c%88%ef%b8%8f-lima-dakar-musica-playa-y-cultura-urbana-en-senegal\/\"]}]},{\"@type\":\"ImageObject\",\"inLanguage\":\"es\",\"@id\":\"https:\/\/aeronoticias.com.pe\/noticiero\/cultural\/%e2%9c%88%ef%b8%8f-lima-dakar-musica-playa-y-cultura-urbana-en-senegal\/#primaryimage\",\"url\":\"https:\/\/aeronoticias.com.pe\/noticiero\/wp-content\/uploads\/2025\/09\/dakar.jpg\",\"contentUrl\":\"https:\/\/aeronoticias.com.pe\/noticiero\/wp-content\/uploads\/2025\/09\/dakar.jpg\",\"width\":736,\"height\":429},{\"@type\":\"BreadcrumbList\",\"@id\":\"https:\/\/aeronoticias.com.pe\/noticiero\/cultural\/%e2%9c%88%ef%b8%8f-lima-dakar-musica-playa-y-cultura-urbana-en-senegal\/#breadcrumb\",\"itemListElement\":[{\"@type\":\"ListItem\",\"position\":1,\"name\":\"Portada\",\"item\":\"https:\/\/aeronoticias.com.pe\/noticiero\/\"},{\"@type\":\"ListItem\",\"position\":2,\"name\":\"\u2708\ufe0f Lima \u2013 Dakar: m\u00fasica, playa y cultura urbana en Senegal\"}]},{\"@type\":\"WebSite\",\"@id\":\"https:\/\/aeronoticias.com.pe\/noticiero\/#website\",\"url\":\"https:\/\/aeronoticias.com.pe\/noticiero\/\",\"name\":\"Aeronoticias.com.pe\",\"description\":\"Noticias de tranporte aereo, turismo, hoteles, gastronomia, actualidad, internacional\",\"potentialAction\":[{\"@type\":\"SearchAction\",\"target\":{\"@type\":\"EntryPoint\",\"urlTemplate\":\"https:\/\/aeronoticias.com.pe\/noticiero\/?s={search_term_string}\"},\"query-input\":{\"@type\":\"PropertyValueSpecification\",\"valueRequired\":true,\"valueName\":\"search_term_string\"}}],\"inLanguage\":\"es\"},{\"@type\":\"Person\",\"@id\":\"https:\/\/aeronoticias.com.pe\/noticiero\/#\/schema\/person\/16212a617c73f78916b13194154243bd\",\"name\":\"Redacci\u00f3n\",\"sameAs\":[\"http:\/\/Redacci\u00f3n\"],\"url\":\"https:\/\/aeronoticias.com.pe\/noticiero\/author\/celeste\/\"}]}<\/script>\n<!-- \/ Yoast SEO plugin. -->","yoast_head_json":{"title":"\u2708\ufe0f Lima \u2013 Dakar: m\u00fasica, playa y cultura urbana en Senegal","description":"(Aeronoticias): La ruta Lima \u2013 Dakar conecta al Per\u00fa con la capital de Senegal, un pa\u00eds que brilla por su energ\u00eda cultural, playas atl\u00e1nticas y vida urbana efervescente. No existen vuelos directos, pero es posible llegar con escalas en Madrid o Lisboa, con un tiempo total de entre 22 y 27 horas.","robots":{"index":"index","follow":"follow","max-snippet":"max-snippet:-1","max-image-preview":"max-image-preview:large","max-video-preview":"max-video-preview:-1"},"canonical":"https:\/\/aeronoticias.com.pe\/noticiero\/cultural\/\u2708\ufe0f-lima-dakar-musica-playa-y-cultura-urbana-en-senegal\/","og_locale":"es_ES","og_type":"article","og_title":"\u2708\ufe0f Lima \u2013 Dakar: m\u00fasica, playa y cultura urbana en Senegal","og_description":"(Aeronoticias): La ruta Lima \u2013 Dakar conecta al Per\u00fa con la capital de Senegal, un pa\u00eds que brilla por su energ\u00eda cultural, playas atl\u00e1nticas y vida urbana efervescente. No existen vuelos directos, pero es posible llegar con escalas en Madrid o Lisboa, con un tiempo total de entre 22 y 27 horas.","og_url":"https:\/\/aeronoticias.com.pe\/noticiero\/cultural\/\u2708\ufe0f-lima-dakar-musica-playa-y-cultura-urbana-en-senegal\/","og_site_name":"Aeronoticias.com.pe","article_publisher":"https:\/\/www.facebook.com\/Aeronoticias.com.pe\/","article_published_time":"2025-09-08T17:17:01+00:00","article_modified_time":"2025-09-08T17:17:04+00:00","og_image":[{"width":736,"height":429,"url":"https:\/\/aeronoticias.com.pe\/noticiero\/wp-content\/uploads\/2025\/09\/dakar.jpg","type":"image\/jpeg"}],"author":"Redacci\u00f3n","twitter_card":"summary_large_image","twitter_creator":"@aeronoticias","twitter_site":"@aeronoticias","twitter_misc":{"Escrito por":"Redacci\u00f3n","Tiempo de lectura":"3 minutos"},"schema":{"@context":"https:\/\/schema.org","@graph":[{"@type":"WebPage","@id":"https:\/\/aeronoticias.com.pe\/noticiero\/cultural\/%e2%9c%88%ef%b8%8f-lima-dakar-musica-playa-y-cultura-urbana-en-senegal\/","url":"https:\/\/aeronoticias.com.pe\/noticiero\/cultural\/%e2%9c%88%ef%b8%8f-lima-dakar-musica-playa-y-cultura-urbana-en-senegal\/","name":"\u2708\ufe0f Lima \u2013 Dakar: m\u00fasica, playa y cultura urbana en Senegal","isPartOf":{"@id":"https:\/\/aeronoticias.com.pe\/noticiero\/#website"},"primaryImageOfPage":{"@id":"https:\/\/aeronoticias.com.pe\/noticiero\/cultural\/%e2%9c%88%ef%b8%8f-lima-dakar-musica-playa-y-cultura-urbana-en-senegal\/#primaryimage"},"image":{"@id":"https:\/\/aeronoticias.com.pe\/noticiero\/cultural\/%e2%9c%88%ef%b8%8f-lima-dakar-musica-playa-y-cultura-urbana-en-senegal\/#primaryimage"},"thumbnailUrl":"https:\/\/aeronoticias.com.pe\/noticiero\/wp-content\/uploads\/2025\/09\/dakar.jpg","datePublished":"2025-09-08T17:17:01+00:00","dateModified":"2025-09-08T17:17:04+00:00","author":{"@id":"https:\/\/aeronoticias.com.pe\/noticiero\/#\/schema\/person\/16212a617c73f78916b13194154243bd"},"description":"(Aeronoticias): La ruta Lima \u2013 Dakar conecta al Per\u00fa con la capital de Senegal, un pa\u00eds que brilla por su energ\u00eda cultural, playas atl\u00e1nticas y vida urbana efervescente. No existen vuelos directos, pero es posible llegar con escalas en Madrid o Lisboa, con un tiempo total de entre 22 y 27 horas.","breadcrumb":{"@id":"https:\/\/aeronoticias.com.pe\/noticiero\/cultural\/%e2%9c%88%ef%b8%8f-lima-dakar-musica-playa-y-cultura-urbana-en-senegal\/#breadcrumb"},"inLanguage":"es","potentialAction":[{"@type":"ReadAction","target":["https:\/\/aeronoticias.com.pe\/noticiero\/cultural\/%e2%9c%88%ef%b8%8f-lima-dakar-musica-playa-y-cultura-urbana-en-senegal\/"]}]},{"@type":"ImageObject","inLanguage":"es","@id":"https:\/\/aeronoticias.com.pe\/noticiero\/cultural\/%e2%9c%88%ef%b8%8f-lima-dakar-musica-playa-y-cultura-urbana-en-senegal\/#primaryimage","url":"https:\/\/aeronoticias.com.pe\/noticiero\/wp-content\/uploads\/2025\/09\/dakar.jpg","contentUrl":"https:\/\/aeronoticias.com.pe\/noticiero\/wp-content\/uploads\/2025\/09\/dakar.jpg","width":736,"height":429},{"@type":"BreadcrumbList","@id":"https:\/\/aeronoticias.com.pe\/noticiero\/cultural\/%e2%9c%88%ef%b8%8f-lima-dakar-musica-playa-y-cultura-urbana-en-senegal\/#breadcrumb","itemListElement":[{"@type":"ListItem","position":1,"name":"Portada","item":"https:\/\/aeronoticias.com.pe\/noticiero\/"},{"@type":"ListItem","position":2,"name":"\u2708\ufe0f Lima \u2013 Dakar: m\u00fasica, playa y cultura urbana en Senegal"}]},{"@type":"WebSite","@id":"https:\/\/aeronoticias.com.pe\/noticiero\/#website","url":"https:\/\/aeronoticias.com.pe\/noticiero\/","name":"Aeronoticias.com.pe","description":"Noticias de tranporte aereo, turismo, hoteles, gastronomia, actualidad, internacional","potentialAction":[{"@type":"SearchAction","target":{"@type":"EntryPoint","urlTemplate":"https:\/\/aeronoticias.com.pe\/noticiero\/?s={search_term_string}"},"query-input":{"@type":"PropertyValueSpecification","valueRequired":true,"valueName":"search_term_string"}}],"inLanguage":"es"},{"@type":"Person","@id":"https:\/\/aeronoticias.com.pe\/noticiero\/#\/schema\/person\/16212a617c73f78916b13194154243bd","name":"Redacci\u00f3n","sameAs":["http:\/\/Redacci\u00f3n"],"url":"https:\/\/aeronoticias.com.pe\/noticiero\/author\/celeste\/"}]}},"_links":{"self":[{"href":"https:\/\/aeronoticias.com.pe\/noticiero\/wp-json\/wp\/v2\/posts\/95756","targetHints":{"allow":["GET"]}}],"collection":[{"href":"https:\/\/aeronoticias.com.pe\/noticiero\/wp-json\/wp\/v2\/posts"}],"about":[{"href":"https:\/\/aeronoticias.com.pe\/noticiero\/wp-json\/wp\/v2\/types\/post"}],"author":[{"embeddable":true,"href":"https:\/\/aeronoticias.com.pe\/noticiero\/wp-json\/wp\/v2\/users\/3"}],"replies":[{"embeddable":true,"href":"https:\/\/aeronoticias.com.pe\/noticiero\/wp-json\/wp\/v2\/comments?post=95756"}],"version-history":[{"count":1,"href":"https:\/\/aeronoticias.com.pe\/noticiero\/wp-json\/wp\/v2\/posts\/95756\/revisions"}],"predecessor-version":[{"id":95758,"href":"https:\/\/aeronoticias.com.pe\/noticiero\/wp-json\/wp\/v2\/posts\/95756\/revisions\/95758"}],"wp:featuredmedia":[{"embeddable":true,"href":"https:\/\/aeronoticias.com.pe\/noticiero\/wp-json\/wp\/v2\/media\/95757"}],"wp:attachment":[{"href":"https:\/\/aeronoticias.com.pe\/noticiero\/wp-json\/wp\/v2\/media?parent=95756"}],"wp:term":[{"taxonomy":"category","embeddable":true,"href":"https:\/\/aeronoticias.com.pe\/noticiero\/wp-json\/wp\/v2\/categories?post=95756"},{"taxonomy":"post_tag","embeddable":true,"href":"https:\/\/aeronoticias.com.pe\/noticiero\/wp-json\/wp\/v2\/tags?post=95756"}],"curies":[{"name":"wp","href":"https:\/\/api.w.org\/{rel}","templated":true}]}}