{"id":95821,"date":"2025-09-09T13:06:29","date_gmt":"2025-09-09T18:06:29","guid":{"rendered":"https:\/\/aeronoticias.com.pe\/noticiero\/?p=95821"},"modified":"2025-09-09T13:07:11","modified_gmt":"2025-09-09T18:07:11","slug":"%e2%9c%88%ef%b8%8f-lima-valletta-malta-sol-mediterraneo-historia-epica-y-rooftops-para-creadores-de-contenido","status":"publish","type":"post","link":"https:\/\/aeronoticias.com.pe\/noticiero\/cultural\/%e2%9c%88%ef%b8%8f-lima-valletta-malta-sol-mediterraneo-historia-epica-y-rooftops-para-creadores-de-contenido\/","title":{"rendered":"\u2708\ufe0f Lima \u2013 Valletta (Malta): sol mediterr\u00e1neo, historia \u00e9pica y rooftops para creadores de contenido"},"content":{"rendered":"\n<h2 class=\"wp-block-heading\"><\/h2>\n\n\n\n<p><strong>(Aeronoticias):<\/strong><br>La ruta <strong>Lima \u2013 Valletta<\/strong> conecta a los peruanos con <strong>Malta<\/strong>, un archipi\u00e9lago de fortalezas doradas, calas turquesas y vibe mediterr\u00e1nea con mucha <strong>vida nocturna<\/strong>. No hay vuelos directos; se llega con una o dos escalas (ej.: <strong>Madrid\/Par\u00eds\/Estambul<\/strong> + conexi\u00f3n a <strong>MLA<\/strong>), en <strong>19\u201326 h<\/strong> seg\u00fan itinerario. Valletta\u2014<strong>Patrimonio UNESCO<\/strong>\u2014es compacta, segura y ultrafotog\u00e9nica: calles de piedra, balcones de madera de colores, murallas con vistas al mar y ferris que cruzan en minutos a <strong>Sliema<\/strong> y <strong>Three Cities<\/strong>. Curamos este paquete para <strong>milenials creadores<\/strong> que buscan volver con <strong>Reels, TikToks e historias<\/strong> listos para volverse virales.<\/p>\n\n\n\n<hr class=\"wp-block-separator has-alpha-channel-opacity\"\/>\n\n\n\n<h3 class=\"wp-block-heading\">\ud83d\udce6 Paquetes por segmento<\/h3>\n\n\n\n<p><strong>Sector A \u2013 \u201cMalta Premium Creator\u201d (7D\/5N)<\/strong><\/p>\n\n\n\n<ul class=\"wp-block-list\">\n<li><strong>Vuelos<\/strong> en business.<\/li>\n\n\n\n<li><strong>Hotel 5\u2605<\/strong> en Valletta o St. Julian\u2019s (habitaci\u00f3n con terraza para golden hour).<\/li>\n\n\n\n<li><strong>Traslados privados<\/strong> + gu\u00eda biling\u00fce.<\/li>\n\n\n\n<li><strong>Tour VIP<\/strong> por Valletta y <strong>Upper Barrakka Gardens<\/strong> al amanecer (permiso de acceso temprano para tomas sin gente).<\/li>\n\n\n\n<li><strong>Yate privado<\/strong> a <strong>Blue Lagoon (Comino)<\/strong> con capit\u00e1n y <strong>vide\u00f3grafo<\/strong> 2 h.<\/li>\n\n\n\n<li><strong>Cena gourmet<\/strong> en rooftop del <strong>Iniala\/ION<\/strong> o similar.<\/li>\n\n\n\n<li><strong>Nightlife hosted<\/strong>: mesa en <strong>Sky Club<\/strong> o <strong>Gianpula Village<\/strong> (complejo de clubs al aire libre).<br><strong>Precio referencial:<\/strong> <strong>USD 6,900 \u2013 9,200<\/strong> p\/p.<\/li>\n<\/ul>\n\n\n\n<p><strong>Sector B \u2013 \u201cCity, Calas &amp; Nightlife\u201d (6D\/4N)<\/strong><\/p>\n\n\n\n<ul class=\"wp-block-list\">\n<li>Vuelos en turista premium.<\/li>\n\n\n\n<li>Hotel <strong>4\u2605<\/strong> en Sliema o St. Julian\u2019s (paso al ferry y a clubs).<\/li>\n\n\n\n<li><strong>City tour<\/strong> grupal por Valletta, <strong>Three Cities<\/strong> y <strong>Mdina<\/strong> (la \u201cCiudad del Silencio\u201d).<\/li>\n\n\n\n<li><strong>Excursi\u00f3n<\/strong> en lancha compartida a <strong>Blue Lagoon<\/strong> + snorkel.<\/li>\n\n\n\n<li><strong>Pub crawl<\/strong> por Paceville (zona de fiesta) con entrada a <strong>Havana Club<\/strong>.<br><strong>Precio referencial:<\/strong> <strong>USD 3,000 \u2013 4,200<\/strong> p\/p.<\/li>\n<\/ul>\n\n\n\n<p><strong>Sector C \u2013 \u201cIsland on a Budget\u201d (5D\/3N)<\/strong><\/p>\n\n\n\n<ul class=\"wp-block-list\">\n<li>Vuelos econ\u00f3micos.<\/li>\n\n\n\n<li><strong>Hostal boutique<\/strong> en G\u017cira\/Sliema o habitaci\u00f3n privada en guesthouse.<\/li>\n\n\n\n<li>Walking tour gratuito por Valletta + ferry low-cost a Three Cities.<\/li>\n\n\n\n<li>Day trip en <strong>bus p\u00fablico<\/strong> a <strong>Mdina<\/strong> y <strong>Riviera Beach (G\u0127ajn Tuffie\u0127a)<\/strong>.<\/li>\n\n\n\n<li>Noche en bares con <strong>happy hour<\/strong> en Paceville.<br><strong>Precio referencial:<\/strong> <strong>desde USD 1,350<\/strong> p\/p.<\/li>\n<\/ul>\n\n\n\n<hr class=\"wp-block-separator has-alpha-channel-opacity\"\/>\n\n\n\n<h3 class=\"wp-block-heading\">\ud83d\uddd3\ufe0f Itinerario sugerido (ajustable)<\/h3>\n\n\n\n<ul class=\"wp-block-list\">\n<li><strong>D\u00eda 1:<\/strong> Llegada, check-in y <strong>sunset<\/strong> en <strong>Upper Barrakka<\/strong> (toma del Gran Puerto).<\/li>\n\n\n\n<li><strong>D\u00eda 2:<\/strong> Valletta \u201cfull shoot\u201d: <strong>St. John\u2019s Co-Cathedral<\/strong> (interiores dorados), <strong>Republic Street<\/strong>, balcones y callejones. Noche: <strong>Gianpula Village<\/strong> (outdoor party).<\/li>\n\n\n\n<li><strong>D\u00eda 3:<\/strong> <strong>Blue Lagoon (Comino)<\/strong>: agua hipn\u00f3tica; clips bajo el agua + dron (opcional).<\/li>\n\n\n\n<li><strong>D\u00eda 4:<\/strong> <strong>Mdina<\/strong> y <strong>Rabat<\/strong> (medieval vibes). Tarde en <strong>Sliema Promenade<\/strong>. Noche: <strong>Sky Club<\/strong> \/ <strong>Havana<\/strong> (reggaet\u00f3n\/house).<\/li>\n\n\n\n<li><strong>D\u00eda 5:<\/strong> <strong>Three Cities (Birgu, Senglea, Cospicua)<\/strong> en ferry; miradores y murallas. Tiempo libre para reshoots.<\/li>\n\n\n\n<li><strong>D\u00eda 6\/7 (A\/B):<\/strong> Playas de <strong>G\u0127ajn Tuffie\u0127a<\/strong> o <strong>St. Peter\u2019s Pool<\/strong> + regreso.<\/li>\n<\/ul>\n\n\n\n<hr class=\"wp-block-separator has-alpha-channel-opacity\"\/>\n\n\n\n<h3 class=\"wp-block-heading\">\ud83d\udccd Spots tur\u00edsticos y \u201cshots\u201d imperdibles<\/h3>\n\n\n\n<ul class=\"wp-block-list\">\n<li><strong>Upper Barrakka Gardens<\/strong>: tilt-down al <strong>Saluting Battery<\/strong> y el Gran Puerto.<\/li>\n\n\n\n<li><strong>St. John\u2019s Co-Cathedral<\/strong>: detalles barrocos (paneo lento).<\/li>\n\n\n\n<li><strong>Balcones malteses<\/strong>: encuadres coloridos en Strait St.<\/li>\n\n\n\n<li><strong>Mdina<\/strong>: puertas y callecitas vac\u00edas al amanecer.<\/li>\n\n\n\n<li><strong>Blue Lagoon (Comino)<\/strong>: transiciones jump-cut del barco al agua.<\/li>\n\n\n\n<li><strong>G\u0127ajn Tuffie\u0127a<\/strong>: atardecer en acantilados (timelapse).<\/li>\n<\/ul>\n\n\n\n<hr class=\"wp-block-separator has-alpha-channel-opacity\"\/>\n\n\n\n<h3 class=\"wp-block-heading\">\ud83c\udf19 Clubes y vida nocturna (para stories con ritmo)<\/h3>\n\n\n\n<ul class=\"wp-block-list\">\n<li><strong>Gianpula Village (Rabat)<\/strong>: complejo open-air con varios escenarios.<\/li>\n\n\n\n<li><strong>Sky Club (Paceville)<\/strong>: macro club con visuales; ideal para 0.5x.<\/li>\n\n\n\n<li><strong>Havana \/ Hugo\u2019s Terrace<\/strong>: reggaet\u00f3n\/house con terrazas frente al mar.<\/li>\n\n\n\n<li><strong>Beer caves &amp; wine bars<\/strong> en Valletta: vibe \u00edntimo para reels \u201ccozy\u201d.<\/li>\n<\/ul>\n\n\n\n<hr class=\"wp-block-separator has-alpha-channel-opacity\"\/>\n\n\n\n<h3 class=\"wp-block-heading\">\ud83c\udf7d\ufe0f Comida t\u00edpica (y c\u00f3mo grabarla)<\/h3>\n\n\n\n<ul class=\"wp-block-list\">\n<li><strong>Pastizzi<\/strong> (hojaldre de ricotta o guisantes): <strong>vista cenital<\/strong> + mordida.<\/li>\n\n\n\n<li><strong>\u0126ob\u017c bi\u017c-\u017cejt<\/strong>: pan malt\u00e9s con tomate, aceite y caponata (close-up de montaje).<\/li>\n\n\n\n<li><strong>Stuffat tal-fenek<\/strong> (estofado de conejo): plano de olla humeante.<\/li>\n\n\n\n<li><strong>Ftira<\/strong> malt\u00e9s (estilo pizza local): corte a la porci\u00f3n.<\/li>\n\n\n\n<li><strong>Imqaret<\/strong> (dulce de d\u00e1tiles): <strong>slow-motion<\/strong> del interior.<\/li>\n\n\n\n<li><strong>Kinnie<\/strong> (refresco local) y vinos de Gozo para brindis.<\/li>\n<\/ul>\n\n\n\n<p><strong>Incluido<\/strong><\/p>\n\n\n\n<ul class=\"wp-block-list\">\n<li><strong>A<\/strong>: 2 cenas de autor + maridaje; <strong>B<\/strong>: 1 cena t\u00edpica + street food tour; <strong>C<\/strong>: vales en mercados (Is-Suq tal-Belt).<\/li>\n<\/ul>\n\n\n\n<hr class=\"wp-block-separator has-alpha-channel-opacity\"\/>\n\n\n\n<h3 class=\"wp-block-heading\">\ud83e\udded Accesibilidad y transporte<\/h3>\n\n\n\n<p>Aeropuerto <strong>MLA<\/strong> a 15\u201320 min de Valletta. Traslados privados (A\/B) o <strong>bus<\/strong> y <strong>ferry<\/strong> (C). Distancias cortas = m\u00e1s tiempo de <strong>rodaje<\/strong>. Scooters y e-bikes en Sliema\/St. Julian\u2019s para POVs din\u00e1micos.<\/p>\n\n\n\n<hr class=\"wp-block-separator has-alpha-channel-opacity\"\/>\n\n\n\n<h3 class=\"wp-block-heading\">\u2600\ufe0f Mejor \u00e9poca para reservar<\/h3>\n\n\n\n<ul class=\"wp-block-list\">\n<li><strong>Abr\u2013jun<\/strong> y <strong>sep\u2013oct<\/strong>: clima perfecto, menos crowds, luz ideal.<\/li>\n\n\n\n<li><strong>Jul\u2013ago<\/strong>: m\u00e1xima vida playera y festivales (m\u00e1s calor).<\/li>\n<\/ul>\n\n\n\n<hr class=\"wp-block-separator has-alpha-channel-opacity\"\/>\n\n\n\n<h3 class=\"wp-block-heading\">\ud83c\udfac Entregables para creadores (opcionales)<\/h3>\n\n\n\n<ul class=\"wp-block-list\">\n<li><strong>Gui\u00f3n de 5 Reels<\/strong> (hooks + transiciones + CTAs).<\/li>\n\n\n\n<li><strong>Preset m\u00f3vil \u201cMalta Gold\u201d<\/strong> (piel c\u00e1lida, piedra dorada).<\/li>\n\n\n\n<li><strong>Pack de 20 spots geolocalizados<\/strong> y horarios de mejor luz.<\/li>\n<\/ul>\n\n\n\n<hr class=\"wp-block-separator has-alpha-channel-opacity\"\/>\n\n\n\n<h3 class=\"wp-block-heading\">\ud83e\uddfe Cierre<\/h3>\n\n\n\n<p>Reserva tu <strong>paquete Lima \u2013 Valletta<\/strong> y vuelve con un carrete completo: <strong>fortalezas doradas, calas turquesa, callejones medievales y rooftops<\/strong>. Malta es compacta, segura y <strong>100% instagrameable<\/strong>, perfecta para <strong>milenials<\/strong> que viajan a crear contenido \u00e9pico.<\/p>\n\n\n\n<p><strong>Fuente: Sebasti\u00e1n Palac\u00edn<\/strong><\/p>\n","protected":false},"excerpt":{"rendered":"<p>(Aeronoticias):La ruta Lima \u2013 Valletta conecta a los peruanos con Malta, un archipi\u00e9lago de fortalezas doradas, calas turquesas y vibe mediterr\u00e1nea con mucha vida nocturna. No hay vuelos directos; se llega con una o dos escalas (ej.: Madrid\/Par\u00eds\/Estambul + conexi\u00f3n a MLA), en 19\u201326 h seg\u00fan itinerario. Valletta\u2014Patrimonio UNESCO\u2014es compacta, segura y ultrafotog\u00e9nica: calles de [&hellip;]<\/p>\n","protected":false},"author":3,"featured_media":95822,"comment_status":"closed","ping_status":"closed","sticky":false,"template":"","format":"standard","meta":{"tdm_status":"","tdm_grid_status":"","footnotes":""},"categories":[26,34,9,67],"tags":[],"class_list":{"0":"post-95821","1":"post","2":"type-post","3":"status-publish","4":"format-standard","5":"has-post-thumbnail","7":"category-cultural","8":"category-internacionales","9":"category-turismo","10":"category-viajes"},"yoast_head":"<!-- This site is optimized with the Yoast SEO plugin v25.1 - https:\/\/yoast.com\/wordpress\/plugins\/seo\/ -->\n<title>\u2708\ufe0f Lima \u2013 Valletta (Malta): sol mediterr\u00e1neo, historia \u00e9pica y rooftops para creadores de contenido<\/title>\n<meta name=\"description\" content=\"(Aeronoticias): La ruta Lima \u2013 Valletta conecta a los peruanos con Malta, un archipi\u00e9lago de fortalezas doradas, calas turquesas y vibe mediterr\u00e1nea con mucha vida nocturna. No hay vuelos directos; se llega con una o dos escalas (ej.: Madrid\/Par\u00eds\/Estambul + conexi\u00f3n a MLA), en 19\u201326 h seg\u00fan itinerario. Valletta\u2014Patrimonio UNESCO\u2014es compacta, segura y ultrafotog\u00e9nica: calles de piedra, balcones de madera de colores, murallas con vistas al mar y ferris que cruzan en minutos a Sliema y Three Cities. Curamos este paquete para milenials creadores que buscan volver con Reels, TikToks e historias listos para volverse virales.\" \/>\n<meta name=\"robots\" content=\"index, follow, max-snippet:-1, max-image-preview:large, max-video-preview:-1\" \/>\n<link rel=\"canonical\" href=\"https:\/\/aeronoticias.com.pe\/noticiero\/cultural\/\u2708\ufe0f-lima-valletta-malta-sol-mediterraneo-historia-epica-y-rooftops-para-creadores-de-contenido\/\" \/>\n<meta property=\"og:locale\" content=\"es_ES\" \/>\n<meta property=\"og:type\" content=\"article\" \/>\n<meta property=\"og:title\" content=\"\u2708\ufe0f Lima \u2013 Valletta (Malta): sol mediterr\u00e1neo, historia \u00e9pica y rooftops para creadores de contenido\" \/>\n<meta property=\"og:description\" content=\"(Aeronoticias): La ruta Lima \u2013 Valletta conecta a los peruanos con Malta, un archipi\u00e9lago de fortalezas doradas, calas turquesas y vibe mediterr\u00e1nea con mucha vida nocturna. No hay vuelos directos; se llega con una o dos escalas (ej.: Madrid\/Par\u00eds\/Estambul + conexi\u00f3n a MLA), en 19\u201326 h seg\u00fan itinerario. Valletta\u2014Patrimonio UNESCO\u2014es compacta, segura y ultrafotog\u00e9nica: calles de piedra, balcones de madera de colores, murallas con vistas al mar y ferris que cruzan en minutos a Sliema y Three Cities. Curamos este paquete para milenials creadores que buscan volver con Reels, TikToks e historias listos para volverse virales.\" \/>\n<meta property=\"og:url\" content=\"https:\/\/aeronoticias.com.pe\/noticiero\/cultural\/\u2708\ufe0f-lima-valletta-malta-sol-mediterraneo-historia-epica-y-rooftops-para-creadores-de-contenido\/\" \/>\n<meta property=\"og:site_name\" content=\"Aeronoticias.com.pe\" \/>\n<meta property=\"article:publisher\" content=\"https:\/\/www.facebook.com\/Aeronoticias.com.pe\/\" \/>\n<meta property=\"article:published_time\" content=\"2025-09-09T18:06:29+00:00\" \/>\n<meta property=\"article:modified_time\" content=\"2025-09-09T18:07:11+00:00\" \/>\n<meta property=\"og:image\" content=\"https:\/\/aeronoticias.com.pe\/noticiero\/wp-content\/uploads\/2025\/09\/valleta.jpg\" \/>\n\t<meta property=\"og:image:width\" content=\"1920\" \/>\n\t<meta property=\"og:image:height\" content=\"1280\" \/>\n\t<meta property=\"og:image:type\" content=\"image\/jpeg\" \/>\n<meta name=\"author\" content=\"Redacci\u00f3n\" \/>\n<meta name=\"twitter:card\" content=\"summary_large_image\" \/>\n<meta name=\"twitter:creator\" content=\"@aeronoticias\" \/>\n<meta name=\"twitter:site\" content=\"@aeronoticias\" \/>\n<meta name=\"twitter:label1\" content=\"Escrito por\" \/>\n\t<meta name=\"twitter:data1\" content=\"Redacci\u00f3n\" \/>\n\t<meta name=\"twitter:label2\" content=\"Tiempo de lectura\" \/>\n\t<meta name=\"twitter:data2\" content=\"4 minutos\" \/>\n<script type=\"application\/ld+json\" class=\"yoast-schema-graph\">{\"@context\":\"https:\/\/schema.org\",\"@graph\":[{\"@type\":\"WebPage\",\"@id\":\"https:\/\/aeronoticias.com.pe\/noticiero\/cultural\/%e2%9c%88%ef%b8%8f-lima-valletta-malta-sol-mediterraneo-historia-epica-y-rooftops-para-creadores-de-contenido\/\",\"url\":\"https:\/\/aeronoticias.com.pe\/noticiero\/cultural\/%e2%9c%88%ef%b8%8f-lima-valletta-malta-sol-mediterraneo-historia-epica-y-rooftops-para-creadores-de-contenido\/\",\"name\":\"\u2708\ufe0f Lima \u2013 Valletta (Malta): sol mediterr\u00e1neo, historia \u00e9pica y rooftops para creadores de contenido\",\"isPartOf\":{\"@id\":\"https:\/\/aeronoticias.com.pe\/noticiero\/#website\"},\"primaryImageOfPage\":{\"@id\":\"https:\/\/aeronoticias.com.pe\/noticiero\/cultural\/%e2%9c%88%ef%b8%8f-lima-valletta-malta-sol-mediterraneo-historia-epica-y-rooftops-para-creadores-de-contenido\/#primaryimage\"},\"image\":{\"@id\":\"https:\/\/aeronoticias.com.pe\/noticiero\/cultural\/%e2%9c%88%ef%b8%8f-lima-valletta-malta-sol-mediterraneo-historia-epica-y-rooftops-para-creadores-de-contenido\/#primaryimage\"},\"thumbnailUrl\":\"https:\/\/aeronoticias.com.pe\/noticiero\/wp-content\/uploads\/2025\/09\/valleta.jpg\",\"datePublished\":\"2025-09-09T18:06:29+00:00\",\"dateModified\":\"2025-09-09T18:07:11+00:00\",\"author\":{\"@id\":\"https:\/\/aeronoticias.com.pe\/noticiero\/#\/schema\/person\/16212a617c73f78916b13194154243bd\"},\"description\":\"(Aeronoticias): La ruta Lima \u2013 Valletta conecta a los peruanos con Malta, un archipi\u00e9lago de fortalezas doradas, calas turquesas y vibe mediterr\u00e1nea con mucha vida nocturna. No hay vuelos directos; se llega con una o dos escalas (ej.: Madrid\/Par\u00eds\/Estambul + conexi\u00f3n a MLA), en 19\u201326 h seg\u00fan itinerario. Valletta\u2014Patrimonio UNESCO\u2014es compacta, segura y ultrafotog\u00e9nica: calles de piedra, balcones de madera de colores, murallas con vistas al mar y ferris que cruzan en minutos a Sliema y Three Cities. Curamos este paquete para milenials creadores que buscan volver con Reels, TikToks e historias listos para volverse virales.\",\"breadcrumb\":{\"@id\":\"https:\/\/aeronoticias.com.pe\/noticiero\/cultural\/%e2%9c%88%ef%b8%8f-lima-valletta-malta-sol-mediterraneo-historia-epica-y-rooftops-para-creadores-de-contenido\/#breadcrumb\"},\"inLanguage\":\"es\",\"potentialAction\":[{\"@type\":\"ReadAction\",\"target\":[\"https:\/\/aeronoticias.com.pe\/noticiero\/cultural\/%e2%9c%88%ef%b8%8f-lima-valletta-malta-sol-mediterraneo-historia-epica-y-rooftops-para-creadores-de-contenido\/\"]}]},{\"@type\":\"ImageObject\",\"inLanguage\":\"es\",\"@id\":\"https:\/\/aeronoticias.com.pe\/noticiero\/cultural\/%e2%9c%88%ef%b8%8f-lima-valletta-malta-sol-mediterraneo-historia-epica-y-rooftops-para-creadores-de-contenido\/#primaryimage\",\"url\":\"https:\/\/aeronoticias.com.pe\/noticiero\/wp-content\/uploads\/2025\/09\/valleta.jpg\",\"contentUrl\":\"https:\/\/aeronoticias.com.pe\/noticiero\/wp-content\/uploads\/2025\/09\/valleta.jpg\",\"width\":1920,\"height\":1280},{\"@type\":\"BreadcrumbList\",\"@id\":\"https:\/\/aeronoticias.com.pe\/noticiero\/cultural\/%e2%9c%88%ef%b8%8f-lima-valletta-malta-sol-mediterraneo-historia-epica-y-rooftops-para-creadores-de-contenido\/#breadcrumb\",\"itemListElement\":[{\"@type\":\"ListItem\",\"position\":1,\"name\":\"Portada\",\"item\":\"https:\/\/aeronoticias.com.pe\/noticiero\/\"},{\"@type\":\"ListItem\",\"position\":2,\"name\":\"\u2708\ufe0f Lima \u2013 Valletta (Malta): sol mediterr\u00e1neo, historia \u00e9pica y rooftops para creadores de contenido\"}]},{\"@type\":\"WebSite\",\"@id\":\"https:\/\/aeronoticias.com.pe\/noticiero\/#website\",\"url\":\"https:\/\/aeronoticias.com.pe\/noticiero\/\",\"name\":\"Aeronoticias.com.pe\",\"description\":\"Noticias de tranporte aereo, turismo, hoteles, gastronomia, actualidad, internacional\",\"potentialAction\":[{\"@type\":\"SearchAction\",\"target\":{\"@type\":\"EntryPoint\",\"urlTemplate\":\"https:\/\/aeronoticias.com.pe\/noticiero\/?s={search_term_string}\"},\"query-input\":{\"@type\":\"PropertyValueSpecification\",\"valueRequired\":true,\"valueName\":\"search_term_string\"}}],\"inLanguage\":\"es\"},{\"@type\":\"Person\",\"@id\":\"https:\/\/aeronoticias.com.pe\/noticiero\/#\/schema\/person\/16212a617c73f78916b13194154243bd\",\"name\":\"Redacci\u00f3n\",\"sameAs\":[\"http:\/\/Redacci\u00f3n\"],\"url\":\"https:\/\/aeronoticias.com.pe\/noticiero\/author\/celeste\/\"}]}<\/script>\n<!-- \/ Yoast SEO plugin. -->","yoast_head_json":{"title":"\u2708\ufe0f Lima \u2013 Valletta (Malta): sol mediterr\u00e1neo, historia \u00e9pica y rooftops para creadores de contenido","description":"(Aeronoticias): La ruta Lima \u2013 Valletta conecta a los peruanos con Malta, un archipi\u00e9lago de fortalezas doradas, calas turquesas y vibe mediterr\u00e1nea con mucha vida nocturna. No hay vuelos directos; se llega con una o dos escalas (ej.: Madrid\/Par\u00eds\/Estambul + conexi\u00f3n a MLA), en 19\u201326 h seg\u00fan itinerario. Valletta\u2014Patrimonio UNESCO\u2014es compacta, segura y ultrafotog\u00e9nica: calles de piedra, balcones de madera de colores, murallas con vistas al mar y ferris que cruzan en minutos a Sliema y Three Cities. Curamos este paquete para milenials creadores que buscan volver con Reels, TikToks e historias listos para volverse virales.","robots":{"index":"index","follow":"follow","max-snippet":"max-snippet:-1","max-image-preview":"max-image-preview:large","max-video-preview":"max-video-preview:-1"},"canonical":"https:\/\/aeronoticias.com.pe\/noticiero\/cultural\/\u2708\ufe0f-lima-valletta-malta-sol-mediterraneo-historia-epica-y-rooftops-para-creadores-de-contenido\/","og_locale":"es_ES","og_type":"article","og_title":"\u2708\ufe0f Lima \u2013 Valletta (Malta): sol mediterr\u00e1neo, historia \u00e9pica y rooftops para creadores de contenido","og_description":"(Aeronoticias): La ruta Lima \u2013 Valletta conecta a los peruanos con Malta, un archipi\u00e9lago de fortalezas doradas, calas turquesas y vibe mediterr\u00e1nea con mucha vida nocturna. No hay vuelos directos; se llega con una o dos escalas (ej.: Madrid\/Par\u00eds\/Estambul + conexi\u00f3n a MLA), en 19\u201326 h seg\u00fan itinerario. Valletta\u2014Patrimonio UNESCO\u2014es compacta, segura y ultrafotog\u00e9nica: calles de piedra, balcones de madera de colores, murallas con vistas al mar y ferris que cruzan en minutos a Sliema y Three Cities. Curamos este paquete para milenials creadores que buscan volver con Reels, TikToks e historias listos para volverse virales.","og_url":"https:\/\/aeronoticias.com.pe\/noticiero\/cultural\/\u2708\ufe0f-lima-valletta-malta-sol-mediterraneo-historia-epica-y-rooftops-para-creadores-de-contenido\/","og_site_name":"Aeronoticias.com.pe","article_publisher":"https:\/\/www.facebook.com\/Aeronoticias.com.pe\/","article_published_time":"2025-09-09T18:06:29+00:00","article_modified_time":"2025-09-09T18:07:11+00:00","og_image":[{"width":1920,"height":1280,"url":"https:\/\/aeronoticias.com.pe\/noticiero\/wp-content\/uploads\/2025\/09\/valleta.jpg","type":"image\/jpeg"}],"author":"Redacci\u00f3n","twitter_card":"summary_large_image","twitter_creator":"@aeronoticias","twitter_site":"@aeronoticias","twitter_misc":{"Escrito por":"Redacci\u00f3n","Tiempo de lectura":"4 minutos"},"schema":{"@context":"https:\/\/schema.org","@graph":[{"@type":"WebPage","@id":"https:\/\/aeronoticias.com.pe\/noticiero\/cultural\/%e2%9c%88%ef%b8%8f-lima-valletta-malta-sol-mediterraneo-historia-epica-y-rooftops-para-creadores-de-contenido\/","url":"https:\/\/aeronoticias.com.pe\/noticiero\/cultural\/%e2%9c%88%ef%b8%8f-lima-valletta-malta-sol-mediterraneo-historia-epica-y-rooftops-para-creadores-de-contenido\/","name":"\u2708\ufe0f Lima \u2013 Valletta (Malta): sol mediterr\u00e1neo, historia \u00e9pica y rooftops para creadores de contenido","isPartOf":{"@id":"https:\/\/aeronoticias.com.pe\/noticiero\/#website"},"primaryImageOfPage":{"@id":"https:\/\/aeronoticias.com.pe\/noticiero\/cultural\/%e2%9c%88%ef%b8%8f-lima-valletta-malta-sol-mediterraneo-historia-epica-y-rooftops-para-creadores-de-contenido\/#primaryimage"},"image":{"@id":"https:\/\/aeronoticias.com.pe\/noticiero\/cultural\/%e2%9c%88%ef%b8%8f-lima-valletta-malta-sol-mediterraneo-historia-epica-y-rooftops-para-creadores-de-contenido\/#primaryimage"},"thumbnailUrl":"https:\/\/aeronoticias.com.pe\/noticiero\/wp-content\/uploads\/2025\/09\/valleta.jpg","datePublished":"2025-09-09T18:06:29+00:00","dateModified":"2025-09-09T18:07:11+00:00","author":{"@id":"https:\/\/aeronoticias.com.pe\/noticiero\/#\/schema\/person\/16212a617c73f78916b13194154243bd"},"description":"(Aeronoticias): La ruta Lima \u2013 Valletta conecta a los peruanos con Malta, un archipi\u00e9lago de fortalezas doradas, calas turquesas y vibe mediterr\u00e1nea con mucha vida nocturna. No hay vuelos directos; se llega con una o dos escalas (ej.: Madrid\/Par\u00eds\/Estambul + conexi\u00f3n a MLA), en 19\u201326 h seg\u00fan itinerario. Valletta\u2014Patrimonio UNESCO\u2014es compacta, segura y ultrafotog\u00e9nica: calles de piedra, balcones de madera de colores, murallas con vistas al mar y ferris que cruzan en minutos a Sliema y Three Cities. Curamos este paquete para milenials creadores que buscan volver con Reels, TikToks e historias listos para volverse virales.","breadcrumb":{"@id":"https:\/\/aeronoticias.com.pe\/noticiero\/cultural\/%e2%9c%88%ef%b8%8f-lima-valletta-malta-sol-mediterraneo-historia-epica-y-rooftops-para-creadores-de-contenido\/#breadcrumb"},"inLanguage":"es","potentialAction":[{"@type":"ReadAction","target":["https:\/\/aeronoticias.com.pe\/noticiero\/cultural\/%e2%9c%88%ef%b8%8f-lima-valletta-malta-sol-mediterraneo-historia-epica-y-rooftops-para-creadores-de-contenido\/"]}]},{"@type":"ImageObject","inLanguage":"es","@id":"https:\/\/aeronoticias.com.pe\/noticiero\/cultural\/%e2%9c%88%ef%b8%8f-lima-valletta-malta-sol-mediterraneo-historia-epica-y-rooftops-para-creadores-de-contenido\/#primaryimage","url":"https:\/\/aeronoticias.com.pe\/noticiero\/wp-content\/uploads\/2025\/09\/valleta.jpg","contentUrl":"https:\/\/aeronoticias.com.pe\/noticiero\/wp-content\/uploads\/2025\/09\/valleta.jpg","width":1920,"height":1280},{"@type":"BreadcrumbList","@id":"https:\/\/aeronoticias.com.pe\/noticiero\/cultural\/%e2%9c%88%ef%b8%8f-lima-valletta-malta-sol-mediterraneo-historia-epica-y-rooftops-para-creadores-de-contenido\/#breadcrumb","itemListElement":[{"@type":"ListItem","position":1,"name":"Portada","item":"https:\/\/aeronoticias.com.pe\/noticiero\/"},{"@type":"ListItem","position":2,"name":"\u2708\ufe0f Lima \u2013 Valletta (Malta): sol mediterr\u00e1neo, historia \u00e9pica y rooftops para creadores de contenido"}]},{"@type":"WebSite","@id":"https:\/\/aeronoticias.com.pe\/noticiero\/#website","url":"https:\/\/aeronoticias.com.pe\/noticiero\/","name":"Aeronoticias.com.pe","description":"Noticias de tranporte aereo, turismo, hoteles, gastronomia, actualidad, internacional","potentialAction":[{"@type":"SearchAction","target":{"@type":"EntryPoint","urlTemplate":"https:\/\/aeronoticias.com.pe\/noticiero\/?s={search_term_string}"},"query-input":{"@type":"PropertyValueSpecification","valueRequired":true,"valueName":"search_term_string"}}],"inLanguage":"es"},{"@type":"Person","@id":"https:\/\/aeronoticias.com.pe\/noticiero\/#\/schema\/person\/16212a617c73f78916b13194154243bd","name":"Redacci\u00f3n","sameAs":["http:\/\/Redacci\u00f3n"],"url":"https:\/\/aeronoticias.com.pe\/noticiero\/author\/celeste\/"}]}},"_links":{"self":[{"href":"https:\/\/aeronoticias.com.pe\/noticiero\/wp-json\/wp\/v2\/posts\/95821","targetHints":{"allow":["GET"]}}],"collection":[{"href":"https:\/\/aeronoticias.com.pe\/noticiero\/wp-json\/wp\/v2\/posts"}],"about":[{"href":"https:\/\/aeronoticias.com.pe\/noticiero\/wp-json\/wp\/v2\/types\/post"}],"author":[{"embeddable":true,"href":"https:\/\/aeronoticias.com.pe\/noticiero\/wp-json\/wp\/v2\/users\/3"}],"replies":[{"embeddable":true,"href":"https:\/\/aeronoticias.com.pe\/noticiero\/wp-json\/wp\/v2\/comments?post=95821"}],"version-history":[{"count":1,"href":"https:\/\/aeronoticias.com.pe\/noticiero\/wp-json\/wp\/v2\/posts\/95821\/revisions"}],"predecessor-version":[{"id":95823,"href":"https:\/\/aeronoticias.com.pe\/noticiero\/wp-json\/wp\/v2\/posts\/95821\/revisions\/95823"}],"wp:featuredmedia":[{"embeddable":true,"href":"https:\/\/aeronoticias.com.pe\/noticiero\/wp-json\/wp\/v2\/media\/95822"}],"wp:attachment":[{"href":"https:\/\/aeronoticias.com.pe\/noticiero\/wp-json\/wp\/v2\/media?parent=95821"}],"wp:term":[{"taxonomy":"category","embeddable":true,"href":"https:\/\/aeronoticias.com.pe\/noticiero\/wp-json\/wp\/v2\/categories?post=95821"},{"taxonomy":"post_tag","embeddable":true,"href":"https:\/\/aeronoticias.com.pe\/noticiero\/wp-json\/wp\/v2\/tags?post=95821"}],"curies":[{"name":"wp","href":"https:\/\/api.w.org\/{rel}","templated":true}]}}