{"id":95830,"date":"2025-09-09T13:16:22","date_gmt":"2025-09-09T18:16:22","guid":{"rendered":"https:\/\/aeronoticias.com.pe\/noticiero\/?p=95830"},"modified":"2025-09-09T13:16:47","modified_gmt":"2025-09-09T18:16:47","slug":"%e2%9c%88%ef%b8%8f-lima-lagos-energia-urbana-afrobeat-y-playas-en-nigeria","status":"publish","type":"post","link":"https:\/\/aeronoticias.com.pe\/noticiero\/cultural\/%e2%9c%88%ef%b8%8f-lima-lagos-energia-urbana-afrobeat-y-playas-en-nigeria\/","title":{"rendered":"\u2708\ufe0f Lima \u2013 Lagos: energ\u00eda urbana, afrobeat y playas en Nigeria"},"content":{"rendered":"\n<h2 class=\"wp-block-heading\"><\/h2>\n\n\n\n<p><strong>(Aeronoticias):<\/strong><br>La ruta <strong>Lima \u2013 Lagos<\/strong> conecta Per\u00fa con la ciudad m\u00e1s poblada de <strong>Nigeria<\/strong>, centro cultural y econ\u00f3mico de \u00c1frica Occidental. Aunque no existen vuelos directos, se puede llegar con escalas en <strong>\u00c1msterdam, Par\u00eds o Estambul<\/strong>, con un tiempo total de entre <strong>28 y 36 horas<\/strong>.<\/p>\n\n\n\n<p>Lagos vibra con su <strong>escena musical afrobeat<\/strong>, mercados ca\u00f3ticos y playas llenas de vida. Es un destino perfecto para <strong>millennials creadores de contenido<\/strong>, que encontrar\u00e1n una mezcla de modernidad, tradici\u00f3n y fiesta que se traduce en <strong>Reels, TikToks e historias virales<\/strong>.<\/p>\n\n\n\n<hr class=\"wp-block-separator has-alpha-channel-opacity\"\/>\n\n\n\n<h3 class=\"wp-block-heading\">\ud83d\udce6 Paquetes tur\u00edsticos por segmento<\/h3>\n\n\n\n<p><strong>Sector A \u2013 \u201cLuxury Lagos Experience\u201d (7D\/5N)<\/strong><\/p>\n\n\n\n<ul class=\"wp-block-list\">\n<li>Vuelos business class.<\/li>\n\n\n\n<li>Hotel 5\u2605 como el <strong>Eko Hotels &amp; Suites<\/strong> en Victoria Island.<\/li>\n\n\n\n<li>Traslados privados.<\/li>\n\n\n\n<li>Tour VIP por <strong>Nike Art Gallery<\/strong> y <strong>Freedom Park<\/strong>.<\/li>\n\n\n\n<li>Excursi\u00f3n exclusiva a <strong>Ilashe Beach<\/strong> en lancha privada.<\/li>\n\n\n\n<li>Cena gourmet en <strong>Sky Restaurant<\/strong>.<\/li>\n\n\n\n<li>Entrada VIP a <strong>Club Quilox<\/strong>.<br><strong>Precio:<\/strong> USD 7,200 \u2013 9,600.<\/li>\n<\/ul>\n\n\n\n<hr class=\"wp-block-separator has-alpha-channel-opacity\"\/>\n\n\n\n<p><strong>Sector B \u2013 \u201cCulture &amp; Beach Pack\u201d (6D\/4N)<\/strong><\/p>\n\n\n\n<ul class=\"wp-block-list\">\n<li>Vuelos turista premium.<\/li>\n\n\n\n<li>Hotel 4\u2605 en Victoria Island o Lekki.<\/li>\n\n\n\n<li>City tour grupal: <strong>Museo Nacional, Mercado de Lekki, Balogun Market<\/strong>.<\/li>\n\n\n\n<li>Excursi\u00f3n a <strong>Tarkwa Bay Beach<\/strong> en ferry.<\/li>\n\n\n\n<li>Cena con espect\u00e1culo de m\u00fasica afrobeat en vivo.<\/li>\n\n\n\n<li>Vida nocturna en <strong>Cubana Club<\/strong>.<br><strong>Precio:<\/strong> USD 3,200 \u2013 4,300.<\/li>\n<\/ul>\n\n\n\n<hr class=\"wp-block-separator has-alpha-channel-opacity\"\/>\n\n\n\n<p><strong>Sector C \u2013 \u201cBackpacker Afrobeat Vibes\u201d (5D\/3N)<\/strong><\/p>\n\n\n\n<ul class=\"wp-block-list\">\n<li>Vuelos econ\u00f3micos.<\/li>\n\n\n\n<li>Hostales o Airbnbs en Lekki.<\/li>\n\n\n\n<li>Walking tours por mercados locales y galer\u00edas urbanas.<\/li>\n\n\n\n<li>Excursi\u00f3n econ\u00f3mica a Tarkwa Bay en ferry p\u00fablico.<\/li>\n\n\n\n<li>Vida nocturna en bares alternativos de Surulere.<br><strong>Precio:<\/strong> desde USD 1,250.<\/li>\n<\/ul>\n\n\n\n<hr class=\"wp-block-separator has-alpha-channel-opacity\"\/>\n\n\n\n<h3 class=\"wp-block-heading\">\ud83d\uddd3\ufe0f Itinerario sugerido<\/h3>\n\n\n\n<ul class=\"wp-block-list\">\n<li><strong>D\u00eda 1:<\/strong> Llegada y cena en Victoria Island.<\/li>\n\n\n\n<li><strong>D\u00eda 2:<\/strong> City tour por museos y mercados. Noche en Quilox.<\/li>\n\n\n\n<li><strong>D\u00eda 3:<\/strong> Excursi\u00f3n a Tarkwa Bay Beach.<\/li>\n\n\n\n<li><strong>D\u00eda 4:<\/strong> Street art tour en Lekki y Afrobeat night en Cubana Club.<\/li>\n\n\n\n<li><strong>D\u00eda 5:<\/strong> Libre para fotos urbanas + regreso.<\/li>\n<\/ul>\n\n\n\n<hr class=\"wp-block-separator has-alpha-channel-opacity\"\/>\n\n\n\n<h3 class=\"wp-block-heading\">\ud83d\udccd Spots tur\u00edsticos y fotog\u00e9nicos<\/h3>\n\n\n\n<ul class=\"wp-block-list\">\n<li><strong>Nike Art Gallery:<\/strong> murales y esculturas modernas.<\/li>\n\n\n\n<li><strong>Tarkwa Bay Beach:<\/strong> surf y atardeceres playeros.<\/li>\n\n\n\n<li><strong>Lekki Market:<\/strong> artesan\u00edas y moda local.<\/li>\n\n\n\n<li><strong>Freedom Park:<\/strong> espacio hist\u00f3rico y cultural.<\/li>\n\n\n\n<li><strong>Puente Lekki-Ikoyi:<\/strong> tomas urbanas con luces nocturnas.<\/li>\n<\/ul>\n\n\n\n<hr class=\"wp-block-separator has-alpha-channel-opacity\"\/>\n\n\n\n<h3 class=\"wp-block-heading\">\ud83c\udf19 Vida nocturna<\/h3>\n\n\n\n<ul class=\"wp-block-list\">\n<li><strong>Quilox Club:<\/strong> lujo y DJs internacionales.<\/li>\n\n\n\n<li><strong>Cubana Club:<\/strong> epicentro afrobeat.<\/li>\n\n\n\n<li><strong>Hard Rock Caf\u00e9 Lagos:<\/strong> cocteles y conciertos.<\/li>\n\n\n\n<li><strong>Bares de Surulere:<\/strong> aut\u00e9ntico Lagos underground.<\/li>\n<\/ul>\n\n\n\n<hr class=\"wp-block-separator has-alpha-channel-opacity\"\/>\n\n\n\n<h3 class=\"wp-block-heading\">\ud83c\udf7d\ufe0f Comida t\u00edpica<\/h3>\n\n\n\n<ul class=\"wp-block-list\">\n<li><strong>Jollof rice:<\/strong> arroz especiado, plato ic\u00f3nico de Nigeria.<\/li>\n\n\n\n<li><strong>Suya:<\/strong> brochetas de carne con especias, perfecto para TikTok foodie.<\/li>\n\n\n\n<li><strong>Puff-puff:<\/strong> bu\u00f1uelos dulces callejeros.<\/li>\n\n\n\n<li><strong>Palm wine:<\/strong> vino de palma, ideal para stories culturales.<\/li>\n<\/ul>\n\n\n\n<hr class=\"wp-block-separator has-alpha-channel-opacity\"\/>\n\n\n\n<h3 class=\"wp-block-heading\">\ud83e\udded Transporte<\/h3>\n\n\n\n<p>Aeropuerto Internacional <strong>Murtala Muhammed (LOS)<\/strong>. Traslados privados (A\/B) o minibuses \u201cdanfo\u201d (C).<\/p>\n\n\n\n<hr class=\"wp-block-separator has-alpha-channel-opacity\"\/>\n\n\n\n<h3 class=\"wp-block-heading\">\u2600\ufe0f Mejor \u00e9poca<\/h3>\n\n\n\n<ul class=\"wp-block-list\">\n<li><strong>Nov\u2013mar:<\/strong> temporada seca, ideal para playas y vida nocturna.<\/li>\n\n\n\n<li><strong>Abr\u2013oct:<\/strong> lluvias, pero con m\u00e1s ambiente urbano.<\/li>\n<\/ul>\n\n\n\n<hr class=\"wp-block-separator has-alpha-channel-opacity\"\/>\n\n\n\n<h3 class=\"wp-block-heading\">\ud83c\udfac Tips de contenido<\/h3>\n\n\n\n<ul class=\"wp-block-list\">\n<li>Reel POV en club con m\u00fasica afrobeat en vivo.<\/li>\n\n\n\n<li>TikTok probando suya en mercado nocturno.<\/li>\n\n\n\n<li>Story desde un ferry rumbo a Tarkwa Bay.<\/li>\n<\/ul>\n\n\n\n<hr class=\"wp-block-separator has-alpha-channel-opacity\"\/>\n\n\n\n<h3 class=\"wp-block-heading\">\ud83e\uddfe Cierre<\/h3>\n\n\n\n<p>El paquete <strong>Lima \u2013 Lagos<\/strong> mezcla <strong>playas, arte contempor\u00e1neo y una escena musical explosiva<\/strong>, convirti\u00e9ndose en un destino vibrante para millennials que buscan experiencias urbanas y contenido aut\u00e9ntico.<\/p>\n\n\n\n<p><strong>Fuente: Sebasti\u00e1n Palac\u00edn<\/strong><\/p>\n","protected":false},"excerpt":{"rendered":"<p>(Aeronoticias):La ruta Lima \u2013 Lagos conecta Per\u00fa con la ciudad m\u00e1s poblada de Nigeria, centro cultural y econ\u00f3mico de \u00c1frica Occidental. Aunque no existen vuelos directos, se puede llegar con escalas en \u00c1msterdam, Par\u00eds o Estambul, con un tiempo total de entre 28 y 36 horas. Lagos vibra con su escena musical afrobeat, mercados ca\u00f3ticos [&hellip;]<\/p>\n","protected":false},"author":3,"featured_media":95831,"comment_status":"closed","ping_status":"closed","sticky":false,"template":"","format":"standard","meta":{"tdm_status":"","tdm_grid_status":"","footnotes":""},"categories":[26,34,9,67],"tags":[],"class_list":{"0":"post-95830","1":"post","2":"type-post","3":"status-publish","4":"format-standard","5":"has-post-thumbnail","7":"category-cultural","8":"category-internacionales","9":"category-turismo","10":"category-viajes"},"yoast_head":"<!-- This site is optimized with the Yoast SEO plugin v25.1 - https:\/\/yoast.com\/wordpress\/plugins\/seo\/ -->\n<title>\u2708\ufe0f Lima \u2013 Lagos: energ\u00eda urbana, afrobeat y playas en Nigeria<\/title>\n<meta name=\"description\" content=\"(Aeronoticias): La ruta Lima \u2013 Lagos conecta Per\u00fa con la ciudad m\u00e1s poblada de Nigeria, centro cultural y econ\u00f3mico de \u00c1frica Occidental. Aunque no existen vuelos directos, se puede llegar con escalas en \u00c1msterdam, Par\u00eds o Estambul, con un tiempo total de entre 28 y 36 horas.\" \/>\n<meta name=\"robots\" content=\"index, follow, max-snippet:-1, max-image-preview:large, max-video-preview:-1\" \/>\n<link rel=\"canonical\" href=\"https:\/\/aeronoticias.com.pe\/noticiero\/cultural\/\u2708\ufe0f-lima-lagos-energia-urbana-afrobeat-y-playas-en-nigeria\/\" \/>\n<meta property=\"og:locale\" content=\"es_ES\" \/>\n<meta property=\"og:type\" content=\"article\" \/>\n<meta property=\"og:title\" content=\"\u2708\ufe0f Lima \u2013 Lagos: energ\u00eda urbana, afrobeat y playas en Nigeria\" \/>\n<meta property=\"og:description\" content=\"(Aeronoticias): La ruta Lima \u2013 Lagos conecta Per\u00fa con la ciudad m\u00e1s poblada de Nigeria, centro cultural y econ\u00f3mico de \u00c1frica Occidental. Aunque no existen vuelos directos, se puede llegar con escalas en \u00c1msterdam, Par\u00eds o Estambul, con un tiempo total de entre 28 y 36 horas.\" \/>\n<meta property=\"og:url\" content=\"https:\/\/aeronoticias.com.pe\/noticiero\/cultural\/\u2708\ufe0f-lima-lagos-energia-urbana-afrobeat-y-playas-en-nigeria\/\" \/>\n<meta property=\"og:site_name\" content=\"Aeronoticias.com.pe\" \/>\n<meta property=\"article:publisher\" content=\"https:\/\/www.facebook.com\/Aeronoticias.com.pe\/\" \/>\n<meta property=\"article:published_time\" content=\"2025-09-09T18:16:22+00:00\" \/>\n<meta property=\"article:modified_time\" content=\"2025-09-09T18:16:47+00:00\" \/>\n<meta property=\"og:image\" content=\"https:\/\/aeronoticias.com.pe\/noticiero\/wp-content\/uploads\/2025\/09\/Lagos_Nigeria-1024x576.jpg\" \/>\n\t<meta property=\"og:image:width\" content=\"1024\" \/>\n\t<meta property=\"og:image:height\" content=\"576\" \/>\n\t<meta property=\"og:image:type\" content=\"image\/jpeg\" \/>\n<meta name=\"author\" content=\"Redacci\u00f3n\" \/>\n<meta name=\"twitter:card\" content=\"summary_large_image\" \/>\n<meta name=\"twitter:creator\" content=\"@aeronoticias\" \/>\n<meta name=\"twitter:site\" content=\"@aeronoticias\" \/>\n<meta name=\"twitter:label1\" content=\"Escrito por\" \/>\n\t<meta name=\"twitter:data1\" content=\"Redacci\u00f3n\" \/>\n\t<meta name=\"twitter:label2\" content=\"Tiempo de lectura\" \/>\n\t<meta name=\"twitter:data2\" content=\"3 minutos\" \/>\n<script type=\"application\/ld+json\" class=\"yoast-schema-graph\">{\"@context\":\"https:\/\/schema.org\",\"@graph\":[{\"@type\":\"WebPage\",\"@id\":\"https:\/\/aeronoticias.com.pe\/noticiero\/cultural\/%e2%9c%88%ef%b8%8f-lima-lagos-energia-urbana-afrobeat-y-playas-en-nigeria\/\",\"url\":\"https:\/\/aeronoticias.com.pe\/noticiero\/cultural\/%e2%9c%88%ef%b8%8f-lima-lagos-energia-urbana-afrobeat-y-playas-en-nigeria\/\",\"name\":\"\u2708\ufe0f Lima \u2013 Lagos: energ\u00eda urbana, afrobeat y playas en Nigeria\",\"isPartOf\":{\"@id\":\"https:\/\/aeronoticias.com.pe\/noticiero\/#website\"},\"primaryImageOfPage\":{\"@id\":\"https:\/\/aeronoticias.com.pe\/noticiero\/cultural\/%e2%9c%88%ef%b8%8f-lima-lagos-energia-urbana-afrobeat-y-playas-en-nigeria\/#primaryimage\"},\"image\":{\"@id\":\"https:\/\/aeronoticias.com.pe\/noticiero\/cultural\/%e2%9c%88%ef%b8%8f-lima-lagos-energia-urbana-afrobeat-y-playas-en-nigeria\/#primaryimage\"},\"thumbnailUrl\":\"https:\/\/aeronoticias.com.pe\/noticiero\/wp-content\/uploads\/2025\/09\/Lagos_Nigeria.jpg\",\"datePublished\":\"2025-09-09T18:16:22+00:00\",\"dateModified\":\"2025-09-09T18:16:47+00:00\",\"author\":{\"@id\":\"https:\/\/aeronoticias.com.pe\/noticiero\/#\/schema\/person\/16212a617c73f78916b13194154243bd\"},\"description\":\"(Aeronoticias): La ruta Lima \u2013 Lagos conecta Per\u00fa con la ciudad m\u00e1s poblada de Nigeria, centro cultural y econ\u00f3mico de \u00c1frica Occidental. Aunque no existen vuelos directos, se puede llegar con escalas en \u00c1msterdam, Par\u00eds o Estambul, con un tiempo total de entre 28 y 36 horas.\",\"breadcrumb\":{\"@id\":\"https:\/\/aeronoticias.com.pe\/noticiero\/cultural\/%e2%9c%88%ef%b8%8f-lima-lagos-energia-urbana-afrobeat-y-playas-en-nigeria\/#breadcrumb\"},\"inLanguage\":\"es\",\"potentialAction\":[{\"@type\":\"ReadAction\",\"target\":[\"https:\/\/aeronoticias.com.pe\/noticiero\/cultural\/%e2%9c%88%ef%b8%8f-lima-lagos-energia-urbana-afrobeat-y-playas-en-nigeria\/\"]}]},{\"@type\":\"ImageObject\",\"inLanguage\":\"es\",\"@id\":\"https:\/\/aeronoticias.com.pe\/noticiero\/cultural\/%e2%9c%88%ef%b8%8f-lima-lagos-energia-urbana-afrobeat-y-playas-en-nigeria\/#primaryimage\",\"url\":\"https:\/\/aeronoticias.com.pe\/noticiero\/wp-content\/uploads\/2025\/09\/Lagos_Nigeria.jpg\",\"contentUrl\":\"https:\/\/aeronoticias.com.pe\/noticiero\/wp-content\/uploads\/2025\/09\/Lagos_Nigeria.jpg\",\"width\":2000,\"height\":1125},{\"@type\":\"BreadcrumbList\",\"@id\":\"https:\/\/aeronoticias.com.pe\/noticiero\/cultural\/%e2%9c%88%ef%b8%8f-lima-lagos-energia-urbana-afrobeat-y-playas-en-nigeria\/#breadcrumb\",\"itemListElement\":[{\"@type\":\"ListItem\",\"position\":1,\"name\":\"Portada\",\"item\":\"https:\/\/aeronoticias.com.pe\/noticiero\/\"},{\"@type\":\"ListItem\",\"position\":2,\"name\":\"\u2708\ufe0f Lima \u2013 Lagos: energ\u00eda urbana, afrobeat y playas en Nigeria\"}]},{\"@type\":\"WebSite\",\"@id\":\"https:\/\/aeronoticias.com.pe\/noticiero\/#website\",\"url\":\"https:\/\/aeronoticias.com.pe\/noticiero\/\",\"name\":\"Aeronoticias.com.pe\",\"description\":\"Noticias de tranporte aereo, turismo, hoteles, gastronomia, actualidad, internacional\",\"potentialAction\":[{\"@type\":\"SearchAction\",\"target\":{\"@type\":\"EntryPoint\",\"urlTemplate\":\"https:\/\/aeronoticias.com.pe\/noticiero\/?s={search_term_string}\"},\"query-input\":{\"@type\":\"PropertyValueSpecification\",\"valueRequired\":true,\"valueName\":\"search_term_string\"}}],\"inLanguage\":\"es\"},{\"@type\":\"Person\",\"@id\":\"https:\/\/aeronoticias.com.pe\/noticiero\/#\/schema\/person\/16212a617c73f78916b13194154243bd\",\"name\":\"Redacci\u00f3n\",\"sameAs\":[\"http:\/\/Redacci\u00f3n\"],\"url\":\"https:\/\/aeronoticias.com.pe\/noticiero\/author\/celeste\/\"}]}<\/script>\n<!-- \/ Yoast SEO plugin. -->","yoast_head_json":{"title":"\u2708\ufe0f Lima \u2013 Lagos: energ\u00eda urbana, afrobeat y playas en Nigeria","description":"(Aeronoticias): La ruta Lima \u2013 Lagos conecta Per\u00fa con la ciudad m\u00e1s poblada de Nigeria, centro cultural y econ\u00f3mico de \u00c1frica Occidental. Aunque no existen vuelos directos, se puede llegar con escalas en \u00c1msterdam, Par\u00eds o Estambul, con un tiempo total de entre 28 y 36 horas.","robots":{"index":"index","follow":"follow","max-snippet":"max-snippet:-1","max-image-preview":"max-image-preview:large","max-video-preview":"max-video-preview:-1"},"canonical":"https:\/\/aeronoticias.com.pe\/noticiero\/cultural\/\u2708\ufe0f-lima-lagos-energia-urbana-afrobeat-y-playas-en-nigeria\/","og_locale":"es_ES","og_type":"article","og_title":"\u2708\ufe0f Lima \u2013 Lagos: energ\u00eda urbana, afrobeat y playas en Nigeria","og_description":"(Aeronoticias): La ruta Lima \u2013 Lagos conecta Per\u00fa con la ciudad m\u00e1s poblada de Nigeria, centro cultural y econ\u00f3mico de \u00c1frica Occidental. Aunque no existen vuelos directos, se puede llegar con escalas en \u00c1msterdam, Par\u00eds o Estambul, con un tiempo total de entre 28 y 36 horas.","og_url":"https:\/\/aeronoticias.com.pe\/noticiero\/cultural\/\u2708\ufe0f-lima-lagos-energia-urbana-afrobeat-y-playas-en-nigeria\/","og_site_name":"Aeronoticias.com.pe","article_publisher":"https:\/\/www.facebook.com\/Aeronoticias.com.pe\/","article_published_time":"2025-09-09T18:16:22+00:00","article_modified_time":"2025-09-09T18:16:47+00:00","og_image":[{"width":1024,"height":576,"url":"https:\/\/aeronoticias.com.pe\/noticiero\/wp-content\/uploads\/2025\/09\/Lagos_Nigeria-1024x576.jpg","type":"image\/jpeg"}],"author":"Redacci\u00f3n","twitter_card":"summary_large_image","twitter_creator":"@aeronoticias","twitter_site":"@aeronoticias","twitter_misc":{"Escrito por":"Redacci\u00f3n","Tiempo de lectura":"3 minutos"},"schema":{"@context":"https:\/\/schema.org","@graph":[{"@type":"WebPage","@id":"https:\/\/aeronoticias.com.pe\/noticiero\/cultural\/%e2%9c%88%ef%b8%8f-lima-lagos-energia-urbana-afrobeat-y-playas-en-nigeria\/","url":"https:\/\/aeronoticias.com.pe\/noticiero\/cultural\/%e2%9c%88%ef%b8%8f-lima-lagos-energia-urbana-afrobeat-y-playas-en-nigeria\/","name":"\u2708\ufe0f Lima \u2013 Lagos: energ\u00eda urbana, afrobeat y playas en Nigeria","isPartOf":{"@id":"https:\/\/aeronoticias.com.pe\/noticiero\/#website"},"primaryImageOfPage":{"@id":"https:\/\/aeronoticias.com.pe\/noticiero\/cultural\/%e2%9c%88%ef%b8%8f-lima-lagos-energia-urbana-afrobeat-y-playas-en-nigeria\/#primaryimage"},"image":{"@id":"https:\/\/aeronoticias.com.pe\/noticiero\/cultural\/%e2%9c%88%ef%b8%8f-lima-lagos-energia-urbana-afrobeat-y-playas-en-nigeria\/#primaryimage"},"thumbnailUrl":"https:\/\/aeronoticias.com.pe\/noticiero\/wp-content\/uploads\/2025\/09\/Lagos_Nigeria.jpg","datePublished":"2025-09-09T18:16:22+00:00","dateModified":"2025-09-09T18:16:47+00:00","author":{"@id":"https:\/\/aeronoticias.com.pe\/noticiero\/#\/schema\/person\/16212a617c73f78916b13194154243bd"},"description":"(Aeronoticias): La ruta Lima \u2013 Lagos conecta Per\u00fa con la ciudad m\u00e1s poblada de Nigeria, centro cultural y econ\u00f3mico de \u00c1frica Occidental. Aunque no existen vuelos directos, se puede llegar con escalas en \u00c1msterdam, Par\u00eds o Estambul, con un tiempo total de entre 28 y 36 horas.","breadcrumb":{"@id":"https:\/\/aeronoticias.com.pe\/noticiero\/cultural\/%e2%9c%88%ef%b8%8f-lima-lagos-energia-urbana-afrobeat-y-playas-en-nigeria\/#breadcrumb"},"inLanguage":"es","potentialAction":[{"@type":"ReadAction","target":["https:\/\/aeronoticias.com.pe\/noticiero\/cultural\/%e2%9c%88%ef%b8%8f-lima-lagos-energia-urbana-afrobeat-y-playas-en-nigeria\/"]}]},{"@type":"ImageObject","inLanguage":"es","@id":"https:\/\/aeronoticias.com.pe\/noticiero\/cultural\/%e2%9c%88%ef%b8%8f-lima-lagos-energia-urbana-afrobeat-y-playas-en-nigeria\/#primaryimage","url":"https:\/\/aeronoticias.com.pe\/noticiero\/wp-content\/uploads\/2025\/09\/Lagos_Nigeria.jpg","contentUrl":"https:\/\/aeronoticias.com.pe\/noticiero\/wp-content\/uploads\/2025\/09\/Lagos_Nigeria.jpg","width":2000,"height":1125},{"@type":"BreadcrumbList","@id":"https:\/\/aeronoticias.com.pe\/noticiero\/cultural\/%e2%9c%88%ef%b8%8f-lima-lagos-energia-urbana-afrobeat-y-playas-en-nigeria\/#breadcrumb","itemListElement":[{"@type":"ListItem","position":1,"name":"Portada","item":"https:\/\/aeronoticias.com.pe\/noticiero\/"},{"@type":"ListItem","position":2,"name":"\u2708\ufe0f Lima \u2013 Lagos: energ\u00eda urbana, afrobeat y playas en Nigeria"}]},{"@type":"WebSite","@id":"https:\/\/aeronoticias.com.pe\/noticiero\/#website","url":"https:\/\/aeronoticias.com.pe\/noticiero\/","name":"Aeronoticias.com.pe","description":"Noticias de tranporte aereo, turismo, hoteles, gastronomia, actualidad, internacional","potentialAction":[{"@type":"SearchAction","target":{"@type":"EntryPoint","urlTemplate":"https:\/\/aeronoticias.com.pe\/noticiero\/?s={search_term_string}"},"query-input":{"@type":"PropertyValueSpecification","valueRequired":true,"valueName":"search_term_string"}}],"inLanguage":"es"},{"@type":"Person","@id":"https:\/\/aeronoticias.com.pe\/noticiero\/#\/schema\/person\/16212a617c73f78916b13194154243bd","name":"Redacci\u00f3n","sameAs":["http:\/\/Redacci\u00f3n"],"url":"https:\/\/aeronoticias.com.pe\/noticiero\/author\/celeste\/"}]}},"_links":{"self":[{"href":"https:\/\/aeronoticias.com.pe\/noticiero\/wp-json\/wp\/v2\/posts\/95830","targetHints":{"allow":["GET"]}}],"collection":[{"href":"https:\/\/aeronoticias.com.pe\/noticiero\/wp-json\/wp\/v2\/posts"}],"about":[{"href":"https:\/\/aeronoticias.com.pe\/noticiero\/wp-json\/wp\/v2\/types\/post"}],"author":[{"embeddable":true,"href":"https:\/\/aeronoticias.com.pe\/noticiero\/wp-json\/wp\/v2\/users\/3"}],"replies":[{"embeddable":true,"href":"https:\/\/aeronoticias.com.pe\/noticiero\/wp-json\/wp\/v2\/comments?post=95830"}],"version-history":[{"count":1,"href":"https:\/\/aeronoticias.com.pe\/noticiero\/wp-json\/wp\/v2\/posts\/95830\/revisions"}],"predecessor-version":[{"id":95832,"href":"https:\/\/aeronoticias.com.pe\/noticiero\/wp-json\/wp\/v2\/posts\/95830\/revisions\/95832"}],"wp:featuredmedia":[{"embeddable":true,"href":"https:\/\/aeronoticias.com.pe\/noticiero\/wp-json\/wp\/v2\/media\/95831"}],"wp:attachment":[{"href":"https:\/\/aeronoticias.com.pe\/noticiero\/wp-json\/wp\/v2\/media?parent=95830"}],"wp:term":[{"taxonomy":"category","embeddable":true,"href":"https:\/\/aeronoticias.com.pe\/noticiero\/wp-json\/wp\/v2\/categories?post=95830"},{"taxonomy":"post_tag","embeddable":true,"href":"https:\/\/aeronoticias.com.pe\/noticiero\/wp-json\/wp\/v2\/tags?post=95830"}],"curies":[{"name":"wp","href":"https:\/\/api.w.org\/{rel}","templated":true}]}}