{"id":95839,"date":"2025-09-10T11:36:50","date_gmt":"2025-09-10T16:36:50","guid":{"rendered":"https:\/\/aeronoticias.com.pe\/noticiero\/?p=95839"},"modified":"2025-09-10T11:38:03","modified_gmt":"2025-09-10T16:38:03","slug":"%e2%9c%88%ef%b8%8f-lima-uagadugu-burkina-faso-musica-arte-y-vida-africana-autentica","status":"publish","type":"post","link":"https:\/\/aeronoticias.com.pe\/noticiero\/cultural\/%e2%9c%88%ef%b8%8f-lima-uagadugu-burkina-faso-musica-arte-y-vida-africana-autentica\/","title":{"rendered":"\u2708\ufe0f Lima \u2013 Uagadug\u00fa (Burkina Faso): m\u00fasica, arte y vida africana aut\u00e9ntica"},"content":{"rendered":"\n<h2 class=\"wp-block-heading\"><\/h2>\n\n\n\n<p><strong>(Aeronoticias):<\/strong><br>La ruta <strong>Lima \u2013 Uagadug\u00fa<\/strong> conecta Per\u00fa con la capital de <strong>Burkina Faso<\/strong>, una ciudad poco explorada por el turismo internacional, pero con una de las escenas culturales m\u00e1s ricas de \u00c1frica Occidental. No existen vuelos directos, pero se llega con escalas en <strong>Par\u00eds, Estambul o Casablanca<\/strong>, con un tiempo total de entre <strong>28 y 36 horas<\/strong>.<\/p>\n\n\n\n<p>Uagadug\u00fa es el coraz\u00f3n del <strong>cine africano, la m\u00fasica y la vida comunitaria<\/strong>. Sus mercados, plazas y festivales lo hacen perfecto para <strong>millennials creadores de contenido<\/strong>, que pueden capturar desde bailes tribales hasta murales urbanos, todo listo para <strong>Reels, TikToks e historias aut\u00e9nticas<\/strong>.<\/p>\n\n\n\n<hr class=\"wp-block-separator has-alpha-channel-opacity\"\/>\n\n\n\n<h3 class=\"wp-block-heading\">\ud83d\udce6 Paquetes tur\u00edsticos por segmento<\/h3>\n\n\n\n<p><strong>Sector A \u2013 \u201cAfrican Art &amp; Luxury\u201d (7D\/5N)<\/strong><\/p>\n\n\n\n<ul class=\"wp-block-list\">\n<li>Vuelos business class.<\/li>\n\n\n\n<li>Hotel 5\u2605 como el <strong>Bravia Hotel Ouagadougou<\/strong>.<\/li>\n\n\n\n<li>Traslados privados y gu\u00eda experto en arte.<\/li>\n\n\n\n<li>Visita VIP al <strong>Museo Nacional de Burkina Faso<\/strong> y a <strong>Laongo Sculpture Park<\/strong>.<\/li>\n\n\n\n<li>Cena gourmet en <strong>La Perle Lounge<\/strong>.<\/li>\n\n\n\n<li>Vida nocturna en <strong>Le Quorum Club<\/strong>.<br><strong>Precio:<\/strong> USD 6,900 \u2013 8,800.<\/li>\n<\/ul>\n\n\n\n<p><strong>Sector B \u2013 \u201cCulture &amp; Rhythm Pack\u201d (6D\/4N)<\/strong><\/p>\n\n\n\n<ul class=\"wp-block-list\">\n<li>Vuelos turista premium.<\/li>\n\n\n\n<li>Hotel 3\u20134\u2605 en el centro.<\/li>\n\n\n\n<li>City tour grupal: <strong>Catedral de Uagadug\u00fa, Mercado Central, Monumento a los M\u00e1rtires<\/strong>.<\/li>\n\n\n\n<li>Excursi\u00f3n a <strong>Laongo<\/strong> para ver esculturas al aire libre.<\/li>\n\n\n\n<li>Cena con m\u00fasica en vivo de tambores.<\/li>\n\n\n\n<li>Vida nocturna en <strong>Mille et Une Nuits Club<\/strong>.<br><strong>Precio:<\/strong> USD 3,100 \u2013 4,200.<\/li>\n<\/ul>\n\n\n\n<p><strong>Sector C \u2013 \u201cBackpacker Ouaga Vibes\u201d (5D\/3N)<\/strong><\/p>\n\n\n\n<ul class=\"wp-block-list\">\n<li>Vuelos econ\u00f3micos.<\/li>\n\n\n\n<li>Hostales o guesthouses en barrios locales.<\/li>\n\n\n\n<li>Walking tours por mercados y barrios art\u00edsticos.<\/li>\n\n\n\n<li>Asistencia a ensayos callejeros de danza y percusi\u00f3n.<\/li>\n\n\n\n<li>Vida nocturna en bares locales con m\u00fasica en vivo.<br><strong>Precio:<\/strong> desde USD 1,150.<\/li>\n<\/ul>\n\n\n\n<hr class=\"wp-block-separator has-alpha-channel-opacity\"\/>\n\n\n\n<h3 class=\"wp-block-heading\">\ud83d\udccd Spots tur\u00edsticos y fotog\u00e9nicos<\/h3>\n\n\n\n<ul class=\"wp-block-list\">\n<li><strong>Monumento a los M\u00e1rtires:<\/strong> emblema hist\u00f3rico.<\/li>\n\n\n\n<li><strong>Laongo Sculpture Park:<\/strong> esculturas al aire libre \u00fanicas.<\/li>\n\n\n\n<li><strong>Gran Mercado:<\/strong> colores y texturas africanas para POVs.<\/li>\n\n\n\n<li><strong>Catedral de Uagadug\u00fa:<\/strong> arquitectura colonial.<\/li>\n\n\n\n<li><strong>Plaza Nacional de la Naci\u00f3n:<\/strong> epicentro urbano.<\/li>\n<\/ul>\n\n\n\n<hr class=\"wp-block-separator has-alpha-channel-opacity\"\/>\n\n\n\n<h3 class=\"wp-block-heading\">\ud83c\udf19 Vida nocturna<\/h3>\n\n\n\n<ul class=\"wp-block-list\">\n<li><strong>Le Quorum Club:<\/strong> DJs y ambiente chic.<\/li>\n\n\n\n<li><strong>Mille et Une Nuits:<\/strong> discoteca popular.<\/li>\n\n\n\n<li><strong>Bares de percusi\u00f3n en vivo:<\/strong> perfectos para stories r\u00edtmicos.<\/li>\n<\/ul>\n\n\n\n<hr class=\"wp-block-separator has-alpha-channel-opacity\"\/>\n\n\n\n<h3 class=\"wp-block-heading\">\ud83c\udf7d\ufe0f Comida t\u00edpica<\/h3>\n\n\n\n<ul class=\"wp-block-list\">\n<li><strong>Riz gras:<\/strong> arroz con salsa de tomate y carne.<\/li>\n\n\n\n<li><strong>Poulet bicyclette:<\/strong> pollo criollo local, sabroso y econ\u00f3mico.<\/li>\n\n\n\n<li><strong>To:<\/strong> pasta espesa de mijo o sorgo con salsa.<\/li>\n\n\n\n<li><strong>Dolo:<\/strong> cerveza artesanal tradicional, ideal para un TikTok foodie.<\/li>\n<\/ul>\n\n\n\n<hr class=\"wp-block-separator has-alpha-channel-opacity\"\/>\n\n\n\n<h3 class=\"wp-block-heading\">\u2600\ufe0f Mejor \u00e9poca<\/h3>\n\n\n\n<ul class=\"wp-block-list\">\n<li><strong>Nov\u2013feb:<\/strong> temporada seca y fresca.<\/li>\n\n\n\n<li><strong>Jun\u2013sep:<\/strong> lluvias, paisajes verdes.<\/li>\n<\/ul>\n\n\n\n<hr class=\"wp-block-separator has-alpha-channel-opacity\"\/>\n\n\n\n<h3 class=\"wp-block-heading\">\ud83c\udfac Tips de contenido<\/h3>\n\n\n\n<ul class=\"wp-block-list\">\n<li>Reel POV con m\u00fasicos callejeros tocando tambores.<\/li>\n\n\n\n<li>TikTok probando <em>Poulet bicyclette<\/em>.<\/li>\n\n\n\n<li>Story con esculturas de Laongo al atardecer.<\/li>\n<\/ul>\n\n\n\n<hr class=\"wp-block-separator has-alpha-channel-opacity\"\/>\n\n\n\n<h3 class=\"wp-block-heading\">\ud83e\uddfe Cierre<\/h3>\n\n\n\n<p>El paquete <strong>Lima \u2013 Uagadug\u00fa<\/strong> mezcla <strong>arte, m\u00fasica y vida aut\u00e9ntica africana<\/strong>, perfecto para millennials que buscan experiencias distintas y contenido poderoso para sus redes sociales.<\/p>\n\n\n\n<p><strong>Fuente: Sebasti\u00e1n Palac\u00edn<\/strong><\/p>\n","protected":false},"excerpt":{"rendered":"<p>(Aeronoticias):La ruta Lima \u2013 Uagadug\u00fa conecta Per\u00fa con la capital de Burkina Faso, una ciudad poco explorada por el turismo internacional, pero con una de las escenas culturales m\u00e1s ricas de \u00c1frica Occidental. No existen vuelos directos, pero se llega con escalas en Par\u00eds, Estambul o Casablanca, con un tiempo total de entre 28 y [&hellip;]<\/p>\n","protected":false},"author":3,"featured_media":95840,"comment_status":"closed","ping_status":"closed","sticky":false,"template":"","format":"standard","meta":{"tdm_status":"","tdm_grid_status":"","footnotes":""},"categories":[26,34,35,9,67],"tags":[],"class_list":{"0":"post-95839","1":"post","2":"type-post","3":"status-publish","4":"format-standard","5":"has-post-thumbnail","7":"category-cultural","8":"category-internacionales","9":"category-35","10":"category-turismo","11":"category-viajes"},"yoast_head":"<!-- This site is optimized with the Yoast SEO plugin v25.1 - https:\/\/yoast.com\/wordpress\/plugins\/seo\/ -->\n<title>\u2708\ufe0f Lima \u2013 Uagadug\u00fa (Burkina Faso): m\u00fasica, arte y vida africana aut\u00e9ntica<\/title>\n<meta name=\"description\" content=\"(Aeronoticias): La ruta Lima \u2013 Uagadug\u00fa conecta Per\u00fa con la capital de Burkina Faso, una ciudad poco explorada por el turismo internacional, pero con una de las escenas culturales m\u00e1s ricas de \u00c1frica Occidental. No existen vuelos directos, pero se llega con escalas en Par\u00eds, Estambul o Casablanca, con un tiempo total de entre 28 y 36 horas.\" \/>\n<meta name=\"robots\" content=\"index, follow, max-snippet:-1, max-image-preview:large, max-video-preview:-1\" \/>\n<link rel=\"canonical\" href=\"https:\/\/aeronoticias.com.pe\/noticiero\/cultural\/\u2708\ufe0f-lima-uagadugu-burkina-faso-musica-arte-y-vida-africana-autentica\/\" \/>\n<meta property=\"og:locale\" content=\"es_ES\" \/>\n<meta property=\"og:type\" content=\"article\" \/>\n<meta property=\"og:title\" content=\"\u2708\ufe0f Lima \u2013 Uagadug\u00fa (Burkina Faso): m\u00fasica, arte y vida africana aut\u00e9ntica\" \/>\n<meta property=\"og:description\" content=\"(Aeronoticias): La ruta Lima \u2013 Uagadug\u00fa conecta Per\u00fa con la capital de Burkina Faso, una ciudad poco explorada por el turismo internacional, pero con una de las escenas culturales m\u00e1s ricas de \u00c1frica Occidental. No existen vuelos directos, pero se llega con escalas en Par\u00eds, Estambul o Casablanca, con un tiempo total de entre 28 y 36 horas.\" \/>\n<meta property=\"og:url\" content=\"https:\/\/aeronoticias.com.pe\/noticiero\/cultural\/\u2708\ufe0f-lima-uagadugu-burkina-faso-musica-arte-y-vida-africana-autentica\/\" \/>\n<meta property=\"og:site_name\" content=\"Aeronoticias.com.pe\" \/>\n<meta property=\"article:publisher\" content=\"https:\/\/www.facebook.com\/Aeronoticias.com.pe\/\" \/>\n<meta property=\"article:published_time\" content=\"2025-09-10T16:36:50+00:00\" \/>\n<meta property=\"article:modified_time\" content=\"2025-09-10T16:38:03+00:00\" \/>\n<meta property=\"og:image\" content=\"https:\/\/aeronoticias.com.pe\/noticiero\/wp-content\/uploads\/2025\/09\/Uagadugu-Burkina-Faso.jpg\" \/>\n\t<meta property=\"og:image:width\" content=\"1600\" \/>\n\t<meta property=\"og:image:height\" content=\"1056\" \/>\n\t<meta property=\"og:image:type\" content=\"image\/jpeg\" \/>\n<meta name=\"author\" content=\"Redacci\u00f3n\" \/>\n<meta name=\"twitter:card\" content=\"summary_large_image\" \/>\n<meta name=\"twitter:creator\" content=\"@aeronoticias\" \/>\n<meta name=\"twitter:site\" content=\"@aeronoticias\" \/>\n<meta name=\"twitter:label1\" content=\"Escrito por\" \/>\n\t<meta name=\"twitter:data1\" content=\"Redacci\u00f3n\" \/>\n\t<meta name=\"twitter:label2\" content=\"Tiempo de lectura\" \/>\n\t<meta name=\"twitter:data2\" content=\"3 minutos\" \/>\n<script type=\"application\/ld+json\" class=\"yoast-schema-graph\">{\"@context\":\"https:\/\/schema.org\",\"@graph\":[{\"@type\":\"WebPage\",\"@id\":\"https:\/\/aeronoticias.com.pe\/noticiero\/cultural\/%e2%9c%88%ef%b8%8f-lima-uagadugu-burkina-faso-musica-arte-y-vida-africana-autentica\/\",\"url\":\"https:\/\/aeronoticias.com.pe\/noticiero\/cultural\/%e2%9c%88%ef%b8%8f-lima-uagadugu-burkina-faso-musica-arte-y-vida-africana-autentica\/\",\"name\":\"\u2708\ufe0f Lima \u2013 Uagadug\u00fa (Burkina Faso): m\u00fasica, arte y vida africana aut\u00e9ntica\",\"isPartOf\":{\"@id\":\"https:\/\/aeronoticias.com.pe\/noticiero\/#website\"},\"primaryImageOfPage\":{\"@id\":\"https:\/\/aeronoticias.com.pe\/noticiero\/cultural\/%e2%9c%88%ef%b8%8f-lima-uagadugu-burkina-faso-musica-arte-y-vida-africana-autentica\/#primaryimage\"},\"image\":{\"@id\":\"https:\/\/aeronoticias.com.pe\/noticiero\/cultural\/%e2%9c%88%ef%b8%8f-lima-uagadugu-burkina-faso-musica-arte-y-vida-africana-autentica\/#primaryimage\"},\"thumbnailUrl\":\"https:\/\/aeronoticias.com.pe\/noticiero\/wp-content\/uploads\/2025\/09\/Uagadugu-Burkina-Faso.jpg\",\"datePublished\":\"2025-09-10T16:36:50+00:00\",\"dateModified\":\"2025-09-10T16:38:03+00:00\",\"author\":{\"@id\":\"https:\/\/aeronoticias.com.pe\/noticiero\/#\/schema\/person\/16212a617c73f78916b13194154243bd\"},\"description\":\"(Aeronoticias): La ruta Lima \u2013 Uagadug\u00fa conecta Per\u00fa con la capital de Burkina Faso, una ciudad poco explorada por el turismo internacional, pero con una de las escenas culturales m\u00e1s ricas de \u00c1frica Occidental. No existen vuelos directos, pero se llega con escalas en Par\u00eds, Estambul o Casablanca, con un tiempo total de entre 28 y 36 horas.\",\"breadcrumb\":{\"@id\":\"https:\/\/aeronoticias.com.pe\/noticiero\/cultural\/%e2%9c%88%ef%b8%8f-lima-uagadugu-burkina-faso-musica-arte-y-vida-africana-autentica\/#breadcrumb\"},\"inLanguage\":\"es\",\"potentialAction\":[{\"@type\":\"ReadAction\",\"target\":[\"https:\/\/aeronoticias.com.pe\/noticiero\/cultural\/%e2%9c%88%ef%b8%8f-lima-uagadugu-burkina-faso-musica-arte-y-vida-africana-autentica\/\"]}]},{\"@type\":\"ImageObject\",\"inLanguage\":\"es\",\"@id\":\"https:\/\/aeronoticias.com.pe\/noticiero\/cultural\/%e2%9c%88%ef%b8%8f-lima-uagadugu-burkina-faso-musica-arte-y-vida-africana-autentica\/#primaryimage\",\"url\":\"https:\/\/aeronoticias.com.pe\/noticiero\/wp-content\/uploads\/2025\/09\/Uagadugu-Burkina-Faso.jpg\",\"contentUrl\":\"https:\/\/aeronoticias.com.pe\/noticiero\/wp-content\/uploads\/2025\/09\/Uagadugu-Burkina-Faso.jpg\",\"width\":1600,\"height\":1056},{\"@type\":\"BreadcrumbList\",\"@id\":\"https:\/\/aeronoticias.com.pe\/noticiero\/cultural\/%e2%9c%88%ef%b8%8f-lima-uagadugu-burkina-faso-musica-arte-y-vida-africana-autentica\/#breadcrumb\",\"itemListElement\":[{\"@type\":\"ListItem\",\"position\":1,\"name\":\"Portada\",\"item\":\"https:\/\/aeronoticias.com.pe\/noticiero\/\"},{\"@type\":\"ListItem\",\"position\":2,\"name\":\"\u2708\ufe0f Lima \u2013 Uagadug\u00fa (Burkina Faso): m\u00fasica, arte y vida africana aut\u00e9ntica\"}]},{\"@type\":\"WebSite\",\"@id\":\"https:\/\/aeronoticias.com.pe\/noticiero\/#website\",\"url\":\"https:\/\/aeronoticias.com.pe\/noticiero\/\",\"name\":\"Aeronoticias.com.pe\",\"description\":\"Noticias de tranporte aereo, turismo, hoteles, gastronomia, actualidad, internacional\",\"potentialAction\":[{\"@type\":\"SearchAction\",\"target\":{\"@type\":\"EntryPoint\",\"urlTemplate\":\"https:\/\/aeronoticias.com.pe\/noticiero\/?s={search_term_string}\"},\"query-input\":{\"@type\":\"PropertyValueSpecification\",\"valueRequired\":true,\"valueName\":\"search_term_string\"}}],\"inLanguage\":\"es\"},{\"@type\":\"Person\",\"@id\":\"https:\/\/aeronoticias.com.pe\/noticiero\/#\/schema\/person\/16212a617c73f78916b13194154243bd\",\"name\":\"Redacci\u00f3n\",\"sameAs\":[\"http:\/\/Redacci\u00f3n\"],\"url\":\"https:\/\/aeronoticias.com.pe\/noticiero\/author\/celeste\/\"}]}<\/script>\n<!-- \/ Yoast SEO plugin. -->","yoast_head_json":{"title":"\u2708\ufe0f Lima \u2013 Uagadug\u00fa (Burkina Faso): m\u00fasica, arte y vida africana aut\u00e9ntica","description":"(Aeronoticias): La ruta Lima \u2013 Uagadug\u00fa conecta Per\u00fa con la capital de Burkina Faso, una ciudad poco explorada por el turismo internacional, pero con una de las escenas culturales m\u00e1s ricas de \u00c1frica Occidental. No existen vuelos directos, pero se llega con escalas en Par\u00eds, Estambul o Casablanca, con un tiempo total de entre 28 y 36 horas.","robots":{"index":"index","follow":"follow","max-snippet":"max-snippet:-1","max-image-preview":"max-image-preview:large","max-video-preview":"max-video-preview:-1"},"canonical":"https:\/\/aeronoticias.com.pe\/noticiero\/cultural\/\u2708\ufe0f-lima-uagadugu-burkina-faso-musica-arte-y-vida-africana-autentica\/","og_locale":"es_ES","og_type":"article","og_title":"\u2708\ufe0f Lima \u2013 Uagadug\u00fa (Burkina Faso): m\u00fasica, arte y vida africana aut\u00e9ntica","og_description":"(Aeronoticias): La ruta Lima \u2013 Uagadug\u00fa conecta Per\u00fa con la capital de Burkina Faso, una ciudad poco explorada por el turismo internacional, pero con una de las escenas culturales m\u00e1s ricas de \u00c1frica Occidental. No existen vuelos directos, pero se llega con escalas en Par\u00eds, Estambul o Casablanca, con un tiempo total de entre 28 y 36 horas.","og_url":"https:\/\/aeronoticias.com.pe\/noticiero\/cultural\/\u2708\ufe0f-lima-uagadugu-burkina-faso-musica-arte-y-vida-africana-autentica\/","og_site_name":"Aeronoticias.com.pe","article_publisher":"https:\/\/www.facebook.com\/Aeronoticias.com.pe\/","article_published_time":"2025-09-10T16:36:50+00:00","article_modified_time":"2025-09-10T16:38:03+00:00","og_image":[{"width":1600,"height":1056,"url":"https:\/\/aeronoticias.com.pe\/noticiero\/wp-content\/uploads\/2025\/09\/Uagadugu-Burkina-Faso.jpg","type":"image\/jpeg"}],"author":"Redacci\u00f3n","twitter_card":"summary_large_image","twitter_creator":"@aeronoticias","twitter_site":"@aeronoticias","twitter_misc":{"Escrito por":"Redacci\u00f3n","Tiempo de lectura":"3 minutos"},"schema":{"@context":"https:\/\/schema.org","@graph":[{"@type":"WebPage","@id":"https:\/\/aeronoticias.com.pe\/noticiero\/cultural\/%e2%9c%88%ef%b8%8f-lima-uagadugu-burkina-faso-musica-arte-y-vida-africana-autentica\/","url":"https:\/\/aeronoticias.com.pe\/noticiero\/cultural\/%e2%9c%88%ef%b8%8f-lima-uagadugu-burkina-faso-musica-arte-y-vida-africana-autentica\/","name":"\u2708\ufe0f Lima \u2013 Uagadug\u00fa (Burkina Faso): m\u00fasica, arte y vida africana aut\u00e9ntica","isPartOf":{"@id":"https:\/\/aeronoticias.com.pe\/noticiero\/#website"},"primaryImageOfPage":{"@id":"https:\/\/aeronoticias.com.pe\/noticiero\/cultural\/%e2%9c%88%ef%b8%8f-lima-uagadugu-burkina-faso-musica-arte-y-vida-africana-autentica\/#primaryimage"},"image":{"@id":"https:\/\/aeronoticias.com.pe\/noticiero\/cultural\/%e2%9c%88%ef%b8%8f-lima-uagadugu-burkina-faso-musica-arte-y-vida-africana-autentica\/#primaryimage"},"thumbnailUrl":"https:\/\/aeronoticias.com.pe\/noticiero\/wp-content\/uploads\/2025\/09\/Uagadugu-Burkina-Faso.jpg","datePublished":"2025-09-10T16:36:50+00:00","dateModified":"2025-09-10T16:38:03+00:00","author":{"@id":"https:\/\/aeronoticias.com.pe\/noticiero\/#\/schema\/person\/16212a617c73f78916b13194154243bd"},"description":"(Aeronoticias): La ruta Lima \u2013 Uagadug\u00fa conecta Per\u00fa con la capital de Burkina Faso, una ciudad poco explorada por el turismo internacional, pero con una de las escenas culturales m\u00e1s ricas de \u00c1frica Occidental. No existen vuelos directos, pero se llega con escalas en Par\u00eds, Estambul o Casablanca, con un tiempo total de entre 28 y 36 horas.","breadcrumb":{"@id":"https:\/\/aeronoticias.com.pe\/noticiero\/cultural\/%e2%9c%88%ef%b8%8f-lima-uagadugu-burkina-faso-musica-arte-y-vida-africana-autentica\/#breadcrumb"},"inLanguage":"es","potentialAction":[{"@type":"ReadAction","target":["https:\/\/aeronoticias.com.pe\/noticiero\/cultural\/%e2%9c%88%ef%b8%8f-lima-uagadugu-burkina-faso-musica-arte-y-vida-africana-autentica\/"]}]},{"@type":"ImageObject","inLanguage":"es","@id":"https:\/\/aeronoticias.com.pe\/noticiero\/cultural\/%e2%9c%88%ef%b8%8f-lima-uagadugu-burkina-faso-musica-arte-y-vida-africana-autentica\/#primaryimage","url":"https:\/\/aeronoticias.com.pe\/noticiero\/wp-content\/uploads\/2025\/09\/Uagadugu-Burkina-Faso.jpg","contentUrl":"https:\/\/aeronoticias.com.pe\/noticiero\/wp-content\/uploads\/2025\/09\/Uagadugu-Burkina-Faso.jpg","width":1600,"height":1056},{"@type":"BreadcrumbList","@id":"https:\/\/aeronoticias.com.pe\/noticiero\/cultural\/%e2%9c%88%ef%b8%8f-lima-uagadugu-burkina-faso-musica-arte-y-vida-africana-autentica\/#breadcrumb","itemListElement":[{"@type":"ListItem","position":1,"name":"Portada","item":"https:\/\/aeronoticias.com.pe\/noticiero\/"},{"@type":"ListItem","position":2,"name":"\u2708\ufe0f Lima \u2013 Uagadug\u00fa (Burkina Faso): m\u00fasica, arte y vida africana aut\u00e9ntica"}]},{"@type":"WebSite","@id":"https:\/\/aeronoticias.com.pe\/noticiero\/#website","url":"https:\/\/aeronoticias.com.pe\/noticiero\/","name":"Aeronoticias.com.pe","description":"Noticias de tranporte aereo, turismo, hoteles, gastronomia, actualidad, internacional","potentialAction":[{"@type":"SearchAction","target":{"@type":"EntryPoint","urlTemplate":"https:\/\/aeronoticias.com.pe\/noticiero\/?s={search_term_string}"},"query-input":{"@type":"PropertyValueSpecification","valueRequired":true,"valueName":"search_term_string"}}],"inLanguage":"es"},{"@type":"Person","@id":"https:\/\/aeronoticias.com.pe\/noticiero\/#\/schema\/person\/16212a617c73f78916b13194154243bd","name":"Redacci\u00f3n","sameAs":["http:\/\/Redacci\u00f3n"],"url":"https:\/\/aeronoticias.com.pe\/noticiero\/author\/celeste\/"}]}},"_links":{"self":[{"href":"https:\/\/aeronoticias.com.pe\/noticiero\/wp-json\/wp\/v2\/posts\/95839","targetHints":{"allow":["GET"]}}],"collection":[{"href":"https:\/\/aeronoticias.com.pe\/noticiero\/wp-json\/wp\/v2\/posts"}],"about":[{"href":"https:\/\/aeronoticias.com.pe\/noticiero\/wp-json\/wp\/v2\/types\/post"}],"author":[{"embeddable":true,"href":"https:\/\/aeronoticias.com.pe\/noticiero\/wp-json\/wp\/v2\/users\/3"}],"replies":[{"embeddable":true,"href":"https:\/\/aeronoticias.com.pe\/noticiero\/wp-json\/wp\/v2\/comments?post=95839"}],"version-history":[{"count":1,"href":"https:\/\/aeronoticias.com.pe\/noticiero\/wp-json\/wp\/v2\/posts\/95839\/revisions"}],"predecessor-version":[{"id":95841,"href":"https:\/\/aeronoticias.com.pe\/noticiero\/wp-json\/wp\/v2\/posts\/95839\/revisions\/95841"}],"wp:featuredmedia":[{"embeddable":true,"href":"https:\/\/aeronoticias.com.pe\/noticiero\/wp-json\/wp\/v2\/media\/95840"}],"wp:attachment":[{"href":"https:\/\/aeronoticias.com.pe\/noticiero\/wp-json\/wp\/v2\/media?parent=95839"}],"wp:term":[{"taxonomy":"category","embeddable":true,"href":"https:\/\/aeronoticias.com.pe\/noticiero\/wp-json\/wp\/v2\/categories?post=95839"},{"taxonomy":"post_tag","embeddable":true,"href":"https:\/\/aeronoticias.com.pe\/noticiero\/wp-json\/wp\/v2\/tags?post=95839"}],"curies":[{"name":"wp","href":"https:\/\/api.w.org\/{rel}","templated":true}]}}