{"id":95854,"date":"2025-09-11T19:50:51","date_gmt":"2025-09-12T00:50:51","guid":{"rendered":"https:\/\/aeronoticias.com.pe\/noticiero\/?p=95854"},"modified":"2025-09-11T19:50:53","modified_gmt":"2025-09-12T00:50:53","slug":"%e2%9c%88%ef%b8%8f-lima-zagreb-croacia-plazas-vibrantes-rios-color-esmeralda-y-nightlife-creativo-para-creadores-de-contenido","status":"publish","type":"post","link":"https:\/\/aeronoticias.com.pe\/noticiero\/cultural\/%e2%9c%88%ef%b8%8f-lima-zagreb-croacia-plazas-vibrantes-rios-color-esmeralda-y-nightlife-creativo-para-creadores-de-contenido\/","title":{"rendered":"\u2708\ufe0f Lima \u2013 Zagreb (Croacia): plazas vibrantes, r\u00edos color esmeralda y nightlife creativo para creadores de contenido"},"content":{"rendered":"\n<h2 class=\"wp-block-heading\"><\/h2>\n\n\n\n<p><strong>(Aeronoticias):<\/strong><br>La ruta <strong>Lima \u2013 Zagreb<\/strong> conecta a los peruanos con la capital de <strong>Croacia<\/strong>, una ciudad europea que mezcla arquitectura austroh\u00fangara, caf\u00e9s bohemios, tranv\u00edas azules y una escena cultural joven. No hay vuelos directos; se llega con 1\u20132 escalas (p. ej., <strong>Madrid\/Frankfurt\/Estambul<\/strong> + conexi\u00f3n a <strong>ZAG<\/strong>) en <strong>18\u201326 horas<\/strong> seg\u00fan itinerario. Zagreb es compacta, caminable y muy \u201cfilmable\u201d: murales, mercados al aire libre y miradores con tejados rojizos\u2014material perfecto para <strong>Reels, TikToks e historias<\/strong> durante todo el a\u00f1o.<\/p>\n\n\n\n<hr class=\"wp-block-separator has-alpha-channel-opacity\"\/>\n\n\n\n<h3 class=\"wp-block-heading\">\ud83d\udce6 Paquetes por segmento<\/h3>\n\n\n\n<p><strong>Sector A \u2013 \u201cZagreb Premium Creators\u201d (7D\/5N)<\/strong><\/p>\n\n\n\n<ul class=\"wp-block-list\">\n<li>Vuelos en <strong>business<\/strong>.<\/li>\n\n\n\n<li>Hotel 5\u2605 cerca de la <strong>Plaza Ban Jela\u010di\u0107<\/strong> (habitaci\u00f3n con balc\u00f3n para golden hour).<\/li>\n\n\n\n<li>Traslados privados y <strong>concierge de contenidos<\/strong> (rutas de mejor luz + spots secretos).<\/li>\n\n\n\n<li><strong>Tour VIP<\/strong> por <strong>Gradec\/Kaptol<\/strong>, <strong>Catedral de Zagreb<\/strong> y <strong>Mirador Lotr\u0161\u010dak<\/strong> con acceso temprano.<\/li>\n\n\n\n<li>Excursi\u00f3n privada al <strong>Lago Jarun<\/strong> en bote el\u00e9ctrico + sesi\u00f3n con vide\u00f3grafo 2 h.<\/li>\n\n\n\n<li>Cena de autor con maridaje croata.<\/li>\n\n\n\n<li>Mesa VIP en <strong>Opera Club<\/strong>.<br><strong>Precio referencial:<\/strong> <strong>USD 6,700 \u2013 8,900<\/strong> p\/p.<\/li>\n<\/ul>\n\n\n\n<p><strong>Sector B \u2013 \u201cCity, Nature &amp; Nightlife\u201d (6D\/4N)<\/strong><\/p>\n\n\n\n<ul class=\"wp-block-list\">\n<li>Vuelos en <strong>turista premium<\/strong>.<\/li>\n\n\n\n<li>Hotel 4\u2605 en el centro hist\u00f3rico.<\/li>\n\n\n\n<li>City tour grupal: <strong>Plaza Ban Jela\u010di\u0107, Mercado Dolac, Iglesia de San Marcos<\/strong>.<\/li>\n\n\n\n<li>Excursi\u00f3n de d\u00eda a <strong>Lago Jarun<\/strong> o a <strong>Samobor<\/strong> (pasteler\u00edas legendarias).<\/li>\n\n\n\n<li>Cena t\u00edpica con m\u00fasica en vivo.<\/li>\n\n\n\n<li><strong>Pub crawl<\/strong> por Tkal\u010di\u0107eva Street + entrada a <strong>Boogaloo<\/strong>.<br><strong>Precio referencial:<\/strong> <strong>USD 3,000 \u2013 4,100<\/strong> p\/p.<\/li>\n<\/ul>\n\n\n\n<p><strong>Sector C \u2013 \u201cBackpacker Balkan Vibes\u201d (5D\/3N)<\/strong><\/p>\n\n\n\n<ul class=\"wp-block-list\">\n<li>Vuelos <strong>econ\u00f3micos<\/strong>.<\/li>\n\n\n\n<li>Hostal\/guesthouse en Tkal\u010di\u0107eva o Britanski trg.<\/li>\n\n\n\n<li>Walking tour gratuito por <strong>Kaptol\/Gradec<\/strong> y murales.<\/li>\n\n\n\n<li>Day trip low-cost a <strong>Maksimir Park<\/strong> y <strong>Lago Bundek<\/strong> (tranv\u00eda\/bus).<\/li>\n\n\n\n<li>Noche en bares alternativos (craft beer y m\u00fasica indie).<br><strong>Precio referencial:<\/strong> <strong>desde USD 1,200<\/strong> p\/p.<\/li>\n<\/ul>\n\n\n\n<hr class=\"wp-block-separator has-alpha-channel-opacity\"\/>\n\n\n\n<h3 class=\"wp-block-heading\">\ud83d\uddd3\ufe0f Itinerario sugerido<\/h3>\n\n\n\n<ul class=\"wp-block-list\">\n<li><strong>D\u00eda 1:<\/strong> Llegada y <strong>sunset<\/strong> en <strong>Mirador Lotr\u0161\u010dak<\/strong> (timelapse de tejados).<\/li>\n\n\n\n<li><strong>D\u00eda 2:<\/strong> Catedral + <strong>Mercado Dolac<\/strong> (frutas rojas, quesos) + Tkal\u010di\u0107eva. Noche en <strong>Opera Club<\/strong>.<\/li>\n\n\n\n<li><strong>D\u00eda 3:<\/strong> <strong>Museo de las Relaciones Rotas<\/strong> (transiciones creativas) + funicular hist\u00f3rico.<\/li>\n\n\n\n<li><strong>D\u00eda 4:<\/strong> Naturaleza: <strong>Jarun<\/strong> (drones y paddle) o <strong>Maksimir Park<\/strong> (lagos y puentes).<\/li>\n\n\n\n<li><strong>D\u00eda 5\/6\/7 (seg\u00fan paquete):<\/strong> Samobor (pastel <strong>krem\u0161nita<\/strong>) + rodaje callejero y regreso.<\/li>\n<\/ul>\n\n\n\n<hr class=\"wp-block-separator has-alpha-channel-opacity\"\/>\n\n\n\n<h3 class=\"wp-block-heading\">\ud83d\udccd Spots fotog\u00e9nicos y \u201chooks\u201d de video<\/h3>\n\n\n\n<ul class=\"wp-block-list\">\n<li><strong>Plaza Ban Jela\u010di\u0107:<\/strong> tranv\u00edas azules cruzando\u2014hook \u201cde Lima a Europa en 15 seg\u201d.<\/li>\n\n\n\n<li><strong>Iglesia de San Marcos:<\/strong> techo ajedrezado; giro 360\u00b0 en 0.5x.<\/li>\n\n\n\n<li><strong>Tkal\u010di\u0107eva Street:<\/strong> caf\u00e9s y terrazas para POV \u201ccoffee run\u201d.<\/li>\n\n\n\n<li><strong>Mercado Dolac:<\/strong> plano cenital de frutas\/embutidos (color pop).<\/li>\n\n\n\n<li><strong>Tunel Gri\u010d:<\/strong> pasillo LED, transiciones match cut.<\/li>\n\n\n\n<li><strong>Lagos Jarun\/Bundek:<\/strong> deportes acu\u00e1ticos y reflejos al atardecer.<\/li>\n<\/ul>\n\n\n\n<hr class=\"wp-block-separator has-alpha-channel-opacity\"\/>\n\n\n\n<h3 class=\"wp-block-heading\">\ud83c\udf19 Vida nocturna (para stories con ritmo)<\/h3>\n\n\n\n<ul class=\"wp-block-list\">\n<li><strong>Opera Club:<\/strong> electr\u00f3nica y pop con l\u00e1seres (ideal para B-roll).<\/li>\n\n\n\n<li><strong>Boogaloo:<\/strong> sala m\u00edtica con conciertos y DJ sets.<\/li>\n\n\n\n<li><strong>Katran \/ Depo Klub:<\/strong> underground, techno\/indie.<\/li>\n\n\n\n<li><strong>Bares en Tkal\u010di\u0107eva:<\/strong> terraza + m\u00fasica en vivo.<\/li>\n<\/ul>\n\n\n\n<hr class=\"wp-block-separator has-alpha-channel-opacity\"\/>\n\n\n\n<h3 class=\"wp-block-heading\">\ud83c\udf7d\ufe0f Comida t\u00edpica (y c\u00f3mo grabarla)<\/h3>\n\n\n\n<ul class=\"wp-block-list\">\n<li><strong>\u0160trukli:<\/strong> pastel de masa y queso al horno; <strong>cheese pull<\/strong> en slow motion.<\/li>\n\n\n\n<li><strong>\u0106evapi:<\/strong> rollitos de carne con pan <strong>lepinja<\/strong> y ajvar (close-up de salsa).<\/li>\n\n\n\n<li><strong>Krem\u0161nita de Samobor:<\/strong> corte en capa cremosa, ultra instagrameable.<\/li>\n\n\n\n<li><strong>Kulen y pr\u0161ut:<\/strong> tablas fr\u00edas para un reel \u201cfoodie ranking\u201d.<\/li>\n\n\n\n<li><strong>Rakija<\/strong> (aguardiente) y <strong>cervezas locales<\/strong> para brindis de cierre.<\/li>\n<\/ul>\n\n\n\n<p><strong>Incluido<\/strong><\/p>\n\n\n\n<ul class=\"wp-block-list\">\n<li><strong>A:<\/strong> 2 cenas de autor + cata de vinos croatas.<\/li>\n\n\n\n<li><strong>B:<\/strong> cena t\u00edpica + pub crawl guiado.<\/li>\n\n\n\n<li><strong>C:<\/strong> vales de street food en Dolac\/Tkal\u010di\u0107eva.<\/li>\n<\/ul>\n\n\n\n<hr class=\"wp-block-separator has-alpha-channel-opacity\"\/>\n\n\n\n<h3 class=\"wp-block-heading\">\ud83e\udded Transporte y log\u00edstica<\/h3>\n\n\n\n<p>Aeropuerto <strong>Franjo Tu\u0111man (ZAG)<\/strong> a 25\u201330 min del centro. Traslados privados (A\/B) o <strong>PlesoBus<\/strong> y tranv\u00edas (C). Ciudad segura y caminable\u2014perfecta para <strong>rodajes cortos<\/strong> entre locaciones.<\/p>\n\n\n\n<hr class=\"wp-block-separator has-alpha-channel-opacity\"\/>\n\n\n\n<h3 class=\"wp-block-heading\">\u2600\ufe0f Mejor \u00e9poca<\/h3>\n\n\n\n<ul class=\"wp-block-list\">\n<li><strong>Abr\u2013jun \/ sep\u2013oct:<\/strong> luz suave, clima templado y menos crowds.<\/li>\n\n\n\n<li><strong>Dic:<\/strong> <strong>mercadillo navide\u00f1o<\/strong> y luces (mood cozy).<\/li>\n\n\n\n<li><strong>Jul\u2013ago:<\/strong> m\u00e1s calor, pero lagos perfectos para reels acu\u00e1ticos.<\/li>\n<\/ul>\n\n\n\n<hr class=\"wp-block-separator has-alpha-channel-opacity\"\/>\n\n\n\n<h3 class=\"wp-block-heading\">\ud83c\udfac Ideas de contenido listas<\/h3>\n\n\n\n<ul class=\"wp-block-list\">\n<li>Reel \u201c<strong>del funicular m\u00e1s corto a la mejor vista<\/strong>\u201d (Gri\u010d \u2192 Lotr\u0161\u010dak).<\/li>\n\n\n\n<li>TikTok \u201c<strong>3 caf\u00e9s secretos de Zagreb<\/strong>\u201d (latte art + interiores vintage).<\/li>\n\n\n\n<li>Story \u201c<strong>mi mercado favorito de Europa<\/strong>\u201d (Dolac, toma POV con cesta roja).<\/li>\n\n\n\n<li>Transici\u00f3n <strong>d\u00eda\/noche<\/strong> desde Ban Jela\u010di\u0107 hasta Opera Club.<\/li>\n<\/ul>\n\n\n\n<hr class=\"wp-block-separator has-alpha-channel-opacity\"\/>\n\n\n\n<h3 class=\"wp-block-heading\">\ud83e\uddfe Cierre<\/h3>\n\n\n\n<p>El paquete <strong>Lima \u2013 Zagreb<\/strong> mezcla <strong>plazas hist\u00f3ricas, cultura de caf\u00e9, lagos urbanos y clubs creativos<\/strong>, ideal para <strong>milenials<\/strong> que quieren un destino europeo distinto y un <strong>feed<\/strong> lleno de color, sabor y energ\u00eda balc\u00e1nica.<\/p>\n\n\n\n<p><strong>Fuente: Sebasti\u00e1n Palac\u00edn<\/strong><\/p>\n","protected":false},"excerpt":{"rendered":"<p>(Aeronoticias):La ruta Lima \u2013 Zagreb conecta a los peruanos con la capital de Croacia, una ciudad europea que mezcla arquitectura austroh\u00fangara, caf\u00e9s bohemios, tranv\u00edas azules y una escena cultural joven. No hay vuelos directos; se llega con 1\u20132 escalas (p. ej., Madrid\/Frankfurt\/Estambul + conexi\u00f3n a ZAG) en 18\u201326 horas seg\u00fan itinerario. Zagreb es compacta, caminable [&hellip;]<\/p>\n","protected":false},"author":3,"featured_media":95855,"comment_status":"closed","ping_status":"closed","sticky":false,"template":"","format":"standard","meta":{"tdm_status":"","tdm_grid_status":"","footnotes":""},"categories":[26,34,9,67],"tags":[],"class_list":{"0":"post-95854","1":"post","2":"type-post","3":"status-publish","4":"format-standard","5":"has-post-thumbnail","7":"category-cultural","8":"category-internacionales","9":"category-turismo","10":"category-viajes"},"yoast_head":"<!-- This site is optimized with the Yoast SEO plugin v25.1 - https:\/\/yoast.com\/wordpress\/plugins\/seo\/ -->\n<title>\u2708\ufe0f Lima \u2013 Zagreb (Croacia): plazas vibrantes, r\u00edos color esmeralda y nightlife creativo para creadores de contenido<\/title>\n<meta name=\"description\" content=\"(Aeronoticias): La ruta Lima \u2013 Zagreb conecta a los peruanos con la capital de Croacia, una ciudad europea que mezcla arquitectura austroh\u00fangara, caf\u00e9s bohemios, tranv\u00edas azules y una escena cultural joven. No hay vuelos directos; se llega con 1\u20132 escalas (p. ej., Madrid\/Frankfurt\/Estambul + conexi\u00f3n a ZAG) en 18\u201326 horas seg\u00fan itinerario. Zagreb es compacta, caminable y muy \u201cfilmable\u201d: murales, mercados al aire libre y miradores con tejados rojizos\u2014material perfecto para Reels, TikToks e historias durante todo el a\u00f1o.\" \/>\n<meta name=\"robots\" content=\"index, follow, max-snippet:-1, max-image-preview:large, max-video-preview:-1\" \/>\n<link rel=\"canonical\" href=\"https:\/\/aeronoticias.com.pe\/noticiero\/cultural\/\u2708\ufe0f-lima-zagreb-croacia-plazas-vibrantes-rios-color-esmeralda-y-nightlife-creativo-para-creadores-de-contenido\/\" \/>\n<meta property=\"og:locale\" content=\"es_ES\" \/>\n<meta property=\"og:type\" content=\"article\" \/>\n<meta property=\"og:title\" content=\"\u2708\ufe0f Lima \u2013 Zagreb (Croacia): plazas vibrantes, r\u00edos color esmeralda y nightlife creativo para creadores de contenido\" \/>\n<meta property=\"og:description\" content=\"(Aeronoticias): La ruta Lima \u2013 Zagreb conecta a los peruanos con la capital de Croacia, una ciudad europea que mezcla arquitectura austroh\u00fangara, caf\u00e9s bohemios, tranv\u00edas azules y una escena cultural joven. No hay vuelos directos; se llega con 1\u20132 escalas (p. ej., Madrid\/Frankfurt\/Estambul + conexi\u00f3n a ZAG) en 18\u201326 horas seg\u00fan itinerario. Zagreb es compacta, caminable y muy \u201cfilmable\u201d: murales, mercados al aire libre y miradores con tejados rojizos\u2014material perfecto para Reels, TikToks e historias durante todo el a\u00f1o.\" \/>\n<meta property=\"og:url\" content=\"https:\/\/aeronoticias.com.pe\/noticiero\/cultural\/\u2708\ufe0f-lima-zagreb-croacia-plazas-vibrantes-rios-color-esmeralda-y-nightlife-creativo-para-creadores-de-contenido\/\" \/>\n<meta property=\"og:site_name\" content=\"Aeronoticias.com.pe\" \/>\n<meta property=\"article:publisher\" content=\"https:\/\/www.facebook.com\/Aeronoticias.com.pe\/\" \/>\n<meta property=\"article:published_time\" content=\"2025-09-12T00:50:51+00:00\" \/>\n<meta property=\"article:modified_time\" content=\"2025-09-12T00:50:53+00:00\" \/>\n<meta property=\"og:image\" content=\"https:\/\/aeronoticias.com.pe\/noticiero\/wp-content\/uploads\/2025\/09\/Zagreb-Croacia.jpg\" \/>\n\t<meta property=\"og:image:width\" content=\"1600\" \/>\n\t<meta property=\"og:image:height\" content=\"1066\" \/>\n\t<meta property=\"og:image:type\" content=\"image\/jpeg\" \/>\n<meta name=\"author\" content=\"Redacci\u00f3n\" \/>\n<meta name=\"twitter:card\" content=\"summary_large_image\" \/>\n<meta name=\"twitter:creator\" content=\"@aeronoticias\" \/>\n<meta name=\"twitter:site\" content=\"@aeronoticias\" \/>\n<meta name=\"twitter:label1\" content=\"Escrito por\" \/>\n\t<meta name=\"twitter:data1\" content=\"Redacci\u00f3n\" \/>\n\t<meta name=\"twitter:label2\" content=\"Tiempo de lectura\" \/>\n\t<meta name=\"twitter:data2\" content=\"4 minutos\" \/>\n<script type=\"application\/ld+json\" class=\"yoast-schema-graph\">{\"@context\":\"https:\/\/schema.org\",\"@graph\":[{\"@type\":\"WebPage\",\"@id\":\"https:\/\/aeronoticias.com.pe\/noticiero\/cultural\/%e2%9c%88%ef%b8%8f-lima-zagreb-croacia-plazas-vibrantes-rios-color-esmeralda-y-nightlife-creativo-para-creadores-de-contenido\/\",\"url\":\"https:\/\/aeronoticias.com.pe\/noticiero\/cultural\/%e2%9c%88%ef%b8%8f-lima-zagreb-croacia-plazas-vibrantes-rios-color-esmeralda-y-nightlife-creativo-para-creadores-de-contenido\/\",\"name\":\"\u2708\ufe0f Lima \u2013 Zagreb (Croacia): plazas vibrantes, r\u00edos color esmeralda y nightlife creativo para creadores de contenido\",\"isPartOf\":{\"@id\":\"https:\/\/aeronoticias.com.pe\/noticiero\/#website\"},\"primaryImageOfPage\":{\"@id\":\"https:\/\/aeronoticias.com.pe\/noticiero\/cultural\/%e2%9c%88%ef%b8%8f-lima-zagreb-croacia-plazas-vibrantes-rios-color-esmeralda-y-nightlife-creativo-para-creadores-de-contenido\/#primaryimage\"},\"image\":{\"@id\":\"https:\/\/aeronoticias.com.pe\/noticiero\/cultural\/%e2%9c%88%ef%b8%8f-lima-zagreb-croacia-plazas-vibrantes-rios-color-esmeralda-y-nightlife-creativo-para-creadores-de-contenido\/#primaryimage\"},\"thumbnailUrl\":\"https:\/\/aeronoticias.com.pe\/noticiero\/wp-content\/uploads\/2025\/09\/Zagreb-Croacia.jpg\",\"datePublished\":\"2025-09-12T00:50:51+00:00\",\"dateModified\":\"2025-09-12T00:50:53+00:00\",\"author\":{\"@id\":\"https:\/\/aeronoticias.com.pe\/noticiero\/#\/schema\/person\/16212a617c73f78916b13194154243bd\"},\"description\":\"(Aeronoticias): La ruta Lima \u2013 Zagreb conecta a los peruanos con la capital de Croacia, una ciudad europea que mezcla arquitectura austroh\u00fangara, caf\u00e9s bohemios, tranv\u00edas azules y una escena cultural joven. No hay vuelos directos; se llega con 1\u20132 escalas (p. ej., Madrid\/Frankfurt\/Estambul + conexi\u00f3n a ZAG) en 18\u201326 horas seg\u00fan itinerario. Zagreb es compacta, caminable y muy \u201cfilmable\u201d: murales, mercados al aire libre y miradores con tejados rojizos\u2014material perfecto para Reels, TikToks e historias durante todo el a\u00f1o.\",\"breadcrumb\":{\"@id\":\"https:\/\/aeronoticias.com.pe\/noticiero\/cultural\/%e2%9c%88%ef%b8%8f-lima-zagreb-croacia-plazas-vibrantes-rios-color-esmeralda-y-nightlife-creativo-para-creadores-de-contenido\/#breadcrumb\"},\"inLanguage\":\"es\",\"potentialAction\":[{\"@type\":\"ReadAction\",\"target\":[\"https:\/\/aeronoticias.com.pe\/noticiero\/cultural\/%e2%9c%88%ef%b8%8f-lima-zagreb-croacia-plazas-vibrantes-rios-color-esmeralda-y-nightlife-creativo-para-creadores-de-contenido\/\"]}]},{\"@type\":\"ImageObject\",\"inLanguage\":\"es\",\"@id\":\"https:\/\/aeronoticias.com.pe\/noticiero\/cultural\/%e2%9c%88%ef%b8%8f-lima-zagreb-croacia-plazas-vibrantes-rios-color-esmeralda-y-nightlife-creativo-para-creadores-de-contenido\/#primaryimage\",\"url\":\"https:\/\/aeronoticias.com.pe\/noticiero\/wp-content\/uploads\/2025\/09\/Zagreb-Croacia.jpg\",\"contentUrl\":\"https:\/\/aeronoticias.com.pe\/noticiero\/wp-content\/uploads\/2025\/09\/Zagreb-Croacia.jpg\",\"width\":1600,\"height\":1066},{\"@type\":\"BreadcrumbList\",\"@id\":\"https:\/\/aeronoticias.com.pe\/noticiero\/cultural\/%e2%9c%88%ef%b8%8f-lima-zagreb-croacia-plazas-vibrantes-rios-color-esmeralda-y-nightlife-creativo-para-creadores-de-contenido\/#breadcrumb\",\"itemListElement\":[{\"@type\":\"ListItem\",\"position\":1,\"name\":\"Portada\",\"item\":\"https:\/\/aeronoticias.com.pe\/noticiero\/\"},{\"@type\":\"ListItem\",\"position\":2,\"name\":\"\u2708\ufe0f Lima \u2013 Zagreb (Croacia): plazas vibrantes, r\u00edos color esmeralda y nightlife creativo para creadores de contenido\"}]},{\"@type\":\"WebSite\",\"@id\":\"https:\/\/aeronoticias.com.pe\/noticiero\/#website\",\"url\":\"https:\/\/aeronoticias.com.pe\/noticiero\/\",\"name\":\"Aeronoticias.com.pe\",\"description\":\"Noticias de tranporte aereo, turismo, hoteles, gastronomia, actualidad, internacional\",\"potentialAction\":[{\"@type\":\"SearchAction\",\"target\":{\"@type\":\"EntryPoint\",\"urlTemplate\":\"https:\/\/aeronoticias.com.pe\/noticiero\/?s={search_term_string}\"},\"query-input\":{\"@type\":\"PropertyValueSpecification\",\"valueRequired\":true,\"valueName\":\"search_term_string\"}}],\"inLanguage\":\"es\"},{\"@type\":\"Person\",\"@id\":\"https:\/\/aeronoticias.com.pe\/noticiero\/#\/schema\/person\/16212a617c73f78916b13194154243bd\",\"name\":\"Redacci\u00f3n\",\"sameAs\":[\"http:\/\/Redacci\u00f3n\"],\"url\":\"https:\/\/aeronoticias.com.pe\/noticiero\/author\/celeste\/\"}]}<\/script>\n<!-- \/ Yoast SEO plugin. -->","yoast_head_json":{"title":"\u2708\ufe0f Lima \u2013 Zagreb (Croacia): plazas vibrantes, r\u00edos color esmeralda y nightlife creativo para creadores de contenido","description":"(Aeronoticias): La ruta Lima \u2013 Zagreb conecta a los peruanos con la capital de Croacia, una ciudad europea que mezcla arquitectura austroh\u00fangara, caf\u00e9s bohemios, tranv\u00edas azules y una escena cultural joven. No hay vuelos directos; se llega con 1\u20132 escalas (p. ej., Madrid\/Frankfurt\/Estambul + conexi\u00f3n a ZAG) en 18\u201326 horas seg\u00fan itinerario. Zagreb es compacta, caminable y muy \u201cfilmable\u201d: murales, mercados al aire libre y miradores con tejados rojizos\u2014material perfecto para Reels, TikToks e historias durante todo el a\u00f1o.","robots":{"index":"index","follow":"follow","max-snippet":"max-snippet:-1","max-image-preview":"max-image-preview:large","max-video-preview":"max-video-preview:-1"},"canonical":"https:\/\/aeronoticias.com.pe\/noticiero\/cultural\/\u2708\ufe0f-lima-zagreb-croacia-plazas-vibrantes-rios-color-esmeralda-y-nightlife-creativo-para-creadores-de-contenido\/","og_locale":"es_ES","og_type":"article","og_title":"\u2708\ufe0f Lima \u2013 Zagreb (Croacia): plazas vibrantes, r\u00edos color esmeralda y nightlife creativo para creadores de contenido","og_description":"(Aeronoticias): La ruta Lima \u2013 Zagreb conecta a los peruanos con la capital de Croacia, una ciudad europea que mezcla arquitectura austroh\u00fangara, caf\u00e9s bohemios, tranv\u00edas azules y una escena cultural joven. No hay vuelos directos; se llega con 1\u20132 escalas (p. ej., Madrid\/Frankfurt\/Estambul + conexi\u00f3n a ZAG) en 18\u201326 horas seg\u00fan itinerario. Zagreb es compacta, caminable y muy \u201cfilmable\u201d: murales, mercados al aire libre y miradores con tejados rojizos\u2014material perfecto para Reels, TikToks e historias durante todo el a\u00f1o.","og_url":"https:\/\/aeronoticias.com.pe\/noticiero\/cultural\/\u2708\ufe0f-lima-zagreb-croacia-plazas-vibrantes-rios-color-esmeralda-y-nightlife-creativo-para-creadores-de-contenido\/","og_site_name":"Aeronoticias.com.pe","article_publisher":"https:\/\/www.facebook.com\/Aeronoticias.com.pe\/","article_published_time":"2025-09-12T00:50:51+00:00","article_modified_time":"2025-09-12T00:50:53+00:00","og_image":[{"width":1600,"height":1066,"url":"https:\/\/aeronoticias.com.pe\/noticiero\/wp-content\/uploads\/2025\/09\/Zagreb-Croacia.jpg","type":"image\/jpeg"}],"author":"Redacci\u00f3n","twitter_card":"summary_large_image","twitter_creator":"@aeronoticias","twitter_site":"@aeronoticias","twitter_misc":{"Escrito por":"Redacci\u00f3n","Tiempo de lectura":"4 minutos"},"schema":{"@context":"https:\/\/schema.org","@graph":[{"@type":"WebPage","@id":"https:\/\/aeronoticias.com.pe\/noticiero\/cultural\/%e2%9c%88%ef%b8%8f-lima-zagreb-croacia-plazas-vibrantes-rios-color-esmeralda-y-nightlife-creativo-para-creadores-de-contenido\/","url":"https:\/\/aeronoticias.com.pe\/noticiero\/cultural\/%e2%9c%88%ef%b8%8f-lima-zagreb-croacia-plazas-vibrantes-rios-color-esmeralda-y-nightlife-creativo-para-creadores-de-contenido\/","name":"\u2708\ufe0f Lima \u2013 Zagreb (Croacia): plazas vibrantes, r\u00edos color esmeralda y nightlife creativo para creadores de contenido","isPartOf":{"@id":"https:\/\/aeronoticias.com.pe\/noticiero\/#website"},"primaryImageOfPage":{"@id":"https:\/\/aeronoticias.com.pe\/noticiero\/cultural\/%e2%9c%88%ef%b8%8f-lima-zagreb-croacia-plazas-vibrantes-rios-color-esmeralda-y-nightlife-creativo-para-creadores-de-contenido\/#primaryimage"},"image":{"@id":"https:\/\/aeronoticias.com.pe\/noticiero\/cultural\/%e2%9c%88%ef%b8%8f-lima-zagreb-croacia-plazas-vibrantes-rios-color-esmeralda-y-nightlife-creativo-para-creadores-de-contenido\/#primaryimage"},"thumbnailUrl":"https:\/\/aeronoticias.com.pe\/noticiero\/wp-content\/uploads\/2025\/09\/Zagreb-Croacia.jpg","datePublished":"2025-09-12T00:50:51+00:00","dateModified":"2025-09-12T00:50:53+00:00","author":{"@id":"https:\/\/aeronoticias.com.pe\/noticiero\/#\/schema\/person\/16212a617c73f78916b13194154243bd"},"description":"(Aeronoticias): La ruta Lima \u2013 Zagreb conecta a los peruanos con la capital de Croacia, una ciudad europea que mezcla arquitectura austroh\u00fangara, caf\u00e9s bohemios, tranv\u00edas azules y una escena cultural joven. No hay vuelos directos; se llega con 1\u20132 escalas (p. ej., Madrid\/Frankfurt\/Estambul + conexi\u00f3n a ZAG) en 18\u201326 horas seg\u00fan itinerario. Zagreb es compacta, caminable y muy \u201cfilmable\u201d: murales, mercados al aire libre y miradores con tejados rojizos\u2014material perfecto para Reels, TikToks e historias durante todo el a\u00f1o.","breadcrumb":{"@id":"https:\/\/aeronoticias.com.pe\/noticiero\/cultural\/%e2%9c%88%ef%b8%8f-lima-zagreb-croacia-plazas-vibrantes-rios-color-esmeralda-y-nightlife-creativo-para-creadores-de-contenido\/#breadcrumb"},"inLanguage":"es","potentialAction":[{"@type":"ReadAction","target":["https:\/\/aeronoticias.com.pe\/noticiero\/cultural\/%e2%9c%88%ef%b8%8f-lima-zagreb-croacia-plazas-vibrantes-rios-color-esmeralda-y-nightlife-creativo-para-creadores-de-contenido\/"]}]},{"@type":"ImageObject","inLanguage":"es","@id":"https:\/\/aeronoticias.com.pe\/noticiero\/cultural\/%e2%9c%88%ef%b8%8f-lima-zagreb-croacia-plazas-vibrantes-rios-color-esmeralda-y-nightlife-creativo-para-creadores-de-contenido\/#primaryimage","url":"https:\/\/aeronoticias.com.pe\/noticiero\/wp-content\/uploads\/2025\/09\/Zagreb-Croacia.jpg","contentUrl":"https:\/\/aeronoticias.com.pe\/noticiero\/wp-content\/uploads\/2025\/09\/Zagreb-Croacia.jpg","width":1600,"height":1066},{"@type":"BreadcrumbList","@id":"https:\/\/aeronoticias.com.pe\/noticiero\/cultural\/%e2%9c%88%ef%b8%8f-lima-zagreb-croacia-plazas-vibrantes-rios-color-esmeralda-y-nightlife-creativo-para-creadores-de-contenido\/#breadcrumb","itemListElement":[{"@type":"ListItem","position":1,"name":"Portada","item":"https:\/\/aeronoticias.com.pe\/noticiero\/"},{"@type":"ListItem","position":2,"name":"\u2708\ufe0f Lima \u2013 Zagreb (Croacia): plazas vibrantes, r\u00edos color esmeralda y nightlife creativo para creadores de contenido"}]},{"@type":"WebSite","@id":"https:\/\/aeronoticias.com.pe\/noticiero\/#website","url":"https:\/\/aeronoticias.com.pe\/noticiero\/","name":"Aeronoticias.com.pe","description":"Noticias de tranporte aereo, turismo, hoteles, gastronomia, actualidad, internacional","potentialAction":[{"@type":"SearchAction","target":{"@type":"EntryPoint","urlTemplate":"https:\/\/aeronoticias.com.pe\/noticiero\/?s={search_term_string}"},"query-input":{"@type":"PropertyValueSpecification","valueRequired":true,"valueName":"search_term_string"}}],"inLanguage":"es"},{"@type":"Person","@id":"https:\/\/aeronoticias.com.pe\/noticiero\/#\/schema\/person\/16212a617c73f78916b13194154243bd","name":"Redacci\u00f3n","sameAs":["http:\/\/Redacci\u00f3n"],"url":"https:\/\/aeronoticias.com.pe\/noticiero\/author\/celeste\/"}]}},"_links":{"self":[{"href":"https:\/\/aeronoticias.com.pe\/noticiero\/wp-json\/wp\/v2\/posts\/95854","targetHints":{"allow":["GET"]}}],"collection":[{"href":"https:\/\/aeronoticias.com.pe\/noticiero\/wp-json\/wp\/v2\/posts"}],"about":[{"href":"https:\/\/aeronoticias.com.pe\/noticiero\/wp-json\/wp\/v2\/types\/post"}],"author":[{"embeddable":true,"href":"https:\/\/aeronoticias.com.pe\/noticiero\/wp-json\/wp\/v2\/users\/3"}],"replies":[{"embeddable":true,"href":"https:\/\/aeronoticias.com.pe\/noticiero\/wp-json\/wp\/v2\/comments?post=95854"}],"version-history":[{"count":1,"href":"https:\/\/aeronoticias.com.pe\/noticiero\/wp-json\/wp\/v2\/posts\/95854\/revisions"}],"predecessor-version":[{"id":95856,"href":"https:\/\/aeronoticias.com.pe\/noticiero\/wp-json\/wp\/v2\/posts\/95854\/revisions\/95856"}],"wp:featuredmedia":[{"embeddable":true,"href":"https:\/\/aeronoticias.com.pe\/noticiero\/wp-json\/wp\/v2\/media\/95855"}],"wp:attachment":[{"href":"https:\/\/aeronoticias.com.pe\/noticiero\/wp-json\/wp\/v2\/media?parent=95854"}],"wp:term":[{"taxonomy":"category","embeddable":true,"href":"https:\/\/aeronoticias.com.pe\/noticiero\/wp-json\/wp\/v2\/categories?post=95854"},{"taxonomy":"post_tag","embeddable":true,"href":"https:\/\/aeronoticias.com.pe\/noticiero\/wp-json\/wp\/v2\/tags?post=95854"}],"curies":[{"name":"wp","href":"https:\/\/api.w.org\/{rel}","templated":true}]}}