{"id":96087,"date":"2025-09-30T15:09:59","date_gmt":"2025-09-30T20:09:59","guid":{"rendered":"https:\/\/aeronoticias.com.pe\/noticiero\/?p=96087"},"modified":"2025-09-30T15:10:00","modified_gmt":"2025-09-30T20:10:00","slug":"kulm-hotel-st-moritz-el-pionero-del-turismo-alpino-de-lujo-en-suiza","status":"publish","type":"post","link":"https:\/\/aeronoticias.com.pe\/noticiero\/turismo\/hoteleria\/kulm-hotel-st-moritz-el-pionero-del-turismo-alpino-de-lujo-en-suiza\/","title":{"rendered":"Kulm Hotel St. Moritz: El pionero del turismo alpino de lujo en Suiza"},"content":{"rendered":"\n<h3 class=\"wp-block-heading\"><\/h3>\n\n\n\n<p><strong>(Aeronoticias):<\/strong> El <strong>Kulm Hotel St. Moritz<\/strong> no es solo un hotel de cinco estrellas; es la cuna del turismo de invierno moderno. Fundado en <strong>1856 por Johannes Badrutt<\/strong>, este establecimiento fue el primero en atraer a viajeros de \u00e9lite a los Alpes suizos, sentando las bases del turismo de lujo en St. Moritz.<\/p>\n\n\n\n<p>Con <strong>164 habitaciones y suites<\/strong>, el Kulm conserva su estilo cl\u00e1sico alpino, con maderas nobles, vistas panor\u00e1micas al lago y a las monta\u00f1as, y una atm\u00f3sfera c\u00e1lida que equilibra historia y modernidad. Su <strong>Kulm Spa de 2,000 m\u00b2<\/strong> es considerado uno de los mejores de Europa, con piscinas interiores y exteriores, circuitos termales y tratamientos de bienestar.<\/p>\n\n\n\n<p>La oferta gastron\u00f3mica incluye <strong>7 restaurantes<\/strong>, desde el refinado <strong>Grand Restaurant<\/strong>, hasta propuestas innovadoras como el <strong>Kulm Country Club<\/strong>, dirigido por el chef italiano Mauro Colagreco, con estrella Michelin.<\/p>\n\n\n\n<p>Su <strong>slogan<\/strong> es: <em>\u201cWhere Winter Tourism Was Born\u201d<\/em> (Donde naci\u00f3 el turismo de invierno). La <strong>visi\u00f3n<\/strong> del Kulm es seguir siendo referente hist\u00f3rico del lujo alpino, mientras que su <strong>misi\u00f3n<\/strong> se centra en ofrecer experiencias aut\u00e9nticas de monta\u00f1a con hospitalidad impecable.<\/p>\n\n\n\n<p>Los precios oscilan entre <strong>900 y 10,000 euros por noche<\/strong>, con suites hist\u00f3ricas que han alojado a zares, arist\u00f3cratas europeos y personalidades como Alfred Hitchcock y Charlie Chaplin. El <strong>c\u00f3digo de vestimenta<\/strong> es <strong>elegante alpino<\/strong>, requiri\u00e9ndose chaqueta y vestido para cenas formales.<\/p>\n\n\n\n<p>Entre sus <strong>premios<\/strong> destacan la inclusi\u00f3n en el <strong>Cond\u00e9 Nast Traveler Gold List<\/strong> y el reconocimiento como <strong>Mejor Hotel Hist\u00f3rico de Europa<\/strong>. Cr\u00edticos y hu\u00e9spedes destacan el equilibrio entre tradici\u00f3n y modernidad, con un servicio que conserva el prestigio de m\u00e1s de 160 a\u00f1os de historia.<\/p>\n\n\n\n<p>La <strong>filosof\u00eda<\/strong> del Kulm Hotel es preservar la esencia del turismo alpino con una hospitalidad que combina herencia, autenticidad y sofisticaci\u00f3n en un entorno natural privilegiado.<\/p>\n\n\n\n<p><strong>Fuente: Sebasti\u00e1n Palac\u00edn<\/strong><\/p>\n","protected":false},"excerpt":{"rendered":"<p>(Aeronoticias): El Kulm Hotel St. Moritz no es solo un hotel de cinco estrellas; es la cuna del turismo de invierno moderno. Fundado en 1856 por Johannes Badrutt, este establecimiento fue el primero en atraer a viajeros de \u00e9lite a los Alpes suizos, sentando las bases del turismo de lujo en St. Moritz. Con 164 [&hellip;]<\/p>\n","protected":false},"author":3,"featured_media":96088,"comment_status":"closed","ping_status":"closed","sticky":false,"template":"","format":"standard","meta":{"tdm_status":"","tdm_grid_status":"","footnotes":""},"categories":[50,9],"tags":[],"class_list":{"0":"post-96087","1":"post","2":"type-post","3":"status-publish","4":"format-standard","5":"has-post-thumbnail","7":"category-hoteleria","8":"category-turismo"},"yoast_head":"<!-- This site is optimized with the Yoast SEO plugin v25.1 - https:\/\/yoast.com\/wordpress\/plugins\/seo\/ -->\n<title>Kulm Hotel St. Moritz: El pionero del turismo alpino de lujo en Suiza<\/title>\n<meta name=\"description\" content=\"(Aeronoticias): El Kulm Hotel St. Moritz no es solo un hotel de cinco estrellas; es la cuna del turismo de invierno moderno. Fundado en 1856 por Johannes Badrutt, este establecimiento fue el primero en atraer a viajeros de \u00e9lite a los Alpes suizos, sentando las bases del turismo de lujo en St. Moritz.\" \/>\n<meta name=\"robots\" content=\"index, follow, max-snippet:-1, max-image-preview:large, max-video-preview:-1\" \/>\n<link rel=\"canonical\" href=\"https:\/\/aeronoticias.com.pe\/noticiero\/turismo\/hoteleria\/kulm-hotel-st-moritz-el-pionero-del-turismo-alpino-de-lujo-en-suiza\/\" \/>\n<meta property=\"og:locale\" content=\"es_ES\" \/>\n<meta property=\"og:type\" content=\"article\" \/>\n<meta property=\"og:title\" content=\"Kulm Hotel St. Moritz: El pionero del turismo alpino de lujo en Suiza\" \/>\n<meta property=\"og:description\" content=\"(Aeronoticias): El Kulm Hotel St. Moritz no es solo un hotel de cinco estrellas; es la cuna del turismo de invierno moderno. Fundado en 1856 por Johannes Badrutt, este establecimiento fue el primero en atraer a viajeros de \u00e9lite a los Alpes suizos, sentando las bases del turismo de lujo en St. Moritz.\" \/>\n<meta property=\"og:url\" content=\"https:\/\/aeronoticias.com.pe\/noticiero\/turismo\/hoteleria\/kulm-hotel-st-moritz-el-pionero-del-turismo-alpino-de-lujo-en-suiza\/\" \/>\n<meta property=\"og:site_name\" content=\"Aeronoticias.com.pe\" \/>\n<meta property=\"article:publisher\" content=\"https:\/\/www.facebook.com\/Aeronoticias.com.pe\/\" \/>\n<meta property=\"article:published_time\" content=\"2025-09-30T20:09:59+00:00\" \/>\n<meta property=\"article:modified_time\" content=\"2025-09-30T20:10:00+00:00\" \/>\n<meta property=\"og:image\" content=\"https:\/\/aeronoticias.com.pe\/noticiero\/wp-content\/uploads\/2025\/09\/Kulm-Hotel-St.-Moritz.jpg\" \/>\n\t<meta property=\"og:image:width\" content=\"1400\" \/>\n\t<meta property=\"og:image:height\" content=\"1049\" \/>\n\t<meta property=\"og:image:type\" content=\"image\/jpeg\" \/>\n<meta name=\"author\" content=\"Redacci\u00f3n\" \/>\n<meta name=\"twitter:card\" content=\"summary_large_image\" \/>\n<meta name=\"twitter:creator\" content=\"@aeronoticias\" \/>\n<meta name=\"twitter:site\" content=\"@aeronoticias\" \/>\n<meta name=\"twitter:label1\" content=\"Escrito por\" \/>\n\t<meta name=\"twitter:data1\" content=\"Redacci\u00f3n\" \/>\n\t<meta name=\"twitter:label2\" content=\"Tiempo de lectura\" \/>\n\t<meta name=\"twitter:data2\" content=\"2 minutos\" \/>\n<script type=\"application\/ld+json\" class=\"yoast-schema-graph\">{\"@context\":\"https:\/\/schema.org\",\"@graph\":[{\"@type\":\"WebPage\",\"@id\":\"https:\/\/aeronoticias.com.pe\/noticiero\/turismo\/hoteleria\/kulm-hotel-st-moritz-el-pionero-del-turismo-alpino-de-lujo-en-suiza\/\",\"url\":\"https:\/\/aeronoticias.com.pe\/noticiero\/turismo\/hoteleria\/kulm-hotel-st-moritz-el-pionero-del-turismo-alpino-de-lujo-en-suiza\/\",\"name\":\"Kulm Hotel St. Moritz: El pionero del turismo alpino de lujo en Suiza\",\"isPartOf\":{\"@id\":\"https:\/\/aeronoticias.com.pe\/noticiero\/#website\"},\"primaryImageOfPage\":{\"@id\":\"https:\/\/aeronoticias.com.pe\/noticiero\/turismo\/hoteleria\/kulm-hotel-st-moritz-el-pionero-del-turismo-alpino-de-lujo-en-suiza\/#primaryimage\"},\"image\":{\"@id\":\"https:\/\/aeronoticias.com.pe\/noticiero\/turismo\/hoteleria\/kulm-hotel-st-moritz-el-pionero-del-turismo-alpino-de-lujo-en-suiza\/#primaryimage\"},\"thumbnailUrl\":\"https:\/\/aeronoticias.com.pe\/noticiero\/wp-content\/uploads\/2025\/09\/Kulm-Hotel-St.-Moritz.jpg\",\"datePublished\":\"2025-09-30T20:09:59+00:00\",\"dateModified\":\"2025-09-30T20:10:00+00:00\",\"author\":{\"@id\":\"https:\/\/aeronoticias.com.pe\/noticiero\/#\/schema\/person\/16212a617c73f78916b13194154243bd\"},\"description\":\"(Aeronoticias): El Kulm Hotel St. Moritz no es solo un hotel de cinco estrellas; es la cuna del turismo de invierno moderno. Fundado en 1856 por Johannes Badrutt, este establecimiento fue el primero en atraer a viajeros de \u00e9lite a los Alpes suizos, sentando las bases del turismo de lujo en St. Moritz.\",\"breadcrumb\":{\"@id\":\"https:\/\/aeronoticias.com.pe\/noticiero\/turismo\/hoteleria\/kulm-hotel-st-moritz-el-pionero-del-turismo-alpino-de-lujo-en-suiza\/#breadcrumb\"},\"inLanguage\":\"es\",\"potentialAction\":[{\"@type\":\"ReadAction\",\"target\":[\"https:\/\/aeronoticias.com.pe\/noticiero\/turismo\/hoteleria\/kulm-hotel-st-moritz-el-pionero-del-turismo-alpino-de-lujo-en-suiza\/\"]}]},{\"@type\":\"ImageObject\",\"inLanguage\":\"es\",\"@id\":\"https:\/\/aeronoticias.com.pe\/noticiero\/turismo\/hoteleria\/kulm-hotel-st-moritz-el-pionero-del-turismo-alpino-de-lujo-en-suiza\/#primaryimage\",\"url\":\"https:\/\/aeronoticias.com.pe\/noticiero\/wp-content\/uploads\/2025\/09\/Kulm-Hotel-St.-Moritz.jpg\",\"contentUrl\":\"https:\/\/aeronoticias.com.pe\/noticiero\/wp-content\/uploads\/2025\/09\/Kulm-Hotel-St.-Moritz.jpg\",\"width\":1400,\"height\":1049},{\"@type\":\"BreadcrumbList\",\"@id\":\"https:\/\/aeronoticias.com.pe\/noticiero\/turismo\/hoteleria\/kulm-hotel-st-moritz-el-pionero-del-turismo-alpino-de-lujo-en-suiza\/#breadcrumb\",\"itemListElement\":[{\"@type\":\"ListItem\",\"position\":1,\"name\":\"Portada\",\"item\":\"https:\/\/aeronoticias.com.pe\/noticiero\/\"},{\"@type\":\"ListItem\",\"position\":2,\"name\":\"Kulm Hotel St. Moritz: El pionero del turismo alpino de lujo en Suiza\"}]},{\"@type\":\"WebSite\",\"@id\":\"https:\/\/aeronoticias.com.pe\/noticiero\/#website\",\"url\":\"https:\/\/aeronoticias.com.pe\/noticiero\/\",\"name\":\"Aeronoticias.com.pe\",\"description\":\"Noticias de tranporte aereo, turismo, hoteles, gastronomia, actualidad, internacional\",\"potentialAction\":[{\"@type\":\"SearchAction\",\"target\":{\"@type\":\"EntryPoint\",\"urlTemplate\":\"https:\/\/aeronoticias.com.pe\/noticiero\/?s={search_term_string}\"},\"query-input\":{\"@type\":\"PropertyValueSpecification\",\"valueRequired\":true,\"valueName\":\"search_term_string\"}}],\"inLanguage\":\"es\"},{\"@type\":\"Person\",\"@id\":\"https:\/\/aeronoticias.com.pe\/noticiero\/#\/schema\/person\/16212a617c73f78916b13194154243bd\",\"name\":\"Redacci\u00f3n\",\"sameAs\":[\"http:\/\/Redacci\u00f3n\"],\"url\":\"https:\/\/aeronoticias.com.pe\/noticiero\/author\/celeste\/\"}]}<\/script>\n<!-- \/ Yoast SEO plugin. -->","yoast_head_json":{"title":"Kulm Hotel St. Moritz: El pionero del turismo alpino de lujo en Suiza","description":"(Aeronoticias): El Kulm Hotel St. Moritz no es solo un hotel de cinco estrellas; es la cuna del turismo de invierno moderno. Fundado en 1856 por Johannes Badrutt, este establecimiento fue el primero en atraer a viajeros de \u00e9lite a los Alpes suizos, sentando las bases del turismo de lujo en St. Moritz.","robots":{"index":"index","follow":"follow","max-snippet":"max-snippet:-1","max-image-preview":"max-image-preview:large","max-video-preview":"max-video-preview:-1"},"canonical":"https:\/\/aeronoticias.com.pe\/noticiero\/turismo\/hoteleria\/kulm-hotel-st-moritz-el-pionero-del-turismo-alpino-de-lujo-en-suiza\/","og_locale":"es_ES","og_type":"article","og_title":"Kulm Hotel St. Moritz: El pionero del turismo alpino de lujo en Suiza","og_description":"(Aeronoticias): El Kulm Hotel St. Moritz no es solo un hotel de cinco estrellas; es la cuna del turismo de invierno moderno. Fundado en 1856 por Johannes Badrutt, este establecimiento fue el primero en atraer a viajeros de \u00e9lite a los Alpes suizos, sentando las bases del turismo de lujo en St. Moritz.","og_url":"https:\/\/aeronoticias.com.pe\/noticiero\/turismo\/hoteleria\/kulm-hotel-st-moritz-el-pionero-del-turismo-alpino-de-lujo-en-suiza\/","og_site_name":"Aeronoticias.com.pe","article_publisher":"https:\/\/www.facebook.com\/Aeronoticias.com.pe\/","article_published_time":"2025-09-30T20:09:59+00:00","article_modified_time":"2025-09-30T20:10:00+00:00","og_image":[{"width":1400,"height":1049,"url":"https:\/\/aeronoticias.com.pe\/noticiero\/wp-content\/uploads\/2025\/09\/Kulm-Hotel-St.-Moritz.jpg","type":"image\/jpeg"}],"author":"Redacci\u00f3n","twitter_card":"summary_large_image","twitter_creator":"@aeronoticias","twitter_site":"@aeronoticias","twitter_misc":{"Escrito por":"Redacci\u00f3n","Tiempo de lectura":"2 minutos"},"schema":{"@context":"https:\/\/schema.org","@graph":[{"@type":"WebPage","@id":"https:\/\/aeronoticias.com.pe\/noticiero\/turismo\/hoteleria\/kulm-hotel-st-moritz-el-pionero-del-turismo-alpino-de-lujo-en-suiza\/","url":"https:\/\/aeronoticias.com.pe\/noticiero\/turismo\/hoteleria\/kulm-hotel-st-moritz-el-pionero-del-turismo-alpino-de-lujo-en-suiza\/","name":"Kulm Hotel St. Moritz: El pionero del turismo alpino de lujo en Suiza","isPartOf":{"@id":"https:\/\/aeronoticias.com.pe\/noticiero\/#website"},"primaryImageOfPage":{"@id":"https:\/\/aeronoticias.com.pe\/noticiero\/turismo\/hoteleria\/kulm-hotel-st-moritz-el-pionero-del-turismo-alpino-de-lujo-en-suiza\/#primaryimage"},"image":{"@id":"https:\/\/aeronoticias.com.pe\/noticiero\/turismo\/hoteleria\/kulm-hotel-st-moritz-el-pionero-del-turismo-alpino-de-lujo-en-suiza\/#primaryimage"},"thumbnailUrl":"https:\/\/aeronoticias.com.pe\/noticiero\/wp-content\/uploads\/2025\/09\/Kulm-Hotel-St.-Moritz.jpg","datePublished":"2025-09-30T20:09:59+00:00","dateModified":"2025-09-30T20:10:00+00:00","author":{"@id":"https:\/\/aeronoticias.com.pe\/noticiero\/#\/schema\/person\/16212a617c73f78916b13194154243bd"},"description":"(Aeronoticias): El Kulm Hotel St. Moritz no es solo un hotel de cinco estrellas; es la cuna del turismo de invierno moderno. Fundado en 1856 por Johannes Badrutt, este establecimiento fue el primero en atraer a viajeros de \u00e9lite a los Alpes suizos, sentando las bases del turismo de lujo en St. Moritz.","breadcrumb":{"@id":"https:\/\/aeronoticias.com.pe\/noticiero\/turismo\/hoteleria\/kulm-hotel-st-moritz-el-pionero-del-turismo-alpino-de-lujo-en-suiza\/#breadcrumb"},"inLanguage":"es","potentialAction":[{"@type":"ReadAction","target":["https:\/\/aeronoticias.com.pe\/noticiero\/turismo\/hoteleria\/kulm-hotel-st-moritz-el-pionero-del-turismo-alpino-de-lujo-en-suiza\/"]}]},{"@type":"ImageObject","inLanguage":"es","@id":"https:\/\/aeronoticias.com.pe\/noticiero\/turismo\/hoteleria\/kulm-hotel-st-moritz-el-pionero-del-turismo-alpino-de-lujo-en-suiza\/#primaryimage","url":"https:\/\/aeronoticias.com.pe\/noticiero\/wp-content\/uploads\/2025\/09\/Kulm-Hotel-St.-Moritz.jpg","contentUrl":"https:\/\/aeronoticias.com.pe\/noticiero\/wp-content\/uploads\/2025\/09\/Kulm-Hotel-St.-Moritz.jpg","width":1400,"height":1049},{"@type":"BreadcrumbList","@id":"https:\/\/aeronoticias.com.pe\/noticiero\/turismo\/hoteleria\/kulm-hotel-st-moritz-el-pionero-del-turismo-alpino-de-lujo-en-suiza\/#breadcrumb","itemListElement":[{"@type":"ListItem","position":1,"name":"Portada","item":"https:\/\/aeronoticias.com.pe\/noticiero\/"},{"@type":"ListItem","position":2,"name":"Kulm Hotel St. Moritz: El pionero del turismo alpino de lujo en Suiza"}]},{"@type":"WebSite","@id":"https:\/\/aeronoticias.com.pe\/noticiero\/#website","url":"https:\/\/aeronoticias.com.pe\/noticiero\/","name":"Aeronoticias.com.pe","description":"Noticias de tranporte aereo, turismo, hoteles, gastronomia, actualidad, internacional","potentialAction":[{"@type":"SearchAction","target":{"@type":"EntryPoint","urlTemplate":"https:\/\/aeronoticias.com.pe\/noticiero\/?s={search_term_string}"},"query-input":{"@type":"PropertyValueSpecification","valueRequired":true,"valueName":"search_term_string"}}],"inLanguage":"es"},{"@type":"Person","@id":"https:\/\/aeronoticias.com.pe\/noticiero\/#\/schema\/person\/16212a617c73f78916b13194154243bd","name":"Redacci\u00f3n","sameAs":["http:\/\/Redacci\u00f3n"],"url":"https:\/\/aeronoticias.com.pe\/noticiero\/author\/celeste\/"}]}},"_links":{"self":[{"href":"https:\/\/aeronoticias.com.pe\/noticiero\/wp-json\/wp\/v2\/posts\/96087","targetHints":{"allow":["GET"]}}],"collection":[{"href":"https:\/\/aeronoticias.com.pe\/noticiero\/wp-json\/wp\/v2\/posts"}],"about":[{"href":"https:\/\/aeronoticias.com.pe\/noticiero\/wp-json\/wp\/v2\/types\/post"}],"author":[{"embeddable":true,"href":"https:\/\/aeronoticias.com.pe\/noticiero\/wp-json\/wp\/v2\/users\/3"}],"replies":[{"embeddable":true,"href":"https:\/\/aeronoticias.com.pe\/noticiero\/wp-json\/wp\/v2\/comments?post=96087"}],"version-history":[{"count":1,"href":"https:\/\/aeronoticias.com.pe\/noticiero\/wp-json\/wp\/v2\/posts\/96087\/revisions"}],"predecessor-version":[{"id":96089,"href":"https:\/\/aeronoticias.com.pe\/noticiero\/wp-json\/wp\/v2\/posts\/96087\/revisions\/96089"}],"wp:featuredmedia":[{"embeddable":true,"href":"https:\/\/aeronoticias.com.pe\/noticiero\/wp-json\/wp\/v2\/media\/96088"}],"wp:attachment":[{"href":"https:\/\/aeronoticias.com.pe\/noticiero\/wp-json\/wp\/v2\/media?parent=96087"}],"wp:term":[{"taxonomy":"category","embeddable":true,"href":"https:\/\/aeronoticias.com.pe\/noticiero\/wp-json\/wp\/v2\/categories?post=96087"},{"taxonomy":"post_tag","embeddable":true,"href":"https:\/\/aeronoticias.com.pe\/noticiero\/wp-json\/wp\/v2\/tags?post=96087"}],"curies":[{"name":"wp","href":"https:\/\/api.w.org\/{rel}","templated":true}]}}