{"id":96332,"date":"2025-10-17T12:13:10","date_gmt":"2025-10-17T17:13:10","guid":{"rendered":"https:\/\/aeronoticias.com.pe\/noticiero\/?p=96332"},"modified":"2025-10-17T12:13:12","modified_gmt":"2025-10-17T17:13:12","slug":"%f0%9f%8c%bf-karol-g-en-el-amanera-republica-dominicana-lujo-minimalista-frente-al-atlantico","status":"publish","type":"post","link":"https:\/\/aeronoticias.com.pe\/noticiero\/turismo\/hoteleria\/%f0%9f%8c%bf-karol-g-en-el-amanera-republica-dominicana-lujo-minimalista-frente-al-atlantico\/","title":{"rendered":"\ud83c\udf3f Karol G en el Amanera (Rep\u00fablica Dominicana): lujo minimalista frente al Atl\u00e1ntico"},"content":{"rendered":"\n<h2 class=\"wp-block-heading\"><\/h2>\n\n\n\n<p><strong>(Aeronoticias):<\/strong><br>La artista colombiana <strong>Karol G<\/strong> escogi\u00f3 el <strong>Amanera<\/strong>, uno de los resorts m\u00e1s exclusivos del Caribe, para una escapada privada tras finalizar su gira internacional. Situado en la costa norte de la <strong>Rep\u00fablica Dominicana<\/strong>, sobre los acantilados de <strong>Playa Grande<\/strong>, el Amanera pertenece a la cadena de ultralujo <strong>Aman Resorts<\/strong>, reconocida mundialmente por su filosof\u00eda de dise\u00f1o minimalista y su enfoque en la naturaleza.<\/p>\n\n\n\n<p>Fuentes locales confirmaron que la cantante se aloj\u00f3 en una de las <strong>Casas Ocean View Pool<\/strong>, valoradas en m\u00e1s de <strong>US$3,500 por noche<\/strong>, con piscina infinita privada y vistas directas al mar Atl\u00e1ntico. Cada villa fue dise\u00f1ada por el arquitecto brit\u00e1nico <strong>John Heah<\/strong>, combinando l\u00edneas puras, piedra caliza dominicana y techos flotantes de madera, sin barreras visuales entre el interior y el paisaje.<\/p>\n\n\n\n<p>Karol G comparti\u00f3 discretamente algunas im\u00e1genes en sus historias de Instagram, mostrando amaneceres sobre el mar y paseos entre jardines tropicales. Una de las publicaciones m\u00e1s comentadas la mostraba meditando frente al horizonte con el mensaje: <em>\u201cRecargar, respirar y agradecer\u201d<\/em>. Su estancia coincidi\u00f3 con una pausa en su calendario antes de su participaci\u00f3n en los Latin Grammy, y se interpret\u00f3 como un retiro personal de descanso y reconexi\u00f3n.<\/p>\n\n\n\n<p>El <strong>Amanera<\/strong> es conocido por su <strong>concepto de serenidad total<\/strong>: no hay m\u00fasica ambiental, los espacios comunes est\u00e1n dise\u00f1ados para el silencio y la privacidad, y cada hu\u00e9sped cuenta con un \u201cAman Host\u201d personal en lugar de un mayordomo tradicional. El resort ofrece adem\u00e1s experiencias exclusivas como cenas frente al acantilado, tratamientos de spa con ingredientes locales y clases de yoga con vista al oc\u00e9ano.<\/p>\n\n\n\n<p>La elecci\u00f3n de Karol G se alinea con una tendencia creciente entre las celebridades latinoamericanas hacia los destinos <strong>eco-lujo<\/strong>, donde el bienestar y la sostenibilidad tienen el mismo protagonismo que el confort. Con su visita, la artista tambi\u00e9n reforz\u00f3 la visibilidad internacional del turismo dominicano de alta gama, un sector que ha crecido de forma notable en los \u00faltimos cinco a\u00f1os.<\/p>\n\n\n\n<p><strong>Fuente: Sebasti\u00e1n Palac\u00edn<\/strong><\/p>\n","protected":false},"excerpt":{"rendered":"<p>(Aeronoticias):La artista colombiana Karol G escogi\u00f3 el Amanera, uno de los resorts m\u00e1s exclusivos del Caribe, para una escapada privada tras finalizar su gira internacional. Situado en la costa norte de la Rep\u00fablica Dominicana, sobre los acantilados de Playa Grande, el Amanera pertenece a la cadena de ultralujo Aman Resorts, reconocida mundialmente por su filosof\u00eda [&hellip;]<\/p>\n","protected":false},"author":3,"featured_media":96333,"comment_status":"closed","ping_status":"closed","sticky":false,"template":"","format":"standard","meta":{"tdm_status":"","tdm_grid_status":"","footnotes":""},"categories":[50,9],"tags":[],"class_list":{"0":"post-96332","1":"post","2":"type-post","3":"status-publish","4":"format-standard","5":"has-post-thumbnail","7":"category-hoteleria","8":"category-turismo"},"yoast_head":"<!-- This site is optimized with the Yoast SEO plugin v25.1 - https:\/\/yoast.com\/wordpress\/plugins\/seo\/ -->\n<title>\ud83c\udf3f Karol G en el Amanera (Rep\u00fablica Dominicana): lujo minimalista frente al Atl\u00e1ntico<\/title>\n<meta name=\"description\" content=\"(Aeronoticias): La artista colombiana Karol G escogi\u00f3 el Amanera, uno de los resorts m\u00e1s exclusivos del Caribe, para una escapada privada tras finalizar su gira internacional. Situado en la costa norte de la Rep\u00fablica Dominicana, sobre los acantilados de Playa Grande, el Amanera pertenece a la cadena de ultralujo Aman Resorts, reconocida mundialmente por su filosof\u00eda de dise\u00f1o minimalista y su enfoque en la naturaleza\" \/>\n<meta name=\"robots\" content=\"index, follow, max-snippet:-1, max-image-preview:large, max-video-preview:-1\" \/>\n<link rel=\"canonical\" href=\"https:\/\/aeronoticias.com.pe\/noticiero\/turismo\/hoteleria\/\ud83c\udf3f-karol-g-en-el-amanera-republica-dominicana-lujo-minimalista-frente-al-atlantico\/\" \/>\n<meta property=\"og:locale\" content=\"es_ES\" \/>\n<meta property=\"og:type\" content=\"article\" \/>\n<meta property=\"og:title\" content=\"\ud83c\udf3f Karol G en el Amanera (Rep\u00fablica Dominicana): lujo minimalista frente al Atl\u00e1ntico\" \/>\n<meta property=\"og:description\" content=\"(Aeronoticias): La artista colombiana Karol G escogi\u00f3 el Amanera, uno de los resorts m\u00e1s exclusivos del Caribe, para una escapada privada tras finalizar su gira internacional. Situado en la costa norte de la Rep\u00fablica Dominicana, sobre los acantilados de Playa Grande, el Amanera pertenece a la cadena de ultralujo Aman Resorts, reconocida mundialmente por su filosof\u00eda de dise\u00f1o minimalista y su enfoque en la naturaleza\" \/>\n<meta property=\"og:url\" content=\"https:\/\/aeronoticias.com.pe\/noticiero\/turismo\/hoteleria\/\ud83c\udf3f-karol-g-en-el-amanera-republica-dominicana-lujo-minimalista-frente-al-atlantico\/\" \/>\n<meta property=\"og:site_name\" content=\"Aeronoticias.com.pe\" \/>\n<meta property=\"article:publisher\" content=\"https:\/\/www.facebook.com\/Aeronoticias.com.pe\/\" \/>\n<meta property=\"article:published_time\" content=\"2025-10-17T17:13:10+00:00\" \/>\n<meta property=\"article:modified_time\" content=\"2025-10-17T17:13:12+00:00\" \/>\n<meta property=\"og:image\" content=\"https:\/\/aeronoticias.com.pe\/noticiero\/wp-content\/uploads\/2025\/10\/Karol-G.jpg\" \/>\n\t<meta property=\"og:image:width\" content=\"1024\" \/>\n\t<meta property=\"og:image:height\" content=\"576\" \/>\n\t<meta property=\"og:image:type\" content=\"image\/jpeg\" \/>\n<meta name=\"author\" content=\"Redacci\u00f3n\" \/>\n<meta name=\"twitter:card\" content=\"summary_large_image\" \/>\n<meta name=\"twitter:creator\" content=\"@aeronoticias\" \/>\n<meta name=\"twitter:site\" content=\"@aeronoticias\" \/>\n<meta name=\"twitter:label1\" content=\"Escrito por\" \/>\n\t<meta name=\"twitter:data1\" content=\"Redacci\u00f3n\" \/>\n\t<meta name=\"twitter:label2\" content=\"Tiempo de lectura\" \/>\n\t<meta name=\"twitter:data2\" content=\"2 minutos\" \/>\n<script type=\"application\/ld+json\" class=\"yoast-schema-graph\">{\"@context\":\"https:\/\/schema.org\",\"@graph\":[{\"@type\":\"WebPage\",\"@id\":\"https:\/\/aeronoticias.com.pe\/noticiero\/turismo\/hoteleria\/%f0%9f%8c%bf-karol-g-en-el-amanera-republica-dominicana-lujo-minimalista-frente-al-atlantico\/\",\"url\":\"https:\/\/aeronoticias.com.pe\/noticiero\/turismo\/hoteleria\/%f0%9f%8c%bf-karol-g-en-el-amanera-republica-dominicana-lujo-minimalista-frente-al-atlantico\/\",\"name\":\"\ud83c\udf3f Karol G en el Amanera (Rep\u00fablica Dominicana): lujo minimalista frente al Atl\u00e1ntico\",\"isPartOf\":{\"@id\":\"https:\/\/aeronoticias.com.pe\/noticiero\/#website\"},\"primaryImageOfPage\":{\"@id\":\"https:\/\/aeronoticias.com.pe\/noticiero\/turismo\/hoteleria\/%f0%9f%8c%bf-karol-g-en-el-amanera-republica-dominicana-lujo-minimalista-frente-al-atlantico\/#primaryimage\"},\"image\":{\"@id\":\"https:\/\/aeronoticias.com.pe\/noticiero\/turismo\/hoteleria\/%f0%9f%8c%bf-karol-g-en-el-amanera-republica-dominicana-lujo-minimalista-frente-al-atlantico\/#primaryimage\"},\"thumbnailUrl\":\"https:\/\/aeronoticias.com.pe\/noticiero\/wp-content\/uploads\/2025\/10\/Karol-G.jpg\",\"datePublished\":\"2025-10-17T17:13:10+00:00\",\"dateModified\":\"2025-10-17T17:13:12+00:00\",\"author\":{\"@id\":\"https:\/\/aeronoticias.com.pe\/noticiero\/#\/schema\/person\/16212a617c73f78916b13194154243bd\"},\"description\":\"(Aeronoticias): La artista colombiana Karol G escogi\u00f3 el Amanera, uno de los resorts m\u00e1s exclusivos del Caribe, para una escapada privada tras finalizar su gira internacional. Situado en la costa norte de la Rep\u00fablica Dominicana, sobre los acantilados de Playa Grande, el Amanera pertenece a la cadena de ultralujo Aman Resorts, reconocida mundialmente por su filosof\u00eda de dise\u00f1o minimalista y su enfoque en la naturaleza\",\"breadcrumb\":{\"@id\":\"https:\/\/aeronoticias.com.pe\/noticiero\/turismo\/hoteleria\/%f0%9f%8c%bf-karol-g-en-el-amanera-republica-dominicana-lujo-minimalista-frente-al-atlantico\/#breadcrumb\"},\"inLanguage\":\"es\",\"potentialAction\":[{\"@type\":\"ReadAction\",\"target\":[\"https:\/\/aeronoticias.com.pe\/noticiero\/turismo\/hoteleria\/%f0%9f%8c%bf-karol-g-en-el-amanera-republica-dominicana-lujo-minimalista-frente-al-atlantico\/\"]}]},{\"@type\":\"ImageObject\",\"inLanguage\":\"es\",\"@id\":\"https:\/\/aeronoticias.com.pe\/noticiero\/turismo\/hoteleria\/%f0%9f%8c%bf-karol-g-en-el-amanera-republica-dominicana-lujo-minimalista-frente-al-atlantico\/#primaryimage\",\"url\":\"https:\/\/aeronoticias.com.pe\/noticiero\/wp-content\/uploads\/2025\/10\/Karol-G.jpg\",\"contentUrl\":\"https:\/\/aeronoticias.com.pe\/noticiero\/wp-content\/uploads\/2025\/10\/Karol-G.jpg\",\"width\":1024,\"height\":576},{\"@type\":\"BreadcrumbList\",\"@id\":\"https:\/\/aeronoticias.com.pe\/noticiero\/turismo\/hoteleria\/%f0%9f%8c%bf-karol-g-en-el-amanera-republica-dominicana-lujo-minimalista-frente-al-atlantico\/#breadcrumb\",\"itemListElement\":[{\"@type\":\"ListItem\",\"position\":1,\"name\":\"Portada\",\"item\":\"https:\/\/aeronoticias.com.pe\/noticiero\/\"},{\"@type\":\"ListItem\",\"position\":2,\"name\":\"\ud83c\udf3f Karol G en el Amanera (Rep\u00fablica Dominicana): lujo minimalista frente al Atl\u00e1ntico\"}]},{\"@type\":\"WebSite\",\"@id\":\"https:\/\/aeronoticias.com.pe\/noticiero\/#website\",\"url\":\"https:\/\/aeronoticias.com.pe\/noticiero\/\",\"name\":\"Aeronoticias.com.pe\",\"description\":\"Noticias de tranporte aereo, turismo, hoteles, gastronomia, actualidad, internacional\",\"potentialAction\":[{\"@type\":\"SearchAction\",\"target\":{\"@type\":\"EntryPoint\",\"urlTemplate\":\"https:\/\/aeronoticias.com.pe\/noticiero\/?s={search_term_string}\"},\"query-input\":{\"@type\":\"PropertyValueSpecification\",\"valueRequired\":true,\"valueName\":\"search_term_string\"}}],\"inLanguage\":\"es\"},{\"@type\":\"Person\",\"@id\":\"https:\/\/aeronoticias.com.pe\/noticiero\/#\/schema\/person\/16212a617c73f78916b13194154243bd\",\"name\":\"Redacci\u00f3n\",\"sameAs\":[\"http:\/\/Redacci\u00f3n\"],\"url\":\"https:\/\/aeronoticias.com.pe\/noticiero\/author\/celeste\/\"}]}<\/script>\n<!-- \/ Yoast SEO plugin. -->","yoast_head_json":{"title":"\ud83c\udf3f Karol G en el Amanera (Rep\u00fablica Dominicana): lujo minimalista frente al Atl\u00e1ntico","description":"(Aeronoticias): La artista colombiana Karol G escogi\u00f3 el Amanera, uno de los resorts m\u00e1s exclusivos del Caribe, para una escapada privada tras finalizar su gira internacional. Situado en la costa norte de la Rep\u00fablica Dominicana, sobre los acantilados de Playa Grande, el Amanera pertenece a la cadena de ultralujo Aman Resorts, reconocida mundialmente por su filosof\u00eda de dise\u00f1o minimalista y su enfoque en la naturaleza","robots":{"index":"index","follow":"follow","max-snippet":"max-snippet:-1","max-image-preview":"max-image-preview:large","max-video-preview":"max-video-preview:-1"},"canonical":"https:\/\/aeronoticias.com.pe\/noticiero\/turismo\/hoteleria\/\ud83c\udf3f-karol-g-en-el-amanera-republica-dominicana-lujo-minimalista-frente-al-atlantico\/","og_locale":"es_ES","og_type":"article","og_title":"\ud83c\udf3f Karol G en el Amanera (Rep\u00fablica Dominicana): lujo minimalista frente al Atl\u00e1ntico","og_description":"(Aeronoticias): La artista colombiana Karol G escogi\u00f3 el Amanera, uno de los resorts m\u00e1s exclusivos del Caribe, para una escapada privada tras finalizar su gira internacional. Situado en la costa norte de la Rep\u00fablica Dominicana, sobre los acantilados de Playa Grande, el Amanera pertenece a la cadena de ultralujo Aman Resorts, reconocida mundialmente por su filosof\u00eda de dise\u00f1o minimalista y su enfoque en la naturaleza","og_url":"https:\/\/aeronoticias.com.pe\/noticiero\/turismo\/hoteleria\/\ud83c\udf3f-karol-g-en-el-amanera-republica-dominicana-lujo-minimalista-frente-al-atlantico\/","og_site_name":"Aeronoticias.com.pe","article_publisher":"https:\/\/www.facebook.com\/Aeronoticias.com.pe\/","article_published_time":"2025-10-17T17:13:10+00:00","article_modified_time":"2025-10-17T17:13:12+00:00","og_image":[{"width":1024,"height":576,"url":"https:\/\/aeronoticias.com.pe\/noticiero\/wp-content\/uploads\/2025\/10\/Karol-G.jpg","type":"image\/jpeg"}],"author":"Redacci\u00f3n","twitter_card":"summary_large_image","twitter_creator":"@aeronoticias","twitter_site":"@aeronoticias","twitter_misc":{"Escrito por":"Redacci\u00f3n","Tiempo de lectura":"2 minutos"},"schema":{"@context":"https:\/\/schema.org","@graph":[{"@type":"WebPage","@id":"https:\/\/aeronoticias.com.pe\/noticiero\/turismo\/hoteleria\/%f0%9f%8c%bf-karol-g-en-el-amanera-republica-dominicana-lujo-minimalista-frente-al-atlantico\/","url":"https:\/\/aeronoticias.com.pe\/noticiero\/turismo\/hoteleria\/%f0%9f%8c%bf-karol-g-en-el-amanera-republica-dominicana-lujo-minimalista-frente-al-atlantico\/","name":"\ud83c\udf3f Karol G en el Amanera (Rep\u00fablica Dominicana): lujo minimalista frente al Atl\u00e1ntico","isPartOf":{"@id":"https:\/\/aeronoticias.com.pe\/noticiero\/#website"},"primaryImageOfPage":{"@id":"https:\/\/aeronoticias.com.pe\/noticiero\/turismo\/hoteleria\/%f0%9f%8c%bf-karol-g-en-el-amanera-republica-dominicana-lujo-minimalista-frente-al-atlantico\/#primaryimage"},"image":{"@id":"https:\/\/aeronoticias.com.pe\/noticiero\/turismo\/hoteleria\/%f0%9f%8c%bf-karol-g-en-el-amanera-republica-dominicana-lujo-minimalista-frente-al-atlantico\/#primaryimage"},"thumbnailUrl":"https:\/\/aeronoticias.com.pe\/noticiero\/wp-content\/uploads\/2025\/10\/Karol-G.jpg","datePublished":"2025-10-17T17:13:10+00:00","dateModified":"2025-10-17T17:13:12+00:00","author":{"@id":"https:\/\/aeronoticias.com.pe\/noticiero\/#\/schema\/person\/16212a617c73f78916b13194154243bd"},"description":"(Aeronoticias): La artista colombiana Karol G escogi\u00f3 el Amanera, uno de los resorts m\u00e1s exclusivos del Caribe, para una escapada privada tras finalizar su gira internacional. Situado en la costa norte de la Rep\u00fablica Dominicana, sobre los acantilados de Playa Grande, el Amanera pertenece a la cadena de ultralujo Aman Resorts, reconocida mundialmente por su filosof\u00eda de dise\u00f1o minimalista y su enfoque en la naturaleza","breadcrumb":{"@id":"https:\/\/aeronoticias.com.pe\/noticiero\/turismo\/hoteleria\/%f0%9f%8c%bf-karol-g-en-el-amanera-republica-dominicana-lujo-minimalista-frente-al-atlantico\/#breadcrumb"},"inLanguage":"es","potentialAction":[{"@type":"ReadAction","target":["https:\/\/aeronoticias.com.pe\/noticiero\/turismo\/hoteleria\/%f0%9f%8c%bf-karol-g-en-el-amanera-republica-dominicana-lujo-minimalista-frente-al-atlantico\/"]}]},{"@type":"ImageObject","inLanguage":"es","@id":"https:\/\/aeronoticias.com.pe\/noticiero\/turismo\/hoteleria\/%f0%9f%8c%bf-karol-g-en-el-amanera-republica-dominicana-lujo-minimalista-frente-al-atlantico\/#primaryimage","url":"https:\/\/aeronoticias.com.pe\/noticiero\/wp-content\/uploads\/2025\/10\/Karol-G.jpg","contentUrl":"https:\/\/aeronoticias.com.pe\/noticiero\/wp-content\/uploads\/2025\/10\/Karol-G.jpg","width":1024,"height":576},{"@type":"BreadcrumbList","@id":"https:\/\/aeronoticias.com.pe\/noticiero\/turismo\/hoteleria\/%f0%9f%8c%bf-karol-g-en-el-amanera-republica-dominicana-lujo-minimalista-frente-al-atlantico\/#breadcrumb","itemListElement":[{"@type":"ListItem","position":1,"name":"Portada","item":"https:\/\/aeronoticias.com.pe\/noticiero\/"},{"@type":"ListItem","position":2,"name":"\ud83c\udf3f Karol G en el Amanera (Rep\u00fablica Dominicana): lujo minimalista frente al Atl\u00e1ntico"}]},{"@type":"WebSite","@id":"https:\/\/aeronoticias.com.pe\/noticiero\/#website","url":"https:\/\/aeronoticias.com.pe\/noticiero\/","name":"Aeronoticias.com.pe","description":"Noticias de tranporte aereo, turismo, hoteles, gastronomia, actualidad, internacional","potentialAction":[{"@type":"SearchAction","target":{"@type":"EntryPoint","urlTemplate":"https:\/\/aeronoticias.com.pe\/noticiero\/?s={search_term_string}"},"query-input":{"@type":"PropertyValueSpecification","valueRequired":true,"valueName":"search_term_string"}}],"inLanguage":"es"},{"@type":"Person","@id":"https:\/\/aeronoticias.com.pe\/noticiero\/#\/schema\/person\/16212a617c73f78916b13194154243bd","name":"Redacci\u00f3n","sameAs":["http:\/\/Redacci\u00f3n"],"url":"https:\/\/aeronoticias.com.pe\/noticiero\/author\/celeste\/"}]}},"_links":{"self":[{"href":"https:\/\/aeronoticias.com.pe\/noticiero\/wp-json\/wp\/v2\/posts\/96332","targetHints":{"allow":["GET"]}}],"collection":[{"href":"https:\/\/aeronoticias.com.pe\/noticiero\/wp-json\/wp\/v2\/posts"}],"about":[{"href":"https:\/\/aeronoticias.com.pe\/noticiero\/wp-json\/wp\/v2\/types\/post"}],"author":[{"embeddable":true,"href":"https:\/\/aeronoticias.com.pe\/noticiero\/wp-json\/wp\/v2\/users\/3"}],"replies":[{"embeddable":true,"href":"https:\/\/aeronoticias.com.pe\/noticiero\/wp-json\/wp\/v2\/comments?post=96332"}],"version-history":[{"count":1,"href":"https:\/\/aeronoticias.com.pe\/noticiero\/wp-json\/wp\/v2\/posts\/96332\/revisions"}],"predecessor-version":[{"id":96334,"href":"https:\/\/aeronoticias.com.pe\/noticiero\/wp-json\/wp\/v2\/posts\/96332\/revisions\/96334"}],"wp:featuredmedia":[{"embeddable":true,"href":"https:\/\/aeronoticias.com.pe\/noticiero\/wp-json\/wp\/v2\/media\/96333"}],"wp:attachment":[{"href":"https:\/\/aeronoticias.com.pe\/noticiero\/wp-json\/wp\/v2\/media?parent=96332"}],"wp:term":[{"taxonomy":"category","embeddable":true,"href":"https:\/\/aeronoticias.com.pe\/noticiero\/wp-json\/wp\/v2\/categories?post=96332"},{"taxonomy":"post_tag","embeddable":true,"href":"https:\/\/aeronoticias.com.pe\/noticiero\/wp-json\/wp\/v2\/tags?post=96332"}],"curies":[{"name":"wp","href":"https:\/\/api.w.org\/{rel}","templated":true}]}}