{"id":96335,"date":"2025-10-17T12:16:19","date_gmt":"2025-10-17T17:16:19","guid":{"rendered":"https:\/\/aeronoticias.com.pe\/noticiero\/?p=96335"},"modified":"2025-10-17T12:16:20","modified_gmt":"2025-10-17T17:16:20","slug":"%e2%9c%a8-dua-lipa-en-el-hotel-de-crillon-paris-elegancia-historica-y-modernidad-bajo-el-sello-del-lujo-frances","status":"publish","type":"post","link":"https:\/\/aeronoticias.com.pe\/noticiero\/turismo\/hoteleria\/%e2%9c%a8-dua-lipa-en-el-hotel-de-crillon-paris-elegancia-historica-y-modernidad-bajo-el-sello-del-lujo-frances\/","title":{"rendered":"\u2728 Dua Lipa en el H\u00f4tel de Crillon (Par\u00eds): elegancia hist\u00f3rica y modernidad bajo el sello del lujo franc\u00e9s"},"content":{"rendered":"\n<h2 class=\"wp-block-heading\"><\/h2>\n\n\n\n<p><strong>(Aeronoticias):<\/strong><br>Durante la <strong>Semana de la Moda de Par\u00eds<\/strong>, la cantante brit\u00e1nica <strong>Dua Lipa<\/strong> se hosped\u00f3 en el legendario <strong>H\u00f4tel de Crillon<\/strong>, uno de los hoteles m\u00e1s ic\u00f3nicos del mundo y s\u00edmbolo del lujo parisino. Situado en la <strong>Place de la Concorde<\/strong>, este palacio del siglo XVIII \u2014originalmente mandado construir por el rey Luis XV\u2014 pertenece hoy a la exclusiva cadena <strong>Rosewood Hotels &amp; Resorts<\/strong>, y es frecuentado por personalidades del arte, la m\u00fasica y la realeza europea.<\/p>\n\n\n\n<p>Fuentes cercanas al entorno de la artista confirmaron que Dua Lipa ocup\u00f3 una de las <strong>suites hist\u00f3ricas remodeladas por Karl Lagerfeld<\/strong>, valoradas en <strong>m\u00e1s de 25,000 euros por noche<\/strong>. Estas habitaciones, que combinan mobiliario del siglo XVIII con toques de dise\u00f1o contempor\u00e1neo, est\u00e1n adornadas con m\u00e1rmoles franceses, l\u00e1mparas Baccarat y amplias terrazas con vistas directas al <strong>Obelisco de Luxor<\/strong> y a los <strong>Campos El\u00edseos<\/strong>.<\/p>\n\n\n\n<p>La artista fue vista ingresando discretamente al hotel acompa\u00f1ada de su equipo de estilistas y asistentes. En redes sociales comparti\u00f3 im\u00e1genes de su estancia, destacando la imponente arquitectura neocl\u00e1sica y los interiores ba\u00f1ados en luz dorada. En una de sus publicaciones m\u00e1s comentadas escribi\u00f3: <em>\u201cPar\u00eds, siempre me haces sentir en casa\u201d<\/em>, junto a una fotograf\u00eda tomada en el <strong>Jard\u00edn d\u2019Hiver<\/strong>, uno de los salones m\u00e1s exclusivos del hotel donde suelen hospedarse miembros de la realeza y celebridades de alto perfil.<\/p>\n\n\n\n<p>El <strong>H\u00f4tel de Crillon<\/strong> reabri\u00f3 sus puertas en 2017 tras una restauraci\u00f3n de casi cuatro a\u00f1os y m\u00e1s de <strong>200 millones de euros de inversi\u00f3n<\/strong>, con el objetivo de preservar su herencia real sin renunciar a la tecnolog\u00eda y el confort modernos. Su oferta incluye un spa con productos <strong>Sisley Paris<\/strong>, un restaurante con <strong>estrella Michelin<\/strong> (L\u2019Ecrin) y un servicio de conserjer\u00eda de lujo que atiende peticiones personalizadas, desde reservas en museos hasta traslados en helic\u00f3ptero privado.<\/p>\n\n\n\n<p>Durante su estancia, Dua Lipa fue invitada a eventos de moda organizados por <strong>Balenciaga<\/strong> y <strong>Yves Saint Laurent<\/strong>, marcas de las que es embajadora, convirtiendo al H\u00f4tel de Crillon en su base de operaciones para entrevistas, sesiones fotogr\u00e1ficas y encuentros con dise\u00f1adores.<\/p>\n\n\n\n<p>La elecci\u00f3n de este palacio refuerza la conexi\u00f3n de la artista con el estilo <strong>haute couture parisino<\/strong>, donde combina glamour, discreci\u00f3n y autenticidad. El Crillon, adem\u00e1s, es considerado una joya del patrimonio franc\u00e9s, declarado <strong>monumento hist\u00f3rico nacional<\/strong>, lo que otorga a cada visita una dimensi\u00f3n cultural y simb\u00f3lica.<\/p>\n\n\n\n<p><strong>Fuente: Sebasti\u00e1n Palac\u00edn<\/strong><\/p>\n","protected":false},"excerpt":{"rendered":"<p>(Aeronoticias):Durante la Semana de la Moda de Par\u00eds, la cantante brit\u00e1nica Dua Lipa se hosped\u00f3 en el legendario H\u00f4tel de Crillon, uno de los hoteles m\u00e1s ic\u00f3nicos del mundo y s\u00edmbolo del lujo parisino. Situado en la Place de la Concorde, este palacio del siglo XVIII \u2014originalmente mandado construir por el rey Luis XV\u2014 pertenece [&hellip;]<\/p>\n","protected":false},"author":3,"featured_media":96336,"comment_status":"closed","ping_status":"closed","sticky":false,"template":"","format":"standard","meta":{"tdm_status":"","tdm_grid_status":"","footnotes":""},"categories":[50,9],"tags":[],"class_list":{"0":"post-96335","1":"post","2":"type-post","3":"status-publish","4":"format-standard","5":"has-post-thumbnail","7":"category-hoteleria","8":"category-turismo"},"yoast_head":"<!-- This site is optimized with the Yoast SEO plugin v25.1 - https:\/\/yoast.com\/wordpress\/plugins\/seo\/ -->\n<title>\u2728 Dua Lipa en el H\u00f4tel de Crillon (Par\u00eds): elegancia hist\u00f3rica y modernidad bajo el sello del lujo franc\u00e9s<\/title>\n<meta name=\"description\" content=\"(Aeronoticias): Durante la Semana de la Moda de Par\u00eds, la cantante brit\u00e1nica Dua Lipa se hosped\u00f3 en el legendario H\u00f4tel de Crillon, uno de los hoteles m\u00e1s ic\u00f3nicos del mundo y s\u00edmbolo del lujo parisino. Situado en la Place de la Concorde, este palacio del siglo XVIII \u2014originalmente mandado construir por el rey Luis XV\u2014 pertenece hoy a la exclusiva cadena Rosewood Hotels &amp; Resorts, y es frecuentado por personalidades del arte, la m\u00fasica y la realeza europea.\" \/>\n<meta name=\"robots\" content=\"index, follow, max-snippet:-1, max-image-preview:large, max-video-preview:-1\" \/>\n<link rel=\"canonical\" href=\"https:\/\/aeronoticias.com.pe\/noticiero\/turismo\/hoteleria\/\u2728-dua-lipa-en-el-hotel-de-crillon-paris-elegancia-historica-y-modernidad-bajo-el-sello-del-lujo-frances\/\" \/>\n<meta property=\"og:locale\" content=\"es_ES\" \/>\n<meta property=\"og:type\" content=\"article\" \/>\n<meta property=\"og:title\" content=\"\u2728 Dua Lipa en el H\u00f4tel de Crillon (Par\u00eds): elegancia hist\u00f3rica y modernidad bajo el sello del lujo franc\u00e9s\" \/>\n<meta property=\"og:description\" content=\"(Aeronoticias): Durante la Semana de la Moda de Par\u00eds, la cantante brit\u00e1nica Dua Lipa se hosped\u00f3 en el legendario H\u00f4tel de Crillon, uno de los hoteles m\u00e1s ic\u00f3nicos del mundo y s\u00edmbolo del lujo parisino. Situado en la Place de la Concorde, este palacio del siglo XVIII \u2014originalmente mandado construir por el rey Luis XV\u2014 pertenece hoy a la exclusiva cadena Rosewood Hotels &amp; Resorts, y es frecuentado por personalidades del arte, la m\u00fasica y la realeza europea.\" \/>\n<meta property=\"og:url\" content=\"https:\/\/aeronoticias.com.pe\/noticiero\/turismo\/hoteleria\/\u2728-dua-lipa-en-el-hotel-de-crillon-paris-elegancia-historica-y-modernidad-bajo-el-sello-del-lujo-frances\/\" \/>\n<meta property=\"og:site_name\" content=\"Aeronoticias.com.pe\" \/>\n<meta property=\"article:publisher\" content=\"https:\/\/www.facebook.com\/Aeronoticias.com.pe\/\" \/>\n<meta property=\"article:published_time\" content=\"2025-10-17T17:16:19+00:00\" \/>\n<meta property=\"article:modified_time\" content=\"2025-10-17T17:16:20+00:00\" \/>\n<meta property=\"og:image\" content=\"https:\/\/aeronoticias.com.pe\/noticiero\/wp-content\/uploads\/2025\/10\/dua-lipa.jpg\" \/>\n\t<meta property=\"og:image:width\" content=\"1200\" \/>\n\t<meta property=\"og:image:height\" content=\"800\" \/>\n\t<meta property=\"og:image:type\" content=\"image\/jpeg\" \/>\n<meta name=\"author\" content=\"Redacci\u00f3n\" \/>\n<meta name=\"twitter:card\" content=\"summary_large_image\" \/>\n<meta name=\"twitter:creator\" content=\"@aeronoticias\" \/>\n<meta name=\"twitter:site\" content=\"@aeronoticias\" \/>\n<meta name=\"twitter:label1\" content=\"Escrito por\" \/>\n\t<meta name=\"twitter:data1\" content=\"Redacci\u00f3n\" \/>\n\t<meta name=\"twitter:label2\" content=\"Tiempo de lectura\" \/>\n\t<meta name=\"twitter:data2\" content=\"2 minutos\" \/>\n<script type=\"application\/ld+json\" class=\"yoast-schema-graph\">{\"@context\":\"https:\/\/schema.org\",\"@graph\":[{\"@type\":\"WebPage\",\"@id\":\"https:\/\/aeronoticias.com.pe\/noticiero\/turismo\/hoteleria\/%e2%9c%a8-dua-lipa-en-el-hotel-de-crillon-paris-elegancia-historica-y-modernidad-bajo-el-sello-del-lujo-frances\/\",\"url\":\"https:\/\/aeronoticias.com.pe\/noticiero\/turismo\/hoteleria\/%e2%9c%a8-dua-lipa-en-el-hotel-de-crillon-paris-elegancia-historica-y-modernidad-bajo-el-sello-del-lujo-frances\/\",\"name\":\"\u2728 Dua Lipa en el H\u00f4tel de Crillon (Par\u00eds): elegancia hist\u00f3rica y modernidad bajo el sello del lujo franc\u00e9s\",\"isPartOf\":{\"@id\":\"https:\/\/aeronoticias.com.pe\/noticiero\/#website\"},\"primaryImageOfPage\":{\"@id\":\"https:\/\/aeronoticias.com.pe\/noticiero\/turismo\/hoteleria\/%e2%9c%a8-dua-lipa-en-el-hotel-de-crillon-paris-elegancia-historica-y-modernidad-bajo-el-sello-del-lujo-frances\/#primaryimage\"},\"image\":{\"@id\":\"https:\/\/aeronoticias.com.pe\/noticiero\/turismo\/hoteleria\/%e2%9c%a8-dua-lipa-en-el-hotel-de-crillon-paris-elegancia-historica-y-modernidad-bajo-el-sello-del-lujo-frances\/#primaryimage\"},\"thumbnailUrl\":\"https:\/\/aeronoticias.com.pe\/noticiero\/wp-content\/uploads\/2025\/10\/dua-lipa.jpg\",\"datePublished\":\"2025-10-17T17:16:19+00:00\",\"dateModified\":\"2025-10-17T17:16:20+00:00\",\"author\":{\"@id\":\"https:\/\/aeronoticias.com.pe\/noticiero\/#\/schema\/person\/16212a617c73f78916b13194154243bd\"},\"description\":\"(Aeronoticias): Durante la Semana de la Moda de Par\u00eds, la cantante brit\u00e1nica Dua Lipa se hosped\u00f3 en el legendario H\u00f4tel de Crillon, uno de los hoteles m\u00e1s ic\u00f3nicos del mundo y s\u00edmbolo del lujo parisino. Situado en la Place de la Concorde, este palacio del siglo XVIII \u2014originalmente mandado construir por el rey Luis XV\u2014 pertenece hoy a la exclusiva cadena Rosewood Hotels & Resorts, y es frecuentado por personalidades del arte, la m\u00fasica y la realeza europea.\",\"breadcrumb\":{\"@id\":\"https:\/\/aeronoticias.com.pe\/noticiero\/turismo\/hoteleria\/%e2%9c%a8-dua-lipa-en-el-hotel-de-crillon-paris-elegancia-historica-y-modernidad-bajo-el-sello-del-lujo-frances\/#breadcrumb\"},\"inLanguage\":\"es\",\"potentialAction\":[{\"@type\":\"ReadAction\",\"target\":[\"https:\/\/aeronoticias.com.pe\/noticiero\/turismo\/hoteleria\/%e2%9c%a8-dua-lipa-en-el-hotel-de-crillon-paris-elegancia-historica-y-modernidad-bajo-el-sello-del-lujo-frances\/\"]}]},{\"@type\":\"ImageObject\",\"inLanguage\":\"es\",\"@id\":\"https:\/\/aeronoticias.com.pe\/noticiero\/turismo\/hoteleria\/%e2%9c%a8-dua-lipa-en-el-hotel-de-crillon-paris-elegancia-historica-y-modernidad-bajo-el-sello-del-lujo-frances\/#primaryimage\",\"url\":\"https:\/\/aeronoticias.com.pe\/noticiero\/wp-content\/uploads\/2025\/10\/dua-lipa.jpg\",\"contentUrl\":\"https:\/\/aeronoticias.com.pe\/noticiero\/wp-content\/uploads\/2025\/10\/dua-lipa.jpg\",\"width\":1200,\"height\":800},{\"@type\":\"BreadcrumbList\",\"@id\":\"https:\/\/aeronoticias.com.pe\/noticiero\/turismo\/hoteleria\/%e2%9c%a8-dua-lipa-en-el-hotel-de-crillon-paris-elegancia-historica-y-modernidad-bajo-el-sello-del-lujo-frances\/#breadcrumb\",\"itemListElement\":[{\"@type\":\"ListItem\",\"position\":1,\"name\":\"Portada\",\"item\":\"https:\/\/aeronoticias.com.pe\/noticiero\/\"},{\"@type\":\"ListItem\",\"position\":2,\"name\":\"\u2728 Dua Lipa en el H\u00f4tel de Crillon (Par\u00eds): elegancia hist\u00f3rica y modernidad bajo el sello del lujo franc\u00e9s\"}]},{\"@type\":\"WebSite\",\"@id\":\"https:\/\/aeronoticias.com.pe\/noticiero\/#website\",\"url\":\"https:\/\/aeronoticias.com.pe\/noticiero\/\",\"name\":\"Aeronoticias.com.pe\",\"description\":\"Noticias de tranporte aereo, turismo, hoteles, gastronomia, actualidad, internacional\",\"potentialAction\":[{\"@type\":\"SearchAction\",\"target\":{\"@type\":\"EntryPoint\",\"urlTemplate\":\"https:\/\/aeronoticias.com.pe\/noticiero\/?s={search_term_string}\"},\"query-input\":{\"@type\":\"PropertyValueSpecification\",\"valueRequired\":true,\"valueName\":\"search_term_string\"}}],\"inLanguage\":\"es\"},{\"@type\":\"Person\",\"@id\":\"https:\/\/aeronoticias.com.pe\/noticiero\/#\/schema\/person\/16212a617c73f78916b13194154243bd\",\"name\":\"Redacci\u00f3n\",\"sameAs\":[\"http:\/\/Redacci\u00f3n\"],\"url\":\"https:\/\/aeronoticias.com.pe\/noticiero\/author\/celeste\/\"}]}<\/script>\n<!-- \/ Yoast SEO plugin. -->","yoast_head_json":{"title":"\u2728 Dua Lipa en el H\u00f4tel de Crillon (Par\u00eds): elegancia hist\u00f3rica y modernidad bajo el sello del lujo franc\u00e9s","description":"(Aeronoticias): Durante la Semana de la Moda de Par\u00eds, la cantante brit\u00e1nica Dua Lipa se hosped\u00f3 en el legendario H\u00f4tel de Crillon, uno de los hoteles m\u00e1s ic\u00f3nicos del mundo y s\u00edmbolo del lujo parisino. Situado en la Place de la Concorde, este palacio del siglo XVIII \u2014originalmente mandado construir por el rey Luis XV\u2014 pertenece hoy a la exclusiva cadena Rosewood Hotels & Resorts, y es frecuentado por personalidades del arte, la m\u00fasica y la realeza europea.","robots":{"index":"index","follow":"follow","max-snippet":"max-snippet:-1","max-image-preview":"max-image-preview:large","max-video-preview":"max-video-preview:-1"},"canonical":"https:\/\/aeronoticias.com.pe\/noticiero\/turismo\/hoteleria\/\u2728-dua-lipa-en-el-hotel-de-crillon-paris-elegancia-historica-y-modernidad-bajo-el-sello-del-lujo-frances\/","og_locale":"es_ES","og_type":"article","og_title":"\u2728 Dua Lipa en el H\u00f4tel de Crillon (Par\u00eds): elegancia hist\u00f3rica y modernidad bajo el sello del lujo franc\u00e9s","og_description":"(Aeronoticias): Durante la Semana de la Moda de Par\u00eds, la cantante brit\u00e1nica Dua Lipa se hosped\u00f3 en el legendario H\u00f4tel de Crillon, uno de los hoteles m\u00e1s ic\u00f3nicos del mundo y s\u00edmbolo del lujo parisino. Situado en la Place de la Concorde, este palacio del siglo XVIII \u2014originalmente mandado construir por el rey Luis XV\u2014 pertenece hoy a la exclusiva cadena Rosewood Hotels & Resorts, y es frecuentado por personalidades del arte, la m\u00fasica y la realeza europea.","og_url":"https:\/\/aeronoticias.com.pe\/noticiero\/turismo\/hoteleria\/\u2728-dua-lipa-en-el-hotel-de-crillon-paris-elegancia-historica-y-modernidad-bajo-el-sello-del-lujo-frances\/","og_site_name":"Aeronoticias.com.pe","article_publisher":"https:\/\/www.facebook.com\/Aeronoticias.com.pe\/","article_published_time":"2025-10-17T17:16:19+00:00","article_modified_time":"2025-10-17T17:16:20+00:00","og_image":[{"width":1200,"height":800,"url":"https:\/\/aeronoticias.com.pe\/noticiero\/wp-content\/uploads\/2025\/10\/dua-lipa.jpg","type":"image\/jpeg"}],"author":"Redacci\u00f3n","twitter_card":"summary_large_image","twitter_creator":"@aeronoticias","twitter_site":"@aeronoticias","twitter_misc":{"Escrito por":"Redacci\u00f3n","Tiempo de lectura":"2 minutos"},"schema":{"@context":"https:\/\/schema.org","@graph":[{"@type":"WebPage","@id":"https:\/\/aeronoticias.com.pe\/noticiero\/turismo\/hoteleria\/%e2%9c%a8-dua-lipa-en-el-hotel-de-crillon-paris-elegancia-historica-y-modernidad-bajo-el-sello-del-lujo-frances\/","url":"https:\/\/aeronoticias.com.pe\/noticiero\/turismo\/hoteleria\/%e2%9c%a8-dua-lipa-en-el-hotel-de-crillon-paris-elegancia-historica-y-modernidad-bajo-el-sello-del-lujo-frances\/","name":"\u2728 Dua Lipa en el H\u00f4tel de Crillon (Par\u00eds): elegancia hist\u00f3rica y modernidad bajo el sello del lujo franc\u00e9s","isPartOf":{"@id":"https:\/\/aeronoticias.com.pe\/noticiero\/#website"},"primaryImageOfPage":{"@id":"https:\/\/aeronoticias.com.pe\/noticiero\/turismo\/hoteleria\/%e2%9c%a8-dua-lipa-en-el-hotel-de-crillon-paris-elegancia-historica-y-modernidad-bajo-el-sello-del-lujo-frances\/#primaryimage"},"image":{"@id":"https:\/\/aeronoticias.com.pe\/noticiero\/turismo\/hoteleria\/%e2%9c%a8-dua-lipa-en-el-hotel-de-crillon-paris-elegancia-historica-y-modernidad-bajo-el-sello-del-lujo-frances\/#primaryimage"},"thumbnailUrl":"https:\/\/aeronoticias.com.pe\/noticiero\/wp-content\/uploads\/2025\/10\/dua-lipa.jpg","datePublished":"2025-10-17T17:16:19+00:00","dateModified":"2025-10-17T17:16:20+00:00","author":{"@id":"https:\/\/aeronoticias.com.pe\/noticiero\/#\/schema\/person\/16212a617c73f78916b13194154243bd"},"description":"(Aeronoticias): Durante la Semana de la Moda de Par\u00eds, la cantante brit\u00e1nica Dua Lipa se hosped\u00f3 en el legendario H\u00f4tel de Crillon, uno de los hoteles m\u00e1s ic\u00f3nicos del mundo y s\u00edmbolo del lujo parisino. Situado en la Place de la Concorde, este palacio del siglo XVIII \u2014originalmente mandado construir por el rey Luis XV\u2014 pertenece hoy a la exclusiva cadena Rosewood Hotels & Resorts, y es frecuentado por personalidades del arte, la m\u00fasica y la realeza europea.","breadcrumb":{"@id":"https:\/\/aeronoticias.com.pe\/noticiero\/turismo\/hoteleria\/%e2%9c%a8-dua-lipa-en-el-hotel-de-crillon-paris-elegancia-historica-y-modernidad-bajo-el-sello-del-lujo-frances\/#breadcrumb"},"inLanguage":"es","potentialAction":[{"@type":"ReadAction","target":["https:\/\/aeronoticias.com.pe\/noticiero\/turismo\/hoteleria\/%e2%9c%a8-dua-lipa-en-el-hotel-de-crillon-paris-elegancia-historica-y-modernidad-bajo-el-sello-del-lujo-frances\/"]}]},{"@type":"ImageObject","inLanguage":"es","@id":"https:\/\/aeronoticias.com.pe\/noticiero\/turismo\/hoteleria\/%e2%9c%a8-dua-lipa-en-el-hotel-de-crillon-paris-elegancia-historica-y-modernidad-bajo-el-sello-del-lujo-frances\/#primaryimage","url":"https:\/\/aeronoticias.com.pe\/noticiero\/wp-content\/uploads\/2025\/10\/dua-lipa.jpg","contentUrl":"https:\/\/aeronoticias.com.pe\/noticiero\/wp-content\/uploads\/2025\/10\/dua-lipa.jpg","width":1200,"height":800},{"@type":"BreadcrumbList","@id":"https:\/\/aeronoticias.com.pe\/noticiero\/turismo\/hoteleria\/%e2%9c%a8-dua-lipa-en-el-hotel-de-crillon-paris-elegancia-historica-y-modernidad-bajo-el-sello-del-lujo-frances\/#breadcrumb","itemListElement":[{"@type":"ListItem","position":1,"name":"Portada","item":"https:\/\/aeronoticias.com.pe\/noticiero\/"},{"@type":"ListItem","position":2,"name":"\u2728 Dua Lipa en el H\u00f4tel de Crillon (Par\u00eds): elegancia hist\u00f3rica y modernidad bajo el sello del lujo franc\u00e9s"}]},{"@type":"WebSite","@id":"https:\/\/aeronoticias.com.pe\/noticiero\/#website","url":"https:\/\/aeronoticias.com.pe\/noticiero\/","name":"Aeronoticias.com.pe","description":"Noticias de tranporte aereo, turismo, hoteles, gastronomia, actualidad, internacional","potentialAction":[{"@type":"SearchAction","target":{"@type":"EntryPoint","urlTemplate":"https:\/\/aeronoticias.com.pe\/noticiero\/?s={search_term_string}"},"query-input":{"@type":"PropertyValueSpecification","valueRequired":true,"valueName":"search_term_string"}}],"inLanguage":"es"},{"@type":"Person","@id":"https:\/\/aeronoticias.com.pe\/noticiero\/#\/schema\/person\/16212a617c73f78916b13194154243bd","name":"Redacci\u00f3n","sameAs":["http:\/\/Redacci\u00f3n"],"url":"https:\/\/aeronoticias.com.pe\/noticiero\/author\/celeste\/"}]}},"_links":{"self":[{"href":"https:\/\/aeronoticias.com.pe\/noticiero\/wp-json\/wp\/v2\/posts\/96335","targetHints":{"allow":["GET"]}}],"collection":[{"href":"https:\/\/aeronoticias.com.pe\/noticiero\/wp-json\/wp\/v2\/posts"}],"about":[{"href":"https:\/\/aeronoticias.com.pe\/noticiero\/wp-json\/wp\/v2\/types\/post"}],"author":[{"embeddable":true,"href":"https:\/\/aeronoticias.com.pe\/noticiero\/wp-json\/wp\/v2\/users\/3"}],"replies":[{"embeddable":true,"href":"https:\/\/aeronoticias.com.pe\/noticiero\/wp-json\/wp\/v2\/comments?post=96335"}],"version-history":[{"count":1,"href":"https:\/\/aeronoticias.com.pe\/noticiero\/wp-json\/wp\/v2\/posts\/96335\/revisions"}],"predecessor-version":[{"id":96337,"href":"https:\/\/aeronoticias.com.pe\/noticiero\/wp-json\/wp\/v2\/posts\/96335\/revisions\/96337"}],"wp:featuredmedia":[{"embeddable":true,"href":"https:\/\/aeronoticias.com.pe\/noticiero\/wp-json\/wp\/v2\/media\/96336"}],"wp:attachment":[{"href":"https:\/\/aeronoticias.com.pe\/noticiero\/wp-json\/wp\/v2\/media?parent=96335"}],"wp:term":[{"taxonomy":"category","embeddable":true,"href":"https:\/\/aeronoticias.com.pe\/noticiero\/wp-json\/wp\/v2\/categories?post=96335"},{"taxonomy":"post_tag","embeddable":true,"href":"https:\/\/aeronoticias.com.pe\/noticiero\/wp-json\/wp\/v2\/tags?post=96335"}],"curies":[{"name":"wp","href":"https:\/\/api.w.org\/{rel}","templated":true}]}}