{"id":96390,"date":"2025-10-27T14:40:50","date_gmt":"2025-10-27T19:40:50","guid":{"rendered":"https:\/\/aeronoticias.com.pe\/noticiero\/?p=96390"},"modified":"2025-10-27T14:40:52","modified_gmt":"2025-10-27T19:40:52","slug":"peru-lanza-primer-satelite-de-observacion-ambiental-desde-pucusana","status":"publish","type":"post","link":"https:\/\/aeronoticias.com.pe\/noticiero\/sin-categoria\/peru-lanza-primer-satelite-de-observacion-ambiental-desde-pucusana\/","title":{"rendered":"Per\u00fa lanza primer sat\u00e9lite de observaci\u00f3n ambiental desde Pucusana"},"content":{"rendered":"\n<p><strong>(Aeronoticias):<\/strong> Este lunes 27 de octubre de 2025, el Per\u00fa marc\u00f3 un hito en su historia cient\u00edfica al lanzar su primer sat\u00e9lite de observaci\u00f3n ambiental, denominado <em>IntiSat-1<\/em>, desde la base aeroespacial de Pucusana. El proyecto, desarrollado por la Agencia Espacial del Per\u00fa (CONIDA) en colaboraci\u00f3n con universidades nacionales, busca monitorear el impacto del cambio clim\u00e1tico en la Amazon\u00eda y la costa peruana.<\/p>\n\n\n\n<p>El sat\u00e9lite, de fabricaci\u00f3n nacional, cuenta con sensores de alta resoluci\u00f3n capaces de captar im\u00e1genes t\u00e9rmicas, niveles de deforestaci\u00f3n y concentraci\u00f3n de gases contaminantes. \u201cEste es un paso firme hacia la soberan\u00eda tecnol\u00f3gica y la protecci\u00f3n de nuestros ecosistemas\u201d, declar\u00f3 el ministro de Ciencia y Tecnolog\u00eda, Javier Ar\u00e9valo.<\/p>\n\n\n\n<p>El lanzamiento fue transmitido en vivo por TV Per\u00fa y seguido por miles de estudiantes en todo el pa\u00eds. Expertos internacionales han destacado el avance como un ejemplo de innovaci\u00f3n regional, mientras que el gobierno anunci\u00f3 que ya se trabaja en el desarrollo de un segundo sat\u00e9lite para 2027.<\/p>\n\n\n\n<p><strong>Fuente: Sebastian Palacin<\/strong><\/p>\n","protected":false},"excerpt":{"rendered":"<p>(Aeronoticias): Este lunes 27 de octubre de 2025, el Per\u00fa marc\u00f3 un hito en su historia cient\u00edfica al lanzar su primer sat\u00e9lite de observaci\u00f3n ambiental, denominado IntiSat-1, desde la base aeroespacial de Pucusana. El proyecto, desarrollado por la Agencia Espacial del Per\u00fa (CONIDA) en colaboraci\u00f3n con universidades nacionales, busca monitorear el impacto del cambio clim\u00e1tico [&hellip;]<\/p>\n","protected":false},"author":7,"featured_media":96391,"comment_status":"closed","ping_status":"closed","sticky":false,"template":"","format":"standard","meta":{"tdm_status":"","tdm_grid_status":"","footnotes":""},"categories":[38,1,8],"tags":[],"class_list":{"0":"post-96390","1":"post","2":"type-post","3":"status-publish","4":"format-standard","5":"has-post-thumbnail","7":"category-nacionales","8":"category-sin-categoria","9":"category-ultimas"},"yoast_head":"<!-- This site is optimized with the Yoast SEO plugin v25.1 - https:\/\/yoast.com\/wordpress\/plugins\/seo\/ -->\n<title>Per\u00fa lanza primer sat\u00e9lite de observaci\u00f3n ambiental desde Pucusana<\/title>\n<meta name=\"description\" content=\"(Aeronoticias): Este lunes 27 de octubre de 2025, el Per\u00fa marc\u00f3 un hito en su historia cient\u00edfica al lanzar su primer sat\u00e9lite de observaci\u00f3n ambiental, denominado IntiSat-1, desde la base aeroespacial de Pucusana. El proyecto, desarrollado por la Agencia Espacial del Per\u00fa (CONIDA) en colaboraci\u00f3n con universidades nacionales, busca monitorear el impacto del cambio clim\u00e1tico en la Amazon\u00eda y la costa peruana.\" \/>\n<meta name=\"robots\" content=\"index, follow, max-snippet:-1, max-image-preview:large, max-video-preview:-1\" \/>\n<link rel=\"canonical\" href=\"https:\/\/aeronoticias.com.pe\/noticiero\/sin-categoria\/peru-lanza-primer-satelite-de-observacion-ambiental-desde-pucusana\/\" \/>\n<meta property=\"og:locale\" content=\"es_ES\" \/>\n<meta property=\"og:type\" content=\"article\" \/>\n<meta property=\"og:title\" content=\"Per\u00fa lanza primer sat\u00e9lite de observaci\u00f3n ambiental desde Pucusana\" \/>\n<meta property=\"og:description\" content=\"(Aeronoticias): Este lunes 27 de octubre de 2025, el Per\u00fa marc\u00f3 un hito en su historia cient\u00edfica al lanzar su primer sat\u00e9lite de observaci\u00f3n ambiental, denominado IntiSat-1, desde la base aeroespacial de Pucusana. El proyecto, desarrollado por la Agencia Espacial del Per\u00fa (CONIDA) en colaboraci\u00f3n con universidades nacionales, busca monitorear el impacto del cambio clim\u00e1tico en la Amazon\u00eda y la costa peruana.\" \/>\n<meta property=\"og:url\" content=\"https:\/\/aeronoticias.com.pe\/noticiero\/sin-categoria\/peru-lanza-primer-satelite-de-observacion-ambiental-desde-pucusana\/\" \/>\n<meta property=\"og:site_name\" content=\"Aeronoticias.com.pe\" \/>\n<meta property=\"article:publisher\" content=\"https:\/\/www.facebook.com\/Aeronoticias.com.pe\/\" \/>\n<meta property=\"article:published_time\" content=\"2025-10-27T19:40:50+00:00\" \/>\n<meta property=\"article:modified_time\" content=\"2025-10-27T19:40:52+00:00\" \/>\n<meta property=\"og:image\" content=\"https:\/\/aeronoticias.com.pe\/noticiero\/wp-content\/uploads\/2025\/10\/000328018W.jpg\" \/>\n\t<meta property=\"og:image:width\" content=\"1800\" \/>\n\t<meta property=\"og:image:height\" content=\"1200\" \/>\n\t<meta property=\"og:image:type\" content=\"image\/jpeg\" \/>\n<meta name=\"author\" content=\"sebastian\" \/>\n<meta name=\"twitter:card\" content=\"summary_large_image\" \/>\n<meta name=\"twitter:creator\" content=\"@aeronoticias\" \/>\n<meta name=\"twitter:site\" content=\"@aeronoticias\" \/>\n<meta name=\"twitter:label1\" content=\"Escrito por\" \/>\n\t<meta name=\"twitter:data1\" content=\"sebastian\" \/>\n\t<meta name=\"twitter:label2\" content=\"Tiempo de lectura\" \/>\n\t<meta name=\"twitter:data2\" content=\"1 minuto\" \/>\n<script type=\"application\/ld+json\" class=\"yoast-schema-graph\">{\"@context\":\"https:\/\/schema.org\",\"@graph\":[{\"@type\":\"WebPage\",\"@id\":\"https:\/\/aeronoticias.com.pe\/noticiero\/sin-categoria\/peru-lanza-primer-satelite-de-observacion-ambiental-desde-pucusana\/\",\"url\":\"https:\/\/aeronoticias.com.pe\/noticiero\/sin-categoria\/peru-lanza-primer-satelite-de-observacion-ambiental-desde-pucusana\/\",\"name\":\"Per\u00fa lanza primer sat\u00e9lite de observaci\u00f3n ambiental desde Pucusana\",\"isPartOf\":{\"@id\":\"https:\/\/aeronoticias.com.pe\/noticiero\/#website\"},\"primaryImageOfPage\":{\"@id\":\"https:\/\/aeronoticias.com.pe\/noticiero\/sin-categoria\/peru-lanza-primer-satelite-de-observacion-ambiental-desde-pucusana\/#primaryimage\"},\"image\":{\"@id\":\"https:\/\/aeronoticias.com.pe\/noticiero\/sin-categoria\/peru-lanza-primer-satelite-de-observacion-ambiental-desde-pucusana\/#primaryimage\"},\"thumbnailUrl\":\"https:\/\/aeronoticias.com.pe\/noticiero\/wp-content\/uploads\/2025\/10\/000328018W.jpg\",\"datePublished\":\"2025-10-27T19:40:50+00:00\",\"dateModified\":\"2025-10-27T19:40:52+00:00\",\"author\":{\"@id\":\"https:\/\/aeronoticias.com.pe\/noticiero\/#\/schema\/person\/45ec58b0c4aefb9b6ee48f40659be5a3\"},\"description\":\"(Aeronoticias): Este lunes 27 de octubre de 2025, el Per\u00fa marc\u00f3 un hito en su historia cient\u00edfica al lanzar su primer sat\u00e9lite de observaci\u00f3n ambiental, denominado IntiSat-1, desde la base aeroespacial de Pucusana. El proyecto, desarrollado por la Agencia Espacial del Per\u00fa (CONIDA) en colaboraci\u00f3n con universidades nacionales, busca monitorear el impacto del cambio clim\u00e1tico en la Amazon\u00eda y la costa peruana.\",\"breadcrumb\":{\"@id\":\"https:\/\/aeronoticias.com.pe\/noticiero\/sin-categoria\/peru-lanza-primer-satelite-de-observacion-ambiental-desde-pucusana\/#breadcrumb\"},\"inLanguage\":\"es\",\"potentialAction\":[{\"@type\":\"ReadAction\",\"target\":[\"https:\/\/aeronoticias.com.pe\/noticiero\/sin-categoria\/peru-lanza-primer-satelite-de-observacion-ambiental-desde-pucusana\/\"]}]},{\"@type\":\"ImageObject\",\"inLanguage\":\"es\",\"@id\":\"https:\/\/aeronoticias.com.pe\/noticiero\/sin-categoria\/peru-lanza-primer-satelite-de-observacion-ambiental-desde-pucusana\/#primaryimage\",\"url\":\"https:\/\/aeronoticias.com.pe\/noticiero\/wp-content\/uploads\/2025\/10\/000328018W.jpg\",\"contentUrl\":\"https:\/\/aeronoticias.com.pe\/noticiero\/wp-content\/uploads\/2025\/10\/000328018W.jpg\",\"width\":1800,\"height\":1200},{\"@type\":\"BreadcrumbList\",\"@id\":\"https:\/\/aeronoticias.com.pe\/noticiero\/sin-categoria\/peru-lanza-primer-satelite-de-observacion-ambiental-desde-pucusana\/#breadcrumb\",\"itemListElement\":[{\"@type\":\"ListItem\",\"position\":1,\"name\":\"Portada\",\"item\":\"https:\/\/aeronoticias.com.pe\/noticiero\/\"},{\"@type\":\"ListItem\",\"position\":2,\"name\":\"Per\u00fa lanza primer sat\u00e9lite de observaci\u00f3n ambiental desde Pucusana\"}]},{\"@type\":\"WebSite\",\"@id\":\"https:\/\/aeronoticias.com.pe\/noticiero\/#website\",\"url\":\"https:\/\/aeronoticias.com.pe\/noticiero\/\",\"name\":\"Aeronoticias.com.pe\",\"description\":\"Noticias de tranporte aereo, turismo, hoteles, gastronomia, actualidad, internacional\",\"potentialAction\":[{\"@type\":\"SearchAction\",\"target\":{\"@type\":\"EntryPoint\",\"urlTemplate\":\"https:\/\/aeronoticias.com.pe\/noticiero\/?s={search_term_string}\"},\"query-input\":{\"@type\":\"PropertyValueSpecification\",\"valueRequired\":true,\"valueName\":\"search_term_string\"}}],\"inLanguage\":\"es\"},{\"@type\":\"Person\",\"@id\":\"https:\/\/aeronoticias.com.pe\/noticiero\/#\/schema\/person\/45ec58b0c4aefb9b6ee48f40659be5a3\",\"name\":\"sebastian\",\"url\":\"https:\/\/aeronoticias.com.pe\/noticiero\/author\/sebastian\/\"}]}<\/script>\n<!-- \/ Yoast SEO plugin. -->","yoast_head_json":{"title":"Per\u00fa lanza primer sat\u00e9lite de observaci\u00f3n ambiental desde Pucusana","description":"(Aeronoticias): Este lunes 27 de octubre de 2025, el Per\u00fa marc\u00f3 un hito en su historia cient\u00edfica al lanzar su primer sat\u00e9lite de observaci\u00f3n ambiental, denominado IntiSat-1, desde la base aeroespacial de Pucusana. El proyecto, desarrollado por la Agencia Espacial del Per\u00fa (CONIDA) en colaboraci\u00f3n con universidades nacionales, busca monitorear el impacto del cambio clim\u00e1tico en la Amazon\u00eda y la costa peruana.","robots":{"index":"index","follow":"follow","max-snippet":"max-snippet:-1","max-image-preview":"max-image-preview:large","max-video-preview":"max-video-preview:-1"},"canonical":"https:\/\/aeronoticias.com.pe\/noticiero\/sin-categoria\/peru-lanza-primer-satelite-de-observacion-ambiental-desde-pucusana\/","og_locale":"es_ES","og_type":"article","og_title":"Per\u00fa lanza primer sat\u00e9lite de observaci\u00f3n ambiental desde Pucusana","og_description":"(Aeronoticias): Este lunes 27 de octubre de 2025, el Per\u00fa marc\u00f3 un hito en su historia cient\u00edfica al lanzar su primer sat\u00e9lite de observaci\u00f3n ambiental, denominado IntiSat-1, desde la base aeroespacial de Pucusana. El proyecto, desarrollado por la Agencia Espacial del Per\u00fa (CONIDA) en colaboraci\u00f3n con universidades nacionales, busca monitorear el impacto del cambio clim\u00e1tico en la Amazon\u00eda y la costa peruana.","og_url":"https:\/\/aeronoticias.com.pe\/noticiero\/sin-categoria\/peru-lanza-primer-satelite-de-observacion-ambiental-desde-pucusana\/","og_site_name":"Aeronoticias.com.pe","article_publisher":"https:\/\/www.facebook.com\/Aeronoticias.com.pe\/","article_published_time":"2025-10-27T19:40:50+00:00","article_modified_time":"2025-10-27T19:40:52+00:00","og_image":[{"width":1800,"height":1200,"url":"https:\/\/aeronoticias.com.pe\/noticiero\/wp-content\/uploads\/2025\/10\/000328018W.jpg","type":"image\/jpeg"}],"author":"sebastian","twitter_card":"summary_large_image","twitter_creator":"@aeronoticias","twitter_site":"@aeronoticias","twitter_misc":{"Escrito por":"sebastian","Tiempo de lectura":"1 minuto"},"schema":{"@context":"https:\/\/schema.org","@graph":[{"@type":"WebPage","@id":"https:\/\/aeronoticias.com.pe\/noticiero\/sin-categoria\/peru-lanza-primer-satelite-de-observacion-ambiental-desde-pucusana\/","url":"https:\/\/aeronoticias.com.pe\/noticiero\/sin-categoria\/peru-lanza-primer-satelite-de-observacion-ambiental-desde-pucusana\/","name":"Per\u00fa lanza primer sat\u00e9lite de observaci\u00f3n ambiental desde Pucusana","isPartOf":{"@id":"https:\/\/aeronoticias.com.pe\/noticiero\/#website"},"primaryImageOfPage":{"@id":"https:\/\/aeronoticias.com.pe\/noticiero\/sin-categoria\/peru-lanza-primer-satelite-de-observacion-ambiental-desde-pucusana\/#primaryimage"},"image":{"@id":"https:\/\/aeronoticias.com.pe\/noticiero\/sin-categoria\/peru-lanza-primer-satelite-de-observacion-ambiental-desde-pucusana\/#primaryimage"},"thumbnailUrl":"https:\/\/aeronoticias.com.pe\/noticiero\/wp-content\/uploads\/2025\/10\/000328018W.jpg","datePublished":"2025-10-27T19:40:50+00:00","dateModified":"2025-10-27T19:40:52+00:00","author":{"@id":"https:\/\/aeronoticias.com.pe\/noticiero\/#\/schema\/person\/45ec58b0c4aefb9b6ee48f40659be5a3"},"description":"(Aeronoticias): Este lunes 27 de octubre de 2025, el Per\u00fa marc\u00f3 un hito en su historia cient\u00edfica al lanzar su primer sat\u00e9lite de observaci\u00f3n ambiental, denominado IntiSat-1, desde la base aeroespacial de Pucusana. El proyecto, desarrollado por la Agencia Espacial del Per\u00fa (CONIDA) en colaboraci\u00f3n con universidades nacionales, busca monitorear el impacto del cambio clim\u00e1tico en la Amazon\u00eda y la costa peruana.","breadcrumb":{"@id":"https:\/\/aeronoticias.com.pe\/noticiero\/sin-categoria\/peru-lanza-primer-satelite-de-observacion-ambiental-desde-pucusana\/#breadcrumb"},"inLanguage":"es","potentialAction":[{"@type":"ReadAction","target":["https:\/\/aeronoticias.com.pe\/noticiero\/sin-categoria\/peru-lanza-primer-satelite-de-observacion-ambiental-desde-pucusana\/"]}]},{"@type":"ImageObject","inLanguage":"es","@id":"https:\/\/aeronoticias.com.pe\/noticiero\/sin-categoria\/peru-lanza-primer-satelite-de-observacion-ambiental-desde-pucusana\/#primaryimage","url":"https:\/\/aeronoticias.com.pe\/noticiero\/wp-content\/uploads\/2025\/10\/000328018W.jpg","contentUrl":"https:\/\/aeronoticias.com.pe\/noticiero\/wp-content\/uploads\/2025\/10\/000328018W.jpg","width":1800,"height":1200},{"@type":"BreadcrumbList","@id":"https:\/\/aeronoticias.com.pe\/noticiero\/sin-categoria\/peru-lanza-primer-satelite-de-observacion-ambiental-desde-pucusana\/#breadcrumb","itemListElement":[{"@type":"ListItem","position":1,"name":"Portada","item":"https:\/\/aeronoticias.com.pe\/noticiero\/"},{"@type":"ListItem","position":2,"name":"Per\u00fa lanza primer sat\u00e9lite de observaci\u00f3n ambiental desde Pucusana"}]},{"@type":"WebSite","@id":"https:\/\/aeronoticias.com.pe\/noticiero\/#website","url":"https:\/\/aeronoticias.com.pe\/noticiero\/","name":"Aeronoticias.com.pe","description":"Noticias de tranporte aereo, turismo, hoteles, gastronomia, actualidad, internacional","potentialAction":[{"@type":"SearchAction","target":{"@type":"EntryPoint","urlTemplate":"https:\/\/aeronoticias.com.pe\/noticiero\/?s={search_term_string}"},"query-input":{"@type":"PropertyValueSpecification","valueRequired":true,"valueName":"search_term_string"}}],"inLanguage":"es"},{"@type":"Person","@id":"https:\/\/aeronoticias.com.pe\/noticiero\/#\/schema\/person\/45ec58b0c4aefb9b6ee48f40659be5a3","name":"sebastian","url":"https:\/\/aeronoticias.com.pe\/noticiero\/author\/sebastian\/"}]}},"_links":{"self":[{"href":"https:\/\/aeronoticias.com.pe\/noticiero\/wp-json\/wp\/v2\/posts\/96390","targetHints":{"allow":["GET"]}}],"collection":[{"href":"https:\/\/aeronoticias.com.pe\/noticiero\/wp-json\/wp\/v2\/posts"}],"about":[{"href":"https:\/\/aeronoticias.com.pe\/noticiero\/wp-json\/wp\/v2\/types\/post"}],"author":[{"embeddable":true,"href":"https:\/\/aeronoticias.com.pe\/noticiero\/wp-json\/wp\/v2\/users\/7"}],"replies":[{"embeddable":true,"href":"https:\/\/aeronoticias.com.pe\/noticiero\/wp-json\/wp\/v2\/comments?post=96390"}],"version-history":[{"count":1,"href":"https:\/\/aeronoticias.com.pe\/noticiero\/wp-json\/wp\/v2\/posts\/96390\/revisions"}],"predecessor-version":[{"id":96392,"href":"https:\/\/aeronoticias.com.pe\/noticiero\/wp-json\/wp\/v2\/posts\/96390\/revisions\/96392"}],"wp:featuredmedia":[{"embeddable":true,"href":"https:\/\/aeronoticias.com.pe\/noticiero\/wp-json\/wp\/v2\/media\/96391"}],"wp:attachment":[{"href":"https:\/\/aeronoticias.com.pe\/noticiero\/wp-json\/wp\/v2\/media?parent=96390"}],"wp:term":[{"taxonomy":"category","embeddable":true,"href":"https:\/\/aeronoticias.com.pe\/noticiero\/wp-json\/wp\/v2\/categories?post=96390"},{"taxonomy":"post_tag","embeddable":true,"href":"https:\/\/aeronoticias.com.pe\/noticiero\/wp-json\/wp\/v2\/tags?post=96390"}],"curies":[{"name":"wp","href":"https:\/\/api.w.org\/{rel}","templated":true}]}}