{"id":96399,"date":"2025-10-27T14:51:38","date_gmt":"2025-10-27T19:51:38","guid":{"rendered":"https:\/\/aeronoticias.com.pe\/noticiero\/?p=96399"},"modified":"2025-10-27T14:52:15","modified_gmt":"2025-10-27T19:52:15","slug":"alerta-sanitaria-en-lima-brote-de-dengue-en-distritos-del-norte-genera-preocupacion","status":"publish","type":"post","link":"https:\/\/aeronoticias.com.pe\/noticiero\/sin-categoria\/alerta-sanitaria-en-lima-brote-de-dengue-en-distritos-del-norte-genera-preocupacion\/","title":{"rendered":"Alerta sanitaria en Lima: brote de dengue en distritos del norte genera preocupaci\u00f3n"},"content":{"rendered":"\n<p><\/p>\n\n\n\n<p><strong>(Aeronoticias):<\/strong> Este lunes 27 de octubre de 2025, el Ministerio de Salud (Minsa) declar\u00f3 alerta sanitaria en varios distritos del norte de Lima, incluyendo San Mart\u00edn de Porres, Los Olivos y Comas, tras confirmar un aumento significativo de casos de dengue en las \u00faltimas dos semanas. El brote ha sido atribuido a las altas temperaturas y acumulaci\u00f3n de agua en zonas urbanas, condiciones ideales para la proliferaci\u00f3n del mosquito Aedes aegypti.<\/p>\n\n\n\n<p>Las brigadas de salud han iniciado operativos de fumigaci\u00f3n y campa\u00f1as informativas casa por casa, mientras que se ha reforzado la atenci\u00f3n en centros m\u00e9dicos locales. Hasta el momento, se han reportado m\u00e1s de 1,200 casos confirmados, con 18 pacientes en estado grave.<\/p>\n\n\n\n<p>La ministra de Salud, Patricia Salazar, inst\u00f3 a la poblaci\u00f3n a eliminar criaderos de zancudos y acudir de inmediato a los servicios m\u00e9dicos ante s\u00edntomas como fiebre alta, dolor muscular y sarpullido.<\/p>\n\n\n\n<p><strong>Fuente: Sebastian Palacin<\/strong><\/p>\n","protected":false},"excerpt":{"rendered":"<p>(Aeronoticias): Este lunes 27 de octubre de 2025, el Ministerio de Salud (Minsa) declar\u00f3 alerta sanitaria en varios distritos del norte de Lima, incluyendo San Mart\u00edn de Porres, Los Olivos y Comas, tras confirmar un aumento significativo de casos de dengue en las \u00faltimas dos semanas. El brote ha sido atribuido a las altas temperaturas [&hellip;]<\/p>\n","protected":false},"author":7,"featured_media":96401,"comment_status":"closed","ping_status":"closed","sticky":false,"template":"","format":"standard","meta":{"tdm_status":"","tdm_grid_status":"","footnotes":""},"categories":[38,1,8],"tags":[],"class_list":{"0":"post-96399","1":"post","2":"type-post","3":"status-publish","4":"format-standard","5":"has-post-thumbnail","7":"category-nacionales","8":"category-sin-categoria","9":"category-ultimas"},"yoast_head":"<!-- This site is optimized with the Yoast SEO plugin v25.1 - https:\/\/yoast.com\/wordpress\/plugins\/seo\/ -->\n<title>Alerta sanitaria en Lima: brote de dengue en distritos del norte genera preocupaci\u00f3n<\/title>\n<meta name=\"description\" content=\"(Aeronoticias): Este lunes 27 de octubre de 2025, el Ministerio de Salud (Minsa) declar\u00f3 alerta sanitaria en varios distritos del norte de Lima, incluyendo San Mart\u00edn de Porres, Los Olivos y Comas, tras confirmar un aumento significativo de casos de dengue en las \u00faltimas dos semanas. El brote ha sido atribuido a las altas temperaturas y acumulaci\u00f3n de agua en zonas urbanas, condiciones ideales para la proliferaci\u00f3n del mosquito Aedes aegypti.\" \/>\n<meta name=\"robots\" content=\"index, follow, max-snippet:-1, max-image-preview:large, max-video-preview:-1\" \/>\n<link rel=\"canonical\" href=\"https:\/\/aeronoticias.com.pe\/noticiero\/sin-categoria\/alerta-sanitaria-en-lima-brote-de-dengue-en-distritos-del-norte-genera-preocupacion\/\" \/>\n<meta property=\"og:locale\" content=\"es_ES\" \/>\n<meta property=\"og:type\" content=\"article\" \/>\n<meta property=\"og:title\" content=\"Alerta sanitaria en Lima: brote de dengue en distritos del norte genera preocupaci\u00f3n\" \/>\n<meta property=\"og:description\" content=\"(Aeronoticias): Este lunes 27 de octubre de 2025, el Ministerio de Salud (Minsa) declar\u00f3 alerta sanitaria en varios distritos del norte de Lima, incluyendo San Mart\u00edn de Porres, Los Olivos y Comas, tras confirmar un aumento significativo de casos de dengue en las \u00faltimas dos semanas. El brote ha sido atribuido a las altas temperaturas y acumulaci\u00f3n de agua en zonas urbanas, condiciones ideales para la proliferaci\u00f3n del mosquito Aedes aegypti.\" \/>\n<meta property=\"og:url\" content=\"https:\/\/aeronoticias.com.pe\/noticiero\/sin-categoria\/alerta-sanitaria-en-lima-brote-de-dengue-en-distritos-del-norte-genera-preocupacion\/\" \/>\n<meta property=\"og:site_name\" content=\"Aeronoticias.com.pe\" \/>\n<meta property=\"article:publisher\" content=\"https:\/\/www.facebook.com\/Aeronoticias.com.pe\/\" \/>\n<meta property=\"article:published_time\" content=\"2025-10-27T19:51:38+00:00\" \/>\n<meta property=\"article:modified_time\" content=\"2025-10-27T19:52:15+00:00\" \/>\n<meta property=\"og:image\" content=\"https:\/\/aeronoticias.com.pe\/noticiero\/wp-content\/uploads\/2025\/10\/Dengue-1.jpg\" \/>\n\t<meta property=\"og:image:width\" content=\"1800\" \/>\n\t<meta property=\"og:image:height\" content=\"1199\" \/>\n\t<meta property=\"og:image:type\" content=\"image\/jpeg\" \/>\n<meta name=\"author\" content=\"sebastian\" \/>\n<meta name=\"twitter:card\" content=\"summary_large_image\" \/>\n<meta name=\"twitter:creator\" content=\"@aeronoticias\" \/>\n<meta name=\"twitter:site\" content=\"@aeronoticias\" \/>\n<meta name=\"twitter:label1\" content=\"Escrito por\" \/>\n\t<meta name=\"twitter:data1\" content=\"sebastian\" \/>\n\t<meta name=\"twitter:label2\" content=\"Tiempo de lectura\" \/>\n\t<meta name=\"twitter:data2\" content=\"1 minuto\" \/>\n<script type=\"application\/ld+json\" class=\"yoast-schema-graph\">{\"@context\":\"https:\/\/schema.org\",\"@graph\":[{\"@type\":\"WebPage\",\"@id\":\"https:\/\/aeronoticias.com.pe\/noticiero\/sin-categoria\/alerta-sanitaria-en-lima-brote-de-dengue-en-distritos-del-norte-genera-preocupacion\/\",\"url\":\"https:\/\/aeronoticias.com.pe\/noticiero\/sin-categoria\/alerta-sanitaria-en-lima-brote-de-dengue-en-distritos-del-norte-genera-preocupacion\/\",\"name\":\"Alerta sanitaria en Lima: brote de dengue en distritos del norte genera preocupaci\u00f3n\",\"isPartOf\":{\"@id\":\"https:\/\/aeronoticias.com.pe\/noticiero\/#website\"},\"primaryImageOfPage\":{\"@id\":\"https:\/\/aeronoticias.com.pe\/noticiero\/sin-categoria\/alerta-sanitaria-en-lima-brote-de-dengue-en-distritos-del-norte-genera-preocupacion\/#primaryimage\"},\"image\":{\"@id\":\"https:\/\/aeronoticias.com.pe\/noticiero\/sin-categoria\/alerta-sanitaria-en-lima-brote-de-dengue-en-distritos-del-norte-genera-preocupacion\/#primaryimage\"},\"thumbnailUrl\":\"https:\/\/aeronoticias.com.pe\/noticiero\/wp-content\/uploads\/2025\/10\/Dengue-1.jpg\",\"datePublished\":\"2025-10-27T19:51:38+00:00\",\"dateModified\":\"2025-10-27T19:52:15+00:00\",\"author\":{\"@id\":\"https:\/\/aeronoticias.com.pe\/noticiero\/#\/schema\/person\/45ec58b0c4aefb9b6ee48f40659be5a3\"},\"description\":\"(Aeronoticias): Este lunes 27 de octubre de 2025, el Ministerio de Salud (Minsa) declar\u00f3 alerta sanitaria en varios distritos del norte de Lima, incluyendo San Mart\u00edn de Porres, Los Olivos y Comas, tras confirmar un aumento significativo de casos de dengue en las \u00faltimas dos semanas. El brote ha sido atribuido a las altas temperaturas y acumulaci\u00f3n de agua en zonas urbanas, condiciones ideales para la proliferaci\u00f3n del mosquito Aedes aegypti.\",\"breadcrumb\":{\"@id\":\"https:\/\/aeronoticias.com.pe\/noticiero\/sin-categoria\/alerta-sanitaria-en-lima-brote-de-dengue-en-distritos-del-norte-genera-preocupacion\/#breadcrumb\"},\"inLanguage\":\"es\",\"potentialAction\":[{\"@type\":\"ReadAction\",\"target\":[\"https:\/\/aeronoticias.com.pe\/noticiero\/sin-categoria\/alerta-sanitaria-en-lima-brote-de-dengue-en-distritos-del-norte-genera-preocupacion\/\"]}]},{\"@type\":\"ImageObject\",\"inLanguage\":\"es\",\"@id\":\"https:\/\/aeronoticias.com.pe\/noticiero\/sin-categoria\/alerta-sanitaria-en-lima-brote-de-dengue-en-distritos-del-norte-genera-preocupacion\/#primaryimage\",\"url\":\"https:\/\/aeronoticias.com.pe\/noticiero\/wp-content\/uploads\/2025\/10\/Dengue-1.jpg\",\"contentUrl\":\"https:\/\/aeronoticias.com.pe\/noticiero\/wp-content\/uploads\/2025\/10\/Dengue-1.jpg\",\"width\":1800,\"height\":1199},{\"@type\":\"BreadcrumbList\",\"@id\":\"https:\/\/aeronoticias.com.pe\/noticiero\/sin-categoria\/alerta-sanitaria-en-lima-brote-de-dengue-en-distritos-del-norte-genera-preocupacion\/#breadcrumb\",\"itemListElement\":[{\"@type\":\"ListItem\",\"position\":1,\"name\":\"Portada\",\"item\":\"https:\/\/aeronoticias.com.pe\/noticiero\/\"},{\"@type\":\"ListItem\",\"position\":2,\"name\":\"Alerta sanitaria en Lima: brote de dengue en distritos del norte genera preocupaci\u00f3n\"}]},{\"@type\":\"WebSite\",\"@id\":\"https:\/\/aeronoticias.com.pe\/noticiero\/#website\",\"url\":\"https:\/\/aeronoticias.com.pe\/noticiero\/\",\"name\":\"Aeronoticias.com.pe\",\"description\":\"Noticias de tranporte aereo, turismo, hoteles, gastronomia, actualidad, internacional\",\"potentialAction\":[{\"@type\":\"SearchAction\",\"target\":{\"@type\":\"EntryPoint\",\"urlTemplate\":\"https:\/\/aeronoticias.com.pe\/noticiero\/?s={search_term_string}\"},\"query-input\":{\"@type\":\"PropertyValueSpecification\",\"valueRequired\":true,\"valueName\":\"search_term_string\"}}],\"inLanguage\":\"es\"},{\"@type\":\"Person\",\"@id\":\"https:\/\/aeronoticias.com.pe\/noticiero\/#\/schema\/person\/45ec58b0c4aefb9b6ee48f40659be5a3\",\"name\":\"sebastian\",\"url\":\"https:\/\/aeronoticias.com.pe\/noticiero\/author\/sebastian\/\"}]}<\/script>\n<!-- \/ Yoast SEO plugin. -->","yoast_head_json":{"title":"Alerta sanitaria en Lima: brote de dengue en distritos del norte genera preocupaci\u00f3n","description":"(Aeronoticias): Este lunes 27 de octubre de 2025, el Ministerio de Salud (Minsa) declar\u00f3 alerta sanitaria en varios distritos del norte de Lima, incluyendo San Mart\u00edn de Porres, Los Olivos y Comas, tras confirmar un aumento significativo de casos de dengue en las \u00faltimas dos semanas. El brote ha sido atribuido a las altas temperaturas y acumulaci\u00f3n de agua en zonas urbanas, condiciones ideales para la proliferaci\u00f3n del mosquito Aedes aegypti.","robots":{"index":"index","follow":"follow","max-snippet":"max-snippet:-1","max-image-preview":"max-image-preview:large","max-video-preview":"max-video-preview:-1"},"canonical":"https:\/\/aeronoticias.com.pe\/noticiero\/sin-categoria\/alerta-sanitaria-en-lima-brote-de-dengue-en-distritos-del-norte-genera-preocupacion\/","og_locale":"es_ES","og_type":"article","og_title":"Alerta sanitaria en Lima: brote de dengue en distritos del norte genera preocupaci\u00f3n","og_description":"(Aeronoticias): Este lunes 27 de octubre de 2025, el Ministerio de Salud (Minsa) declar\u00f3 alerta sanitaria en varios distritos del norte de Lima, incluyendo San Mart\u00edn de Porres, Los Olivos y Comas, tras confirmar un aumento significativo de casos de dengue en las \u00faltimas dos semanas. El brote ha sido atribuido a las altas temperaturas y acumulaci\u00f3n de agua en zonas urbanas, condiciones ideales para la proliferaci\u00f3n del mosquito Aedes aegypti.","og_url":"https:\/\/aeronoticias.com.pe\/noticiero\/sin-categoria\/alerta-sanitaria-en-lima-brote-de-dengue-en-distritos-del-norte-genera-preocupacion\/","og_site_name":"Aeronoticias.com.pe","article_publisher":"https:\/\/www.facebook.com\/Aeronoticias.com.pe\/","article_published_time":"2025-10-27T19:51:38+00:00","article_modified_time":"2025-10-27T19:52:15+00:00","og_image":[{"width":1800,"height":1199,"url":"https:\/\/aeronoticias.com.pe\/noticiero\/wp-content\/uploads\/2025\/10\/Dengue-1.jpg","type":"image\/jpeg"}],"author":"sebastian","twitter_card":"summary_large_image","twitter_creator":"@aeronoticias","twitter_site":"@aeronoticias","twitter_misc":{"Escrito por":"sebastian","Tiempo de lectura":"1 minuto"},"schema":{"@context":"https:\/\/schema.org","@graph":[{"@type":"WebPage","@id":"https:\/\/aeronoticias.com.pe\/noticiero\/sin-categoria\/alerta-sanitaria-en-lima-brote-de-dengue-en-distritos-del-norte-genera-preocupacion\/","url":"https:\/\/aeronoticias.com.pe\/noticiero\/sin-categoria\/alerta-sanitaria-en-lima-brote-de-dengue-en-distritos-del-norte-genera-preocupacion\/","name":"Alerta sanitaria en Lima: brote de dengue en distritos del norte genera preocupaci\u00f3n","isPartOf":{"@id":"https:\/\/aeronoticias.com.pe\/noticiero\/#website"},"primaryImageOfPage":{"@id":"https:\/\/aeronoticias.com.pe\/noticiero\/sin-categoria\/alerta-sanitaria-en-lima-brote-de-dengue-en-distritos-del-norte-genera-preocupacion\/#primaryimage"},"image":{"@id":"https:\/\/aeronoticias.com.pe\/noticiero\/sin-categoria\/alerta-sanitaria-en-lima-brote-de-dengue-en-distritos-del-norte-genera-preocupacion\/#primaryimage"},"thumbnailUrl":"https:\/\/aeronoticias.com.pe\/noticiero\/wp-content\/uploads\/2025\/10\/Dengue-1.jpg","datePublished":"2025-10-27T19:51:38+00:00","dateModified":"2025-10-27T19:52:15+00:00","author":{"@id":"https:\/\/aeronoticias.com.pe\/noticiero\/#\/schema\/person\/45ec58b0c4aefb9b6ee48f40659be5a3"},"description":"(Aeronoticias): Este lunes 27 de octubre de 2025, el Ministerio de Salud (Minsa) declar\u00f3 alerta sanitaria en varios distritos del norte de Lima, incluyendo San Mart\u00edn de Porres, Los Olivos y Comas, tras confirmar un aumento significativo de casos de dengue en las \u00faltimas dos semanas. El brote ha sido atribuido a las altas temperaturas y acumulaci\u00f3n de agua en zonas urbanas, condiciones ideales para la proliferaci\u00f3n del mosquito Aedes aegypti.","breadcrumb":{"@id":"https:\/\/aeronoticias.com.pe\/noticiero\/sin-categoria\/alerta-sanitaria-en-lima-brote-de-dengue-en-distritos-del-norte-genera-preocupacion\/#breadcrumb"},"inLanguage":"es","potentialAction":[{"@type":"ReadAction","target":["https:\/\/aeronoticias.com.pe\/noticiero\/sin-categoria\/alerta-sanitaria-en-lima-brote-de-dengue-en-distritos-del-norte-genera-preocupacion\/"]}]},{"@type":"ImageObject","inLanguage":"es","@id":"https:\/\/aeronoticias.com.pe\/noticiero\/sin-categoria\/alerta-sanitaria-en-lima-brote-de-dengue-en-distritos-del-norte-genera-preocupacion\/#primaryimage","url":"https:\/\/aeronoticias.com.pe\/noticiero\/wp-content\/uploads\/2025\/10\/Dengue-1.jpg","contentUrl":"https:\/\/aeronoticias.com.pe\/noticiero\/wp-content\/uploads\/2025\/10\/Dengue-1.jpg","width":1800,"height":1199},{"@type":"BreadcrumbList","@id":"https:\/\/aeronoticias.com.pe\/noticiero\/sin-categoria\/alerta-sanitaria-en-lima-brote-de-dengue-en-distritos-del-norte-genera-preocupacion\/#breadcrumb","itemListElement":[{"@type":"ListItem","position":1,"name":"Portada","item":"https:\/\/aeronoticias.com.pe\/noticiero\/"},{"@type":"ListItem","position":2,"name":"Alerta sanitaria en Lima: brote de dengue en distritos del norte genera preocupaci\u00f3n"}]},{"@type":"WebSite","@id":"https:\/\/aeronoticias.com.pe\/noticiero\/#website","url":"https:\/\/aeronoticias.com.pe\/noticiero\/","name":"Aeronoticias.com.pe","description":"Noticias de tranporte aereo, turismo, hoteles, gastronomia, actualidad, internacional","potentialAction":[{"@type":"SearchAction","target":{"@type":"EntryPoint","urlTemplate":"https:\/\/aeronoticias.com.pe\/noticiero\/?s={search_term_string}"},"query-input":{"@type":"PropertyValueSpecification","valueRequired":true,"valueName":"search_term_string"}}],"inLanguage":"es"},{"@type":"Person","@id":"https:\/\/aeronoticias.com.pe\/noticiero\/#\/schema\/person\/45ec58b0c4aefb9b6ee48f40659be5a3","name":"sebastian","url":"https:\/\/aeronoticias.com.pe\/noticiero\/author\/sebastian\/"}]}},"_links":{"self":[{"href":"https:\/\/aeronoticias.com.pe\/noticiero\/wp-json\/wp\/v2\/posts\/96399","targetHints":{"allow":["GET"]}}],"collection":[{"href":"https:\/\/aeronoticias.com.pe\/noticiero\/wp-json\/wp\/v2\/posts"}],"about":[{"href":"https:\/\/aeronoticias.com.pe\/noticiero\/wp-json\/wp\/v2\/types\/post"}],"author":[{"embeddable":true,"href":"https:\/\/aeronoticias.com.pe\/noticiero\/wp-json\/wp\/v2\/users\/7"}],"replies":[{"embeddable":true,"href":"https:\/\/aeronoticias.com.pe\/noticiero\/wp-json\/wp\/v2\/comments?post=96399"}],"version-history":[{"count":1,"href":"https:\/\/aeronoticias.com.pe\/noticiero\/wp-json\/wp\/v2\/posts\/96399\/revisions"}],"predecessor-version":[{"id":96402,"href":"https:\/\/aeronoticias.com.pe\/noticiero\/wp-json\/wp\/v2\/posts\/96399\/revisions\/96402"}],"wp:featuredmedia":[{"embeddable":true,"href":"https:\/\/aeronoticias.com.pe\/noticiero\/wp-json\/wp\/v2\/media\/96401"}],"wp:attachment":[{"href":"https:\/\/aeronoticias.com.pe\/noticiero\/wp-json\/wp\/v2\/media?parent=96399"}],"wp:term":[{"taxonomy":"category","embeddable":true,"href":"https:\/\/aeronoticias.com.pe\/noticiero\/wp-json\/wp\/v2\/categories?post=96399"},{"taxonomy":"post_tag","embeddable":true,"href":"https:\/\/aeronoticias.com.pe\/noticiero\/wp-json\/wp\/v2\/tags?post=96399"}],"curies":[{"name":"wp","href":"https:\/\/api.w.org\/{rel}","templated":true}]}}