{"id":96415,"date":"2025-10-27T15:03:54","date_gmt":"2025-10-27T20:03:54","guid":{"rendered":"https:\/\/aeronoticias.com.pe\/noticiero\/?p=96415"},"modified":"2025-10-27T15:03:56","modified_gmt":"2025-10-27T20:03:56","slug":"tvperu-noticias-refuerza-cobertura-nacional-con-nuevo-bloque-informativo-matutino","status":"publish","type":"post","link":"https:\/\/aeronoticias.com.pe\/noticiero\/transporte-aereo\/nacional\/tvperu-noticias-refuerza-cobertura-nacional-con-nuevo-bloque-informativo-matutino\/","title":{"rendered":"TVPer\u00fa Noticias refuerza cobertura nacional con nuevo bloque informativo matutino"},"content":{"rendered":"\n<p><strong>(Aeronoticias): <\/strong>Este lunes 27 de octubre de 2025, TVPer\u00fa Noticias lanz\u00f3 oficialmente su nuevo bloque informativo matutino \u201cNoticias Ma\u00f1ana\u201d, con el objetivo de fortalecer la cobertura de los principales acontecimientos nacionales e internacionales desde las primeras horas del d\u00eda. El espacio, transmitido en vivo desde las 6:00 a.m., incluye reportajes especiales, entrevistas con autoridades y an\u00e1lisis de coyuntura pol\u00edtica, econ\u00f3mica y social.<\/p>\n\n\n\n<p>La iniciativa forma parte de una estrategia del Instituto Nacional de Radio y Televisi\u00f3n del Per\u00fa (IRTP) para consolidar a TVPer\u00fa como el canal informativo de referencia en el pa\u00eds. Adem\u00e1s, se anunci\u00f3 la incorporaci\u00f3n de corresponsales regionales en 12 departamentos, lo que permitir\u00e1 una mirada m\u00e1s descentralizada de la noticia.<\/p>\n\n\n\n<p>El presidente del IRTP, Luis Guti\u00e9rrez, se\u00f1al\u00f3 que \u201cla informaci\u00f3n veraz y plural es clave para fortalecer la democracia, y este nuevo bloque busca acercar la realidad del pa\u00eds a todos los peruanos\u201d.<\/p>\n\n\n\n<p><strong>Fuente: Sebastian Palacin<\/strong><\/p>\n","protected":false},"excerpt":{"rendered":"<p>(Aeronoticias): Este lunes 27 de octubre de 2025, TVPer\u00fa Noticias lanz\u00f3 oficialmente su nuevo bloque informativo matutino \u201cNoticias Ma\u00f1ana\u201d, con el objetivo de fortalecer la cobertura de los principales acontecimientos nacionales e internacionales desde las primeras horas del d\u00eda. El espacio, transmitido en vivo desde las 6:00 a.m., incluye reportajes especiales, entrevistas con autoridades y [&hellip;]<\/p>\n","protected":false},"author":7,"featured_media":96416,"comment_status":"closed","ping_status":"closed","sticky":false,"template":"","format":"standard","meta":{"tdm_status":"","tdm_grid_status":"","footnotes":""},"categories":[51,8],"tags":[],"class_list":{"0":"post-96415","1":"post","2":"type-post","3":"status-publish","4":"format-standard","5":"has-post-thumbnail","7":"category-nacional","8":"category-ultimas"},"yoast_head":"<!-- This site is optimized with the Yoast SEO plugin v25.1 - https:\/\/yoast.com\/wordpress\/plugins\/seo\/ -->\n<title>TVPer\u00fa Noticias refuerza cobertura nacional con nuevo bloque informativo matutino<\/title>\n<meta name=\"description\" content=\"(Aeronoticias): Este lunes 27 de octubre de 2025, TVPer\u00fa Noticias lanz\u00f3 oficialmente su nuevo bloque informativo matutino \u201cNoticias Ma\u00f1ana\u201d, con el objetivo de fortalecer la cobertura de los principales acontecimientos nacionales e internacionales desde las primeras horas del d\u00eda. El espacio, transmitido en vivo desde las 6:00 a.m., incluye reportajes especiales, entrevistas con autoridades y an\u00e1lisis de coyuntura pol\u00edtica, econ\u00f3mica y social.\" \/>\n<meta name=\"robots\" content=\"index, follow, max-snippet:-1, max-image-preview:large, max-video-preview:-1\" \/>\n<link rel=\"canonical\" href=\"https:\/\/aeronoticias.com.pe\/noticiero\/transporte-aereo\/nacional\/tvperu-noticias-refuerza-cobertura-nacional-con-nuevo-bloque-informativo-matutino\/\" \/>\n<meta property=\"og:locale\" content=\"es_ES\" \/>\n<meta property=\"og:type\" content=\"article\" \/>\n<meta property=\"og:title\" content=\"TVPer\u00fa Noticias refuerza cobertura nacional con nuevo bloque informativo matutino\" \/>\n<meta property=\"og:description\" content=\"(Aeronoticias): Este lunes 27 de octubre de 2025, TVPer\u00fa Noticias lanz\u00f3 oficialmente su nuevo bloque informativo matutino \u201cNoticias Ma\u00f1ana\u201d, con el objetivo de fortalecer la cobertura de los principales acontecimientos nacionales e internacionales desde las primeras horas del d\u00eda. El espacio, transmitido en vivo desde las 6:00 a.m., incluye reportajes especiales, entrevistas con autoridades y an\u00e1lisis de coyuntura pol\u00edtica, econ\u00f3mica y social.\" \/>\n<meta property=\"og:url\" content=\"https:\/\/aeronoticias.com.pe\/noticiero\/transporte-aereo\/nacional\/tvperu-noticias-refuerza-cobertura-nacional-con-nuevo-bloque-informativo-matutino\/\" \/>\n<meta property=\"og:site_name\" content=\"Aeronoticias.com.pe\" \/>\n<meta property=\"article:publisher\" content=\"https:\/\/www.facebook.com\/Aeronoticias.com.pe\/\" \/>\n<meta property=\"article:published_time\" content=\"2025-10-27T20:03:54+00:00\" \/>\n<meta property=\"article:modified_time\" content=\"2025-10-27T20:03:56+00:00\" \/>\n<meta property=\"og:image\" content=\"https:\/\/aeronoticias.com.pe\/noticiero\/wp-content\/uploads\/2025\/10\/id-tvperu-noticias_4_0.jpg\" \/>\n\t<meta property=\"og:image:width\" content=\"400\" \/>\n\t<meta property=\"og:image:height\" content=\"460\" \/>\n\t<meta property=\"og:image:type\" content=\"image\/jpeg\" \/>\n<meta name=\"author\" content=\"sebastian\" \/>\n<meta name=\"twitter:card\" content=\"summary_large_image\" \/>\n<meta name=\"twitter:creator\" content=\"@aeronoticias\" \/>\n<meta name=\"twitter:site\" content=\"@aeronoticias\" \/>\n<meta name=\"twitter:label1\" content=\"Escrito por\" \/>\n\t<meta name=\"twitter:data1\" content=\"sebastian\" \/>\n\t<meta name=\"twitter:label2\" content=\"Tiempo de lectura\" \/>\n\t<meta name=\"twitter:data2\" content=\"1 minuto\" \/>\n<script type=\"application\/ld+json\" class=\"yoast-schema-graph\">{\"@context\":\"https:\/\/schema.org\",\"@graph\":[{\"@type\":\"WebPage\",\"@id\":\"https:\/\/aeronoticias.com.pe\/noticiero\/transporte-aereo\/nacional\/tvperu-noticias-refuerza-cobertura-nacional-con-nuevo-bloque-informativo-matutino\/\",\"url\":\"https:\/\/aeronoticias.com.pe\/noticiero\/transporte-aereo\/nacional\/tvperu-noticias-refuerza-cobertura-nacional-con-nuevo-bloque-informativo-matutino\/\",\"name\":\"TVPer\u00fa Noticias refuerza cobertura nacional con nuevo bloque informativo matutino\",\"isPartOf\":{\"@id\":\"https:\/\/aeronoticias.com.pe\/noticiero\/#website\"},\"primaryImageOfPage\":{\"@id\":\"https:\/\/aeronoticias.com.pe\/noticiero\/transporte-aereo\/nacional\/tvperu-noticias-refuerza-cobertura-nacional-con-nuevo-bloque-informativo-matutino\/#primaryimage\"},\"image\":{\"@id\":\"https:\/\/aeronoticias.com.pe\/noticiero\/transporte-aereo\/nacional\/tvperu-noticias-refuerza-cobertura-nacional-con-nuevo-bloque-informativo-matutino\/#primaryimage\"},\"thumbnailUrl\":\"https:\/\/aeronoticias.com.pe\/noticiero\/wp-content\/uploads\/2025\/10\/id-tvperu-noticias_4_0.jpg\",\"datePublished\":\"2025-10-27T20:03:54+00:00\",\"dateModified\":\"2025-10-27T20:03:56+00:00\",\"author\":{\"@id\":\"https:\/\/aeronoticias.com.pe\/noticiero\/#\/schema\/person\/45ec58b0c4aefb9b6ee48f40659be5a3\"},\"description\":\"(Aeronoticias): Este lunes 27 de octubre de 2025, TVPer\u00fa Noticias lanz\u00f3 oficialmente su nuevo bloque informativo matutino \u201cNoticias Ma\u00f1ana\u201d, con el objetivo de fortalecer la cobertura de los principales acontecimientos nacionales e internacionales desde las primeras horas del d\u00eda. El espacio, transmitido en vivo desde las 6:00 a.m., incluye reportajes especiales, entrevistas con autoridades y an\u00e1lisis de coyuntura pol\u00edtica, econ\u00f3mica y social.\",\"breadcrumb\":{\"@id\":\"https:\/\/aeronoticias.com.pe\/noticiero\/transporte-aereo\/nacional\/tvperu-noticias-refuerza-cobertura-nacional-con-nuevo-bloque-informativo-matutino\/#breadcrumb\"},\"inLanguage\":\"es\",\"potentialAction\":[{\"@type\":\"ReadAction\",\"target\":[\"https:\/\/aeronoticias.com.pe\/noticiero\/transporte-aereo\/nacional\/tvperu-noticias-refuerza-cobertura-nacional-con-nuevo-bloque-informativo-matutino\/\"]}]},{\"@type\":\"ImageObject\",\"inLanguage\":\"es\",\"@id\":\"https:\/\/aeronoticias.com.pe\/noticiero\/transporte-aereo\/nacional\/tvperu-noticias-refuerza-cobertura-nacional-con-nuevo-bloque-informativo-matutino\/#primaryimage\",\"url\":\"https:\/\/aeronoticias.com.pe\/noticiero\/wp-content\/uploads\/2025\/10\/id-tvperu-noticias_4_0.jpg\",\"contentUrl\":\"https:\/\/aeronoticias.com.pe\/noticiero\/wp-content\/uploads\/2025\/10\/id-tvperu-noticias_4_0.jpg\",\"width\":400,\"height\":460},{\"@type\":\"BreadcrumbList\",\"@id\":\"https:\/\/aeronoticias.com.pe\/noticiero\/transporte-aereo\/nacional\/tvperu-noticias-refuerza-cobertura-nacional-con-nuevo-bloque-informativo-matutino\/#breadcrumb\",\"itemListElement\":[{\"@type\":\"ListItem\",\"position\":1,\"name\":\"Portada\",\"item\":\"https:\/\/aeronoticias.com.pe\/noticiero\/\"},{\"@type\":\"ListItem\",\"position\":2,\"name\":\"TVPer\u00fa Noticias refuerza cobertura nacional con nuevo bloque informativo matutino\"}]},{\"@type\":\"WebSite\",\"@id\":\"https:\/\/aeronoticias.com.pe\/noticiero\/#website\",\"url\":\"https:\/\/aeronoticias.com.pe\/noticiero\/\",\"name\":\"Aeronoticias.com.pe\",\"description\":\"Noticias de tranporte aereo, turismo, hoteles, gastronomia, actualidad, internacional\",\"potentialAction\":[{\"@type\":\"SearchAction\",\"target\":{\"@type\":\"EntryPoint\",\"urlTemplate\":\"https:\/\/aeronoticias.com.pe\/noticiero\/?s={search_term_string}\"},\"query-input\":{\"@type\":\"PropertyValueSpecification\",\"valueRequired\":true,\"valueName\":\"search_term_string\"}}],\"inLanguage\":\"es\"},{\"@type\":\"Person\",\"@id\":\"https:\/\/aeronoticias.com.pe\/noticiero\/#\/schema\/person\/45ec58b0c4aefb9b6ee48f40659be5a3\",\"name\":\"sebastian\",\"url\":\"https:\/\/aeronoticias.com.pe\/noticiero\/author\/sebastian\/\"}]}<\/script>\n<!-- \/ Yoast SEO plugin. -->","yoast_head_json":{"title":"TVPer\u00fa Noticias refuerza cobertura nacional con nuevo bloque informativo matutino","description":"(Aeronoticias): Este lunes 27 de octubre de 2025, TVPer\u00fa Noticias lanz\u00f3 oficialmente su nuevo bloque informativo matutino \u201cNoticias Ma\u00f1ana\u201d, con el objetivo de fortalecer la cobertura de los principales acontecimientos nacionales e internacionales desde las primeras horas del d\u00eda. El espacio, transmitido en vivo desde las 6:00 a.m., incluye reportajes especiales, entrevistas con autoridades y an\u00e1lisis de coyuntura pol\u00edtica, econ\u00f3mica y social.","robots":{"index":"index","follow":"follow","max-snippet":"max-snippet:-1","max-image-preview":"max-image-preview:large","max-video-preview":"max-video-preview:-1"},"canonical":"https:\/\/aeronoticias.com.pe\/noticiero\/transporte-aereo\/nacional\/tvperu-noticias-refuerza-cobertura-nacional-con-nuevo-bloque-informativo-matutino\/","og_locale":"es_ES","og_type":"article","og_title":"TVPer\u00fa Noticias refuerza cobertura nacional con nuevo bloque informativo matutino","og_description":"(Aeronoticias): Este lunes 27 de octubre de 2025, TVPer\u00fa Noticias lanz\u00f3 oficialmente su nuevo bloque informativo matutino \u201cNoticias Ma\u00f1ana\u201d, con el objetivo de fortalecer la cobertura de los principales acontecimientos nacionales e internacionales desde las primeras horas del d\u00eda. El espacio, transmitido en vivo desde las 6:00 a.m., incluye reportajes especiales, entrevistas con autoridades y an\u00e1lisis de coyuntura pol\u00edtica, econ\u00f3mica y social.","og_url":"https:\/\/aeronoticias.com.pe\/noticiero\/transporte-aereo\/nacional\/tvperu-noticias-refuerza-cobertura-nacional-con-nuevo-bloque-informativo-matutino\/","og_site_name":"Aeronoticias.com.pe","article_publisher":"https:\/\/www.facebook.com\/Aeronoticias.com.pe\/","article_published_time":"2025-10-27T20:03:54+00:00","article_modified_time":"2025-10-27T20:03:56+00:00","og_image":[{"width":400,"height":460,"url":"https:\/\/aeronoticias.com.pe\/noticiero\/wp-content\/uploads\/2025\/10\/id-tvperu-noticias_4_0.jpg","type":"image\/jpeg"}],"author":"sebastian","twitter_card":"summary_large_image","twitter_creator":"@aeronoticias","twitter_site":"@aeronoticias","twitter_misc":{"Escrito por":"sebastian","Tiempo de lectura":"1 minuto"},"schema":{"@context":"https:\/\/schema.org","@graph":[{"@type":"WebPage","@id":"https:\/\/aeronoticias.com.pe\/noticiero\/transporte-aereo\/nacional\/tvperu-noticias-refuerza-cobertura-nacional-con-nuevo-bloque-informativo-matutino\/","url":"https:\/\/aeronoticias.com.pe\/noticiero\/transporte-aereo\/nacional\/tvperu-noticias-refuerza-cobertura-nacional-con-nuevo-bloque-informativo-matutino\/","name":"TVPer\u00fa Noticias refuerza cobertura nacional con nuevo bloque informativo matutino","isPartOf":{"@id":"https:\/\/aeronoticias.com.pe\/noticiero\/#website"},"primaryImageOfPage":{"@id":"https:\/\/aeronoticias.com.pe\/noticiero\/transporte-aereo\/nacional\/tvperu-noticias-refuerza-cobertura-nacional-con-nuevo-bloque-informativo-matutino\/#primaryimage"},"image":{"@id":"https:\/\/aeronoticias.com.pe\/noticiero\/transporte-aereo\/nacional\/tvperu-noticias-refuerza-cobertura-nacional-con-nuevo-bloque-informativo-matutino\/#primaryimage"},"thumbnailUrl":"https:\/\/aeronoticias.com.pe\/noticiero\/wp-content\/uploads\/2025\/10\/id-tvperu-noticias_4_0.jpg","datePublished":"2025-10-27T20:03:54+00:00","dateModified":"2025-10-27T20:03:56+00:00","author":{"@id":"https:\/\/aeronoticias.com.pe\/noticiero\/#\/schema\/person\/45ec58b0c4aefb9b6ee48f40659be5a3"},"description":"(Aeronoticias): Este lunes 27 de octubre de 2025, TVPer\u00fa Noticias lanz\u00f3 oficialmente su nuevo bloque informativo matutino \u201cNoticias Ma\u00f1ana\u201d, con el objetivo de fortalecer la cobertura de los principales acontecimientos nacionales e internacionales desde las primeras horas del d\u00eda. El espacio, transmitido en vivo desde las 6:00 a.m., incluye reportajes especiales, entrevistas con autoridades y an\u00e1lisis de coyuntura pol\u00edtica, econ\u00f3mica y social.","breadcrumb":{"@id":"https:\/\/aeronoticias.com.pe\/noticiero\/transporte-aereo\/nacional\/tvperu-noticias-refuerza-cobertura-nacional-con-nuevo-bloque-informativo-matutino\/#breadcrumb"},"inLanguage":"es","potentialAction":[{"@type":"ReadAction","target":["https:\/\/aeronoticias.com.pe\/noticiero\/transporte-aereo\/nacional\/tvperu-noticias-refuerza-cobertura-nacional-con-nuevo-bloque-informativo-matutino\/"]}]},{"@type":"ImageObject","inLanguage":"es","@id":"https:\/\/aeronoticias.com.pe\/noticiero\/transporte-aereo\/nacional\/tvperu-noticias-refuerza-cobertura-nacional-con-nuevo-bloque-informativo-matutino\/#primaryimage","url":"https:\/\/aeronoticias.com.pe\/noticiero\/wp-content\/uploads\/2025\/10\/id-tvperu-noticias_4_0.jpg","contentUrl":"https:\/\/aeronoticias.com.pe\/noticiero\/wp-content\/uploads\/2025\/10\/id-tvperu-noticias_4_0.jpg","width":400,"height":460},{"@type":"BreadcrumbList","@id":"https:\/\/aeronoticias.com.pe\/noticiero\/transporte-aereo\/nacional\/tvperu-noticias-refuerza-cobertura-nacional-con-nuevo-bloque-informativo-matutino\/#breadcrumb","itemListElement":[{"@type":"ListItem","position":1,"name":"Portada","item":"https:\/\/aeronoticias.com.pe\/noticiero\/"},{"@type":"ListItem","position":2,"name":"TVPer\u00fa Noticias refuerza cobertura nacional con nuevo bloque informativo matutino"}]},{"@type":"WebSite","@id":"https:\/\/aeronoticias.com.pe\/noticiero\/#website","url":"https:\/\/aeronoticias.com.pe\/noticiero\/","name":"Aeronoticias.com.pe","description":"Noticias de tranporte aereo, turismo, hoteles, gastronomia, actualidad, internacional","potentialAction":[{"@type":"SearchAction","target":{"@type":"EntryPoint","urlTemplate":"https:\/\/aeronoticias.com.pe\/noticiero\/?s={search_term_string}"},"query-input":{"@type":"PropertyValueSpecification","valueRequired":true,"valueName":"search_term_string"}}],"inLanguage":"es"},{"@type":"Person","@id":"https:\/\/aeronoticias.com.pe\/noticiero\/#\/schema\/person\/45ec58b0c4aefb9b6ee48f40659be5a3","name":"sebastian","url":"https:\/\/aeronoticias.com.pe\/noticiero\/author\/sebastian\/"}]}},"_links":{"self":[{"href":"https:\/\/aeronoticias.com.pe\/noticiero\/wp-json\/wp\/v2\/posts\/96415","targetHints":{"allow":["GET"]}}],"collection":[{"href":"https:\/\/aeronoticias.com.pe\/noticiero\/wp-json\/wp\/v2\/posts"}],"about":[{"href":"https:\/\/aeronoticias.com.pe\/noticiero\/wp-json\/wp\/v2\/types\/post"}],"author":[{"embeddable":true,"href":"https:\/\/aeronoticias.com.pe\/noticiero\/wp-json\/wp\/v2\/users\/7"}],"replies":[{"embeddable":true,"href":"https:\/\/aeronoticias.com.pe\/noticiero\/wp-json\/wp\/v2\/comments?post=96415"}],"version-history":[{"count":1,"href":"https:\/\/aeronoticias.com.pe\/noticiero\/wp-json\/wp\/v2\/posts\/96415\/revisions"}],"predecessor-version":[{"id":96417,"href":"https:\/\/aeronoticias.com.pe\/noticiero\/wp-json\/wp\/v2\/posts\/96415\/revisions\/96417"}],"wp:featuredmedia":[{"embeddable":true,"href":"https:\/\/aeronoticias.com.pe\/noticiero\/wp-json\/wp\/v2\/media\/96416"}],"wp:attachment":[{"href":"https:\/\/aeronoticias.com.pe\/noticiero\/wp-json\/wp\/v2\/media?parent=96415"}],"wp:term":[{"taxonomy":"category","embeddable":true,"href":"https:\/\/aeronoticias.com.pe\/noticiero\/wp-json\/wp\/v2\/categories?post=96415"},{"taxonomy":"post_tag","embeddable":true,"href":"https:\/\/aeronoticias.com.pe\/noticiero\/wp-json\/wp\/v2\/tags?post=96415"}],"curies":[{"name":"wp","href":"https:\/\/api.w.org\/{rel}","templated":true}]}}