{"id":96452,"date":"2025-10-28T09:51:10","date_gmt":"2025-10-28T14:51:10","guid":{"rendered":"https:\/\/aeronoticias.com.pe\/noticiero\/?p=96452"},"modified":"2025-10-28T09:51:11","modified_gmt":"2025-10-28T14:51:11","slug":"fallecio-raymundo-hurtado-martinez-ex-fundador-y-presidente-de-de-la-union-de-periodistas-de-aviacion-upa","status":"publish","type":"post","link":"https:\/\/aeronoticias.com.pe\/noticiero\/ultimas\/1\/fallecio-raymundo-hurtado-martinez-ex-fundador-y-presidente-de-de-la-union-de-periodistas-de-aviacion-upa\/","title":{"rendered":"Falleci\u00f3 Raymundo Hurtado Mart\u00ednez, ex fundador y Presidente de \u00a0de la Uni\u00f3n de Periodistas de Aviaci\u00f3n (UPA)"},"content":{"rendered":"\n<p>(Aeronoticias) El d\u00eda 07 de setiembre del 2025 viaj\u00f3 al cielo el periodista Raymundo Hurtado Mart\u00ednez, ex fundador y Presidente de \u00a0de la Uni\u00f3n de Periodistas de Aviaci\u00f3n (UPA) y adem\u00e1s ex Director de nuestro diario digital Aeronoticias.<\/p>\n\n\n\n<p>Fue un periodista de amplia trayectoria, era sabio, entusiasta, luchador y muy conversador.<\/p>\n\n\n\n<p>Sus colegas lo recuerdan como franco simpatizante del \u00faltimo gobierno militar. Esto hace que sea designado alcalde del distrito lime\u00f1o de Carabayllo. Era un fiel seguidor del entonces presidente Juan Velasco Alvarado.<br><br>Cabe indicar, que no fue elegido burgomaestre, pues durante el r\u00e9gimen castrense no hab\u00eda elecciones municipales ni generales. Su designaci\u00f3n es oficializada mediante una resoluci\u00f3n de la Direcci\u00f3n General de Gobierno Interior, del Ministerio del Interior.<\/p>\n\n\n\n<p>Raymundo Hurtado fue fundador y Presidente de la Uni\u00f3n de Periodistas de Aviaci\u00f3n (UPA); cubr\u00eda informaciones en la Sala de Prensa del Aeropuerto Internacional \u201cJorge Ch\u00e1vez\u201d, ambiente donde los profesionales de la informaci\u00f3n masiva cumplieron su labor durante m\u00e1s de 40 a\u00f1os hasta que la concesionaria Lima Airport Partners \u00a0(LAP) la desmantel\u00f3 a partir del 2002.<\/p>\n\n\n\n<p>Asimismo, el periodista Hurtado Mart\u00ednez redact\u00f3 y edit\u00f3 de su propia revista f\u00edsica llamada \u00abAeropuerto\u00bb, una publicaci\u00f3n destinada a informar sobre las actividades aeroportuarias, el fomento del comercio exterior y el turismo nacional.<\/p>\n\n\n\n<p>Durante muchos a\u00f1os trabaj\u00f3 en el diario El Comercio, adem\u00e1s una \u00e9poca en la agencia oficial de noticias Andina y por \u00faltimo en nuestro diario digital Aeronoticias, donde se desempe\u00f1o como Director de Prensa.<\/p>\n\n\n\n<p>Que en paz descanse Don Raymundo, gracias por su colaboraci\u00f3n y desempe\u00f1o en nuestro querido diario digital Aeronoticias, siempre lo recordaremos.<br><\/p>\n\n\n\n<p><\/p>\n","protected":false},"excerpt":{"rendered":"<p>(Aeronoticias) El d\u00eda 07 de setiembre del 2025 viaj\u00f3 al cielo el periodista Raymundo Hurtado Mart\u00ednez, ex fundador y Presidente de \u00a0de la Uni\u00f3n de Periodistas de Aviaci\u00f3n (UPA) y adem\u00e1s ex Director de nuestro diario digital Aeronoticias. Fue un periodista de amplia trayectoria, era sabio, entusiasta, luchador y muy conversador. Sus colegas lo recuerdan [&hellip;]<\/p>\n","protected":false},"author":3,"featured_media":96495,"comment_status":"closed","ping_status":"closed","sticky":false,"template":"","format":"standard","meta":{"tdm_status":"","tdm_grid_status":"","footnotes":""},"categories":[1,8,30],"tags":[],"class_list":{"0":"post-96452","1":"post","2":"type-post","3":"status-publish","4":"format-standard","5":"has-post-thumbnail","7":"category-sin-categoria","8":"category-ultimas","9":"category-30"},"yoast_head":"<!-- This site is optimized with the Yoast SEO plugin v25.1 - https:\/\/yoast.com\/wordpress\/plugins\/seo\/ -->\n<title>Falleci\u00f3 Raymundo Hurtado Mart\u00ednez, ex fundador y Presidente de \u00a0de la Uni\u00f3n de Periodistas de Aviaci\u00f3n (UPA)<\/title>\n<meta name=\"description\" content=\"El d\u00eda 07 de setiembre del 2025 viaj\u00f3 al cielo el periodista Raymundo Hurtado Mart\u00ednez, ex fundador y Presidente de \u00a0de la Uni\u00f3n de Periodistas de Aviaci\u00f3n (UPA) y adem\u00e1s ex Director de nuestro diario digital Aeronoticias.\" \/>\n<meta name=\"robots\" content=\"index, follow, max-snippet:-1, max-image-preview:large, max-video-preview:-1\" \/>\n<link rel=\"canonical\" href=\"https:\/\/aeronoticias.com.pe\/noticiero\/sin-categoria\/fallecio-raymundo-hurtado-martinez-ex-fundador-y-presidente-de-de-la-union-de-periodistas-de-aviacion-upa\/\" \/>\n<meta property=\"og:locale\" content=\"es_ES\" \/>\n<meta property=\"og:type\" content=\"article\" \/>\n<meta property=\"og:title\" content=\"Falleci\u00f3 Raymundo Hurtado Mart\u00ednez, ex fundador y Presidente de \u00a0de la Uni\u00f3n de Periodistas de Aviaci\u00f3n (UPA)\" \/>\n<meta property=\"og:description\" content=\"El d\u00eda 07 de setiembre del 2025 viaj\u00f3 al cielo el periodista Raymundo Hurtado Mart\u00ednez, ex fundador y Presidente de \u00a0de la Uni\u00f3n de Periodistas de Aviaci\u00f3n (UPA) y adem\u00e1s ex Director de nuestro diario digital Aeronoticias.\" \/>\n<meta property=\"og:url\" content=\"https:\/\/aeronoticias.com.pe\/noticiero\/sin-categoria\/fallecio-raymundo-hurtado-martinez-ex-fundador-y-presidente-de-de-la-union-de-periodistas-de-aviacion-upa\/\" \/>\n<meta property=\"og:site_name\" content=\"Aeronoticias.com.pe\" \/>\n<meta property=\"article:publisher\" content=\"https:\/\/www.facebook.com\/Aeronoticias.com.pe\/\" \/>\n<meta property=\"article:published_time\" content=\"2025-10-28T14:51:10+00:00\" \/>\n<meta property=\"article:modified_time\" content=\"2025-10-28T14:51:11+00:00\" \/>\n<meta property=\"og:image\" content=\"https:\/\/aeronoticias.com.pe\/noticiero\/wp-content\/uploads\/2025\/10\/rhurtado.jpg\" \/>\n\t<meta property=\"og:image:width\" content=\"1152\" \/>\n\t<meta property=\"og:image:height\" content=\"1152\" \/>\n\t<meta property=\"og:image:type\" content=\"image\/jpeg\" \/>\n<meta name=\"author\" content=\"Redacci\u00f3n\" \/>\n<meta name=\"twitter:card\" content=\"summary_large_image\" \/>\n<meta name=\"twitter:creator\" content=\"@aeronoticias\" \/>\n<meta name=\"twitter:site\" content=\"@aeronoticias\" \/>\n<meta name=\"twitter:label1\" content=\"Escrito por\" \/>\n\t<meta name=\"twitter:data1\" content=\"Redacci\u00f3n\" \/>\n\t<meta name=\"twitter:label2\" content=\"Tiempo de lectura\" \/>\n\t<meta name=\"twitter:data2\" content=\"2 minutos\" \/>\n<script type=\"application\/ld+json\" class=\"yoast-schema-graph\">{\"@context\":\"https:\/\/schema.org\",\"@graph\":[{\"@type\":\"WebPage\",\"@id\":\"https:\/\/aeronoticias.com.pe\/noticiero\/sin-categoria\/fallecio-raymundo-hurtado-martinez-ex-fundador-y-presidente-de-de-la-union-de-periodistas-de-aviacion-upa\/\",\"url\":\"https:\/\/aeronoticias.com.pe\/noticiero\/sin-categoria\/fallecio-raymundo-hurtado-martinez-ex-fundador-y-presidente-de-de-la-union-de-periodistas-de-aviacion-upa\/\",\"name\":\"Falleci\u00f3 Raymundo Hurtado Mart\u00ednez, ex fundador y Presidente de \u00a0de la Uni\u00f3n de Periodistas de Aviaci\u00f3n (UPA)\",\"isPartOf\":{\"@id\":\"https:\/\/aeronoticias.com.pe\/noticiero\/#website\"},\"primaryImageOfPage\":{\"@id\":\"https:\/\/aeronoticias.com.pe\/noticiero\/sin-categoria\/fallecio-raymundo-hurtado-martinez-ex-fundador-y-presidente-de-de-la-union-de-periodistas-de-aviacion-upa\/#primaryimage\"},\"image\":{\"@id\":\"https:\/\/aeronoticias.com.pe\/noticiero\/sin-categoria\/fallecio-raymundo-hurtado-martinez-ex-fundador-y-presidente-de-de-la-union-de-periodistas-de-aviacion-upa\/#primaryimage\"},\"thumbnailUrl\":\"https:\/\/aeronoticias.com.pe\/noticiero\/wp-content\/uploads\/2025\/10\/rhurtado.jpg\",\"datePublished\":\"2025-10-28T14:51:10+00:00\",\"dateModified\":\"2025-10-28T14:51:11+00:00\",\"author\":{\"@id\":\"https:\/\/aeronoticias.com.pe\/noticiero\/#\/schema\/person\/16212a617c73f78916b13194154243bd\"},\"description\":\"El d\u00eda 07 de setiembre del 2025 viaj\u00f3 al cielo el periodista Raymundo Hurtado Mart\u00ednez, ex fundador y Presidente de \u00a0de la Uni\u00f3n de Periodistas de Aviaci\u00f3n (UPA) y adem\u00e1s ex Director de nuestro diario digital Aeronoticias.\",\"breadcrumb\":{\"@id\":\"https:\/\/aeronoticias.com.pe\/noticiero\/sin-categoria\/fallecio-raymundo-hurtado-martinez-ex-fundador-y-presidente-de-de-la-union-de-periodistas-de-aviacion-upa\/#breadcrumb\"},\"inLanguage\":\"es\",\"potentialAction\":[{\"@type\":\"ReadAction\",\"target\":[\"https:\/\/aeronoticias.com.pe\/noticiero\/sin-categoria\/fallecio-raymundo-hurtado-martinez-ex-fundador-y-presidente-de-de-la-union-de-periodistas-de-aviacion-upa\/\"]}]},{\"@type\":\"ImageObject\",\"inLanguage\":\"es\",\"@id\":\"https:\/\/aeronoticias.com.pe\/noticiero\/sin-categoria\/fallecio-raymundo-hurtado-martinez-ex-fundador-y-presidente-de-de-la-union-de-periodistas-de-aviacion-upa\/#primaryimage\",\"url\":\"https:\/\/aeronoticias.com.pe\/noticiero\/wp-content\/uploads\/2025\/10\/rhurtado.jpg\",\"contentUrl\":\"https:\/\/aeronoticias.com.pe\/noticiero\/wp-content\/uploads\/2025\/10\/rhurtado.jpg\",\"width\":1152,\"height\":1152,\"caption\":\"Raymundo Hurtado Mart\u00ednez, ex fundador y Presidente de la Uni\u00f3n de Periodistas de Aviaci\u00f3n y ex Director de Aeronoticias\"},{\"@type\":\"BreadcrumbList\",\"@id\":\"https:\/\/aeronoticias.com.pe\/noticiero\/sin-categoria\/fallecio-raymundo-hurtado-martinez-ex-fundador-y-presidente-de-de-la-union-de-periodistas-de-aviacion-upa\/#breadcrumb\",\"itemListElement\":[{\"@type\":\"ListItem\",\"position\":1,\"name\":\"Portada\",\"item\":\"https:\/\/aeronoticias.com.pe\/noticiero\/\"},{\"@type\":\"ListItem\",\"position\":2,\"name\":\"Falleci\u00f3 Raymundo Hurtado Mart\u00ednez, ex fundador y Presidente de \u00a0de la Uni\u00f3n de Periodistas de Aviaci\u00f3n (UPA)\"}]},{\"@type\":\"WebSite\",\"@id\":\"https:\/\/aeronoticias.com.pe\/noticiero\/#website\",\"url\":\"https:\/\/aeronoticias.com.pe\/noticiero\/\",\"name\":\"Aeronoticias.com.pe\",\"description\":\"Noticias de tranporte aereo, turismo, hoteles, gastronomia, actualidad, internacional\",\"potentialAction\":[{\"@type\":\"SearchAction\",\"target\":{\"@type\":\"EntryPoint\",\"urlTemplate\":\"https:\/\/aeronoticias.com.pe\/noticiero\/?s={search_term_string}\"},\"query-input\":{\"@type\":\"PropertyValueSpecification\",\"valueRequired\":true,\"valueName\":\"search_term_string\"}}],\"inLanguage\":\"es\"},{\"@type\":\"Person\",\"@id\":\"https:\/\/aeronoticias.com.pe\/noticiero\/#\/schema\/person\/16212a617c73f78916b13194154243bd\",\"name\":\"Redacci\u00f3n\",\"sameAs\":[\"http:\/\/Redacci\u00f3n\"],\"url\":\"https:\/\/aeronoticias.com.pe\/noticiero\/author\/celeste\/\"}]}<\/script>\n<!-- \/ Yoast SEO plugin. -->","yoast_head_json":{"title":"Falleci\u00f3 Raymundo Hurtado Mart\u00ednez, ex fundador y Presidente de \u00a0de la Uni\u00f3n de Periodistas de Aviaci\u00f3n (UPA)","description":"El d\u00eda 07 de setiembre del 2025 viaj\u00f3 al cielo el periodista Raymundo Hurtado Mart\u00ednez, ex fundador y Presidente de \u00a0de la Uni\u00f3n de Periodistas de Aviaci\u00f3n (UPA) y adem\u00e1s ex Director de nuestro diario digital Aeronoticias.","robots":{"index":"index","follow":"follow","max-snippet":"max-snippet:-1","max-image-preview":"max-image-preview:large","max-video-preview":"max-video-preview:-1"},"canonical":"https:\/\/aeronoticias.com.pe\/noticiero\/sin-categoria\/fallecio-raymundo-hurtado-martinez-ex-fundador-y-presidente-de-de-la-union-de-periodistas-de-aviacion-upa\/","og_locale":"es_ES","og_type":"article","og_title":"Falleci\u00f3 Raymundo Hurtado Mart\u00ednez, ex fundador y Presidente de \u00a0de la Uni\u00f3n de Periodistas de Aviaci\u00f3n (UPA)","og_description":"El d\u00eda 07 de setiembre del 2025 viaj\u00f3 al cielo el periodista Raymundo Hurtado Mart\u00ednez, ex fundador y Presidente de \u00a0de la Uni\u00f3n de Periodistas de Aviaci\u00f3n (UPA) y adem\u00e1s ex Director de nuestro diario digital Aeronoticias.","og_url":"https:\/\/aeronoticias.com.pe\/noticiero\/sin-categoria\/fallecio-raymundo-hurtado-martinez-ex-fundador-y-presidente-de-de-la-union-de-periodistas-de-aviacion-upa\/","og_site_name":"Aeronoticias.com.pe","article_publisher":"https:\/\/www.facebook.com\/Aeronoticias.com.pe\/","article_published_time":"2025-10-28T14:51:10+00:00","article_modified_time":"2025-10-28T14:51:11+00:00","og_image":[{"width":1152,"height":1152,"url":"https:\/\/aeronoticias.com.pe\/noticiero\/wp-content\/uploads\/2025\/10\/rhurtado.jpg","type":"image\/jpeg"}],"author":"Redacci\u00f3n","twitter_card":"summary_large_image","twitter_creator":"@aeronoticias","twitter_site":"@aeronoticias","twitter_misc":{"Escrito por":"Redacci\u00f3n","Tiempo de lectura":"2 minutos"},"schema":{"@context":"https:\/\/schema.org","@graph":[{"@type":"WebPage","@id":"https:\/\/aeronoticias.com.pe\/noticiero\/sin-categoria\/fallecio-raymundo-hurtado-martinez-ex-fundador-y-presidente-de-de-la-union-de-periodistas-de-aviacion-upa\/","url":"https:\/\/aeronoticias.com.pe\/noticiero\/sin-categoria\/fallecio-raymundo-hurtado-martinez-ex-fundador-y-presidente-de-de-la-union-de-periodistas-de-aviacion-upa\/","name":"Falleci\u00f3 Raymundo Hurtado Mart\u00ednez, ex fundador y Presidente de \u00a0de la Uni\u00f3n de Periodistas de Aviaci\u00f3n (UPA)","isPartOf":{"@id":"https:\/\/aeronoticias.com.pe\/noticiero\/#website"},"primaryImageOfPage":{"@id":"https:\/\/aeronoticias.com.pe\/noticiero\/sin-categoria\/fallecio-raymundo-hurtado-martinez-ex-fundador-y-presidente-de-de-la-union-de-periodistas-de-aviacion-upa\/#primaryimage"},"image":{"@id":"https:\/\/aeronoticias.com.pe\/noticiero\/sin-categoria\/fallecio-raymundo-hurtado-martinez-ex-fundador-y-presidente-de-de-la-union-de-periodistas-de-aviacion-upa\/#primaryimage"},"thumbnailUrl":"https:\/\/aeronoticias.com.pe\/noticiero\/wp-content\/uploads\/2025\/10\/rhurtado.jpg","datePublished":"2025-10-28T14:51:10+00:00","dateModified":"2025-10-28T14:51:11+00:00","author":{"@id":"https:\/\/aeronoticias.com.pe\/noticiero\/#\/schema\/person\/16212a617c73f78916b13194154243bd"},"description":"El d\u00eda 07 de setiembre del 2025 viaj\u00f3 al cielo el periodista Raymundo Hurtado Mart\u00ednez, ex fundador y Presidente de \u00a0de la Uni\u00f3n de Periodistas de Aviaci\u00f3n (UPA) y adem\u00e1s ex Director de nuestro diario digital Aeronoticias.","breadcrumb":{"@id":"https:\/\/aeronoticias.com.pe\/noticiero\/sin-categoria\/fallecio-raymundo-hurtado-martinez-ex-fundador-y-presidente-de-de-la-union-de-periodistas-de-aviacion-upa\/#breadcrumb"},"inLanguage":"es","potentialAction":[{"@type":"ReadAction","target":["https:\/\/aeronoticias.com.pe\/noticiero\/sin-categoria\/fallecio-raymundo-hurtado-martinez-ex-fundador-y-presidente-de-de-la-union-de-periodistas-de-aviacion-upa\/"]}]},{"@type":"ImageObject","inLanguage":"es","@id":"https:\/\/aeronoticias.com.pe\/noticiero\/sin-categoria\/fallecio-raymundo-hurtado-martinez-ex-fundador-y-presidente-de-de-la-union-de-periodistas-de-aviacion-upa\/#primaryimage","url":"https:\/\/aeronoticias.com.pe\/noticiero\/wp-content\/uploads\/2025\/10\/rhurtado.jpg","contentUrl":"https:\/\/aeronoticias.com.pe\/noticiero\/wp-content\/uploads\/2025\/10\/rhurtado.jpg","width":1152,"height":1152,"caption":"Raymundo Hurtado Mart\u00ednez, ex fundador y Presidente de la Uni\u00f3n de Periodistas de Aviaci\u00f3n y ex Director de Aeronoticias"},{"@type":"BreadcrumbList","@id":"https:\/\/aeronoticias.com.pe\/noticiero\/sin-categoria\/fallecio-raymundo-hurtado-martinez-ex-fundador-y-presidente-de-de-la-union-de-periodistas-de-aviacion-upa\/#breadcrumb","itemListElement":[{"@type":"ListItem","position":1,"name":"Portada","item":"https:\/\/aeronoticias.com.pe\/noticiero\/"},{"@type":"ListItem","position":2,"name":"Falleci\u00f3 Raymundo Hurtado Mart\u00ednez, ex fundador y Presidente de \u00a0de la Uni\u00f3n de Periodistas de Aviaci\u00f3n (UPA)"}]},{"@type":"WebSite","@id":"https:\/\/aeronoticias.com.pe\/noticiero\/#website","url":"https:\/\/aeronoticias.com.pe\/noticiero\/","name":"Aeronoticias.com.pe","description":"Noticias de tranporte aereo, turismo, hoteles, gastronomia, actualidad, internacional","potentialAction":[{"@type":"SearchAction","target":{"@type":"EntryPoint","urlTemplate":"https:\/\/aeronoticias.com.pe\/noticiero\/?s={search_term_string}"},"query-input":{"@type":"PropertyValueSpecification","valueRequired":true,"valueName":"search_term_string"}}],"inLanguage":"es"},{"@type":"Person","@id":"https:\/\/aeronoticias.com.pe\/noticiero\/#\/schema\/person\/16212a617c73f78916b13194154243bd","name":"Redacci\u00f3n","sameAs":["http:\/\/Redacci\u00f3n"],"url":"https:\/\/aeronoticias.com.pe\/noticiero\/author\/celeste\/"}]}},"_links":{"self":[{"href":"https:\/\/aeronoticias.com.pe\/noticiero\/wp-json\/wp\/v2\/posts\/96452","targetHints":{"allow":["GET"]}}],"collection":[{"href":"https:\/\/aeronoticias.com.pe\/noticiero\/wp-json\/wp\/v2\/posts"}],"about":[{"href":"https:\/\/aeronoticias.com.pe\/noticiero\/wp-json\/wp\/v2\/types\/post"}],"author":[{"embeddable":true,"href":"https:\/\/aeronoticias.com.pe\/noticiero\/wp-json\/wp\/v2\/users\/3"}],"replies":[{"embeddable":true,"href":"https:\/\/aeronoticias.com.pe\/noticiero\/wp-json\/wp\/v2\/comments?post=96452"}],"version-history":[{"count":33,"href":"https:\/\/aeronoticias.com.pe\/noticiero\/wp-json\/wp\/v2\/posts\/96452\/revisions"}],"predecessor-version":[{"id":96493,"href":"https:\/\/aeronoticias.com.pe\/noticiero\/wp-json\/wp\/v2\/posts\/96452\/revisions\/96493"}],"wp:featuredmedia":[{"embeddable":true,"href":"https:\/\/aeronoticias.com.pe\/noticiero\/wp-json\/wp\/v2\/media\/96495"}],"wp:attachment":[{"href":"https:\/\/aeronoticias.com.pe\/noticiero\/wp-json\/wp\/v2\/media?parent=96452"}],"wp:term":[{"taxonomy":"category","embeddable":true,"href":"https:\/\/aeronoticias.com.pe\/noticiero\/wp-json\/wp\/v2\/categories?post=96452"},{"taxonomy":"post_tag","embeddable":true,"href":"https:\/\/aeronoticias.com.pe\/noticiero\/wp-json\/wp\/v2\/tags?post=96452"}],"curies":[{"name":"wp","href":"https:\/\/api.w.org\/{rel}","templated":true}]}}