{"id":96494,"date":"2025-10-28T09:57:23","date_gmt":"2025-10-28T14:57:23","guid":{"rendered":"https:\/\/aeronoticias.com.pe\/noticiero\/?p=96494"},"modified":"2025-10-28T09:57:28","modified_gmt":"2025-10-28T14:57:28","slug":"gerente-general-de-aetai-espera-que-la-tuua-de-transferencia-en-el-aeropuerto-jorge-chavez-pueda-ser-eliminada","status":"publish","type":"post","link":"https:\/\/aeronoticias.com.pe\/noticiero\/transporte-aereo\/gerente-general-de-aetai-espera-que-la-tuua-de-transferencia-en-el-aeropuerto-jorge-chavez-pueda-ser-eliminada\/","title":{"rendered":"Gerente general de AETAI espera que la TUUA de transferencia en el aeropuerto Jorge Ch\u00e1vez \u00abpueda ser eliminada\u00bb"},"content":{"rendered":"\n<p><strong>(Aeronoticias)<\/strong>: \u00abTenemos poco m\u00e1s de mes y medio donde esperemos que esto pueda ser eliminado del contrato de concesi\u00f3n. Es una propuesta que nosotros hab\u00edamos presentado. Es atacar el problema\u00bb, se\u00f1al\u00f3 Carlos Guti\u00e9rrez a RPP. Adem\u00e1s, propuso alternativas de compensaci\u00f3n para\u00a0<strong>Lima Airport Partners (LAP)<\/strong>\u00a0en un posible escenario de la\u00a0<a href=\"https:\/\/rpp.pe\/lima\/actualidad\/lap-insta-al-mtc-a-cumplir-con-sus-compromisos-tras-suspension-de-la-tuua-de-transferencia-internacional-noticia-1661137\">eliminaci\u00f3n definitiva de la TUUA<\/a>.<\/p>\n\n\n\n<p><strong>Carlos Guti\u00e9rrez<\/strong>, gerente general de Asociaci\u00f3n de Empresas de Transporte A\u00e9reo Internacional (<strong>AETAI<\/strong>), indic\u00f3 en RPP que se debe eliminar definitivamente el cobro de la&nbsp;<a href=\"https:\/\/rpp.pe\/lima\/actualidad\/lap-insta-al-mtc-a-cumplir-con-sus-compromisos-tras-suspension-de-la-tuua-de-transferencia-internacional-noticia-1661137\">Tarifa Unificada de Uso Aeroportuario de Transferencia (TUUA)<\/a>&nbsp;en el&nbsp;<strong>Aeropuerto Internacional Jorge Ch\u00e1vez<\/strong>.<\/p>\n\n\n\n<p>\u00abTenemos poco m\u00e1s de mes y medio donde esperemos que esto pueda ser eliminado del contrato de concesi\u00f3n. Es una propuesta que nosotros hab\u00edamos presentado. Es atacar el problema. Este problema es que tenemos un derecho que se le otorg\u00f3 al aeropuerto [Jorge Ch\u00e1vez] en el 2013. Esto nunca estuvo en el contrato de concesi\u00f3n ni en su propuesta t\u00e9cnica. Fue posterior. Pero bueno, bien o mal, ya lo tienen. Es un derecho que est\u00e1 contenido en el contrato de concesi\u00f3n\u00bb, declar\u00f3 en\u00a0<em>La Rotativa del Aire-Edici\u00f3n Ma\u00f1ana<\/em>.<\/p>\n\n\n\n<p>Record\u00f3 que la\u00a0<strong>TUUA internacional\u00a0<\/strong>costar\u00eda un aproximado de 12 d\u00f3lares y la transferencia nacional alrededor de 8 d\u00f3lares, ambos precios son por pasajero.<\/p>\n\n\n\n<p>El gerente general de\u00a0<strong>AETAI\u00a0<\/strong>se\u00f1al\u00f3 que si manten\u00eda vigente el cobro de la TUUA internacional iba a afectar al tema de los precios del vuelo.<\/p>\n\n\n\n<p>\u00abEl mercado es muy sensible al precio, especialmente cuando est\u00e1s viendo familias, vacacional, clase media, etc. El volumen que nosotros tenemos de transferencia internacional principalmente viene de Argentina, Chile y el sur del continente de Sudam\u00e9rica. Ese pasaje que puede tener la oportunidad de irse v\u00eda Lima al Caribe, v\u00eda Panam\u00e1 o v\u00eda Bogot\u00e1, una familia de cuatro personas, tendr\u00edas que sumarle 100 d\u00f3lares si es que solamente decides ir por Lima, cosa que no lo tienes por las otras dos posibilidades. La decisi\u00f3n econ\u00f3mica es muy sencilla. Te vas por el otro lado porque eso para esa familia le puede significar una noche de hotel, un d\u00eda de alquiler, comida, etc.\u00bb, argument\u00f3.<\/p>\n\n\n\n<h2 class=\"wp-block-heading\"><strong>\u00bfExisten alternativas para LAP?<\/strong><\/h2>\n\n\n\n<p>Adem\u00e1s, el gerente de AETAI propuso alternativas de compensaci\u00f3n para&nbsp;<strong>Lima Airport Partners<\/strong>&nbsp;(LAP) en el escenario de la eliminaci\u00f3n definitiva de la&nbsp;<strong>TUUA<\/strong>.<\/p>\n\n\n\n<p>La m\u00e1s sencilla puede ser una reducci\u00f3n de la regal\u00eda que paga LAP por sus ingresos brutos al Estado. Eso ya est\u00e1 planteado. Creemos que, por una parte, solucionamos el problema de fondo, se ataca el problema y eliminamos esta situaci\u00f3n. LAP no tendr\u00eda por qu\u00e9 verse perjudicado porque una vez que OSITRAN defina la tarifa definitiva -porque las tarifas que hemos hablado son provisionales-, se puede trabajar con un monto mucho m\u00e1s cercano a una compensaci\u00f3n. Creo que eso deber\u00eda ser la soluci\u00f3n a la que debemos apuntar, en este caso, autoridades y todos los que estamos preocupados por esta situaci\u00f3n que afecta la competitividad del pa\u00eds\u00bb, puntualiz\u00f3 en RPP.<\/p>\n\n\n\n<p>Mediante un comunicado,<strong>&nbsp;Lima Airport Partners<\/strong>, concesionaria del&nbsp;<strong>Aeropuerto Internacional Jorge Ch\u00e1vez<\/strong>, indic\u00f3 que&nbsp;<a href=\"https:\/\/rpp.pe\/economia\/economia\/lap-postergo-hasta-el-7-de-diciembre-el-cobro-de-tuua-de-transferencia-internacional-noticia-1660940\">el anuncio de la suspensi\u00f3n<\/a>&nbsp;no se debe desvirtuar y que la medida implica que el&nbsp;<strong>Ministerio de Transportes y Comunicaciones<\/strong>&nbsp;cumpla con compromisos asumidos en una mesa de trabajo.<\/p>\n\n\n\n<p><strong>Fuente: rpp.pe<\/strong><\/p>\n","protected":false},"excerpt":{"rendered":"<p>(Aeronoticias): \u00abTenemos poco m\u00e1s de mes y medio donde esperemos que esto pueda ser eliminado del contrato de concesi\u00f3n. Es una propuesta que nosotros hab\u00edamos presentado. Es atacar el problema\u00bb, se\u00f1al\u00f3 Carlos Guti\u00e9rrez a RPP. Adem\u00e1s, propuso alternativas de compensaci\u00f3n para\u00a0Lima Airport Partners (LAP)\u00a0en un posible escenario de la\u00a0eliminaci\u00f3n definitiva de la TUUA. Carlos Guti\u00e9rrez, [&hellip;]<\/p>\n","protected":false},"author":3,"featured_media":96496,"comment_status":"closed","ping_status":"closed","sticky":false,"template":"","format":"standard","meta":{"tdm_status":"","tdm_grid_status":"","footnotes":""},"categories":[51,11],"tags":[394,917,6642,169,5552],"class_list":{"0":"post-96494","1":"post","2":"type-post","3":"status-publish","4":"format-standard","5":"has-post-thumbnail","7":"category-nacional","8":"category-transporte-aereo","9":"tag-aeropuerto-jorge-chavez-2","10":"tag-aetai","11":"tag-eliminacion-definitiva-de-la-tuua","12":"tag-lap","13":"tag-tuua"},"yoast_head":"<!-- This site is optimized with the Yoast SEO plugin v25.1 - https:\/\/yoast.com\/wordpress\/plugins\/seo\/ -->\n<title>Gerente general de AETAI espera que la TUUA de transferencia en el aeropuerto Jorge Ch\u00e1vez &quot;pueda ser eliminada&quot;<\/title>\n<meta name=\"description\" content=\"&quot;Tenemos poco m\u00e1s de mes y medio donde esperemos que esto pueda ser eliminado del contrato de concesi\u00f3n. Es una propuesta que nosotros hab\u00edamos presentado. Es atacar el problema&quot;, se\u00f1al\u00f3 Carlos Guti\u00e9rrez a RPP. Adem\u00e1s, propuso alternativas de compensaci\u00f3n para Lima Airport Partners (LAP) en un posible escenario de la eliminaci\u00f3n definitiva de la TUUA&quot;.\" \/>\n<meta name=\"robots\" content=\"index, follow, max-snippet:-1, max-image-preview:large, max-video-preview:-1\" \/>\n<link rel=\"canonical\" href=\"https:\/\/aeronoticias.com.pe\/noticiero\/transporte-aereo\/gerente-general-de-aetai-espera-que-la-tuua-de-transferencia-en-el-aeropuerto-jorge-chavez-pueda-ser-eliminada\/\" \/>\n<meta property=\"og:locale\" content=\"es_ES\" \/>\n<meta property=\"og:type\" content=\"article\" \/>\n<meta property=\"og:title\" content=\"Gerente general de AETAI espera que la TUUA de transferencia en el aeropuerto Jorge Ch\u00e1vez &quot;pueda ser eliminada&quot;\" \/>\n<meta property=\"og:description\" content=\"&quot;Tenemos poco m\u00e1s de mes y medio donde esperemos que esto pueda ser eliminado del contrato de concesi\u00f3n. Es una propuesta que nosotros hab\u00edamos presentado. Es atacar el problema&quot;, se\u00f1al\u00f3 Carlos Guti\u00e9rrez a RPP. Adem\u00e1s, propuso alternativas de compensaci\u00f3n para Lima Airport Partners (LAP) en un posible escenario de la eliminaci\u00f3n definitiva de la TUUA&quot;.\" \/>\n<meta property=\"og:url\" content=\"https:\/\/aeronoticias.com.pe\/noticiero\/transporte-aereo\/gerente-general-de-aetai-espera-que-la-tuua-de-transferencia-en-el-aeropuerto-jorge-chavez-pueda-ser-eliminada\/\" \/>\n<meta property=\"og:site_name\" content=\"Aeronoticias.com.pe\" \/>\n<meta property=\"article:publisher\" content=\"https:\/\/www.facebook.com\/Aeronoticias.com.pe\/\" \/>\n<meta property=\"article:published_time\" content=\"2025-10-28T14:57:23+00:00\" \/>\n<meta property=\"article:modified_time\" content=\"2025-10-28T14:57:28+00:00\" \/>\n<meta property=\"og:image\" content=\"https:\/\/aeronoticias.com.pe\/noticiero\/wp-content\/uploads\/2025\/10\/aer.jpg\" \/>\n\t<meta property=\"og:image:width\" content=\"931\" \/>\n\t<meta property=\"og:image:height\" content=\"521\" \/>\n\t<meta property=\"og:image:type\" content=\"image\/jpeg\" \/>\n<meta name=\"author\" content=\"Redacci\u00f3n\" \/>\n<meta name=\"twitter:card\" content=\"summary_large_image\" \/>\n<meta name=\"twitter:creator\" content=\"@aeronoticias\" \/>\n<meta name=\"twitter:site\" content=\"@aeronoticias\" \/>\n<meta name=\"twitter:label1\" content=\"Escrito por\" \/>\n\t<meta name=\"twitter:data1\" content=\"Redacci\u00f3n\" \/>\n\t<meta name=\"twitter:label2\" content=\"Tiempo de lectura\" \/>\n\t<meta name=\"twitter:data2\" content=\"3 minutos\" \/>\n<script type=\"application\/ld+json\" class=\"yoast-schema-graph\">{\"@context\":\"https:\/\/schema.org\",\"@graph\":[{\"@type\":\"WebPage\",\"@id\":\"https:\/\/aeronoticias.com.pe\/noticiero\/transporte-aereo\/gerente-general-de-aetai-espera-que-la-tuua-de-transferencia-en-el-aeropuerto-jorge-chavez-pueda-ser-eliminada\/\",\"url\":\"https:\/\/aeronoticias.com.pe\/noticiero\/transporte-aereo\/gerente-general-de-aetai-espera-que-la-tuua-de-transferencia-en-el-aeropuerto-jorge-chavez-pueda-ser-eliminada\/\",\"name\":\"Gerente general de AETAI espera que la TUUA de transferencia en el aeropuerto Jorge Ch\u00e1vez \\\"pueda ser eliminada\\\"\",\"isPartOf\":{\"@id\":\"https:\/\/aeronoticias.com.pe\/noticiero\/#website\"},\"primaryImageOfPage\":{\"@id\":\"https:\/\/aeronoticias.com.pe\/noticiero\/transporte-aereo\/gerente-general-de-aetai-espera-que-la-tuua-de-transferencia-en-el-aeropuerto-jorge-chavez-pueda-ser-eliminada\/#primaryimage\"},\"image\":{\"@id\":\"https:\/\/aeronoticias.com.pe\/noticiero\/transporte-aereo\/gerente-general-de-aetai-espera-que-la-tuua-de-transferencia-en-el-aeropuerto-jorge-chavez-pueda-ser-eliminada\/#primaryimage\"},\"thumbnailUrl\":\"https:\/\/aeronoticias.com.pe\/noticiero\/wp-content\/uploads\/2025\/10\/aer.jpg\",\"datePublished\":\"2025-10-28T14:57:23+00:00\",\"dateModified\":\"2025-10-28T14:57:28+00:00\",\"author\":{\"@id\":\"https:\/\/aeronoticias.com.pe\/noticiero\/#\/schema\/person\/16212a617c73f78916b13194154243bd\"},\"description\":\"\\\"Tenemos poco m\u00e1s de mes y medio donde esperemos que esto pueda ser eliminado del contrato de concesi\u00f3n. Es una propuesta que nosotros hab\u00edamos presentado. Es atacar el problema\\\", se\u00f1al\u00f3 Carlos Guti\u00e9rrez a RPP. Adem\u00e1s, propuso alternativas de compensaci\u00f3n para Lima Airport Partners (LAP) en un posible escenario de la eliminaci\u00f3n definitiva de la TUUA\\\".\",\"breadcrumb\":{\"@id\":\"https:\/\/aeronoticias.com.pe\/noticiero\/transporte-aereo\/gerente-general-de-aetai-espera-que-la-tuua-de-transferencia-en-el-aeropuerto-jorge-chavez-pueda-ser-eliminada\/#breadcrumb\"},\"inLanguage\":\"es\",\"potentialAction\":[{\"@type\":\"ReadAction\",\"target\":[\"https:\/\/aeronoticias.com.pe\/noticiero\/transporte-aereo\/gerente-general-de-aetai-espera-que-la-tuua-de-transferencia-en-el-aeropuerto-jorge-chavez-pueda-ser-eliminada\/\"]}]},{\"@type\":\"ImageObject\",\"inLanguage\":\"es\",\"@id\":\"https:\/\/aeronoticias.com.pe\/noticiero\/transporte-aereo\/gerente-general-de-aetai-espera-que-la-tuua-de-transferencia-en-el-aeropuerto-jorge-chavez-pueda-ser-eliminada\/#primaryimage\",\"url\":\"https:\/\/aeronoticias.com.pe\/noticiero\/wp-content\/uploads\/2025\/10\/aer.jpg\",\"contentUrl\":\"https:\/\/aeronoticias.com.pe\/noticiero\/wp-content\/uploads\/2025\/10\/aer.jpg\",\"width\":931,\"height\":521},{\"@type\":\"BreadcrumbList\",\"@id\":\"https:\/\/aeronoticias.com.pe\/noticiero\/transporte-aereo\/gerente-general-de-aetai-espera-que-la-tuua-de-transferencia-en-el-aeropuerto-jorge-chavez-pueda-ser-eliminada\/#breadcrumb\",\"itemListElement\":[{\"@type\":\"ListItem\",\"position\":1,\"name\":\"Portada\",\"item\":\"https:\/\/aeronoticias.com.pe\/noticiero\/\"},{\"@type\":\"ListItem\",\"position\":2,\"name\":\"Gerente general de AETAI espera que la TUUA de transferencia en el aeropuerto Jorge Ch\u00e1vez \u00abpueda ser eliminada\u00bb\"}]},{\"@type\":\"WebSite\",\"@id\":\"https:\/\/aeronoticias.com.pe\/noticiero\/#website\",\"url\":\"https:\/\/aeronoticias.com.pe\/noticiero\/\",\"name\":\"Aeronoticias.com.pe\",\"description\":\"Noticias de tranporte aereo, turismo, hoteles, gastronomia, actualidad, internacional\",\"potentialAction\":[{\"@type\":\"SearchAction\",\"target\":{\"@type\":\"EntryPoint\",\"urlTemplate\":\"https:\/\/aeronoticias.com.pe\/noticiero\/?s={search_term_string}\"},\"query-input\":{\"@type\":\"PropertyValueSpecification\",\"valueRequired\":true,\"valueName\":\"search_term_string\"}}],\"inLanguage\":\"es\"},{\"@type\":\"Person\",\"@id\":\"https:\/\/aeronoticias.com.pe\/noticiero\/#\/schema\/person\/16212a617c73f78916b13194154243bd\",\"name\":\"Redacci\u00f3n\",\"sameAs\":[\"http:\/\/Redacci\u00f3n\"],\"url\":\"https:\/\/aeronoticias.com.pe\/noticiero\/author\/celeste\/\"}]}<\/script>\n<!-- \/ Yoast SEO plugin. -->","yoast_head_json":{"title":"Gerente general de AETAI espera que la TUUA de transferencia en el aeropuerto Jorge Ch\u00e1vez \"pueda ser eliminada\"","description":"\"Tenemos poco m\u00e1s de mes y medio donde esperemos que esto pueda ser eliminado del contrato de concesi\u00f3n. Es una propuesta que nosotros hab\u00edamos presentado. Es atacar el problema\", se\u00f1al\u00f3 Carlos Guti\u00e9rrez a RPP. Adem\u00e1s, propuso alternativas de compensaci\u00f3n para Lima Airport Partners (LAP) en un posible escenario de la eliminaci\u00f3n definitiva de la TUUA\".","robots":{"index":"index","follow":"follow","max-snippet":"max-snippet:-1","max-image-preview":"max-image-preview:large","max-video-preview":"max-video-preview:-1"},"canonical":"https:\/\/aeronoticias.com.pe\/noticiero\/transporte-aereo\/gerente-general-de-aetai-espera-que-la-tuua-de-transferencia-en-el-aeropuerto-jorge-chavez-pueda-ser-eliminada\/","og_locale":"es_ES","og_type":"article","og_title":"Gerente general de AETAI espera que la TUUA de transferencia en el aeropuerto Jorge Ch\u00e1vez \"pueda ser eliminada\"","og_description":"\"Tenemos poco m\u00e1s de mes y medio donde esperemos que esto pueda ser eliminado del contrato de concesi\u00f3n. Es una propuesta que nosotros hab\u00edamos presentado. Es atacar el problema\", se\u00f1al\u00f3 Carlos Guti\u00e9rrez a RPP. Adem\u00e1s, propuso alternativas de compensaci\u00f3n para Lima Airport Partners (LAP) en un posible escenario de la eliminaci\u00f3n definitiva de la TUUA\".","og_url":"https:\/\/aeronoticias.com.pe\/noticiero\/transporte-aereo\/gerente-general-de-aetai-espera-que-la-tuua-de-transferencia-en-el-aeropuerto-jorge-chavez-pueda-ser-eliminada\/","og_site_name":"Aeronoticias.com.pe","article_publisher":"https:\/\/www.facebook.com\/Aeronoticias.com.pe\/","article_published_time":"2025-10-28T14:57:23+00:00","article_modified_time":"2025-10-28T14:57:28+00:00","og_image":[{"width":931,"height":521,"url":"https:\/\/aeronoticias.com.pe\/noticiero\/wp-content\/uploads\/2025\/10\/aer.jpg","type":"image\/jpeg"}],"author":"Redacci\u00f3n","twitter_card":"summary_large_image","twitter_creator":"@aeronoticias","twitter_site":"@aeronoticias","twitter_misc":{"Escrito por":"Redacci\u00f3n","Tiempo de lectura":"3 minutos"},"schema":{"@context":"https:\/\/schema.org","@graph":[{"@type":"WebPage","@id":"https:\/\/aeronoticias.com.pe\/noticiero\/transporte-aereo\/gerente-general-de-aetai-espera-que-la-tuua-de-transferencia-en-el-aeropuerto-jorge-chavez-pueda-ser-eliminada\/","url":"https:\/\/aeronoticias.com.pe\/noticiero\/transporte-aereo\/gerente-general-de-aetai-espera-que-la-tuua-de-transferencia-en-el-aeropuerto-jorge-chavez-pueda-ser-eliminada\/","name":"Gerente general de AETAI espera que la TUUA de transferencia en el aeropuerto Jorge Ch\u00e1vez \"pueda ser eliminada\"","isPartOf":{"@id":"https:\/\/aeronoticias.com.pe\/noticiero\/#website"},"primaryImageOfPage":{"@id":"https:\/\/aeronoticias.com.pe\/noticiero\/transporte-aereo\/gerente-general-de-aetai-espera-que-la-tuua-de-transferencia-en-el-aeropuerto-jorge-chavez-pueda-ser-eliminada\/#primaryimage"},"image":{"@id":"https:\/\/aeronoticias.com.pe\/noticiero\/transporte-aereo\/gerente-general-de-aetai-espera-que-la-tuua-de-transferencia-en-el-aeropuerto-jorge-chavez-pueda-ser-eliminada\/#primaryimage"},"thumbnailUrl":"https:\/\/aeronoticias.com.pe\/noticiero\/wp-content\/uploads\/2025\/10\/aer.jpg","datePublished":"2025-10-28T14:57:23+00:00","dateModified":"2025-10-28T14:57:28+00:00","author":{"@id":"https:\/\/aeronoticias.com.pe\/noticiero\/#\/schema\/person\/16212a617c73f78916b13194154243bd"},"description":"\"Tenemos poco m\u00e1s de mes y medio donde esperemos que esto pueda ser eliminado del contrato de concesi\u00f3n. Es una propuesta que nosotros hab\u00edamos presentado. Es atacar el problema\", se\u00f1al\u00f3 Carlos Guti\u00e9rrez a RPP. Adem\u00e1s, propuso alternativas de compensaci\u00f3n para Lima Airport Partners (LAP) en un posible escenario de la eliminaci\u00f3n definitiva de la TUUA\".","breadcrumb":{"@id":"https:\/\/aeronoticias.com.pe\/noticiero\/transporte-aereo\/gerente-general-de-aetai-espera-que-la-tuua-de-transferencia-en-el-aeropuerto-jorge-chavez-pueda-ser-eliminada\/#breadcrumb"},"inLanguage":"es","potentialAction":[{"@type":"ReadAction","target":["https:\/\/aeronoticias.com.pe\/noticiero\/transporte-aereo\/gerente-general-de-aetai-espera-que-la-tuua-de-transferencia-en-el-aeropuerto-jorge-chavez-pueda-ser-eliminada\/"]}]},{"@type":"ImageObject","inLanguage":"es","@id":"https:\/\/aeronoticias.com.pe\/noticiero\/transporte-aereo\/gerente-general-de-aetai-espera-que-la-tuua-de-transferencia-en-el-aeropuerto-jorge-chavez-pueda-ser-eliminada\/#primaryimage","url":"https:\/\/aeronoticias.com.pe\/noticiero\/wp-content\/uploads\/2025\/10\/aer.jpg","contentUrl":"https:\/\/aeronoticias.com.pe\/noticiero\/wp-content\/uploads\/2025\/10\/aer.jpg","width":931,"height":521},{"@type":"BreadcrumbList","@id":"https:\/\/aeronoticias.com.pe\/noticiero\/transporte-aereo\/gerente-general-de-aetai-espera-que-la-tuua-de-transferencia-en-el-aeropuerto-jorge-chavez-pueda-ser-eliminada\/#breadcrumb","itemListElement":[{"@type":"ListItem","position":1,"name":"Portada","item":"https:\/\/aeronoticias.com.pe\/noticiero\/"},{"@type":"ListItem","position":2,"name":"Gerente general de AETAI espera que la TUUA de transferencia en el aeropuerto Jorge Ch\u00e1vez \u00abpueda ser eliminada\u00bb"}]},{"@type":"WebSite","@id":"https:\/\/aeronoticias.com.pe\/noticiero\/#website","url":"https:\/\/aeronoticias.com.pe\/noticiero\/","name":"Aeronoticias.com.pe","description":"Noticias de tranporte aereo, turismo, hoteles, gastronomia, actualidad, internacional","potentialAction":[{"@type":"SearchAction","target":{"@type":"EntryPoint","urlTemplate":"https:\/\/aeronoticias.com.pe\/noticiero\/?s={search_term_string}"},"query-input":{"@type":"PropertyValueSpecification","valueRequired":true,"valueName":"search_term_string"}}],"inLanguage":"es"},{"@type":"Person","@id":"https:\/\/aeronoticias.com.pe\/noticiero\/#\/schema\/person\/16212a617c73f78916b13194154243bd","name":"Redacci\u00f3n","sameAs":["http:\/\/Redacci\u00f3n"],"url":"https:\/\/aeronoticias.com.pe\/noticiero\/author\/celeste\/"}]}},"_links":{"self":[{"href":"https:\/\/aeronoticias.com.pe\/noticiero\/wp-json\/wp\/v2\/posts\/96494","targetHints":{"allow":["GET"]}}],"collection":[{"href":"https:\/\/aeronoticias.com.pe\/noticiero\/wp-json\/wp\/v2\/posts"}],"about":[{"href":"https:\/\/aeronoticias.com.pe\/noticiero\/wp-json\/wp\/v2\/types\/post"}],"author":[{"embeddable":true,"href":"https:\/\/aeronoticias.com.pe\/noticiero\/wp-json\/wp\/v2\/users\/3"}],"replies":[{"embeddable":true,"href":"https:\/\/aeronoticias.com.pe\/noticiero\/wp-json\/wp\/v2\/comments?post=96494"}],"version-history":[{"count":1,"href":"https:\/\/aeronoticias.com.pe\/noticiero\/wp-json\/wp\/v2\/posts\/96494\/revisions"}],"predecessor-version":[{"id":96497,"href":"https:\/\/aeronoticias.com.pe\/noticiero\/wp-json\/wp\/v2\/posts\/96494\/revisions\/96497"}],"wp:featuredmedia":[{"embeddable":true,"href":"https:\/\/aeronoticias.com.pe\/noticiero\/wp-json\/wp\/v2\/media\/96496"}],"wp:attachment":[{"href":"https:\/\/aeronoticias.com.pe\/noticiero\/wp-json\/wp\/v2\/media?parent=96494"}],"wp:term":[{"taxonomy":"category","embeddable":true,"href":"https:\/\/aeronoticias.com.pe\/noticiero\/wp-json\/wp\/v2\/categories?post=96494"},{"taxonomy":"post_tag","embeddable":true,"href":"https:\/\/aeronoticias.com.pe\/noticiero\/wp-json\/wp\/v2\/tags?post=96494"}],"curies":[{"name":"wp","href":"https:\/\/api.w.org\/{rel}","templated":true}]}}