{"id":96502,"date":"2025-10-28T10:24:58","date_gmt":"2025-10-28T15:24:58","guid":{"rendered":"https:\/\/aeronoticias.com.pe\/noticiero\/?p=96502"},"modified":"2025-10-28T10:24:58","modified_gmt":"2025-10-28T15:24:58","slug":"general-de-brigada-del-ejercito-marco-marin-saldana-fallece-en-accidente-tras-aterrizaje-de-helicoptero-en-pataz","status":"publish","type":"post","link":"https:\/\/aeronoticias.com.pe\/noticiero\/ultimas\/1\/general-de-brigada-del-ejercito-marco-marin-saldana-fallece-en-accidente-tras-aterrizaje-de-helicoptero-en-pataz\/","title":{"rendered":"General  de brigada del Ej\u00e9rcito Marco Mar\u00edn Salda\u00f1a, fallece en accidente tras aterrizaje de helic\u00f3ptero en Pataz"},"content":{"rendered":"\n<p>(Aeronoticias) El General de Brigada del Ej\u00e9rcito del Per\u00fa, Marco Mar\u00edn Salda\u00f1a, jefe del Comando Unificado de Pataz, falleci\u00f3 el d\u00eda de ayer lunes 27 de octubre tras sufrir un accidente durante el aterrizaje de un helic\u00f3ptero militar en la localidad de Chagual, en Pataz.<\/p>\n\n\n\n<p>Seg\u00fan informan, el General Mar\u00edn era parte de la comitiva de inspector\u00eda del Ministerio de Defensa, que se desplazaba hacia la zona para supervisar operaciones contra organizaciones criminales vinculadas a la miner\u00eda ilegal.<\/p>\n\n\n\n<p>Aunque el helic\u00f3ptero ya se encontraba en tierra, por razones que todav\u00eda se encuentran en investigaci\u00f3n se produjo un accidente dentro de la aeronave que termin\u00f3 con la vida del alto mando militar.<\/p>\n\n\n\n<p>A trav\u00e9s del comunicado, el Comando Conjunto de las Fuerzas Armadas confirm\u00f3 el fallecimiento del general Marco Mar\u00edn Salda\u00f1a, quien result\u00f3 gravemente herido tras un accidente a\u00e9reo ocurrido durante las maniobras de aterrizaje de un helic\u00f3ptero militar.<\/p>\n\n\n\n<p>Cabe indicar, que la aeronave trasladaba a personal administrativo desde Cajamarca hacia el distrito de Pataz cuando sufri\u00f3 el siniestro.<\/p>\n\n\n\n<p>El alto mando fue trasladado de inmediato al centro de salud de Vijus, donde se certific\u00f3 su fallecimiento. La instituci\u00f3n se\u00f1al\u00f3 que la Inspector\u00eda General del Comando Conjunto ha dispuesto el inicio de las investigaciones para determinar las causas del accidente.<\/p>\n\n\n\n<p><\/p>\n","protected":false},"excerpt":{"rendered":"<p>(Aeronoticias) El General de Brigada del Ej\u00e9rcito del Per\u00fa, Marco Mar\u00edn Salda\u00f1a, jefe del Comando Unificado de Pataz, falleci\u00f3 el d\u00eda de ayer lunes 27 de octubre tras sufrir un accidente durante el aterrizaje de un helic\u00f3ptero militar en la localidad de Chagual, en Pataz. Seg\u00fan informan, el General Mar\u00edn era parte de la comitiva [&hellip;]<\/p>\n","protected":false},"author":3,"featured_media":96508,"comment_status":"closed","ping_status":"closed","sticky":false,"template":"","format":"standard","meta":{"tdm_status":"","tdm_grid_status":"","footnotes":""},"categories":[1,8,30],"tags":[],"class_list":{"0":"post-96502","1":"post","2":"type-post","3":"status-publish","4":"format-standard","5":"has-post-thumbnail","7":"category-sin-categoria","8":"category-ultimas","9":"category-30"},"yoast_head":"<!-- This site is optimized with the Yoast SEO plugin v25.1 - https:\/\/yoast.com\/wordpress\/plugins\/seo\/ -->\n<title>General de brigada del Ej\u00e9rcito Marco Mar\u00edn Salda\u00f1a, fallece en accidente tras aterrizaje de helic\u00f3ptero en Pataz<\/title>\n<meta name=\"description\" content=\"El General de Brigada del Ej\u00e9rcito del Per\u00fa, Marco Mar\u00edn Salda\u00f1a, jefe del Comando Unificado de Pataz, falleci\u00f3 el d\u00eda de ayer lunes 27 de octubre tras sufrir un accidente durante el aterrizaje de un helic\u00f3ptero militar en la localidad de Chagual, en Pataz.\" \/>\n<meta name=\"robots\" content=\"index, follow, max-snippet:-1, max-image-preview:large, max-video-preview:-1\" \/>\n<link rel=\"canonical\" href=\"https:\/\/aeronoticias.com.pe\/noticiero\/sin-categoria\/general-de-brigada-del-ejercito-marco-marin-saldana-fallece-en-accidente-tras-aterrizaje-de-helicoptero-en-pataz\/\" \/>\n<meta property=\"og:locale\" content=\"es_ES\" \/>\n<meta property=\"og:type\" content=\"article\" \/>\n<meta property=\"og:title\" content=\"General de brigada del Ej\u00e9rcito Marco Mar\u00edn Salda\u00f1a, fallece en accidente tras aterrizaje de helic\u00f3ptero en Pataz\" \/>\n<meta property=\"og:description\" content=\"El General de Brigada del Ej\u00e9rcito del Per\u00fa, Marco Mar\u00edn Salda\u00f1a, jefe del Comando Unificado de Pataz, falleci\u00f3 el d\u00eda de ayer lunes 27 de octubre tras sufrir un accidente durante el aterrizaje de un helic\u00f3ptero militar en la localidad de Chagual, en Pataz.\" \/>\n<meta property=\"og:url\" content=\"https:\/\/aeronoticias.com.pe\/noticiero\/sin-categoria\/general-de-brigada-del-ejercito-marco-marin-saldana-fallece-en-accidente-tras-aterrizaje-de-helicoptero-en-pataz\/\" \/>\n<meta property=\"og:site_name\" content=\"Aeronoticias.com.pe\" \/>\n<meta property=\"article:publisher\" content=\"https:\/\/www.facebook.com\/Aeronoticias.com.pe\/\" \/>\n<meta property=\"article:published_time\" content=\"2025-10-28T15:24:58+00:00\" \/>\n<meta property=\"og:image\" content=\"https:\/\/aeronoticias.com.pe\/noticiero\/wp-content\/uploads\/2025\/10\/marinpataz.jpg\" \/>\n\t<meta property=\"og:image:width\" content=\"700\" \/>\n\t<meta property=\"og:image:height\" content=\"415\" \/>\n\t<meta property=\"og:image:type\" content=\"image\/jpeg\" \/>\n<meta name=\"author\" content=\"Redacci\u00f3n\" \/>\n<meta name=\"twitter:card\" content=\"summary_large_image\" \/>\n<meta name=\"twitter:creator\" content=\"@aeronoticias\" \/>\n<meta name=\"twitter:site\" content=\"@aeronoticias\" \/>\n<meta name=\"twitter:label1\" content=\"Escrito por\" \/>\n\t<meta name=\"twitter:data1\" content=\"Redacci\u00f3n\" \/>\n\t<meta name=\"twitter:label2\" content=\"Tiempo de lectura\" \/>\n\t<meta name=\"twitter:data2\" content=\"2 minutos\" \/>\n<script type=\"application\/ld+json\" class=\"yoast-schema-graph\">{\"@context\":\"https:\/\/schema.org\",\"@graph\":[{\"@type\":\"WebPage\",\"@id\":\"https:\/\/aeronoticias.com.pe\/noticiero\/sin-categoria\/general-de-brigada-del-ejercito-marco-marin-saldana-fallece-en-accidente-tras-aterrizaje-de-helicoptero-en-pataz\/\",\"url\":\"https:\/\/aeronoticias.com.pe\/noticiero\/sin-categoria\/general-de-brigada-del-ejercito-marco-marin-saldana-fallece-en-accidente-tras-aterrizaje-de-helicoptero-en-pataz\/\",\"name\":\"General de brigada del Ej\u00e9rcito Marco Mar\u00edn Salda\u00f1a, fallece en accidente tras aterrizaje de helic\u00f3ptero en Pataz\",\"isPartOf\":{\"@id\":\"https:\/\/aeronoticias.com.pe\/noticiero\/#website\"},\"primaryImageOfPage\":{\"@id\":\"https:\/\/aeronoticias.com.pe\/noticiero\/sin-categoria\/general-de-brigada-del-ejercito-marco-marin-saldana-fallece-en-accidente-tras-aterrizaje-de-helicoptero-en-pataz\/#primaryimage\"},\"image\":{\"@id\":\"https:\/\/aeronoticias.com.pe\/noticiero\/sin-categoria\/general-de-brigada-del-ejercito-marco-marin-saldana-fallece-en-accidente-tras-aterrizaje-de-helicoptero-en-pataz\/#primaryimage\"},\"thumbnailUrl\":\"https:\/\/aeronoticias.com.pe\/noticiero\/wp-content\/uploads\/2025\/10\/marinpataz.jpg\",\"datePublished\":\"2025-10-28T15:24:58+00:00\",\"author\":{\"@id\":\"https:\/\/aeronoticias.com.pe\/noticiero\/#\/schema\/person\/16212a617c73f78916b13194154243bd\"},\"description\":\"El General de Brigada del Ej\u00e9rcito del Per\u00fa, Marco Mar\u00edn Salda\u00f1a, jefe del Comando Unificado de Pataz, falleci\u00f3 el d\u00eda de ayer lunes 27 de octubre tras sufrir un accidente durante el aterrizaje de un helic\u00f3ptero militar en la localidad de Chagual, en Pataz.\",\"breadcrumb\":{\"@id\":\"https:\/\/aeronoticias.com.pe\/noticiero\/sin-categoria\/general-de-brigada-del-ejercito-marco-marin-saldana-fallece-en-accidente-tras-aterrizaje-de-helicoptero-en-pataz\/#breadcrumb\"},\"inLanguage\":\"es\",\"potentialAction\":[{\"@type\":\"ReadAction\",\"target\":[\"https:\/\/aeronoticias.com.pe\/noticiero\/sin-categoria\/general-de-brigada-del-ejercito-marco-marin-saldana-fallece-en-accidente-tras-aterrizaje-de-helicoptero-en-pataz\/\"]}]},{\"@type\":\"ImageObject\",\"inLanguage\":\"es\",\"@id\":\"https:\/\/aeronoticias.com.pe\/noticiero\/sin-categoria\/general-de-brigada-del-ejercito-marco-marin-saldana-fallece-en-accidente-tras-aterrizaje-de-helicoptero-en-pataz\/#primaryimage\",\"url\":\"https:\/\/aeronoticias.com.pe\/noticiero\/wp-content\/uploads\/2025\/10\/marinpataz.jpg\",\"contentUrl\":\"https:\/\/aeronoticias.com.pe\/noticiero\/wp-content\/uploads\/2025\/10\/marinpataz.jpg\",\"width\":700,\"height\":415},{\"@type\":\"BreadcrumbList\",\"@id\":\"https:\/\/aeronoticias.com.pe\/noticiero\/sin-categoria\/general-de-brigada-del-ejercito-marco-marin-saldana-fallece-en-accidente-tras-aterrizaje-de-helicoptero-en-pataz\/#breadcrumb\",\"itemListElement\":[{\"@type\":\"ListItem\",\"position\":1,\"name\":\"Portada\",\"item\":\"https:\/\/aeronoticias.com.pe\/noticiero\/\"},{\"@type\":\"ListItem\",\"position\":2,\"name\":\"General de brigada del Ej\u00e9rcito Marco Mar\u00edn Salda\u00f1a, fallece en accidente tras aterrizaje de helic\u00f3ptero en Pataz\"}]},{\"@type\":\"WebSite\",\"@id\":\"https:\/\/aeronoticias.com.pe\/noticiero\/#website\",\"url\":\"https:\/\/aeronoticias.com.pe\/noticiero\/\",\"name\":\"Aeronoticias.com.pe\",\"description\":\"Noticias de tranporte aereo, turismo, hoteles, gastronomia, actualidad, internacional\",\"potentialAction\":[{\"@type\":\"SearchAction\",\"target\":{\"@type\":\"EntryPoint\",\"urlTemplate\":\"https:\/\/aeronoticias.com.pe\/noticiero\/?s={search_term_string}\"},\"query-input\":{\"@type\":\"PropertyValueSpecification\",\"valueRequired\":true,\"valueName\":\"search_term_string\"}}],\"inLanguage\":\"es\"},{\"@type\":\"Person\",\"@id\":\"https:\/\/aeronoticias.com.pe\/noticiero\/#\/schema\/person\/16212a617c73f78916b13194154243bd\",\"name\":\"Redacci\u00f3n\",\"sameAs\":[\"http:\/\/Redacci\u00f3n\"],\"url\":\"https:\/\/aeronoticias.com.pe\/noticiero\/author\/celeste\/\"}]}<\/script>\n<!-- \/ Yoast SEO plugin. -->","yoast_head_json":{"title":"General de brigada del Ej\u00e9rcito Marco Mar\u00edn Salda\u00f1a, fallece en accidente tras aterrizaje de helic\u00f3ptero en Pataz","description":"El General de Brigada del Ej\u00e9rcito del Per\u00fa, Marco Mar\u00edn Salda\u00f1a, jefe del Comando Unificado de Pataz, falleci\u00f3 el d\u00eda de ayer lunes 27 de octubre tras sufrir un accidente durante el aterrizaje de un helic\u00f3ptero militar en la localidad de Chagual, en Pataz.","robots":{"index":"index","follow":"follow","max-snippet":"max-snippet:-1","max-image-preview":"max-image-preview:large","max-video-preview":"max-video-preview:-1"},"canonical":"https:\/\/aeronoticias.com.pe\/noticiero\/sin-categoria\/general-de-brigada-del-ejercito-marco-marin-saldana-fallece-en-accidente-tras-aterrizaje-de-helicoptero-en-pataz\/","og_locale":"es_ES","og_type":"article","og_title":"General de brigada del Ej\u00e9rcito Marco Mar\u00edn Salda\u00f1a, fallece en accidente tras aterrizaje de helic\u00f3ptero en Pataz","og_description":"El General de Brigada del Ej\u00e9rcito del Per\u00fa, Marco Mar\u00edn Salda\u00f1a, jefe del Comando Unificado de Pataz, falleci\u00f3 el d\u00eda de ayer lunes 27 de octubre tras sufrir un accidente durante el aterrizaje de un helic\u00f3ptero militar en la localidad de Chagual, en Pataz.","og_url":"https:\/\/aeronoticias.com.pe\/noticiero\/sin-categoria\/general-de-brigada-del-ejercito-marco-marin-saldana-fallece-en-accidente-tras-aterrizaje-de-helicoptero-en-pataz\/","og_site_name":"Aeronoticias.com.pe","article_publisher":"https:\/\/www.facebook.com\/Aeronoticias.com.pe\/","article_published_time":"2025-10-28T15:24:58+00:00","og_image":[{"width":700,"height":415,"url":"https:\/\/aeronoticias.com.pe\/noticiero\/wp-content\/uploads\/2025\/10\/marinpataz.jpg","type":"image\/jpeg"}],"author":"Redacci\u00f3n","twitter_card":"summary_large_image","twitter_creator":"@aeronoticias","twitter_site":"@aeronoticias","twitter_misc":{"Escrito por":"Redacci\u00f3n","Tiempo de lectura":"2 minutos"},"schema":{"@context":"https:\/\/schema.org","@graph":[{"@type":"WebPage","@id":"https:\/\/aeronoticias.com.pe\/noticiero\/sin-categoria\/general-de-brigada-del-ejercito-marco-marin-saldana-fallece-en-accidente-tras-aterrizaje-de-helicoptero-en-pataz\/","url":"https:\/\/aeronoticias.com.pe\/noticiero\/sin-categoria\/general-de-brigada-del-ejercito-marco-marin-saldana-fallece-en-accidente-tras-aterrizaje-de-helicoptero-en-pataz\/","name":"General de brigada del Ej\u00e9rcito Marco Mar\u00edn Salda\u00f1a, fallece en accidente tras aterrizaje de helic\u00f3ptero en Pataz","isPartOf":{"@id":"https:\/\/aeronoticias.com.pe\/noticiero\/#website"},"primaryImageOfPage":{"@id":"https:\/\/aeronoticias.com.pe\/noticiero\/sin-categoria\/general-de-brigada-del-ejercito-marco-marin-saldana-fallece-en-accidente-tras-aterrizaje-de-helicoptero-en-pataz\/#primaryimage"},"image":{"@id":"https:\/\/aeronoticias.com.pe\/noticiero\/sin-categoria\/general-de-brigada-del-ejercito-marco-marin-saldana-fallece-en-accidente-tras-aterrizaje-de-helicoptero-en-pataz\/#primaryimage"},"thumbnailUrl":"https:\/\/aeronoticias.com.pe\/noticiero\/wp-content\/uploads\/2025\/10\/marinpataz.jpg","datePublished":"2025-10-28T15:24:58+00:00","author":{"@id":"https:\/\/aeronoticias.com.pe\/noticiero\/#\/schema\/person\/16212a617c73f78916b13194154243bd"},"description":"El General de Brigada del Ej\u00e9rcito del Per\u00fa, Marco Mar\u00edn Salda\u00f1a, jefe del Comando Unificado de Pataz, falleci\u00f3 el d\u00eda de ayer lunes 27 de octubre tras sufrir un accidente durante el aterrizaje de un helic\u00f3ptero militar en la localidad de Chagual, en Pataz.","breadcrumb":{"@id":"https:\/\/aeronoticias.com.pe\/noticiero\/sin-categoria\/general-de-brigada-del-ejercito-marco-marin-saldana-fallece-en-accidente-tras-aterrizaje-de-helicoptero-en-pataz\/#breadcrumb"},"inLanguage":"es","potentialAction":[{"@type":"ReadAction","target":["https:\/\/aeronoticias.com.pe\/noticiero\/sin-categoria\/general-de-brigada-del-ejercito-marco-marin-saldana-fallece-en-accidente-tras-aterrizaje-de-helicoptero-en-pataz\/"]}]},{"@type":"ImageObject","inLanguage":"es","@id":"https:\/\/aeronoticias.com.pe\/noticiero\/sin-categoria\/general-de-brigada-del-ejercito-marco-marin-saldana-fallece-en-accidente-tras-aterrizaje-de-helicoptero-en-pataz\/#primaryimage","url":"https:\/\/aeronoticias.com.pe\/noticiero\/wp-content\/uploads\/2025\/10\/marinpataz.jpg","contentUrl":"https:\/\/aeronoticias.com.pe\/noticiero\/wp-content\/uploads\/2025\/10\/marinpataz.jpg","width":700,"height":415},{"@type":"BreadcrumbList","@id":"https:\/\/aeronoticias.com.pe\/noticiero\/sin-categoria\/general-de-brigada-del-ejercito-marco-marin-saldana-fallece-en-accidente-tras-aterrizaje-de-helicoptero-en-pataz\/#breadcrumb","itemListElement":[{"@type":"ListItem","position":1,"name":"Portada","item":"https:\/\/aeronoticias.com.pe\/noticiero\/"},{"@type":"ListItem","position":2,"name":"General de brigada del Ej\u00e9rcito Marco Mar\u00edn Salda\u00f1a, fallece en accidente tras aterrizaje de helic\u00f3ptero en Pataz"}]},{"@type":"WebSite","@id":"https:\/\/aeronoticias.com.pe\/noticiero\/#website","url":"https:\/\/aeronoticias.com.pe\/noticiero\/","name":"Aeronoticias.com.pe","description":"Noticias de tranporte aereo, turismo, hoteles, gastronomia, actualidad, internacional","potentialAction":[{"@type":"SearchAction","target":{"@type":"EntryPoint","urlTemplate":"https:\/\/aeronoticias.com.pe\/noticiero\/?s={search_term_string}"},"query-input":{"@type":"PropertyValueSpecification","valueRequired":true,"valueName":"search_term_string"}}],"inLanguage":"es"},{"@type":"Person","@id":"https:\/\/aeronoticias.com.pe\/noticiero\/#\/schema\/person\/16212a617c73f78916b13194154243bd","name":"Redacci\u00f3n","sameAs":["http:\/\/Redacci\u00f3n"],"url":"https:\/\/aeronoticias.com.pe\/noticiero\/author\/celeste\/"}]}},"_links":{"self":[{"href":"https:\/\/aeronoticias.com.pe\/noticiero\/wp-json\/wp\/v2\/posts\/96502","targetHints":{"allow":["GET"]}}],"collection":[{"href":"https:\/\/aeronoticias.com.pe\/noticiero\/wp-json\/wp\/v2\/posts"}],"about":[{"href":"https:\/\/aeronoticias.com.pe\/noticiero\/wp-json\/wp\/v2\/types\/post"}],"author":[{"embeddable":true,"href":"https:\/\/aeronoticias.com.pe\/noticiero\/wp-json\/wp\/v2\/users\/3"}],"replies":[{"embeddable":true,"href":"https:\/\/aeronoticias.com.pe\/noticiero\/wp-json\/wp\/v2\/comments?post=96502"}],"version-history":[{"count":7,"href":"https:\/\/aeronoticias.com.pe\/noticiero\/wp-json\/wp\/v2\/posts\/96502\/revisions"}],"predecessor-version":[{"id":96510,"href":"https:\/\/aeronoticias.com.pe\/noticiero\/wp-json\/wp\/v2\/posts\/96502\/revisions\/96510"}],"wp:featuredmedia":[{"embeddable":true,"href":"https:\/\/aeronoticias.com.pe\/noticiero\/wp-json\/wp\/v2\/media\/96508"}],"wp:attachment":[{"href":"https:\/\/aeronoticias.com.pe\/noticiero\/wp-json\/wp\/v2\/media?parent=96502"}],"wp:term":[{"taxonomy":"category","embeddable":true,"href":"https:\/\/aeronoticias.com.pe\/noticiero\/wp-json\/wp\/v2\/categories?post=96502"},{"taxonomy":"post_tag","embeddable":true,"href":"https:\/\/aeronoticias.com.pe\/noticiero\/wp-json\/wp\/v2\/tags?post=96502"}],"curies":[{"name":"wp","href":"https:\/\/api.w.org\/{rel}","templated":true}]}}