{"id":9712,"date":"2010-03-22T13:56:58","date_gmt":"2010-03-22T13:56:58","guid":{"rendered":"http:\/\/desarrollo.mcvicious.com\/aero2020\/2010\/03\/22\/ecuador-rebaja-en-30-salvaguardias-a-sus-importaciones\/"},"modified":"2010-03-22T13:56:58","modified_gmt":"2010-03-22T13:56:58","slug":"ecuador-rebaja-en-30-salvaguardias-a-sus-importaciones","status":"publish","type":"post","link":"https:\/\/aeronoticias.com.pe\/noticiero\/economia\/ecuador-rebaja-en-30-salvaguardias-a-sus-importaciones\/","title":{"rendered":"Ecuador rebaja en 30% salvaguardias a sus importaciones"},"content":{"rendered":"<p>(Aeronoticias).- Las partidas a las que Ecuador aplic\u00f3 salvaguardias en enero del 2009, experimentar\u00e1 desde este martes 23 de marzo una rebaja de 30% seg\u00fan el cronograma establecido por el pa\u00eds del norte, con lo que continuar\u00e1 el camino a la normalizaci\u00f3n del comercio bilateral entre esa naci\u00f3n y la nuestra, inform\u00f3 la Asociaci\u00f3n de Exportadores (ADEX).<\/p>\n<p>Se debe recordar que en una primera instancia, Ecuador decidi\u00f3 mantener la medida de aplicaci\u00f3n\u00a0 de las salvaguardias y reducirla solo en 10%, asimismo, mediante Resoluci\u00f3n 549, la Comisi\u00f3n de Comercio Exterior (COMEXI) estableci\u00f3 que la salvaguardia se reducir\u00e1 en tres tramos de 30% cada uno, iniciando este\u00a0 23 de marzo.<\/p>\n<div style=\"text-align: center\"><img decoding=\"async\" src=\"images\/stories\/10\/03\/220310\/ecuador.jpg\" border=\"0\" alt=\"Ecuador rebaja en 30% salvaguardias a sus importaciones \" title=\"Ecuador rebaja en 30% salvaguardias a sus importaciones \" \/><\/div>\n<p>De esta manera se da un paso importante hacia la normalizaci\u00f3n de las exportaciones peruanas al pa\u00eds del norte, especialmente de las partidas de los subsectores qu\u00edmico, agropecuario y agroindustria, metalmec\u00e1nico y manufactura, entre otros, que fueron muy perjudicadas tras la aplicaci\u00f3n de sobretasas arancelarias y cuotas, a una lista de 624 partidas, el 21 de enero del a\u00f1o pasado.<\/p>\n<p>Entre las subpartidas con aplicaci\u00f3n de un recargo arancelario adicional al arancel vigente por salvaguardia de balanza de pagos y que ser\u00e1n beneficiadas con la reducci\u00f3n, se encuentra los pa\u00f1ales para bebe que hasta ahora pagan un arancel de 10.8% y que desde este martes pagar\u00e1 7.2%. Ese producto sufri\u00f3 una baja considerable en sus env\u00edos en el 2009 (-19%).<\/p>\n<p>Asimismo, se beneficiar\u00e1n los env\u00edos de bisuter\u00eda que disminuyeron sus env\u00edos de US$ 5.6 millones en el 2008 a US$ 4.5 millones en el 2009 (-20%), las galletas dulces (-26%) cuyos env\u00edos pasaron de US$ 11 millones en el 2008 a US$ 8 millones el 2009. Las dem\u00e1s preparaciones para lavar y de limpieza (-30%), desodorantes, bombones, perfumes, maquillaje y productos metalmec\u00e1nicos.<\/p>\n<p>Tambi\u00e9n se beneficiar\u00e1n las subpartidas con aplicaci\u00f3n de un recargo arancelario espec\u00edfico, adicional al arancel vigente, es el caso de los neum\u00e1ticos (en varias de sus partidas), calzado, prendas de vestir; y, las subpartidas con aplicaci\u00f3n de restricci\u00f3n cuantitativa de valor por salvaguardia de balanza de pagos, como los productos a base de cereales obtenidos por inflado o tostado, barquillos y obleas, dem\u00e1s complementos alimenticios, y otros.<\/p>\n","protected":false},"excerpt":{"rendered":"<p>(Aeronoticias).- Las partidas a las que Ecuador aplic\u00f3 salvaguardias en enero del 2009, experimentar\u00e1 desde este martes 23 de marzo una rebaja de 30% seg\u00fan el cronograma establecido por el pa\u00eds del norte, con lo que continuar\u00e1 el camino a la normalizaci\u00f3n del comercio bilateral entre esa naci\u00f3n y la nuestra, inform\u00f3 la Asociaci\u00f3n de [&hellip;]<\/p>\n","protected":false},"author":1,"featured_media":0,"comment_status":"open","ping_status":"open","sticky":false,"template":"","format":"standard","meta":{"tdm_status":"","tdm_grid_status":"","footnotes":""},"categories":[33],"tags":[],"class_list":{"0":"post-9712","1":"post","2":"type-post","3":"status-publish","4":"format-standard","6":"category-economia"},"yoast_head":"<!-- This site is optimized with the Yoast SEO plugin v25.1 - https:\/\/yoast.com\/wordpress\/plugins\/seo\/ -->\n<title>Ecuador rebaja en 30% salvaguardias a sus importaciones<\/title>\n<meta name=\"description\" content=\"Portal de noticias del Per\u00fa sobre el transporte a\u00e9reo, aviaci\u00f3n, turismo, hoteleria, actualidad.\" \/>\n<meta name=\"robots\" content=\"index, follow, max-snippet:-1, max-image-preview:large, max-video-preview:-1\" \/>\n<link rel=\"canonical\" href=\"https:\/\/aeronoticias.com.pe\/noticiero\/economia\/ecuador-rebaja-en-30-salvaguardias-a-sus-importaciones\/\" \/>\n<meta property=\"og:locale\" content=\"es_ES\" \/>\n<meta property=\"og:type\" content=\"article\" \/>\n<meta property=\"og:title\" content=\"Ecuador rebaja en 30% salvaguardias a sus importaciones\" \/>\n<meta property=\"og:description\" content=\"Portal de noticias del Per\u00fa sobre el transporte a\u00e9reo, aviaci\u00f3n, turismo, hoteleria, actualidad.\" \/>\n<meta property=\"og:url\" content=\"https:\/\/aeronoticias.com.pe\/noticiero\/economia\/ecuador-rebaja-en-30-salvaguardias-a-sus-importaciones\/\" \/>\n<meta property=\"og:site_name\" content=\"Aeronoticias.com.pe\" \/>\n<meta property=\"article:publisher\" content=\"https:\/\/www.facebook.com\/Aeronoticias.com.pe\/\" \/>\n<meta property=\"article:published_time\" content=\"2010-03-22T13:56:58+00:00\" \/>\n<meta name=\"author\" content=\"Redacci\u00f3n Aeronoticias\" \/>\n<meta name=\"twitter:card\" content=\"summary_large_image\" \/>\n<meta name=\"twitter:creator\" content=\"@aeronoticias\" \/>\n<meta name=\"twitter:site\" content=\"@aeronoticias\" \/>\n<meta name=\"twitter:label1\" content=\"Escrito por\" \/>\n\t<meta name=\"twitter:data1\" content=\"Redacci\u00f3n Aeronoticias\" \/>\n\t<meta name=\"twitter:label2\" content=\"Tiempo de lectura\" \/>\n\t<meta name=\"twitter:data2\" content=\"2 minutos\" \/>\n<script type=\"application\/ld+json\" class=\"yoast-schema-graph\">{\"@context\":\"https:\/\/schema.org\",\"@graph\":[{\"@type\":\"WebPage\",\"@id\":\"https:\/\/aeronoticias.com.pe\/noticiero\/economia\/ecuador-rebaja-en-30-salvaguardias-a-sus-importaciones\/\",\"url\":\"https:\/\/aeronoticias.com.pe\/noticiero\/economia\/ecuador-rebaja-en-30-salvaguardias-a-sus-importaciones\/\",\"name\":\"Ecuador rebaja en 30% salvaguardias a sus importaciones\",\"isPartOf\":{\"@id\":\"https:\/\/aeronoticias.com.pe\/noticiero\/#website\"},\"datePublished\":\"2010-03-22T13:56:58+00:00\",\"author\":{\"@id\":\"https:\/\/aeronoticias.com.pe\/noticiero\/#\/schema\/person\/fc1e5d578f4b62ba1cf7ac2bba1170a0\"},\"description\":\"Portal de noticias del Per\u00fa sobre el transporte a\u00e9reo, aviaci\u00f3n, turismo, hoteleria, actualidad.\",\"breadcrumb\":{\"@id\":\"https:\/\/aeronoticias.com.pe\/noticiero\/economia\/ecuador-rebaja-en-30-salvaguardias-a-sus-importaciones\/#breadcrumb\"},\"inLanguage\":\"es\",\"potentialAction\":[{\"@type\":\"ReadAction\",\"target\":[\"https:\/\/aeronoticias.com.pe\/noticiero\/economia\/ecuador-rebaja-en-30-salvaguardias-a-sus-importaciones\/\"]}]},{\"@type\":\"BreadcrumbList\",\"@id\":\"https:\/\/aeronoticias.com.pe\/noticiero\/economia\/ecuador-rebaja-en-30-salvaguardias-a-sus-importaciones\/#breadcrumb\",\"itemListElement\":[{\"@type\":\"ListItem\",\"position\":1,\"name\":\"Portada\",\"item\":\"https:\/\/aeronoticias.com.pe\/noticiero\/\"},{\"@type\":\"ListItem\",\"position\":2,\"name\":\"Ecuador rebaja en 30% salvaguardias a sus importaciones\"}]},{\"@type\":\"WebSite\",\"@id\":\"https:\/\/aeronoticias.com.pe\/noticiero\/#website\",\"url\":\"https:\/\/aeronoticias.com.pe\/noticiero\/\",\"name\":\"Aeronoticias.com.pe\",\"description\":\"Noticias de tranporte aereo, turismo, hoteles, gastronomia, actualidad, internacional\",\"potentialAction\":[{\"@type\":\"SearchAction\",\"target\":{\"@type\":\"EntryPoint\",\"urlTemplate\":\"https:\/\/aeronoticias.com.pe\/noticiero\/?s={search_term_string}\"},\"query-input\":{\"@type\":\"PropertyValueSpecification\",\"valueRequired\":true,\"valueName\":\"search_term_string\"}}],\"inLanguage\":\"es\"},{\"@type\":\"Person\",\"@id\":\"https:\/\/aeronoticias.com.pe\/noticiero\/#\/schema\/person\/fc1e5d578f4b62ba1cf7ac2bba1170a0\",\"name\":\"Redacci\u00f3n Aeronoticias\",\"url\":\"https:\/\/aeronoticias.com.pe\/noticiero\/author\/piloto\/\"}]}<\/script>\n<!-- \/ Yoast SEO plugin. -->","yoast_head_json":{"title":"Ecuador rebaja en 30% salvaguardias a sus importaciones","description":"Portal de noticias del Per\u00fa sobre el transporte a\u00e9reo, aviaci\u00f3n, turismo, hoteleria, actualidad.","robots":{"index":"index","follow":"follow","max-snippet":"max-snippet:-1","max-image-preview":"max-image-preview:large","max-video-preview":"max-video-preview:-1"},"canonical":"https:\/\/aeronoticias.com.pe\/noticiero\/economia\/ecuador-rebaja-en-30-salvaguardias-a-sus-importaciones\/","og_locale":"es_ES","og_type":"article","og_title":"Ecuador rebaja en 30% salvaguardias a sus importaciones","og_description":"Portal de noticias del Per\u00fa sobre el transporte a\u00e9reo, aviaci\u00f3n, turismo, hoteleria, actualidad.","og_url":"https:\/\/aeronoticias.com.pe\/noticiero\/economia\/ecuador-rebaja-en-30-salvaguardias-a-sus-importaciones\/","og_site_name":"Aeronoticias.com.pe","article_publisher":"https:\/\/www.facebook.com\/Aeronoticias.com.pe\/","article_published_time":"2010-03-22T13:56:58+00:00","author":"Redacci\u00f3n Aeronoticias","twitter_card":"summary_large_image","twitter_creator":"@aeronoticias","twitter_site":"@aeronoticias","twitter_misc":{"Escrito por":"Redacci\u00f3n Aeronoticias","Tiempo de lectura":"2 minutos"},"schema":{"@context":"https:\/\/schema.org","@graph":[{"@type":"WebPage","@id":"https:\/\/aeronoticias.com.pe\/noticiero\/economia\/ecuador-rebaja-en-30-salvaguardias-a-sus-importaciones\/","url":"https:\/\/aeronoticias.com.pe\/noticiero\/economia\/ecuador-rebaja-en-30-salvaguardias-a-sus-importaciones\/","name":"Ecuador rebaja en 30% salvaguardias a sus importaciones","isPartOf":{"@id":"https:\/\/aeronoticias.com.pe\/noticiero\/#website"},"datePublished":"2010-03-22T13:56:58+00:00","author":{"@id":"https:\/\/aeronoticias.com.pe\/noticiero\/#\/schema\/person\/fc1e5d578f4b62ba1cf7ac2bba1170a0"},"description":"Portal de noticias del Per\u00fa sobre el transporte a\u00e9reo, aviaci\u00f3n, turismo, hoteleria, actualidad.","breadcrumb":{"@id":"https:\/\/aeronoticias.com.pe\/noticiero\/economia\/ecuador-rebaja-en-30-salvaguardias-a-sus-importaciones\/#breadcrumb"},"inLanguage":"es","potentialAction":[{"@type":"ReadAction","target":["https:\/\/aeronoticias.com.pe\/noticiero\/economia\/ecuador-rebaja-en-30-salvaguardias-a-sus-importaciones\/"]}]},{"@type":"BreadcrumbList","@id":"https:\/\/aeronoticias.com.pe\/noticiero\/economia\/ecuador-rebaja-en-30-salvaguardias-a-sus-importaciones\/#breadcrumb","itemListElement":[{"@type":"ListItem","position":1,"name":"Portada","item":"https:\/\/aeronoticias.com.pe\/noticiero\/"},{"@type":"ListItem","position":2,"name":"Ecuador rebaja en 30% salvaguardias a sus importaciones"}]},{"@type":"WebSite","@id":"https:\/\/aeronoticias.com.pe\/noticiero\/#website","url":"https:\/\/aeronoticias.com.pe\/noticiero\/","name":"Aeronoticias.com.pe","description":"Noticias de tranporte aereo, turismo, hoteles, gastronomia, actualidad, internacional","potentialAction":[{"@type":"SearchAction","target":{"@type":"EntryPoint","urlTemplate":"https:\/\/aeronoticias.com.pe\/noticiero\/?s={search_term_string}"},"query-input":{"@type":"PropertyValueSpecification","valueRequired":true,"valueName":"search_term_string"}}],"inLanguage":"es"},{"@type":"Person","@id":"https:\/\/aeronoticias.com.pe\/noticiero\/#\/schema\/person\/fc1e5d578f4b62ba1cf7ac2bba1170a0","name":"Redacci\u00f3n Aeronoticias","url":"https:\/\/aeronoticias.com.pe\/noticiero\/author\/piloto\/"}]}},"_links":{"self":[{"href":"https:\/\/aeronoticias.com.pe\/noticiero\/wp-json\/wp\/v2\/posts\/9712","targetHints":{"allow":["GET"]}}],"collection":[{"href":"https:\/\/aeronoticias.com.pe\/noticiero\/wp-json\/wp\/v2\/posts"}],"about":[{"href":"https:\/\/aeronoticias.com.pe\/noticiero\/wp-json\/wp\/v2\/types\/post"}],"author":[{"embeddable":true,"href":"https:\/\/aeronoticias.com.pe\/noticiero\/wp-json\/wp\/v2\/users\/1"}],"replies":[{"embeddable":true,"href":"https:\/\/aeronoticias.com.pe\/noticiero\/wp-json\/wp\/v2\/comments?post=9712"}],"version-history":[{"count":0,"href":"https:\/\/aeronoticias.com.pe\/noticiero\/wp-json\/wp\/v2\/posts\/9712\/revisions"}],"wp:attachment":[{"href":"https:\/\/aeronoticias.com.pe\/noticiero\/wp-json\/wp\/v2\/media?parent=9712"}],"wp:term":[{"taxonomy":"category","embeddable":true,"href":"https:\/\/aeronoticias.com.pe\/noticiero\/wp-json\/wp\/v2\/categories?post=9712"},{"taxonomy":"post_tag","embeddable":true,"href":"https:\/\/aeronoticias.com.pe\/noticiero\/wp-json\/wp\/v2\/tags?post=9712"}],"curies":[{"name":"wp","href":"https:\/\/api.w.org\/{rel}","templated":true}]}}