{"id":97138,"date":"2025-12-05T09:57:17","date_gmt":"2025-12-05T14:57:17","guid":{"rendered":"https:\/\/aeronoticias.com.pe\/noticiero\/?p=97138"},"modified":"2025-12-05T09:57:19","modified_gmt":"2025-12-05T14:57:19","slug":"aeronoticias-airbus-marca-un-record-historico-de-pedidos-en-2025-y-consolida-su-dominio-en-el-mercado-aeronautico-mundial","status":"publish","type":"post","link":"https:\/\/aeronoticias.com.pe\/noticiero\/transporte-aereo\/aeronoticias-airbus-marca-un-record-historico-de-pedidos-en-2025-y-consolida-su-dominio-en-el-mercado-aeronautico-mundial\/","title":{"rendered":"Aeronoticias: Airbus marca un r\u00e9cord hist\u00f3rico de pedidos en 2025 y consolida su dominio en el mercado aeron\u00e1utico mundial"},"content":{"rendered":"\n<h1 class=\"wp-block-heading\"><\/h1>\n\n\n\n<p><strong>(Aeronoticias):<\/strong><br>Airbus inici\u00f3 el 2025 con un impulso que pocos fabricantes en la historia reciente han logrado sostener. La compa\u00f1\u00eda europea inform\u00f3 que sus pedidos firmes durante los primeros meses del a\u00f1o superaron las proyecciones m\u00e1s optimistas, impulsados por compras masivas de aerol\u00edneas de Medio Oriente, Asia y Am\u00e9rica Latina. La demanda se ha concentrado principalmente en los modelos A320neo, A321XLR y A350, considerados la columna vertebral de la aviaci\u00f3n moderna por su eficiencia, alcance y costos operativos reducidos.<\/p>\n\n\n\n<p>Este crecimiento no solo refuerza la posici\u00f3n de Airbus como principal fabricante de aviones comerciales, sino que adem\u00e1s confirma un cambio estructural en el mercado global: las aerol\u00edneas est\u00e1n invirtiendo agresivamente en flotas m\u00e1s modernas y sostenibles, un objetivo que Airbus ha capitalizado con precisi\u00f3n.<\/p>\n\n\n\n<h3 class=\"wp-block-heading\">Un ritmo de pedidos que supera expectativas<\/h3>\n\n\n\n<p>Los informes internos publicados este trimestre se\u00f1alan que Airbus ha asegurado cientos de pedidos firmes y compromisos adicionales que se ir\u00e1n confirmando a lo largo del a\u00f1o. La mayor sorpresa proviene del A321XLR, cuya combinaci\u00f3n de autonom\u00eda y bajo consumo ha cambiado por completo las estrategias de varias aerol\u00edneas. Este modelo permite operar rutas de largo alcance sin necesidad de aviones de fuselaje ancho, lo que reduce costos y abre posibilidades para mercados secundarios.<\/p>\n\n\n\n<p>Aerol\u00edneas asi\u00e1ticas y del golfo p\u00e9rsico han liderado la ola de compras, mientras que operadores latinoamericanos han reforzado pedidos del A320neo para fortalecer sus rutas regionales.<\/p>\n\n\n\n<h3 class=\"wp-block-heading\">El impacto de Medio Oriente y Asia en el crecimiento<\/h3>\n\n\n\n<p>Uno de los factores que m\u00e1s ha impulsado a Airbus es la expansi\u00f3n agresiva de aerol\u00edneas con base en Medio Oriente. Empresas como Qatar Airways, Emirates y Saudia han ratificado sus planes de renovaci\u00f3n y ampliaci\u00f3n de flota, lo que se refleja en pedidos voluminosos de A350 y A321neo.<\/p>\n\n\n\n<p>En Asia, los operadores de bajo costo contin\u00faan creciendo con fuerza. Aerol\u00edneas como IndiGo, AirAsia y Scoot han incrementado sus pedidos para atender la enorme demanda interna y regional, especialmente en rutas de corto y mediano alcance.<\/p>\n\n\n\n<hr class=\"wp-block-separator has-alpha-channel-opacity\"\/>\n\n\n\n<h3 class=\"wp-block-heading\">El A350 se consolida como referente del largo alcance<\/h3>\n\n\n\n<p>Mientras tanto, el A350 sigue afianz\u00e1ndose como el principal avi\u00f3n de fuselaje ancho para vuelos intercontinentales. Su dise\u00f1o liviano, gracias al uso de materiales compuestos, y su eficiencia en consumo lo han convertido en una opci\u00f3n preferida por aerol\u00edneas que buscan reducir costos en rutas largas sin comprometer la comodidad del pasajero.<\/p>\n\n\n\n<p>Con la recuperaci\u00f3n de la demanda internacional tras la pandemia, el A350 ha sido clave para operaciones entre Asia y Europa, Norteam\u00e9rica y Medio Oriente. Las aerol\u00edneas valoran especialmente su capacidad de operar rutas extensas con menores emisiones y una cabina significativamente m\u00e1s silenciosa.<\/p>\n\n\n\n<h3 class=\"wp-block-heading\">Una estrategia basada en eficiencia y disponibilidad<\/h3>\n\n\n\n<p>A diferencia de su principal competidor, Airbus ha mantenido una continuidad m\u00e1s estable en sus procesos de producci\u00f3n y entrega. Aunque a\u00fan enfrenta desaf\u00edos en la cadena global de suministros, la compa\u00f1\u00eda ha logrado minimizar retrasos y mantener un flujo relativamente constante de aeronaves.<\/p>\n\n\n\n<p>Su estrategia ha girado en torno a tres pilares:<\/p>\n\n\n\n<ul class=\"wp-block-list\">\n<li><strong>modernizaci\u00f3n continua<\/strong> de modelos existentes,<\/li>\n\n\n\n<li><strong>estandarizaci\u00f3n<\/strong> de motores y componentes para agilizar mantenimiento,<\/li>\n\n\n\n<li><strong>optimizaci\u00f3n de consumo<\/strong> para reducir costos de operaci\u00f3n.<\/li>\n<\/ul>\n\n\n\n<p>Este enfoque ha resultado especialmente atractivo para aerol\u00edneas que buscan transici\u00f3n a flotas m\u00e1s uniformes y eficientes.<\/p>\n\n\n\n<h3 class=\"wp-block-heading\">Innovaci\u00f3n que respalda la demanda<\/h3>\n\n\n\n<p>El impulso de Airbus no se debe \u00fanicamente a su portafolio actual. La compa\u00f1\u00eda ha continuado invirtiendo en programas de innovaci\u00f3n orientados hacia la sostenibilidad, incluyendo estudios de aeronaves impulsadas por hidr\u00f3geno y mejoras en sistemas de navegaci\u00f3n que reducen las rutas m\u00e1s contaminantes.<\/p>\n\n\n\n<p>Este compromiso con el futuro ecol\u00f3gico de la aviaci\u00f3n ha fortalecido la percepci\u00f3n del mercado, especialmente en Europa, donde reguladores exigen cada vez m\u00e1s eficiencia y reducci\u00f3n de emisiones.<\/p>\n\n\n\n<h3 class=\"wp-block-heading\">Consecuencias para la competencia<\/h3>\n\n\n\n<p>El crecimiento acelerado de Airbus ejerce presi\u00f3n directa sobre su rival Boeing, que atraviesa retrasos y problemas de certificaci\u00f3n en varios de sus programas. A ojos de analistas y operadores, la brecha entre ambos fabricantes parece expandirse durante 2025, en un momento donde la industria demanda fiabilidad, cumplimiento de plazos y aeronaves con costos operativos competitivos.<\/p>\n\n\n\n<p>Varias aerol\u00edneas que hist\u00f3ricamente adquir\u00edan flotas divididas han comenzado a inclinarse por Airbus, buscando estabilidad en sus entregas y menores riesgos en su planificaci\u00f3n de rutas.<\/p>\n\n\n\n<h3 class=\"wp-block-heading\">Un a\u00f1o que puede marcar un punto de inflexi\u00f3n<\/h3>\n\n\n\n<p>Si la tendencia de pedidos se mantiene, 2025 podr\u00eda convertirse en uno de los a\u00f1os m\u00e1s importantes en la historia del fabricante europeo. Airbus no solo est\u00e1 fortaleciendo su posici\u00f3n actual, sino tambi\u00e9n configurando el panorama de la aviaci\u00f3n comercial para los pr\u00f3ximos a\u00f1os.<\/p>\n\n\n\n<p>Con una demanda que abarca desde vuelos dom\u00e9sticos hasta operaciones de ultra largo alcance, la compa\u00f1\u00eda se perfila como l\u00edder indiscutible en una industria que exige evoluci\u00f3n constante.<\/p>\n\n\n\n<p>La pregunta ahora es si Airbus ser\u00e1 capaz de sostener este ritmo sin comprometer tiempos de entrega, un desaf\u00edo que, por el momento, parece estar gestionando con mayor solvencia que su principal competidor.<\/p>\n\n\n\n<p><strong>Fuente: Sebastian Palac\u00edn<\/strong><\/p>\n","protected":false},"excerpt":{"rendered":"<p>(Aeronoticias):Airbus inici\u00f3 el 2025 con un impulso que pocos fabricantes en la historia reciente han logrado sostener. La compa\u00f1\u00eda europea inform\u00f3 que sus pedidos firmes durante los primeros meses del a\u00f1o superaron las proyecciones m\u00e1s optimistas, impulsados por compras masivas de aerol\u00edneas de Medio Oriente, Asia y Am\u00e9rica Latina. La demanda se ha concentrado principalmente [&hellip;]<\/p>\n","protected":false},"author":7,"featured_media":97139,"comment_status":"closed","ping_status":"closed","sticky":false,"template":"","format":"standard","meta":{"tdm_status":"","tdm_grid_status":"","footnotes":""},"categories":[11,9],"tags":[],"class_list":{"0":"post-97138","1":"post","2":"type-post","3":"status-publish","4":"format-standard","5":"has-post-thumbnail","7":"category-transporte-aereo","8":"category-turismo"},"yoast_head":"<!-- This site is optimized with the Yoast SEO plugin v25.1 - https:\/\/yoast.com\/wordpress\/plugins\/seo\/ -->\n<title>Aeronoticias: Airbus marca un r\u00e9cord hist\u00f3rico de pedidos en 2025 y consolida su dominio en el mercado aeron\u00e1utico mundial<\/title>\n<meta name=\"description\" content=\"(Aeronoticias): Airbus inici\u00f3 el 2025 con un impulso que pocos fabricantes en la historia reciente han logrado sostener. La compa\u00f1\u00eda europea inform\u00f3 que sus pedidos firmes durante los primeros meses del a\u00f1o superaron las proyecciones m\u00e1s optimistas, impulsados por compras masivas de aerol\u00edneas de Medio Oriente, Asia y Am\u00e9rica Latina. La demanda se ha concentrado principalmente en los modelos A320neo, A321XLR y A350, considerados la columna vertebral de la aviaci\u00f3n moderna por su eficiencia, alcance y costos operativos reducidos.\" \/>\n<meta name=\"robots\" content=\"index, follow, max-snippet:-1, max-image-preview:large, max-video-preview:-1\" \/>\n<link rel=\"canonical\" href=\"https:\/\/aeronoticias.com.pe\/noticiero\/transporte-aereo\/aeronoticias-airbus-marca-un-record-historico-de-pedidos-en-2025-y-consolida-su-dominio-en-el-mercado-aeronautico-mundial\/\" \/>\n<meta property=\"og:locale\" content=\"es_ES\" \/>\n<meta property=\"og:type\" content=\"article\" \/>\n<meta property=\"og:title\" content=\"Aeronoticias: Airbus marca un r\u00e9cord hist\u00f3rico de pedidos en 2025 y consolida su dominio en el mercado aeron\u00e1utico mundial\" \/>\n<meta property=\"og:description\" content=\"(Aeronoticias): Airbus inici\u00f3 el 2025 con un impulso que pocos fabricantes en la historia reciente han logrado sostener. La compa\u00f1\u00eda europea inform\u00f3 que sus pedidos firmes durante los primeros meses del a\u00f1o superaron las proyecciones m\u00e1s optimistas, impulsados por compras masivas de aerol\u00edneas de Medio Oriente, Asia y Am\u00e9rica Latina. La demanda se ha concentrado principalmente en los modelos A320neo, A321XLR y A350, considerados la columna vertebral de la aviaci\u00f3n moderna por su eficiencia, alcance y costos operativos reducidos.\" \/>\n<meta property=\"og:url\" content=\"https:\/\/aeronoticias.com.pe\/noticiero\/transporte-aereo\/aeronoticias-airbus-marca-un-record-historico-de-pedidos-en-2025-y-consolida-su-dominio-en-el-mercado-aeronautico-mundial\/\" \/>\n<meta property=\"og:site_name\" content=\"Aeronoticias.com.pe\" \/>\n<meta property=\"article:publisher\" content=\"https:\/\/www.facebook.com\/Aeronoticias.com.pe\/\" \/>\n<meta property=\"article:published_time\" content=\"2025-12-05T14:57:17+00:00\" \/>\n<meta property=\"article:modified_time\" content=\"2025-12-05T14:57:19+00:00\" \/>\n<meta property=\"og:image\" content=\"https:\/\/aeronoticias.com.pe\/noticiero\/wp-content\/uploads\/2025\/12\/905c4d8b-9f8f-4eb0-accf-9fc0a98959ec-1140x570-1.jpg\" \/>\n\t<meta property=\"og:image:width\" content=\"1140\" \/>\n\t<meta property=\"og:image:height\" content=\"570\" \/>\n\t<meta property=\"og:image:type\" content=\"image\/jpeg\" \/>\n<meta name=\"author\" content=\"sebastian\" \/>\n<meta name=\"twitter:card\" content=\"summary_large_image\" \/>\n<meta name=\"twitter:creator\" content=\"@aeronoticias\" \/>\n<meta name=\"twitter:site\" content=\"@aeronoticias\" \/>\n<meta name=\"twitter:label1\" content=\"Escrito por\" \/>\n\t<meta name=\"twitter:data1\" content=\"sebastian\" \/>\n\t<meta name=\"twitter:label2\" content=\"Tiempo de lectura\" \/>\n\t<meta name=\"twitter:data2\" content=\"4 minutos\" \/>\n<script type=\"application\/ld+json\" class=\"yoast-schema-graph\">{\"@context\":\"https:\/\/schema.org\",\"@graph\":[{\"@type\":\"WebPage\",\"@id\":\"https:\/\/aeronoticias.com.pe\/noticiero\/transporte-aereo\/aeronoticias-airbus-marca-un-record-historico-de-pedidos-en-2025-y-consolida-su-dominio-en-el-mercado-aeronautico-mundial\/\",\"url\":\"https:\/\/aeronoticias.com.pe\/noticiero\/transporte-aereo\/aeronoticias-airbus-marca-un-record-historico-de-pedidos-en-2025-y-consolida-su-dominio-en-el-mercado-aeronautico-mundial\/\",\"name\":\"Aeronoticias: Airbus marca un r\u00e9cord hist\u00f3rico de pedidos en 2025 y consolida su dominio en el mercado aeron\u00e1utico mundial\",\"isPartOf\":{\"@id\":\"https:\/\/aeronoticias.com.pe\/noticiero\/#website\"},\"primaryImageOfPage\":{\"@id\":\"https:\/\/aeronoticias.com.pe\/noticiero\/transporte-aereo\/aeronoticias-airbus-marca-un-record-historico-de-pedidos-en-2025-y-consolida-su-dominio-en-el-mercado-aeronautico-mundial\/#primaryimage\"},\"image\":{\"@id\":\"https:\/\/aeronoticias.com.pe\/noticiero\/transporte-aereo\/aeronoticias-airbus-marca-un-record-historico-de-pedidos-en-2025-y-consolida-su-dominio-en-el-mercado-aeronautico-mundial\/#primaryimage\"},\"thumbnailUrl\":\"https:\/\/aeronoticias.com.pe\/noticiero\/wp-content\/uploads\/2025\/12\/905c4d8b-9f8f-4eb0-accf-9fc0a98959ec-1140x570-1.jpg\",\"datePublished\":\"2025-12-05T14:57:17+00:00\",\"dateModified\":\"2025-12-05T14:57:19+00:00\",\"author\":{\"@id\":\"https:\/\/aeronoticias.com.pe\/noticiero\/#\/schema\/person\/45ec58b0c4aefb9b6ee48f40659be5a3\"},\"description\":\"(Aeronoticias): Airbus inici\u00f3 el 2025 con un impulso que pocos fabricantes en la historia reciente han logrado sostener. La compa\u00f1\u00eda europea inform\u00f3 que sus pedidos firmes durante los primeros meses del a\u00f1o superaron las proyecciones m\u00e1s optimistas, impulsados por compras masivas de aerol\u00edneas de Medio Oriente, Asia y Am\u00e9rica Latina. La demanda se ha concentrado principalmente en los modelos A320neo, A321XLR y A350, considerados la columna vertebral de la aviaci\u00f3n moderna por su eficiencia, alcance y costos operativos reducidos.\",\"breadcrumb\":{\"@id\":\"https:\/\/aeronoticias.com.pe\/noticiero\/transporte-aereo\/aeronoticias-airbus-marca-un-record-historico-de-pedidos-en-2025-y-consolida-su-dominio-en-el-mercado-aeronautico-mundial\/#breadcrumb\"},\"inLanguage\":\"es\",\"potentialAction\":[{\"@type\":\"ReadAction\",\"target\":[\"https:\/\/aeronoticias.com.pe\/noticiero\/transporte-aereo\/aeronoticias-airbus-marca-un-record-historico-de-pedidos-en-2025-y-consolida-su-dominio-en-el-mercado-aeronautico-mundial\/\"]}]},{\"@type\":\"ImageObject\",\"inLanguage\":\"es\",\"@id\":\"https:\/\/aeronoticias.com.pe\/noticiero\/transporte-aereo\/aeronoticias-airbus-marca-un-record-historico-de-pedidos-en-2025-y-consolida-su-dominio-en-el-mercado-aeronautico-mundial\/#primaryimage\",\"url\":\"https:\/\/aeronoticias.com.pe\/noticiero\/wp-content\/uploads\/2025\/12\/905c4d8b-9f8f-4eb0-accf-9fc0a98959ec-1140x570-1.jpg\",\"contentUrl\":\"https:\/\/aeronoticias.com.pe\/noticiero\/wp-content\/uploads\/2025\/12\/905c4d8b-9f8f-4eb0-accf-9fc0a98959ec-1140x570-1.jpg\",\"width\":1140,\"height\":570},{\"@type\":\"BreadcrumbList\",\"@id\":\"https:\/\/aeronoticias.com.pe\/noticiero\/transporte-aereo\/aeronoticias-airbus-marca-un-record-historico-de-pedidos-en-2025-y-consolida-su-dominio-en-el-mercado-aeronautico-mundial\/#breadcrumb\",\"itemListElement\":[{\"@type\":\"ListItem\",\"position\":1,\"name\":\"Portada\",\"item\":\"https:\/\/aeronoticias.com.pe\/noticiero\/\"},{\"@type\":\"ListItem\",\"position\":2,\"name\":\"Aeronoticias: Airbus marca un r\u00e9cord hist\u00f3rico de pedidos en 2025 y consolida su dominio en el mercado aeron\u00e1utico mundial\"}]},{\"@type\":\"WebSite\",\"@id\":\"https:\/\/aeronoticias.com.pe\/noticiero\/#website\",\"url\":\"https:\/\/aeronoticias.com.pe\/noticiero\/\",\"name\":\"Aeronoticias.com.pe\",\"description\":\"Noticias de tranporte aereo, turismo, hoteles, gastronomia, actualidad, internacional\",\"potentialAction\":[{\"@type\":\"SearchAction\",\"target\":{\"@type\":\"EntryPoint\",\"urlTemplate\":\"https:\/\/aeronoticias.com.pe\/noticiero\/?s={search_term_string}\"},\"query-input\":{\"@type\":\"PropertyValueSpecification\",\"valueRequired\":true,\"valueName\":\"search_term_string\"}}],\"inLanguage\":\"es\"},{\"@type\":\"Person\",\"@id\":\"https:\/\/aeronoticias.com.pe\/noticiero\/#\/schema\/person\/45ec58b0c4aefb9b6ee48f40659be5a3\",\"name\":\"sebastian\",\"url\":\"https:\/\/aeronoticias.com.pe\/noticiero\/author\/sebastian\/\"}]}<\/script>\n<!-- \/ Yoast SEO plugin. -->","yoast_head_json":{"title":"Aeronoticias: Airbus marca un r\u00e9cord hist\u00f3rico de pedidos en 2025 y consolida su dominio en el mercado aeron\u00e1utico mundial","description":"(Aeronoticias): Airbus inici\u00f3 el 2025 con un impulso que pocos fabricantes en la historia reciente han logrado sostener. La compa\u00f1\u00eda europea inform\u00f3 que sus pedidos firmes durante los primeros meses del a\u00f1o superaron las proyecciones m\u00e1s optimistas, impulsados por compras masivas de aerol\u00edneas de Medio Oriente, Asia y Am\u00e9rica Latina. La demanda se ha concentrado principalmente en los modelos A320neo, A321XLR y A350, considerados la columna vertebral de la aviaci\u00f3n moderna por su eficiencia, alcance y costos operativos reducidos.","robots":{"index":"index","follow":"follow","max-snippet":"max-snippet:-1","max-image-preview":"max-image-preview:large","max-video-preview":"max-video-preview:-1"},"canonical":"https:\/\/aeronoticias.com.pe\/noticiero\/transporte-aereo\/aeronoticias-airbus-marca-un-record-historico-de-pedidos-en-2025-y-consolida-su-dominio-en-el-mercado-aeronautico-mundial\/","og_locale":"es_ES","og_type":"article","og_title":"Aeronoticias: Airbus marca un r\u00e9cord hist\u00f3rico de pedidos en 2025 y consolida su dominio en el mercado aeron\u00e1utico mundial","og_description":"(Aeronoticias): Airbus inici\u00f3 el 2025 con un impulso que pocos fabricantes en la historia reciente han logrado sostener. La compa\u00f1\u00eda europea inform\u00f3 que sus pedidos firmes durante los primeros meses del a\u00f1o superaron las proyecciones m\u00e1s optimistas, impulsados por compras masivas de aerol\u00edneas de Medio Oriente, Asia y Am\u00e9rica Latina. La demanda se ha concentrado principalmente en los modelos A320neo, A321XLR y A350, considerados la columna vertebral de la aviaci\u00f3n moderna por su eficiencia, alcance y costos operativos reducidos.","og_url":"https:\/\/aeronoticias.com.pe\/noticiero\/transporte-aereo\/aeronoticias-airbus-marca-un-record-historico-de-pedidos-en-2025-y-consolida-su-dominio-en-el-mercado-aeronautico-mundial\/","og_site_name":"Aeronoticias.com.pe","article_publisher":"https:\/\/www.facebook.com\/Aeronoticias.com.pe\/","article_published_time":"2025-12-05T14:57:17+00:00","article_modified_time":"2025-12-05T14:57:19+00:00","og_image":[{"width":1140,"height":570,"url":"https:\/\/aeronoticias.com.pe\/noticiero\/wp-content\/uploads\/2025\/12\/905c4d8b-9f8f-4eb0-accf-9fc0a98959ec-1140x570-1.jpg","type":"image\/jpeg"}],"author":"sebastian","twitter_card":"summary_large_image","twitter_creator":"@aeronoticias","twitter_site":"@aeronoticias","twitter_misc":{"Escrito por":"sebastian","Tiempo de lectura":"4 minutos"},"schema":{"@context":"https:\/\/schema.org","@graph":[{"@type":"WebPage","@id":"https:\/\/aeronoticias.com.pe\/noticiero\/transporte-aereo\/aeronoticias-airbus-marca-un-record-historico-de-pedidos-en-2025-y-consolida-su-dominio-en-el-mercado-aeronautico-mundial\/","url":"https:\/\/aeronoticias.com.pe\/noticiero\/transporte-aereo\/aeronoticias-airbus-marca-un-record-historico-de-pedidos-en-2025-y-consolida-su-dominio-en-el-mercado-aeronautico-mundial\/","name":"Aeronoticias: Airbus marca un r\u00e9cord hist\u00f3rico de pedidos en 2025 y consolida su dominio en el mercado aeron\u00e1utico mundial","isPartOf":{"@id":"https:\/\/aeronoticias.com.pe\/noticiero\/#website"},"primaryImageOfPage":{"@id":"https:\/\/aeronoticias.com.pe\/noticiero\/transporte-aereo\/aeronoticias-airbus-marca-un-record-historico-de-pedidos-en-2025-y-consolida-su-dominio-en-el-mercado-aeronautico-mundial\/#primaryimage"},"image":{"@id":"https:\/\/aeronoticias.com.pe\/noticiero\/transporte-aereo\/aeronoticias-airbus-marca-un-record-historico-de-pedidos-en-2025-y-consolida-su-dominio-en-el-mercado-aeronautico-mundial\/#primaryimage"},"thumbnailUrl":"https:\/\/aeronoticias.com.pe\/noticiero\/wp-content\/uploads\/2025\/12\/905c4d8b-9f8f-4eb0-accf-9fc0a98959ec-1140x570-1.jpg","datePublished":"2025-12-05T14:57:17+00:00","dateModified":"2025-12-05T14:57:19+00:00","author":{"@id":"https:\/\/aeronoticias.com.pe\/noticiero\/#\/schema\/person\/45ec58b0c4aefb9b6ee48f40659be5a3"},"description":"(Aeronoticias): Airbus inici\u00f3 el 2025 con un impulso que pocos fabricantes en la historia reciente han logrado sostener. La compa\u00f1\u00eda europea inform\u00f3 que sus pedidos firmes durante los primeros meses del a\u00f1o superaron las proyecciones m\u00e1s optimistas, impulsados por compras masivas de aerol\u00edneas de Medio Oriente, Asia y Am\u00e9rica Latina. La demanda se ha concentrado principalmente en los modelos A320neo, A321XLR y A350, considerados la columna vertebral de la aviaci\u00f3n moderna por su eficiencia, alcance y costos operativos reducidos.","breadcrumb":{"@id":"https:\/\/aeronoticias.com.pe\/noticiero\/transporte-aereo\/aeronoticias-airbus-marca-un-record-historico-de-pedidos-en-2025-y-consolida-su-dominio-en-el-mercado-aeronautico-mundial\/#breadcrumb"},"inLanguage":"es","potentialAction":[{"@type":"ReadAction","target":["https:\/\/aeronoticias.com.pe\/noticiero\/transporte-aereo\/aeronoticias-airbus-marca-un-record-historico-de-pedidos-en-2025-y-consolida-su-dominio-en-el-mercado-aeronautico-mundial\/"]}]},{"@type":"ImageObject","inLanguage":"es","@id":"https:\/\/aeronoticias.com.pe\/noticiero\/transporte-aereo\/aeronoticias-airbus-marca-un-record-historico-de-pedidos-en-2025-y-consolida-su-dominio-en-el-mercado-aeronautico-mundial\/#primaryimage","url":"https:\/\/aeronoticias.com.pe\/noticiero\/wp-content\/uploads\/2025\/12\/905c4d8b-9f8f-4eb0-accf-9fc0a98959ec-1140x570-1.jpg","contentUrl":"https:\/\/aeronoticias.com.pe\/noticiero\/wp-content\/uploads\/2025\/12\/905c4d8b-9f8f-4eb0-accf-9fc0a98959ec-1140x570-1.jpg","width":1140,"height":570},{"@type":"BreadcrumbList","@id":"https:\/\/aeronoticias.com.pe\/noticiero\/transporte-aereo\/aeronoticias-airbus-marca-un-record-historico-de-pedidos-en-2025-y-consolida-su-dominio-en-el-mercado-aeronautico-mundial\/#breadcrumb","itemListElement":[{"@type":"ListItem","position":1,"name":"Portada","item":"https:\/\/aeronoticias.com.pe\/noticiero\/"},{"@type":"ListItem","position":2,"name":"Aeronoticias: Airbus marca un r\u00e9cord hist\u00f3rico de pedidos en 2025 y consolida su dominio en el mercado aeron\u00e1utico mundial"}]},{"@type":"WebSite","@id":"https:\/\/aeronoticias.com.pe\/noticiero\/#website","url":"https:\/\/aeronoticias.com.pe\/noticiero\/","name":"Aeronoticias.com.pe","description":"Noticias de tranporte aereo, turismo, hoteles, gastronomia, actualidad, internacional","potentialAction":[{"@type":"SearchAction","target":{"@type":"EntryPoint","urlTemplate":"https:\/\/aeronoticias.com.pe\/noticiero\/?s={search_term_string}"},"query-input":{"@type":"PropertyValueSpecification","valueRequired":true,"valueName":"search_term_string"}}],"inLanguage":"es"},{"@type":"Person","@id":"https:\/\/aeronoticias.com.pe\/noticiero\/#\/schema\/person\/45ec58b0c4aefb9b6ee48f40659be5a3","name":"sebastian","url":"https:\/\/aeronoticias.com.pe\/noticiero\/author\/sebastian\/"}]}},"_links":{"self":[{"href":"https:\/\/aeronoticias.com.pe\/noticiero\/wp-json\/wp\/v2\/posts\/97138","targetHints":{"allow":["GET"]}}],"collection":[{"href":"https:\/\/aeronoticias.com.pe\/noticiero\/wp-json\/wp\/v2\/posts"}],"about":[{"href":"https:\/\/aeronoticias.com.pe\/noticiero\/wp-json\/wp\/v2\/types\/post"}],"author":[{"embeddable":true,"href":"https:\/\/aeronoticias.com.pe\/noticiero\/wp-json\/wp\/v2\/users\/7"}],"replies":[{"embeddable":true,"href":"https:\/\/aeronoticias.com.pe\/noticiero\/wp-json\/wp\/v2\/comments?post=97138"}],"version-history":[{"count":1,"href":"https:\/\/aeronoticias.com.pe\/noticiero\/wp-json\/wp\/v2\/posts\/97138\/revisions"}],"predecessor-version":[{"id":97140,"href":"https:\/\/aeronoticias.com.pe\/noticiero\/wp-json\/wp\/v2\/posts\/97138\/revisions\/97140"}],"wp:featuredmedia":[{"embeddable":true,"href":"https:\/\/aeronoticias.com.pe\/noticiero\/wp-json\/wp\/v2\/media\/97139"}],"wp:attachment":[{"href":"https:\/\/aeronoticias.com.pe\/noticiero\/wp-json\/wp\/v2\/media?parent=97138"}],"wp:term":[{"taxonomy":"category","embeddable":true,"href":"https:\/\/aeronoticias.com.pe\/noticiero\/wp-json\/wp\/v2\/categories?post=97138"},{"taxonomy":"post_tag","embeddable":true,"href":"https:\/\/aeronoticias.com.pe\/noticiero\/wp-json\/wp\/v2\/tags?post=97138"}],"curies":[{"name":"wp","href":"https:\/\/api.w.org\/{rel}","templated":true}]}}