{"id":97141,"date":"2025-12-05T10:01:28","date_gmt":"2025-12-05T15:01:28","guid":{"rendered":"https:\/\/aeronoticias.com.pe\/noticiero\/?p=97141"},"modified":"2025-12-05T10:10:53","modified_gmt":"2025-12-05T15:10:53","slug":"aeronoticias-aerolineas-latinoamericanas-anuncian-nuevas-rutas-para-la-temporada-2025-2026-y-amplian-su-presencia-internacional","status":"publish","type":"post","link":"https:\/\/aeronoticias.com.pe\/noticiero\/transporte-aereo\/aeronoticias-aerolineas-latinoamericanas-anuncian-nuevas-rutas-para-la-temporada-2025-2026-y-amplian-su-presencia-internacional\/","title":{"rendered":"Aeronoticias: Aerol\u00edneas latinoamericanas anuncian nuevas rutas para la temporada 2025\u20132026 y ampl\u00edan su presencia internacional"},"content":{"rendered":"\n<h1 class=\"wp-block-heading\"><\/h1>\n\n\n\n<p><strong>(Aeronoticias):<\/strong><br>La temporada alta 2025\u20132026 llega con una fuerte expansi\u00f3n de rutas en Latinoam\u00e9rica. Varias aerol\u00edneas de la regi\u00f3n han confirmado nuevas operaciones internacionales y dom\u00e9sticas que entrar\u00e1n en vigencia entre noviembre de este a\u00f1o y marzo del pr\u00f3ximo. LATAM, Avianca, Sky Airline y JetSMART encabezan esta ola de anuncios, impulsadas por el aumento del tr\u00e1fico a\u00e9reo y la recuperaci\u00f3n sostenida del turismo regional e intercontinental.<\/p>\n\n\n\n<p>Los nuevos destinos reflejan un inter\u00e9s claro: conectar mercados secundarios con ciudades de alto movimiento y competir con tarifas m\u00e1s accesibles, bajo la premisa de atraer viajeros de turismo, negocios y tr\u00e1nsito. La estrategia, seg\u00fan analistas del sector, responde tanto al crecimiento de la demanda como a la necesidad de reforzar la presencia de las aerol\u00edneas de la regi\u00f3n en rutas dominadas hist\u00f3ricamente por operadores estadounidenses y europeos.<\/p>\n\n\n\n<h3 class=\"wp-block-heading\">LATAM apuesta por fortalecer Sudam\u00e9rica y aumentar vuelos hacia Norteam\u00e9rica<\/h3>\n\n\n\n<p>LATAM Airlines ha sido el operador con el mayor n\u00famero de anuncios este trimestre. La compa\u00f1\u00eda confirm\u00f3 nuevas frecuencias entre Brasil, Argentina, Per\u00fa y Colombia, adem\u00e1s de rutas espec\u00edficas hacia Estados Unidos y M\u00e9xico.<br>Entre las m\u00e1s destacadas se encuentran:<\/p>\n\n\n\n<ul class=\"wp-block-list\">\n<li>Lima \u2013 Los \u00c1ngeles (incremento de frecuencias)<\/li>\n\n\n\n<li>S\u00e3o Paulo \u2013 Orlando (regreso estacional)<\/li>\n\n\n\n<li>Santiago \u2013 Bogot\u00e1 (m\u00e1s vuelos diarios)<\/li>\n\n\n\n<li>Buenos Aires \u2013 Lima (nueva frecuencia nocturna)<\/li>\n<\/ul>\n\n\n\n<p>Estas operaciones buscan absorber el incremento del flujo tur\u00edstico y, al mismo tiempo, fortalecer conexiones con hubs clave en la regi\u00f3n.<\/p>\n\n\n\n<h3 class=\"wp-block-heading\">Avianca vuelve a ampliar su operaci\u00f3n internacional<\/h3>\n\n\n\n<p>La aerol\u00ednea colombiana contin\u00faa su proceso de expansi\u00f3n con un enfoque en rutas punto a punto. Su estrategia de red simplificada ha mostrado buenos resultados, lo que ha permitido anunciar nuevas operaciones hacia Estados Unidos, el Caribe y Sudam\u00e9rica.<\/p>\n\n\n\n<p>Entre las rutas confirmadas para la temporada:<\/p>\n\n\n\n<ul class=\"wp-block-list\">\n<li>Medell\u00edn \u2013 Miami<\/li>\n\n\n\n<li>Bogot\u00e1 \u2013 Toronto<\/li>\n\n\n\n<li>Quito \u2013 San Salvador<\/li>\n\n\n\n<li>Lima \u2013 San Jos\u00e9<\/li>\n<\/ul>\n\n\n\n<p>Avianca ha se\u00f1alado que estas rutas responden a un an\u00e1lisis de demanda creciente y a la b\u00fasqueda de consolidar mercados donde la competencia a\u00fan no es tan fuerte.<\/p>\n\n\n\n<h3 class=\"wp-block-heading\">Sky Airline y JetSMART intensifican la competencia low-cost<\/h3>\n\n\n\n<p>Las aerol\u00edneas low-cost han sido protagonistas de los \u00faltimos meses. Sky Airline anunci\u00f3 nuevas rutas enfocadas en viajeros que buscan opciones econ\u00f3micas dentro de Sudam\u00e9rica, especialmente entre Chile, Per\u00fa y Argentina.<br>Destacan:<\/p>\n\n\n\n<ul class=\"wp-block-list\">\n<li>Lima \u2013 Santiago (m\u00e1s frecuencias)<\/li>\n\n\n\n<li>Santiago \u2013 R\u00edo de Janeiro (regreso por temporada)<\/li>\n\n\n\n<li>Lima \u2013 Buenos Aires (operaci\u00f3n reforzada para verano)<\/li>\n<\/ul>\n\n\n\n<p>Por su parte, JetSMART confirm\u00f3 rutas que conectar\u00e1n ciudades secundarias, apostando por mercados que tradicionalmente no ten\u00edan oferta directa:<\/p>\n\n\n\n<ul class=\"wp-block-list\">\n<li>Arequipa \u2013 Santiago<\/li>\n\n\n\n<li>C\u00f3rdoba \u2013 Lima<\/li>\n\n\n\n<li>Antofagasta \u2013 Buenos Aires<\/li>\n<\/ul>\n\n\n\n<p>Este modelo busca capturar a pasajeros que antes deb\u00edan hacer escalas innecesarias en aeropuertos principales.<\/p>\n\n\n\n<h3 class=\"wp-block-heading\">Rutas al Caribe: un mercado en plena efervescencia<\/h3>\n\n\n\n<p>El Caribe se mantiene como uno de los destinos preferidos de los viajeros de la regi\u00f3n. Por ello, aerol\u00edneas como Copa Airlines y Arajet han fortalecido su presencia con nuevas conexiones desde Centroam\u00e9rica y Sudam\u00e9rica hacia Rep\u00fablica Dominicana, Jamaica, Cuba y destinos secundarios en M\u00e9xico.<\/p>\n\n\n\n<p>Copa, por ejemplo, ha confirmado la apertura de nuevas frecuencias desde Panam\u00e1 hacia ciudades medianas de Latinoam\u00e9rica que buscan conexi\u00f3n con el Caribe a trav\u00e9s del Hub de las Am\u00e9ricas.<\/p>\n\n\n\n<h3 class=\"wp-block-heading\">Un impulso que responde a la demanda real del pasajero<\/h3>\n\n\n\n<p>Detr\u00e1s de cada anuncio existe un incremento verificable en la demanda a\u00e9rea. Datos recientes de la IATA indican que Latinoam\u00e9rica experiment\u00f3 uno de los crecimientos m\u00e1s acelerados en tr\u00e1fico internacional durante el \u00faltimo a\u00f1o, superando incluso a mercados consolidados de Estados Unidos y Europa.<\/p>\n\n\n\n<p>Los viajeros buscan destinos regionales accesibles, rutas directas y tarifas m\u00e1s flexibles. Las aerol\u00edneas, en respuesta, est\u00e1n abriendo rutas que hace una d\u00e9cada no se consideraban rentables.<\/p>\n\n\n\n<h3 class=\"wp-block-heading\">El desaf\u00edo: sostener la expansi\u00f3n con flotas limitadas<\/h3>\n\n\n\n<p>Aunque la intenci\u00f3n de crecimiento es clara, las aerol\u00edneas enfrentan un reto com\u00fan: disponibilidad de aviones. Los retrasos de fabricantes como Boeing y la alta demanda de aeronaves nuevas complican la renovaci\u00f3n de flota.<\/p>\n\n\n\n<p>Por ello, algunas compa\u00f1\u00edas est\u00e1n recurriendo al arrendamiento de corto y mediano plazo para cubrir nuevas rutas mientras esperan la entrega de aviones m\u00e1s eficientes.<\/p>\n\n\n\n<h3 class=\"wp-block-heading\">Una regi\u00f3n que empieza a recuperar protagonismo<\/h3>\n\n\n\n<p>El repunte de rutas demuestra que Latinoam\u00e9rica vuelve a ocupar un rol importante en la aviaci\u00f3n global. La combinaci\u00f3n de turismo, crecimiento econ\u00f3mico puntual y apertura de nuevos mercados est\u00e1 impulsando a las aerol\u00edneas a expandirse de forma agresiva.<\/p>\n\n\n\n<p>Para los pasajeros, esto significa m\u00e1s destinos, m\u00e1s frecuencias y mayor competencia tarifaria. Para las aerol\u00edneas, implica consolidar su presencia en mercados estrat\u00e9gicos antes de que operadores extranjeros absorban esa demanda.<\/p>\n\n\n\n<p>La temporada 2025\u20132026 ser\u00e1, sin duda, una de las m\u00e1s activas de los \u00faltimos a\u00f1os en la regi\u00f3n, y todo indica que este ritmo continuar\u00e1 mientras la industria mantenga la confianza en la recuperaci\u00f3n del tr\u00e1fico a\u00e9reo.<\/p>\n\n\n\n<p><strong>Fuente: Sebastian Palac\u00edn<\/strong><\/p>\n","protected":false},"excerpt":{"rendered":"<p>(Aeronoticias):La temporada alta 2025\u20132026 llega con una fuerte expansi\u00f3n de rutas en Latinoam\u00e9rica. Varias aerol\u00edneas de la regi\u00f3n han confirmado nuevas operaciones internacionales y dom\u00e9sticas que entrar\u00e1n en vigencia entre noviembre de este a\u00f1o y marzo del pr\u00f3ximo. LATAM, Avianca, Sky Airline y JetSMART encabezan esta ola de anuncios, impulsadas por el aumento del tr\u00e1fico [&hellip;]<\/p>\n","protected":false},"author":7,"featured_media":97144,"comment_status":"closed","ping_status":"closed","sticky":false,"template":"","format":"standard","meta":{"tdm_status":"","tdm_grid_status":"","footnotes":""},"categories":[11,9],"tags":[],"class_list":{"0":"post-97141","1":"post","2":"type-post","3":"status-publish","4":"format-standard","5":"has-post-thumbnail","7":"category-transporte-aereo","8":"category-turismo"},"yoast_head":"<!-- This site is optimized with the Yoast SEO plugin v25.1 - https:\/\/yoast.com\/wordpress\/plugins\/seo\/ -->\n<title>Aeronoticias: Aerol\u00edneas latinoamericanas anuncian nuevas rutas para la temporada 2025\u20132026 y ampl\u00edan su presencia internacional<\/title>\n<meta name=\"description\" content=\"(Aeronoticias): La temporada alta 2025\u20132026 llega con una fuerte expansi\u00f3n de rutas en Latinoam\u00e9rica. Varias aerol\u00edneas de la regi\u00f3n han confirmado nuevas operaciones internacionales y dom\u00e9sticas que entrar\u00e1n en vigencia entre noviembre de este a\u00f1o y marzo del pr\u00f3ximo. LATAM, Avianca, Sky Airline y JetSMART encabezan esta ola de anuncios, impulsadas por el aumento del tr\u00e1fico a\u00e9reo y la recuperaci\u00f3n sostenida del turismo regional e intercontinental.\" \/>\n<meta name=\"robots\" content=\"index, follow, max-snippet:-1, max-image-preview:large, max-video-preview:-1\" \/>\n<link rel=\"canonical\" href=\"https:\/\/aeronoticias.com.pe\/noticiero\/transporte-aereo\/aeronoticias-aerolineas-latinoamericanas-anuncian-nuevas-rutas-para-la-temporada-2025-2026-y-amplian-su-presencia-internacional\/\" \/>\n<meta property=\"og:locale\" content=\"es_ES\" \/>\n<meta property=\"og:type\" content=\"article\" \/>\n<meta property=\"og:title\" content=\"Aeronoticias: Aerol\u00edneas latinoamericanas anuncian nuevas rutas para la temporada 2025\u20132026 y ampl\u00edan su presencia internacional\" \/>\n<meta property=\"og:description\" content=\"(Aeronoticias): La temporada alta 2025\u20132026 llega con una fuerte expansi\u00f3n de rutas en Latinoam\u00e9rica. Varias aerol\u00edneas de la regi\u00f3n han confirmado nuevas operaciones internacionales y dom\u00e9sticas que entrar\u00e1n en vigencia entre noviembre de este a\u00f1o y marzo del pr\u00f3ximo. LATAM, Avianca, Sky Airline y JetSMART encabezan esta ola de anuncios, impulsadas por el aumento del tr\u00e1fico a\u00e9reo y la recuperaci\u00f3n sostenida del turismo regional e intercontinental.\" \/>\n<meta property=\"og:url\" content=\"https:\/\/aeronoticias.com.pe\/noticiero\/transporte-aereo\/aeronoticias-aerolineas-latinoamericanas-anuncian-nuevas-rutas-para-la-temporada-2025-2026-y-amplian-su-presencia-internacional\/\" \/>\n<meta property=\"og:site_name\" content=\"Aeronoticias.com.pe\" \/>\n<meta property=\"article:publisher\" content=\"https:\/\/www.facebook.com\/Aeronoticias.com.pe\/\" \/>\n<meta property=\"article:published_time\" content=\"2025-12-05T15:01:28+00:00\" \/>\n<meta property=\"article:modified_time\" content=\"2025-12-05T15:10:53+00:00\" \/>\n<meta property=\"og:image\" content=\"https:\/\/aeronoticias.com.pe\/noticiero\/wp-content\/uploads\/2025\/12\/Aviones-Comerciales-en-el-Cielo-1024x683.png\" \/>\n\t<meta property=\"og:image:width\" content=\"1024\" \/>\n\t<meta property=\"og:image:height\" content=\"683\" \/>\n\t<meta property=\"og:image:type\" content=\"image\/png\" \/>\n<meta name=\"author\" content=\"sebastian\" \/>\n<meta name=\"twitter:card\" content=\"summary_large_image\" \/>\n<meta name=\"twitter:creator\" content=\"@aeronoticias\" \/>\n<meta name=\"twitter:site\" content=\"@aeronoticias\" \/>\n<meta name=\"twitter:label1\" content=\"Escrito por\" \/>\n\t<meta name=\"twitter:data1\" content=\"sebastian\" \/>\n\t<meta name=\"twitter:label2\" content=\"Tiempo de lectura\" \/>\n\t<meta name=\"twitter:data2\" content=\"4 minutos\" \/>\n<script type=\"application\/ld+json\" class=\"yoast-schema-graph\">{\"@context\":\"https:\/\/schema.org\",\"@graph\":[{\"@type\":\"WebPage\",\"@id\":\"https:\/\/aeronoticias.com.pe\/noticiero\/transporte-aereo\/aeronoticias-aerolineas-latinoamericanas-anuncian-nuevas-rutas-para-la-temporada-2025-2026-y-amplian-su-presencia-internacional\/\",\"url\":\"https:\/\/aeronoticias.com.pe\/noticiero\/transporte-aereo\/aeronoticias-aerolineas-latinoamericanas-anuncian-nuevas-rutas-para-la-temporada-2025-2026-y-amplian-su-presencia-internacional\/\",\"name\":\"Aeronoticias: Aerol\u00edneas latinoamericanas anuncian nuevas rutas para la temporada 2025\u20132026 y ampl\u00edan su presencia internacional\",\"isPartOf\":{\"@id\":\"https:\/\/aeronoticias.com.pe\/noticiero\/#website\"},\"primaryImageOfPage\":{\"@id\":\"https:\/\/aeronoticias.com.pe\/noticiero\/transporte-aereo\/aeronoticias-aerolineas-latinoamericanas-anuncian-nuevas-rutas-para-la-temporada-2025-2026-y-amplian-su-presencia-internacional\/#primaryimage\"},\"image\":{\"@id\":\"https:\/\/aeronoticias.com.pe\/noticiero\/transporte-aereo\/aeronoticias-aerolineas-latinoamericanas-anuncian-nuevas-rutas-para-la-temporada-2025-2026-y-amplian-su-presencia-internacional\/#primaryimage\"},\"thumbnailUrl\":\"https:\/\/aeronoticias.com.pe\/noticiero\/wp-content\/uploads\/2025\/12\/Aviones-Comerciales-en-el-Cielo.png\",\"datePublished\":\"2025-12-05T15:01:28+00:00\",\"dateModified\":\"2025-12-05T15:10:53+00:00\",\"author\":{\"@id\":\"https:\/\/aeronoticias.com.pe\/noticiero\/#\/schema\/person\/45ec58b0c4aefb9b6ee48f40659be5a3\"},\"description\":\"(Aeronoticias): La temporada alta 2025\u20132026 llega con una fuerte expansi\u00f3n de rutas en Latinoam\u00e9rica. Varias aerol\u00edneas de la regi\u00f3n han confirmado nuevas operaciones internacionales y dom\u00e9sticas que entrar\u00e1n en vigencia entre noviembre de este a\u00f1o y marzo del pr\u00f3ximo. LATAM, Avianca, Sky Airline y JetSMART encabezan esta ola de anuncios, impulsadas por el aumento del tr\u00e1fico a\u00e9reo y la recuperaci\u00f3n sostenida del turismo regional e intercontinental.\",\"breadcrumb\":{\"@id\":\"https:\/\/aeronoticias.com.pe\/noticiero\/transporte-aereo\/aeronoticias-aerolineas-latinoamericanas-anuncian-nuevas-rutas-para-la-temporada-2025-2026-y-amplian-su-presencia-internacional\/#breadcrumb\"},\"inLanguage\":\"es\",\"potentialAction\":[{\"@type\":\"ReadAction\",\"target\":[\"https:\/\/aeronoticias.com.pe\/noticiero\/transporte-aereo\/aeronoticias-aerolineas-latinoamericanas-anuncian-nuevas-rutas-para-la-temporada-2025-2026-y-amplian-su-presencia-internacional\/\"]}]},{\"@type\":\"ImageObject\",\"inLanguage\":\"es\",\"@id\":\"https:\/\/aeronoticias.com.pe\/noticiero\/transporte-aereo\/aeronoticias-aerolineas-latinoamericanas-anuncian-nuevas-rutas-para-la-temporada-2025-2026-y-amplian-su-presencia-internacional\/#primaryimage\",\"url\":\"https:\/\/aeronoticias.com.pe\/noticiero\/wp-content\/uploads\/2025\/12\/Aviones-Comerciales-en-el-Cielo.png\",\"contentUrl\":\"https:\/\/aeronoticias.com.pe\/noticiero\/wp-content\/uploads\/2025\/12\/Aviones-Comerciales-en-el-Cielo.png\",\"width\":1536,\"height\":1024},{\"@type\":\"BreadcrumbList\",\"@id\":\"https:\/\/aeronoticias.com.pe\/noticiero\/transporte-aereo\/aeronoticias-aerolineas-latinoamericanas-anuncian-nuevas-rutas-para-la-temporada-2025-2026-y-amplian-su-presencia-internacional\/#breadcrumb\",\"itemListElement\":[{\"@type\":\"ListItem\",\"position\":1,\"name\":\"Portada\",\"item\":\"https:\/\/aeronoticias.com.pe\/noticiero\/\"},{\"@type\":\"ListItem\",\"position\":2,\"name\":\"Aeronoticias: Aerol\u00edneas latinoamericanas anuncian nuevas rutas para la temporada 2025\u20132026 y ampl\u00edan su presencia internacional\"}]},{\"@type\":\"WebSite\",\"@id\":\"https:\/\/aeronoticias.com.pe\/noticiero\/#website\",\"url\":\"https:\/\/aeronoticias.com.pe\/noticiero\/\",\"name\":\"Aeronoticias.com.pe\",\"description\":\"Noticias de tranporte aereo, turismo, hoteles, gastronomia, actualidad, internacional\",\"potentialAction\":[{\"@type\":\"SearchAction\",\"target\":{\"@type\":\"EntryPoint\",\"urlTemplate\":\"https:\/\/aeronoticias.com.pe\/noticiero\/?s={search_term_string}\"},\"query-input\":{\"@type\":\"PropertyValueSpecification\",\"valueRequired\":true,\"valueName\":\"search_term_string\"}}],\"inLanguage\":\"es\"},{\"@type\":\"Person\",\"@id\":\"https:\/\/aeronoticias.com.pe\/noticiero\/#\/schema\/person\/45ec58b0c4aefb9b6ee48f40659be5a3\",\"name\":\"sebastian\",\"url\":\"https:\/\/aeronoticias.com.pe\/noticiero\/author\/sebastian\/\"}]}<\/script>\n<!-- \/ Yoast SEO plugin. -->","yoast_head_json":{"title":"Aeronoticias: Aerol\u00edneas latinoamericanas anuncian nuevas rutas para la temporada 2025\u20132026 y ampl\u00edan su presencia internacional","description":"(Aeronoticias): La temporada alta 2025\u20132026 llega con una fuerte expansi\u00f3n de rutas en Latinoam\u00e9rica. Varias aerol\u00edneas de la regi\u00f3n han confirmado nuevas operaciones internacionales y dom\u00e9sticas que entrar\u00e1n en vigencia entre noviembre de este a\u00f1o y marzo del pr\u00f3ximo. LATAM, Avianca, Sky Airline y JetSMART encabezan esta ola de anuncios, impulsadas por el aumento del tr\u00e1fico a\u00e9reo y la recuperaci\u00f3n sostenida del turismo regional e intercontinental.","robots":{"index":"index","follow":"follow","max-snippet":"max-snippet:-1","max-image-preview":"max-image-preview:large","max-video-preview":"max-video-preview:-1"},"canonical":"https:\/\/aeronoticias.com.pe\/noticiero\/transporte-aereo\/aeronoticias-aerolineas-latinoamericanas-anuncian-nuevas-rutas-para-la-temporada-2025-2026-y-amplian-su-presencia-internacional\/","og_locale":"es_ES","og_type":"article","og_title":"Aeronoticias: Aerol\u00edneas latinoamericanas anuncian nuevas rutas para la temporada 2025\u20132026 y ampl\u00edan su presencia internacional","og_description":"(Aeronoticias): La temporada alta 2025\u20132026 llega con una fuerte expansi\u00f3n de rutas en Latinoam\u00e9rica. Varias aerol\u00edneas de la regi\u00f3n han confirmado nuevas operaciones internacionales y dom\u00e9sticas que entrar\u00e1n en vigencia entre noviembre de este a\u00f1o y marzo del pr\u00f3ximo. LATAM, Avianca, Sky Airline y JetSMART encabezan esta ola de anuncios, impulsadas por el aumento del tr\u00e1fico a\u00e9reo y la recuperaci\u00f3n sostenida del turismo regional e intercontinental.","og_url":"https:\/\/aeronoticias.com.pe\/noticiero\/transporte-aereo\/aeronoticias-aerolineas-latinoamericanas-anuncian-nuevas-rutas-para-la-temporada-2025-2026-y-amplian-su-presencia-internacional\/","og_site_name":"Aeronoticias.com.pe","article_publisher":"https:\/\/www.facebook.com\/Aeronoticias.com.pe\/","article_published_time":"2025-12-05T15:01:28+00:00","article_modified_time":"2025-12-05T15:10:53+00:00","og_image":[{"width":1024,"height":683,"url":"https:\/\/aeronoticias.com.pe\/noticiero\/wp-content\/uploads\/2025\/12\/Aviones-Comerciales-en-el-Cielo-1024x683.png","type":"image\/png"}],"author":"sebastian","twitter_card":"summary_large_image","twitter_creator":"@aeronoticias","twitter_site":"@aeronoticias","twitter_misc":{"Escrito por":"sebastian","Tiempo de lectura":"4 minutos"},"schema":{"@context":"https:\/\/schema.org","@graph":[{"@type":"WebPage","@id":"https:\/\/aeronoticias.com.pe\/noticiero\/transporte-aereo\/aeronoticias-aerolineas-latinoamericanas-anuncian-nuevas-rutas-para-la-temporada-2025-2026-y-amplian-su-presencia-internacional\/","url":"https:\/\/aeronoticias.com.pe\/noticiero\/transporte-aereo\/aeronoticias-aerolineas-latinoamericanas-anuncian-nuevas-rutas-para-la-temporada-2025-2026-y-amplian-su-presencia-internacional\/","name":"Aeronoticias: Aerol\u00edneas latinoamericanas anuncian nuevas rutas para la temporada 2025\u20132026 y ampl\u00edan su presencia internacional","isPartOf":{"@id":"https:\/\/aeronoticias.com.pe\/noticiero\/#website"},"primaryImageOfPage":{"@id":"https:\/\/aeronoticias.com.pe\/noticiero\/transporte-aereo\/aeronoticias-aerolineas-latinoamericanas-anuncian-nuevas-rutas-para-la-temporada-2025-2026-y-amplian-su-presencia-internacional\/#primaryimage"},"image":{"@id":"https:\/\/aeronoticias.com.pe\/noticiero\/transporte-aereo\/aeronoticias-aerolineas-latinoamericanas-anuncian-nuevas-rutas-para-la-temporada-2025-2026-y-amplian-su-presencia-internacional\/#primaryimage"},"thumbnailUrl":"https:\/\/aeronoticias.com.pe\/noticiero\/wp-content\/uploads\/2025\/12\/Aviones-Comerciales-en-el-Cielo.png","datePublished":"2025-12-05T15:01:28+00:00","dateModified":"2025-12-05T15:10:53+00:00","author":{"@id":"https:\/\/aeronoticias.com.pe\/noticiero\/#\/schema\/person\/45ec58b0c4aefb9b6ee48f40659be5a3"},"description":"(Aeronoticias): La temporada alta 2025\u20132026 llega con una fuerte expansi\u00f3n de rutas en Latinoam\u00e9rica. Varias aerol\u00edneas de la regi\u00f3n han confirmado nuevas operaciones internacionales y dom\u00e9sticas que entrar\u00e1n en vigencia entre noviembre de este a\u00f1o y marzo del pr\u00f3ximo. LATAM, Avianca, Sky Airline y JetSMART encabezan esta ola de anuncios, impulsadas por el aumento del tr\u00e1fico a\u00e9reo y la recuperaci\u00f3n sostenida del turismo regional e intercontinental.","breadcrumb":{"@id":"https:\/\/aeronoticias.com.pe\/noticiero\/transporte-aereo\/aeronoticias-aerolineas-latinoamericanas-anuncian-nuevas-rutas-para-la-temporada-2025-2026-y-amplian-su-presencia-internacional\/#breadcrumb"},"inLanguage":"es","potentialAction":[{"@type":"ReadAction","target":["https:\/\/aeronoticias.com.pe\/noticiero\/transporte-aereo\/aeronoticias-aerolineas-latinoamericanas-anuncian-nuevas-rutas-para-la-temporada-2025-2026-y-amplian-su-presencia-internacional\/"]}]},{"@type":"ImageObject","inLanguage":"es","@id":"https:\/\/aeronoticias.com.pe\/noticiero\/transporte-aereo\/aeronoticias-aerolineas-latinoamericanas-anuncian-nuevas-rutas-para-la-temporada-2025-2026-y-amplian-su-presencia-internacional\/#primaryimage","url":"https:\/\/aeronoticias.com.pe\/noticiero\/wp-content\/uploads\/2025\/12\/Aviones-Comerciales-en-el-Cielo.png","contentUrl":"https:\/\/aeronoticias.com.pe\/noticiero\/wp-content\/uploads\/2025\/12\/Aviones-Comerciales-en-el-Cielo.png","width":1536,"height":1024},{"@type":"BreadcrumbList","@id":"https:\/\/aeronoticias.com.pe\/noticiero\/transporte-aereo\/aeronoticias-aerolineas-latinoamericanas-anuncian-nuevas-rutas-para-la-temporada-2025-2026-y-amplian-su-presencia-internacional\/#breadcrumb","itemListElement":[{"@type":"ListItem","position":1,"name":"Portada","item":"https:\/\/aeronoticias.com.pe\/noticiero\/"},{"@type":"ListItem","position":2,"name":"Aeronoticias: Aerol\u00edneas latinoamericanas anuncian nuevas rutas para la temporada 2025\u20132026 y ampl\u00edan su presencia internacional"}]},{"@type":"WebSite","@id":"https:\/\/aeronoticias.com.pe\/noticiero\/#website","url":"https:\/\/aeronoticias.com.pe\/noticiero\/","name":"Aeronoticias.com.pe","description":"Noticias de tranporte aereo, turismo, hoteles, gastronomia, actualidad, internacional","potentialAction":[{"@type":"SearchAction","target":{"@type":"EntryPoint","urlTemplate":"https:\/\/aeronoticias.com.pe\/noticiero\/?s={search_term_string}"},"query-input":{"@type":"PropertyValueSpecification","valueRequired":true,"valueName":"search_term_string"}}],"inLanguage":"es"},{"@type":"Person","@id":"https:\/\/aeronoticias.com.pe\/noticiero\/#\/schema\/person\/45ec58b0c4aefb9b6ee48f40659be5a3","name":"sebastian","url":"https:\/\/aeronoticias.com.pe\/noticiero\/author\/sebastian\/"}]}},"_links":{"self":[{"href":"https:\/\/aeronoticias.com.pe\/noticiero\/wp-json\/wp\/v2\/posts\/97141","targetHints":{"allow":["GET"]}}],"collection":[{"href":"https:\/\/aeronoticias.com.pe\/noticiero\/wp-json\/wp\/v2\/posts"}],"about":[{"href":"https:\/\/aeronoticias.com.pe\/noticiero\/wp-json\/wp\/v2\/types\/post"}],"author":[{"embeddable":true,"href":"https:\/\/aeronoticias.com.pe\/noticiero\/wp-json\/wp\/v2\/users\/7"}],"replies":[{"embeddable":true,"href":"https:\/\/aeronoticias.com.pe\/noticiero\/wp-json\/wp\/v2\/comments?post=97141"}],"version-history":[{"count":1,"href":"https:\/\/aeronoticias.com.pe\/noticiero\/wp-json\/wp\/v2\/posts\/97141\/revisions"}],"predecessor-version":[{"id":97143,"href":"https:\/\/aeronoticias.com.pe\/noticiero\/wp-json\/wp\/v2\/posts\/97141\/revisions\/97143"}],"wp:featuredmedia":[{"embeddable":true,"href":"https:\/\/aeronoticias.com.pe\/noticiero\/wp-json\/wp\/v2\/media\/97144"}],"wp:attachment":[{"href":"https:\/\/aeronoticias.com.pe\/noticiero\/wp-json\/wp\/v2\/media?parent=97141"}],"wp:term":[{"taxonomy":"category","embeddable":true,"href":"https:\/\/aeronoticias.com.pe\/noticiero\/wp-json\/wp\/v2\/categories?post=97141"},{"taxonomy":"post_tag","embeddable":true,"href":"https:\/\/aeronoticias.com.pe\/noticiero\/wp-json\/wp\/v2\/tags?post=97141"}],"curies":[{"name":"wp","href":"https:\/\/api.w.org\/{rel}","templated":true}]}}