{"id":97169,"date":"2025-12-11T10:02:19","date_gmt":"2025-12-11T15:02:19","guid":{"rendered":"https:\/\/aeronoticias.com.pe\/noticiero\/?p=97169"},"modified":"2025-12-11T10:02:21","modified_gmt":"2025-12-11T15:02:21","slug":"%f0%9f%92%a5-aeronoticias-el-airbus-a350-el-avion-que-redefinio-el-largo-alcance-y-puso-a-europa-a-la-vanguardia-de-la-aviacion-moderna","status":"publish","type":"post","link":"https:\/\/aeronoticias.com.pe\/noticiero\/transporte-aereo\/%f0%9f%92%a5-aeronoticias-el-airbus-a350-el-avion-que-redefinio-el-largo-alcance-y-puso-a-europa-a-la-vanguardia-de-la-aviacion-moderna\/","title":{"rendered":"\ud83d\udca5 Aeronoticias: El Airbus A350, el avi\u00f3n que redefini\u00f3 el largo alcance y puso a Europa a la vanguardia de la aviaci\u00f3n moderna"},"content":{"rendered":"\n<h3 class=\"wp-block-heading\"><\/h3>\n\n\n\n<p><strong>(Aeronoticias):<\/strong><br>El <strong>Airbus A350<\/strong> es, probablemente, el programa m\u00e1s ambicioso y sofisticado que la industria europea ha producido desde el Concorde. Naci\u00f3 en un momento en que Airbus necesitaba responder con fuerza al avance tecnol\u00f3gico del Boeing 787, pero el resultado final super\u00f3 con creces las expectativas iniciales. El A350 no solo compite: establece est\u00e1ndares. Silencioso, eficiente y sorprendentemente c\u00f3modo, este avi\u00f3n representa la madurez de Airbus en el dominio del fuselaje compuesto y del dise\u00f1o aerodin\u00e1mico de \u00faltima generaci\u00f3n.<\/p>\n\n\n\n<p>Detr\u00e1s de su historia hay ingenier\u00eda, rivalidad, decisiones arriesgadas y una visi\u00f3n clara: crear el avi\u00f3n m\u00e1s eficiente del mundo para rutas ultralargas sin sacrificar confort.<\/p>\n\n\n\n<h2 class=\"wp-block-heading\"><strong>Un inicio turbulento que termin\u00f3 en reinvenci\u00f3n total<\/strong><\/h2>\n\n\n\n<p>El A350 original no se parec\u00eda en nada al avi\u00f3n que conocemos hoy. Airbus, confiado en su \u00e9xito previo con el A330, propuso inicialmente una versi\u00f3n modernizada de este. Sin embargo, las aerol\u00edneas no quedaron satisfechas. Quer\u00edan un dise\u00f1o completamente nuevo.<\/p>\n\n\n\n<p>Esta reacci\u00f3n oblig\u00f3 a Airbus a replantearse el proyecto desde cero, una decisi\u00f3n extremadamente costosa, pero correcta. La nueva plataforma ser\u00eda de fibra de carbono en m\u00e1s del 50 % de su estructura, con alas de un dise\u00f1o radical, motores m\u00e1s eficientes y una cabina que superara cualquier est\u00e1ndar previo.<\/p>\n\n\n\n<p>Como investigador, considero que este \u201cpivote\u201d fue uno de los actos de humildad industrial m\u00e1s importantes de Airbus, y tambi\u00e9n la raz\u00f3n por la cual el A350 hoy compite tan bien con Boeing.<\/p>\n\n\n\n<h2 class=\"wp-block-heading\"><strong>Un avi\u00f3n construido pensando en el futuro, no en el presente<\/strong><\/h2>\n\n\n\n<p>El A350 representa una ruptura con los dise\u00f1os tradicionales de Airbus, que durante d\u00e9cadas defendi\u00f3 el uso predominante de aluminio. El avance del 787 oblig\u00f3 a acelerar el cambio. La fibra de carbono permiti\u00f3 reducir peso, mejorar resistencia a la corrosi\u00f3n y dise\u00f1ar un fuselaje con curvas aerodin\u00e1micas m\u00e1s eficientes.<\/p>\n\n\n\n<p>Las alas, fabricadas en el Reino Unido, son una de las joyas del avi\u00f3n: flexibles, largas y con un perfil pensado para reducir turbulencia y consumo. Cuando despega, el movimiento natural de estas alas es casi org\u00e1nico, recordando a un p\u00e1jaro en ascenso.<\/p>\n\n\n\n<h2 class=\"wp-block-heading\"><strong>Eficiencia que se traduce en nuevas oportunidades para las aerol\u00edneas<\/strong><\/h2>\n\n\n\n<p>El A350 puede volar rutas extremadamente largas con costos operativos muy bajos. Es uno de los aviones m\u00e1s eficientes en consumo por asiento de la aviaci\u00f3n actual.<\/p>\n\n\n\n<p>Esto permiti\u00f3 que aerol\u00edneas como Qatar Airways, Singapore Airlines, Cathay Pacific o LATAM lanzaran rutas que antes no eran rentables, conectando ciudades distantes sin necesidad de aviones gigantes como el A380.<\/p>\n\n\n\n<p>El A350-1000, su variante m\u00e1s grande, incluso abri\u00f3 la puerta a una competencia directa con el Boeing 777, algo impensable a\u00f1os atr\u00e1s.<\/p>\n\n\n\n<h2 class=\"wp-block-heading\"><strong>Una cabina que el pasajero percibe desde el primer minuto<\/strong><\/h2>\n\n\n\n<p>Airbus prest\u00f3 especial atenci\u00f3n a la experiencia a bordo. Los elementos m\u00e1s destacados incluyen:<\/p>\n\n\n\n<ul class=\"wp-block-list\">\n<li>Iluminaci\u00f3n LED din\u00e1mica dise\u00f1ada para reducir el jet lag<\/li>\n\n\n\n<li>Humedad relativa m\u00e1s alta que reduce la deshidrataci\u00f3n<\/li>\n\n\n\n<li>Nivel de ruido sorprendentemente bajo<\/li>\n\n\n\n<li>Espacios de almacenamiento m\u00e1s amplios<\/li>\n\n\n\n<li>Ventilaci\u00f3n m\u00e1s silenciosa y eficiente<\/li>\n<\/ul>\n\n\n\n<p>En vuelos largos, estos detalles no son menores. Como periodista especializado, puedo afirmar que el A350 es uno de los aviones donde m\u00e1s se percibe la intenci\u00f3n de crear una experiencia \u201chumana\u201d, no solo t\u00e9cnica.<\/p>\n\n\n\n<h2 class=\"wp-block-heading\"><strong>Tecnolog\u00eda de cabina dise\u00f1ada para reducir carga de trabajo y aumentar seguridad<\/strong><\/h2>\n\n\n\n<p>El A350 lleva la filosof\u00eda del Airbus fly-by-wire a un nuevo nivel. Sus sistemas digitales integran:<\/p>\n\n\n\n<ul class=\"wp-block-list\">\n<li>Pantallas panor\u00e1micas<\/li>\n\n\n\n<li>Gesti\u00f3n autom\u00e1tica avanzada del vuelo<\/li>\n\n\n\n<li>Sistemas predictivos de mantenimiento<\/li>\n\n\n\n<li>Monitoreo constante de desempe\u00f1o estructural<\/li>\n<\/ul>\n\n\n\n<p>Todo esto facilita decisiones en cabina y mejora la prevenci\u00f3n de fallos. Airbus, desde sus inicios, ha apostado por automatizar procesos de vuelo para reducir errores humanos, y en el A350 esta l\u00f3gica alcanza su m\u00e1xima expresi\u00f3n.<\/p>\n\n\n\n<h2 class=\"wp-block-heading\"><strong>El ruido m\u00e1s bajo de cualquier avi\u00f3n de larga distancia<\/strong><\/h2>\n\n\n\n<p>Si hay algo que sorprende incluso a quienes conocen de aviaci\u00f3n, es lo silencioso que es el A350. Tanto dentro como fuera del avi\u00f3n, el nivel de ruido es notablemente menor al de modelos contempor\u00e1neos. Esto se debe a mejoras en motores Rolls-Royce Trent XWB, aerodin\u00e1mica refinada y materiales que absorben vibraciones y sonido.<\/p>\n\n\n\n<p>En aeropuertos urbanos, esta baja emisi\u00f3n ac\u00fastica es un argumento de peso para obtener autorizaciones operativas.<\/p>\n\n\n\n<h2 class=\"wp-block-heading\"><strong>Retos del programa: fiabilidad de motores y presi\u00f3n competitiva<\/strong><\/h2>\n\n\n\n<p>No todo ha sido perfecto. Algunos operadores han reportado problemas de durabilidad en los motores Trent XWB, especialmente en climas muy c\u00e1lidos. Si bien no son fallos graves, el mantenimiento ha sido m\u00e1s intensivo de lo esperado.<\/p>\n\n\n\n<p>Adem\u00e1s, Airbus enfrenta al Boeing 787, un avi\u00f3n altamente competitivo, y al nuevo 777X que promete capacidades de alcance y carga superiores. La competencia continuar\u00e1, y eso obliga a Airbus a mantener mejoras constantes.<\/p>\n\n\n\n<h2 class=\"wp-block-heading\"><strong>Un avi\u00f3n que consolid\u00f3 a Airbus como l\u00edder del largo alcance<\/strong><\/h2>\n\n\n\n<p>El A350 es, en esencia, la demostraci\u00f3n de que Europa puede producir un avi\u00f3n capaz de liderar el mercado global de rutas intercontinentales. Su ingenier\u00eda madura, su eficiencia y su confort han sido reconocidos tanto por aerol\u00edneas como por pilotos y pasajeros.<\/p>\n\n\n\n<p>Desde una perspectiva anal\u00edtica, el A350 representa una mezcla perfecta entre ambici\u00f3n industrial y pragmatismo econ\u00f3mico.<\/p>\n\n\n\n<p>El <strong>Airbus A350<\/strong> no es solo un avi\u00f3n de nueva generaci\u00f3n; es un hito en la historia de Airbus. Re\u00fane eficiencia, silencio, tecnolog\u00eda avanzada y una experiencia de vuelo que redefine el est\u00e1ndar del largo alcance. Su presencia creciente en aeropuertos de todo el mundo confirma que este modelo lleg\u00f3 para quedarse y marcar una era en la aviaci\u00f3n comercial.<\/p>\n\n\n\n<p><strong>Fuente: Sebastian Palacin<\/strong><\/p>\n","protected":false},"excerpt":{"rendered":"<p>(Aeronoticias):El Airbus A350 es, probablemente, el programa m\u00e1s ambicioso y sofisticado que la industria europea ha producido desde el Concorde. Naci\u00f3 en un momento en que Airbus necesitaba responder con fuerza al avance tecnol\u00f3gico del Boeing 787, pero el resultado final super\u00f3 con creces las expectativas iniciales. El A350 no solo compite: establece est\u00e1ndares. Silencioso, [&hellip;]<\/p>\n","protected":false},"author":7,"featured_media":97170,"comment_status":"closed","ping_status":"closed","sticky":false,"template":"","format":"standard","meta":{"tdm_status":"","tdm_grid_status":"","footnotes":""},"categories":[11,9],"tags":[],"class_list":{"0":"post-97169","1":"post","2":"type-post","3":"status-publish","4":"format-standard","5":"has-post-thumbnail","7":"category-transporte-aereo","8":"category-turismo"},"yoast_head":"<!-- This site is optimized with the Yoast SEO plugin v25.1 - https:\/\/yoast.com\/wordpress\/plugins\/seo\/ -->\n<title>\ud83d\udca5 Aeronoticias: El Airbus A350, el avi\u00f3n que redefini\u00f3 el largo alcance y puso a Europa a la vanguardia de la aviaci\u00f3n moderna<\/title>\n<meta name=\"description\" content=\"(Aeronoticias): El Airbus A350 es, probablemente, el programa m\u00e1s ambicioso y sofisticado que la industria europea ha producido desde el Concorde. Naci\u00f3 en un momento en que Airbus necesitaba responder con fuerza al avance tecnol\u00f3gico del Boeing 787, pero el resultado final super\u00f3 con creces las expectativas iniciales. El A350 no solo compite: establece est\u00e1ndares. Silencioso, eficiente y sorprendentemente c\u00f3modo, este avi\u00f3n representa la madurez de Airbus en el dominio del fuselaje compuesto y del dise\u00f1o aerodin\u00e1mico de \u00faltima generaci\u00f3n.\" \/>\n<meta name=\"robots\" content=\"index, follow, max-snippet:-1, max-image-preview:large, max-video-preview:-1\" \/>\n<link rel=\"canonical\" href=\"https:\/\/aeronoticias.com.pe\/noticiero\/transporte-aereo\/\ud83d\udca5-aeronoticias-el-airbus-a350-el-avion-que-redefinio-el-largo-alcance-y-puso-a-europa-a-la-vanguardia-de-la-aviacion-moderna\/\" \/>\n<meta property=\"og:locale\" content=\"es_ES\" \/>\n<meta property=\"og:type\" content=\"article\" \/>\n<meta property=\"og:title\" content=\"\ud83d\udca5 Aeronoticias: El Airbus A350, el avi\u00f3n que redefini\u00f3 el largo alcance y puso a Europa a la vanguardia de la aviaci\u00f3n moderna\" \/>\n<meta property=\"og:description\" content=\"(Aeronoticias): El Airbus A350 es, probablemente, el programa m\u00e1s ambicioso y sofisticado que la industria europea ha producido desde el Concorde. Naci\u00f3 en un momento en que Airbus necesitaba responder con fuerza al avance tecnol\u00f3gico del Boeing 787, pero el resultado final super\u00f3 con creces las expectativas iniciales. El A350 no solo compite: establece est\u00e1ndares. Silencioso, eficiente y sorprendentemente c\u00f3modo, este avi\u00f3n representa la madurez de Airbus en el dominio del fuselaje compuesto y del dise\u00f1o aerodin\u00e1mico de \u00faltima generaci\u00f3n.\" \/>\n<meta property=\"og:url\" content=\"https:\/\/aeronoticias.com.pe\/noticiero\/transporte-aereo\/\ud83d\udca5-aeronoticias-el-airbus-a350-el-avion-que-redefinio-el-largo-alcance-y-puso-a-europa-a-la-vanguardia-de-la-aviacion-moderna\/\" \/>\n<meta property=\"og:site_name\" content=\"Aeronoticias.com.pe\" \/>\n<meta property=\"article:publisher\" content=\"https:\/\/www.facebook.com\/Aeronoticias.com.pe\/\" \/>\n<meta property=\"article:published_time\" content=\"2025-12-11T15:02:19+00:00\" \/>\n<meta property=\"article:modified_time\" content=\"2025-12-11T15:02:21+00:00\" \/>\n<meta property=\"og:image\" content=\"https:\/\/aeronoticias.com.pe\/noticiero\/wp-content\/uploads\/2025\/12\/Airbus_A350_pillars.jpg\" \/>\n\t<meta property=\"og:image:width\" content=\"1920\" \/>\n\t<meta property=\"og:image:height\" content=\"1080\" \/>\n\t<meta property=\"og:image:type\" content=\"image\/jpeg\" \/>\n<meta name=\"author\" content=\"sebastian\" \/>\n<meta name=\"twitter:card\" content=\"summary_large_image\" \/>\n<meta name=\"twitter:creator\" content=\"@aeronoticias\" \/>\n<meta name=\"twitter:site\" content=\"@aeronoticias\" \/>\n<meta name=\"twitter:label1\" content=\"Escrito por\" \/>\n\t<meta name=\"twitter:data1\" content=\"sebastian\" \/>\n\t<meta name=\"twitter:label2\" content=\"Tiempo de lectura\" \/>\n\t<meta name=\"twitter:data2\" content=\"5 minutos\" \/>\n<script type=\"application\/ld+json\" class=\"yoast-schema-graph\">{\"@context\":\"https:\/\/schema.org\",\"@graph\":[{\"@type\":\"WebPage\",\"@id\":\"https:\/\/aeronoticias.com.pe\/noticiero\/transporte-aereo\/%f0%9f%92%a5-aeronoticias-el-airbus-a350-el-avion-que-redefinio-el-largo-alcance-y-puso-a-europa-a-la-vanguardia-de-la-aviacion-moderna\/\",\"url\":\"https:\/\/aeronoticias.com.pe\/noticiero\/transporte-aereo\/%f0%9f%92%a5-aeronoticias-el-airbus-a350-el-avion-que-redefinio-el-largo-alcance-y-puso-a-europa-a-la-vanguardia-de-la-aviacion-moderna\/\",\"name\":\"\ud83d\udca5 Aeronoticias: El Airbus A350, el avi\u00f3n que redefini\u00f3 el largo alcance y puso a Europa a la vanguardia de la aviaci\u00f3n moderna\",\"isPartOf\":{\"@id\":\"https:\/\/aeronoticias.com.pe\/noticiero\/#website\"},\"primaryImageOfPage\":{\"@id\":\"https:\/\/aeronoticias.com.pe\/noticiero\/transporte-aereo\/%f0%9f%92%a5-aeronoticias-el-airbus-a350-el-avion-que-redefinio-el-largo-alcance-y-puso-a-europa-a-la-vanguardia-de-la-aviacion-moderna\/#primaryimage\"},\"image\":{\"@id\":\"https:\/\/aeronoticias.com.pe\/noticiero\/transporte-aereo\/%f0%9f%92%a5-aeronoticias-el-airbus-a350-el-avion-que-redefinio-el-largo-alcance-y-puso-a-europa-a-la-vanguardia-de-la-aviacion-moderna\/#primaryimage\"},\"thumbnailUrl\":\"https:\/\/aeronoticias.com.pe\/noticiero\/wp-content\/uploads\/2025\/12\/Airbus_A350_pillars.jpg\",\"datePublished\":\"2025-12-11T15:02:19+00:00\",\"dateModified\":\"2025-12-11T15:02:21+00:00\",\"author\":{\"@id\":\"https:\/\/aeronoticias.com.pe\/noticiero\/#\/schema\/person\/45ec58b0c4aefb9b6ee48f40659be5a3\"},\"description\":\"(Aeronoticias): El Airbus A350 es, probablemente, el programa m\u00e1s ambicioso y sofisticado que la industria europea ha producido desde el Concorde. Naci\u00f3 en un momento en que Airbus necesitaba responder con fuerza al avance tecnol\u00f3gico del Boeing 787, pero el resultado final super\u00f3 con creces las expectativas iniciales. El A350 no solo compite: establece est\u00e1ndares. Silencioso, eficiente y sorprendentemente c\u00f3modo, este avi\u00f3n representa la madurez de Airbus en el dominio del fuselaje compuesto y del dise\u00f1o aerodin\u00e1mico de \u00faltima generaci\u00f3n.\",\"breadcrumb\":{\"@id\":\"https:\/\/aeronoticias.com.pe\/noticiero\/transporte-aereo\/%f0%9f%92%a5-aeronoticias-el-airbus-a350-el-avion-que-redefinio-el-largo-alcance-y-puso-a-europa-a-la-vanguardia-de-la-aviacion-moderna\/#breadcrumb\"},\"inLanguage\":\"es\",\"potentialAction\":[{\"@type\":\"ReadAction\",\"target\":[\"https:\/\/aeronoticias.com.pe\/noticiero\/transporte-aereo\/%f0%9f%92%a5-aeronoticias-el-airbus-a350-el-avion-que-redefinio-el-largo-alcance-y-puso-a-europa-a-la-vanguardia-de-la-aviacion-moderna\/\"]}]},{\"@type\":\"ImageObject\",\"inLanguage\":\"es\",\"@id\":\"https:\/\/aeronoticias.com.pe\/noticiero\/transporte-aereo\/%f0%9f%92%a5-aeronoticias-el-airbus-a350-el-avion-que-redefinio-el-largo-alcance-y-puso-a-europa-a-la-vanguardia-de-la-aviacion-moderna\/#primaryimage\",\"url\":\"https:\/\/aeronoticias.com.pe\/noticiero\/wp-content\/uploads\/2025\/12\/Airbus_A350_pillars.jpg\",\"contentUrl\":\"https:\/\/aeronoticias.com.pe\/noticiero\/wp-content\/uploads\/2025\/12\/Airbus_A350_pillars.jpg\",\"width\":1920,\"height\":1080},{\"@type\":\"BreadcrumbList\",\"@id\":\"https:\/\/aeronoticias.com.pe\/noticiero\/transporte-aereo\/%f0%9f%92%a5-aeronoticias-el-airbus-a350-el-avion-que-redefinio-el-largo-alcance-y-puso-a-europa-a-la-vanguardia-de-la-aviacion-moderna\/#breadcrumb\",\"itemListElement\":[{\"@type\":\"ListItem\",\"position\":1,\"name\":\"Portada\",\"item\":\"https:\/\/aeronoticias.com.pe\/noticiero\/\"},{\"@type\":\"ListItem\",\"position\":2,\"name\":\"\ud83d\udca5 Aeronoticias: El Airbus A350, el avi\u00f3n que redefini\u00f3 el largo alcance y puso a Europa a la vanguardia de la aviaci\u00f3n moderna\"}]},{\"@type\":\"WebSite\",\"@id\":\"https:\/\/aeronoticias.com.pe\/noticiero\/#website\",\"url\":\"https:\/\/aeronoticias.com.pe\/noticiero\/\",\"name\":\"Aeronoticias.com.pe\",\"description\":\"Noticias de tranporte aereo, turismo, hoteles, gastronomia, actualidad, internacional\",\"potentialAction\":[{\"@type\":\"SearchAction\",\"target\":{\"@type\":\"EntryPoint\",\"urlTemplate\":\"https:\/\/aeronoticias.com.pe\/noticiero\/?s={search_term_string}\"},\"query-input\":{\"@type\":\"PropertyValueSpecification\",\"valueRequired\":true,\"valueName\":\"search_term_string\"}}],\"inLanguage\":\"es\"},{\"@type\":\"Person\",\"@id\":\"https:\/\/aeronoticias.com.pe\/noticiero\/#\/schema\/person\/45ec58b0c4aefb9b6ee48f40659be5a3\",\"name\":\"sebastian\",\"url\":\"https:\/\/aeronoticias.com.pe\/noticiero\/author\/sebastian\/\"}]}<\/script>\n<!-- \/ Yoast SEO plugin. -->","yoast_head_json":{"title":"\ud83d\udca5 Aeronoticias: El Airbus A350, el avi\u00f3n que redefini\u00f3 el largo alcance y puso a Europa a la vanguardia de la aviaci\u00f3n moderna","description":"(Aeronoticias): El Airbus A350 es, probablemente, el programa m\u00e1s ambicioso y sofisticado que la industria europea ha producido desde el Concorde. Naci\u00f3 en un momento en que Airbus necesitaba responder con fuerza al avance tecnol\u00f3gico del Boeing 787, pero el resultado final super\u00f3 con creces las expectativas iniciales. El A350 no solo compite: establece est\u00e1ndares. Silencioso, eficiente y sorprendentemente c\u00f3modo, este avi\u00f3n representa la madurez de Airbus en el dominio del fuselaje compuesto y del dise\u00f1o aerodin\u00e1mico de \u00faltima generaci\u00f3n.","robots":{"index":"index","follow":"follow","max-snippet":"max-snippet:-1","max-image-preview":"max-image-preview:large","max-video-preview":"max-video-preview:-1"},"canonical":"https:\/\/aeronoticias.com.pe\/noticiero\/transporte-aereo\/\ud83d\udca5-aeronoticias-el-airbus-a350-el-avion-que-redefinio-el-largo-alcance-y-puso-a-europa-a-la-vanguardia-de-la-aviacion-moderna\/","og_locale":"es_ES","og_type":"article","og_title":"\ud83d\udca5 Aeronoticias: El Airbus A350, el avi\u00f3n que redefini\u00f3 el largo alcance y puso a Europa a la vanguardia de la aviaci\u00f3n moderna","og_description":"(Aeronoticias): El Airbus A350 es, probablemente, el programa m\u00e1s ambicioso y sofisticado que la industria europea ha producido desde el Concorde. Naci\u00f3 en un momento en que Airbus necesitaba responder con fuerza al avance tecnol\u00f3gico del Boeing 787, pero el resultado final super\u00f3 con creces las expectativas iniciales. El A350 no solo compite: establece est\u00e1ndares. Silencioso, eficiente y sorprendentemente c\u00f3modo, este avi\u00f3n representa la madurez de Airbus en el dominio del fuselaje compuesto y del dise\u00f1o aerodin\u00e1mico de \u00faltima generaci\u00f3n.","og_url":"https:\/\/aeronoticias.com.pe\/noticiero\/transporte-aereo\/\ud83d\udca5-aeronoticias-el-airbus-a350-el-avion-que-redefinio-el-largo-alcance-y-puso-a-europa-a-la-vanguardia-de-la-aviacion-moderna\/","og_site_name":"Aeronoticias.com.pe","article_publisher":"https:\/\/www.facebook.com\/Aeronoticias.com.pe\/","article_published_time":"2025-12-11T15:02:19+00:00","article_modified_time":"2025-12-11T15:02:21+00:00","og_image":[{"width":1920,"height":1080,"url":"https:\/\/aeronoticias.com.pe\/noticiero\/wp-content\/uploads\/2025\/12\/Airbus_A350_pillars.jpg","type":"image\/jpeg"}],"author":"sebastian","twitter_card":"summary_large_image","twitter_creator":"@aeronoticias","twitter_site":"@aeronoticias","twitter_misc":{"Escrito por":"sebastian","Tiempo de lectura":"5 minutos"},"schema":{"@context":"https:\/\/schema.org","@graph":[{"@type":"WebPage","@id":"https:\/\/aeronoticias.com.pe\/noticiero\/transporte-aereo\/%f0%9f%92%a5-aeronoticias-el-airbus-a350-el-avion-que-redefinio-el-largo-alcance-y-puso-a-europa-a-la-vanguardia-de-la-aviacion-moderna\/","url":"https:\/\/aeronoticias.com.pe\/noticiero\/transporte-aereo\/%f0%9f%92%a5-aeronoticias-el-airbus-a350-el-avion-que-redefinio-el-largo-alcance-y-puso-a-europa-a-la-vanguardia-de-la-aviacion-moderna\/","name":"\ud83d\udca5 Aeronoticias: El Airbus A350, el avi\u00f3n que redefini\u00f3 el largo alcance y puso a Europa a la vanguardia de la aviaci\u00f3n moderna","isPartOf":{"@id":"https:\/\/aeronoticias.com.pe\/noticiero\/#website"},"primaryImageOfPage":{"@id":"https:\/\/aeronoticias.com.pe\/noticiero\/transporte-aereo\/%f0%9f%92%a5-aeronoticias-el-airbus-a350-el-avion-que-redefinio-el-largo-alcance-y-puso-a-europa-a-la-vanguardia-de-la-aviacion-moderna\/#primaryimage"},"image":{"@id":"https:\/\/aeronoticias.com.pe\/noticiero\/transporte-aereo\/%f0%9f%92%a5-aeronoticias-el-airbus-a350-el-avion-que-redefinio-el-largo-alcance-y-puso-a-europa-a-la-vanguardia-de-la-aviacion-moderna\/#primaryimage"},"thumbnailUrl":"https:\/\/aeronoticias.com.pe\/noticiero\/wp-content\/uploads\/2025\/12\/Airbus_A350_pillars.jpg","datePublished":"2025-12-11T15:02:19+00:00","dateModified":"2025-12-11T15:02:21+00:00","author":{"@id":"https:\/\/aeronoticias.com.pe\/noticiero\/#\/schema\/person\/45ec58b0c4aefb9b6ee48f40659be5a3"},"description":"(Aeronoticias): El Airbus A350 es, probablemente, el programa m\u00e1s ambicioso y sofisticado que la industria europea ha producido desde el Concorde. Naci\u00f3 en un momento en que Airbus necesitaba responder con fuerza al avance tecnol\u00f3gico del Boeing 787, pero el resultado final super\u00f3 con creces las expectativas iniciales. El A350 no solo compite: establece est\u00e1ndares. Silencioso, eficiente y sorprendentemente c\u00f3modo, este avi\u00f3n representa la madurez de Airbus en el dominio del fuselaje compuesto y del dise\u00f1o aerodin\u00e1mico de \u00faltima generaci\u00f3n.","breadcrumb":{"@id":"https:\/\/aeronoticias.com.pe\/noticiero\/transporte-aereo\/%f0%9f%92%a5-aeronoticias-el-airbus-a350-el-avion-que-redefinio-el-largo-alcance-y-puso-a-europa-a-la-vanguardia-de-la-aviacion-moderna\/#breadcrumb"},"inLanguage":"es","potentialAction":[{"@type":"ReadAction","target":["https:\/\/aeronoticias.com.pe\/noticiero\/transporte-aereo\/%f0%9f%92%a5-aeronoticias-el-airbus-a350-el-avion-que-redefinio-el-largo-alcance-y-puso-a-europa-a-la-vanguardia-de-la-aviacion-moderna\/"]}]},{"@type":"ImageObject","inLanguage":"es","@id":"https:\/\/aeronoticias.com.pe\/noticiero\/transporte-aereo\/%f0%9f%92%a5-aeronoticias-el-airbus-a350-el-avion-que-redefinio-el-largo-alcance-y-puso-a-europa-a-la-vanguardia-de-la-aviacion-moderna\/#primaryimage","url":"https:\/\/aeronoticias.com.pe\/noticiero\/wp-content\/uploads\/2025\/12\/Airbus_A350_pillars.jpg","contentUrl":"https:\/\/aeronoticias.com.pe\/noticiero\/wp-content\/uploads\/2025\/12\/Airbus_A350_pillars.jpg","width":1920,"height":1080},{"@type":"BreadcrumbList","@id":"https:\/\/aeronoticias.com.pe\/noticiero\/transporte-aereo\/%f0%9f%92%a5-aeronoticias-el-airbus-a350-el-avion-que-redefinio-el-largo-alcance-y-puso-a-europa-a-la-vanguardia-de-la-aviacion-moderna\/#breadcrumb","itemListElement":[{"@type":"ListItem","position":1,"name":"Portada","item":"https:\/\/aeronoticias.com.pe\/noticiero\/"},{"@type":"ListItem","position":2,"name":"\ud83d\udca5 Aeronoticias: El Airbus A350, el avi\u00f3n que redefini\u00f3 el largo alcance y puso a Europa a la vanguardia de la aviaci\u00f3n moderna"}]},{"@type":"WebSite","@id":"https:\/\/aeronoticias.com.pe\/noticiero\/#website","url":"https:\/\/aeronoticias.com.pe\/noticiero\/","name":"Aeronoticias.com.pe","description":"Noticias de tranporte aereo, turismo, hoteles, gastronomia, actualidad, internacional","potentialAction":[{"@type":"SearchAction","target":{"@type":"EntryPoint","urlTemplate":"https:\/\/aeronoticias.com.pe\/noticiero\/?s={search_term_string}"},"query-input":{"@type":"PropertyValueSpecification","valueRequired":true,"valueName":"search_term_string"}}],"inLanguage":"es"},{"@type":"Person","@id":"https:\/\/aeronoticias.com.pe\/noticiero\/#\/schema\/person\/45ec58b0c4aefb9b6ee48f40659be5a3","name":"sebastian","url":"https:\/\/aeronoticias.com.pe\/noticiero\/author\/sebastian\/"}]}},"_links":{"self":[{"href":"https:\/\/aeronoticias.com.pe\/noticiero\/wp-json\/wp\/v2\/posts\/97169","targetHints":{"allow":["GET"]}}],"collection":[{"href":"https:\/\/aeronoticias.com.pe\/noticiero\/wp-json\/wp\/v2\/posts"}],"about":[{"href":"https:\/\/aeronoticias.com.pe\/noticiero\/wp-json\/wp\/v2\/types\/post"}],"author":[{"embeddable":true,"href":"https:\/\/aeronoticias.com.pe\/noticiero\/wp-json\/wp\/v2\/users\/7"}],"replies":[{"embeddable":true,"href":"https:\/\/aeronoticias.com.pe\/noticiero\/wp-json\/wp\/v2\/comments?post=97169"}],"version-history":[{"count":1,"href":"https:\/\/aeronoticias.com.pe\/noticiero\/wp-json\/wp\/v2\/posts\/97169\/revisions"}],"predecessor-version":[{"id":97171,"href":"https:\/\/aeronoticias.com.pe\/noticiero\/wp-json\/wp\/v2\/posts\/97169\/revisions\/97171"}],"wp:featuredmedia":[{"embeddable":true,"href":"https:\/\/aeronoticias.com.pe\/noticiero\/wp-json\/wp\/v2\/media\/97170"}],"wp:attachment":[{"href":"https:\/\/aeronoticias.com.pe\/noticiero\/wp-json\/wp\/v2\/media?parent=97169"}],"wp:term":[{"taxonomy":"category","embeddable":true,"href":"https:\/\/aeronoticias.com.pe\/noticiero\/wp-json\/wp\/v2\/categories?post=97169"},{"taxonomy":"post_tag","embeddable":true,"href":"https:\/\/aeronoticias.com.pe\/noticiero\/wp-json\/wp\/v2\/tags?post=97169"}],"curies":[{"name":"wp","href":"https:\/\/api.w.org\/{rel}","templated":true}]}}