{"id":97175,"date":"2025-12-11T10:18:19","date_gmt":"2025-12-11T15:18:19","guid":{"rendered":"https:\/\/aeronoticias.com.pe\/noticiero\/?p=97175"},"modified":"2025-12-11T10:18:21","modified_gmt":"2025-12-11T15:18:21","slug":"%f0%9f%92%a5-aeronoticias-el-eurofighter-typhoon-el-caza-europeo-que-se-convirtio-en-la-columna-vertebral-de-la-defensa-aerea-del-continente","status":"publish","type":"post","link":"https:\/\/aeronoticias.com.pe\/noticiero\/transporte-aereo\/%f0%9f%92%a5-aeronoticias-el-eurofighter-typhoon-el-caza-europeo-que-se-convirtio-en-la-columna-vertebral-de-la-defensa-aerea-del-continente\/","title":{"rendered":"\ud83d\udca5 Aeronoticias: El Eurofighter Typhoon, el caza europeo que se convirti\u00f3 en la columna vertebral de la defensa a\u00e9rea del continente"},"content":{"rendered":"\n<h3 class=\"wp-block-heading\"><\/h3>\n\n\n\n<p><strong>(Aeronoticias):<\/strong><br>El <strong>Eurofighter Typhoon<\/strong> es uno de los proyectos de defensa m\u00e1s ambiciosos y pol\u00edticamente complejos que Europa ha llevado adelante. Nacido de la cooperaci\u00f3n entre Alemania, Reino Unido, Italia y Espa\u00f1a, el Typhoon no solo representa una plataforma de combate sofisticada, sino tambi\u00e9n un compromiso estrat\u00e9gico de Europa por mantener autonom\u00eda militar frente a Estados Unidos y competir con los cazas de cuarta y quinta generaci\u00f3n que dominan el mercado global. En un contexto de tensiones geopol\u00edticas crecientes, el Typhoon se ha consolidado como un s\u00edmbolo de capacidad industrial y cohesi\u00f3n continental.<\/p>\n\n\n\n<h2 class=\"wp-block-heading\"><strong>Un proyecto multinacional que casi no llega a existir<\/strong><\/h2>\n\n\n\n<p>El Typhoon naci\u00f3 a finales de los a\u00f1os 80, pero llegar a un acuerdo entre cuatro pa\u00edses con intereses distintos fue un desaf\u00edo en s\u00ed mismo. Alemania quer\u00eda un interceptor puro; el Reino Unido, un avi\u00f3n m\u00e1s flexible; Italia buscaba reducir costos; Espa\u00f1a quer\u00eda una plataforma que se adaptara a su industria en crecimiento.<\/p>\n\n\n\n<p>Contra todo pron\u00f3stico, estas diferencias dieron forma a un dise\u00f1o que logr\u00f3 combinar capacidades de superioridad a\u00e9rea con funciones aire-tierra avanzadas. Desde mi perspectiva, es un ejemplo de c\u00f3mo la presi\u00f3n pol\u00edtica, cuando se gestiona correctamente, puede producir un avi\u00f3n m\u00e1s completo de lo que un solo pa\u00eds habr\u00eda dise\u00f1ado por su cuenta.<\/p>\n\n\n\n<h2 class=\"wp-block-heading\"><strong>Un dise\u00f1o agresivo hecho para dominar el combate a\u00e9reo<\/strong><\/h2>\n\n\n\n<p>El Typhoon fue concebido como un caza de superioridad a\u00e9rea de alta maniobrabilidad. Su combinaci\u00f3n de alas delta y canards delanteros le permite realizar maniobras exigentes a gran velocidad.<\/p>\n\n\n\n<p>Lo que m\u00e1s sorprende de su aerodin\u00e1mica es que el avi\u00f3n es deliberadamente <strong>inestable<\/strong> por dise\u00f1o. Esto le permite responder con rapidez a cambios de direcci\u00f3n, algo fundamental en combates a\u00e9reos modernos. El sistema fly-by-wire computarizado compensa esa inestabilidad, entregando al piloto un control preciso y extremadamente \u00e1gil.<\/p>\n\n\n\n<h2 class=\"wp-block-heading\"><strong>Potencia de motores que rivaliza con cualquier caza moderno<\/strong><\/h2>\n\n\n\n<p>Sus motores Eurojet EJ200 proporcionan una relaci\u00f3n empuje-peso impresionante y una aceleraci\u00f3n que muchos pilotos describen como \u201cbrutal\u201d. Esto permite ascensos pronunciados, cambios r\u00e1pidos de altitud y maniobras evasivas que le dan una ventaja real en un enfrentamiento aire-aire.<\/p>\n\n\n\n<p>Pero m\u00e1s all\u00e1 de las cifras, el Typhoon destaca por su capacidad para mantener potencia incluso en maniobras sostenidas, algo que no todos los cazas occidentales logran con la misma consistencia.<\/p>\n\n\n\n<h2 class=\"wp-block-heading\"><strong>Radar y avi\u00f3nica: el salto que era necesario<\/strong><\/h2>\n\n\n\n<p>Durante a\u00f1os, uno de los puntos criticados del Typhoon fue su radar mec\u00e1nico, que lo dejaba por detr\u00e1s de competidores como el F-18E\/F o el Rafale. Sin embargo, la introducci\u00f3n del radar <strong>E-Scan AESA Captor-E<\/strong> cambi\u00f3 completamente la ecuaci\u00f3n.<\/p>\n\n\n\n<p>Esta modernizaci\u00f3n le da al Typhoon:<\/p>\n\n\n\n<ul class=\"wp-block-list\">\n<li>Mayor alcance de detecci\u00f3n<\/li>\n\n\n\n<li>Mejora en el seguimiento de m\u00faltiples blancos<\/li>\n\n\n\n<li>Resistencia superior a interferencias<\/li>\n\n\n\n<li>Capacidad de apuntar hacia sectores antes inaccesibles<\/li>\n<\/ul>\n\n\n\n<p>Como analista, considero que este radar es lo que finalmente permiti\u00f3 al Typhoon competir con aviones de \u00faltima generaci\u00f3n en el \u00e1mbito sensorial, no solo aerodin\u00e1mico.<\/p>\n\n\n\n<h2 class=\"wp-block-heading\"><strong>Armamento que acompa\u00f1a su car\u00e1cter polivalente<\/strong><\/h2>\n\n\n\n<p>El Typhoon puede portar:<\/p>\n\n\n\n<ul class=\"wp-block-list\">\n<li>Misiles aire-aire Meteor (uno de los m\u00e1s avanzados del mundo)<\/li>\n\n\n\n<li>Misiles IRIS-T y AIM-120<\/li>\n\n\n\n<li>Misiles aire-tierra Brimstone<\/li>\n\n\n\n<li>Bombas guiadas Paveway<\/li>\n\n\n\n<li>Misiles antibuque en versiones espec\u00edficas<\/li>\n<\/ul>\n\n\n\n<p>Esta flexibilidad convirti\u00f3 al Typhoon en un avi\u00f3n apto para cualquier misi\u00f3n: defensa a\u00e9rea, ataque de precisi\u00f3n, patrullaje fronterizo o interceptaci\u00f3n a larga distancia.<\/p>\n\n\n\n<h2 class=\"wp-block-heading\"><strong>Un actor clave en la defensa europea en tiempos de tensi\u00f3n<\/strong><\/h2>\n\n\n\n<p>Con la invasi\u00f3n rusa a Ucrania y el resurgimiento de amenazas h\u00edbridas, el Eurofighter se transform\u00f3 en uno de los pilares de la defensa a\u00e9rea en pa\u00edses como Alemania, Reino Unido, Italia y Espa\u00f1a. Su despliegue en misiones de la OTAN en el B\u00e1ltico y el Mediterr\u00e1neo es constante.<\/p>\n\n\n\n<p>Las patrullas de alerta r\u00e1pida (QRA) dependen en gran parte de esta aeronave, que responde en minutos a cualquier incursi\u00f3n o amenaza inesperada.<\/p>\n\n\n\n<h2 class=\"wp-block-heading\"><strong>Cr\u00edticas: un avi\u00f3n excelente, pero caro y tard\u00edo<\/strong><\/h2>\n\n\n\n<p>Ser\u00eda poco honesto no mencionar los puntos d\u00e9biles del programa:<\/p>\n\n\n\n<ul class=\"wp-block-list\">\n<li>El Typhoon lleg\u00f3 tarde al mercado<\/li>\n\n\n\n<li>Sus costes de operaci\u00f3n son elevados<\/li>\n\n\n\n<li>Su producci\u00f3n multinacional dificulta la log\u00edstica<\/li>\n\n\n\n<li>La competencia del F-35 ha limitado sus exportaciones<\/li>\n<\/ul>\n\n\n\n<p>En mi opini\u00f3n, el Typhoon es uno de los mejores cazas de 4.5\u00aa generaci\u00f3n, pero su potencial comercial fue reducido por decisiones pol\u00edticas y la falta de una estrategia unificada de marketing internacional.<\/p>\n\n\n\n<h2 class=\"wp-block-heading\"><strong>El futuro: evoluci\u00f3n continua y transici\u00f3n hacia el FCAS<\/strong><\/h2>\n\n\n\n<p>Los pa\u00edses operadores prev\u00e9n mantener el Typhoon en servicio hasta 2045, e incluso m\u00e1s. El avi\u00f3n seguir\u00e1 recibiendo mejoras en sensores, armas, motores y capacidades de guerra electr\u00f3nica.<\/p>\n\n\n\n<p>Al mismo tiempo, participa en el puente tecnol\u00f3gico hacia el proyecto FCAS (Future Combat Air System), un sistema de combate a\u00e9reo europeo de nueva generaci\u00f3n.<\/p>\n\n\n\n<p>En ese sentido, el Typhoon es tanto un avi\u00f3n actual como una plataforma de ensayo para tecnolog\u00edas futuras.<\/p>\n\n\n\n<p>El <strong>Eurofighter Typhoon<\/strong> es uno de los cazas m\u00e1s s\u00f3lidos que Europa ha producido. Combina una aerodin\u00e1mica espectacular, motores potentes y sensores modernos con la ventaja adicional de ser un proyecto multinacional que simboliza unidad estrat\u00e9gica. A pesar de sus desaf\u00edos, se consolid\u00f3 como un actor esencial en la defensa europea contempor\u00e1nea.<\/p>\n\n\n\n<p><strong>Fuente: Sebastian Palacin<\/strong><\/p>\n","protected":false},"excerpt":{"rendered":"<p>(Aeronoticias):El Eurofighter Typhoon es uno de los proyectos de defensa m\u00e1s ambiciosos y pol\u00edticamente complejos que Europa ha llevado adelante. Nacido de la cooperaci\u00f3n entre Alemania, Reino Unido, Italia y Espa\u00f1a, el Typhoon no solo representa una plataforma de combate sofisticada, sino tambi\u00e9n un compromiso estrat\u00e9gico de Europa por mantener autonom\u00eda militar frente a Estados [&hellip;]<\/p>\n","protected":false},"author":7,"featured_media":97176,"comment_status":"closed","ping_status":"closed","sticky":false,"template":"","format":"standard","meta":{"tdm_status":"","tdm_grid_status":"","footnotes":""},"categories":[11,9],"tags":[],"class_list":{"0":"post-97175","1":"post","2":"type-post","3":"status-publish","4":"format-standard","5":"has-post-thumbnail","7":"category-transporte-aereo","8":"category-turismo"},"yoast_head":"<!-- This site is optimized with the Yoast SEO plugin v25.1 - https:\/\/yoast.com\/wordpress\/plugins\/seo\/ -->\n<title>\ud83d\udca5 Aeronoticias: El Eurofighter Typhoon, el caza europeo que se convirti\u00f3 en la columna vertebral de la defensa a\u00e9rea del continente<\/title>\n<meta name=\"description\" content=\"(Aeronoticias): El Eurofighter Typhoon es uno de los proyectos de defensa m\u00e1s ambiciosos y pol\u00edticamente complejos que Europa ha llevado adelante. Nacido de la cooperaci\u00f3n entre Alemania, Reino Unido, Italia y Espa\u00f1a, el Typhoon no solo representa una plataforma de combate sofisticada, sino tambi\u00e9n un compromiso estrat\u00e9gico de Europa por mantener autonom\u00eda militar frente a Estados Unidos y competir con los cazas de cuarta y quinta generaci\u00f3n que dominan el mercado global. En un contexto de tensiones geopol\u00edticas crecientes, el Typhoon se ha consolidado como un s\u00edmbolo de capacidad industrial y cohesi\u00f3n continental.\" \/>\n<meta name=\"robots\" content=\"index, follow, max-snippet:-1, max-image-preview:large, max-video-preview:-1\" \/>\n<link rel=\"canonical\" href=\"https:\/\/aeronoticias.com.pe\/noticiero\/transporte-aereo\/\ud83d\udca5-aeronoticias-el-eurofighter-typhoon-el-caza-europeo-que-se-convirtio-en-la-columna-vertebral-de-la-defensa-aerea-del-continente\/\" \/>\n<meta property=\"og:locale\" content=\"es_ES\" \/>\n<meta property=\"og:type\" content=\"article\" \/>\n<meta property=\"og:title\" content=\"\ud83d\udca5 Aeronoticias: El Eurofighter Typhoon, el caza europeo que se convirti\u00f3 en la columna vertebral de la defensa a\u00e9rea del continente\" \/>\n<meta property=\"og:description\" content=\"(Aeronoticias): El Eurofighter Typhoon es uno de los proyectos de defensa m\u00e1s ambiciosos y pol\u00edticamente complejos que Europa ha llevado adelante. Nacido de la cooperaci\u00f3n entre Alemania, Reino Unido, Italia y Espa\u00f1a, el Typhoon no solo representa una plataforma de combate sofisticada, sino tambi\u00e9n un compromiso estrat\u00e9gico de Europa por mantener autonom\u00eda militar frente a Estados Unidos y competir con los cazas de cuarta y quinta generaci\u00f3n que dominan el mercado global. En un contexto de tensiones geopol\u00edticas crecientes, el Typhoon se ha consolidado como un s\u00edmbolo de capacidad industrial y cohesi\u00f3n continental.\" \/>\n<meta property=\"og:url\" content=\"https:\/\/aeronoticias.com.pe\/noticiero\/transporte-aereo\/\ud83d\udca5-aeronoticias-el-eurofighter-typhoon-el-caza-europeo-que-se-convirtio-en-la-columna-vertebral-de-la-defensa-aerea-del-continente\/\" \/>\n<meta property=\"og:site_name\" content=\"Aeronoticias.com.pe\" \/>\n<meta property=\"article:publisher\" content=\"https:\/\/www.facebook.com\/Aeronoticias.com.pe\/\" \/>\n<meta property=\"article:published_time\" content=\"2025-12-11T15:18:19+00:00\" \/>\n<meta property=\"article:modified_time\" content=\"2025-12-11T15:18:21+00:00\" \/>\n<meta property=\"og:image\" content=\"https:\/\/aeronoticias.com.pe\/noticiero\/wp-content\/uploads\/2025\/12\/554.jpg\" \/>\n\t<meta property=\"og:image:width\" content=\"1600\" \/>\n\t<meta property=\"og:image:height\" content=\"1000\" \/>\n\t<meta property=\"og:image:type\" content=\"image\/jpeg\" \/>\n<meta name=\"author\" content=\"sebastian\" \/>\n<meta name=\"twitter:card\" content=\"summary_large_image\" \/>\n<meta name=\"twitter:creator\" content=\"@aeronoticias\" \/>\n<meta name=\"twitter:site\" content=\"@aeronoticias\" \/>\n<meta name=\"twitter:label1\" content=\"Escrito por\" \/>\n\t<meta name=\"twitter:data1\" content=\"sebastian\" \/>\n\t<meta name=\"twitter:label2\" content=\"Tiempo de lectura\" \/>\n\t<meta name=\"twitter:data2\" content=\"5 minutos\" \/>\n<script type=\"application\/ld+json\" class=\"yoast-schema-graph\">{\"@context\":\"https:\/\/schema.org\",\"@graph\":[{\"@type\":\"WebPage\",\"@id\":\"https:\/\/aeronoticias.com.pe\/noticiero\/transporte-aereo\/%f0%9f%92%a5-aeronoticias-el-eurofighter-typhoon-el-caza-europeo-que-se-convirtio-en-la-columna-vertebral-de-la-defensa-aerea-del-continente\/\",\"url\":\"https:\/\/aeronoticias.com.pe\/noticiero\/transporte-aereo\/%f0%9f%92%a5-aeronoticias-el-eurofighter-typhoon-el-caza-europeo-que-se-convirtio-en-la-columna-vertebral-de-la-defensa-aerea-del-continente\/\",\"name\":\"\ud83d\udca5 Aeronoticias: El Eurofighter Typhoon, el caza europeo que se convirti\u00f3 en la columna vertebral de la defensa a\u00e9rea del continente\",\"isPartOf\":{\"@id\":\"https:\/\/aeronoticias.com.pe\/noticiero\/#website\"},\"primaryImageOfPage\":{\"@id\":\"https:\/\/aeronoticias.com.pe\/noticiero\/transporte-aereo\/%f0%9f%92%a5-aeronoticias-el-eurofighter-typhoon-el-caza-europeo-que-se-convirtio-en-la-columna-vertebral-de-la-defensa-aerea-del-continente\/#primaryimage\"},\"image\":{\"@id\":\"https:\/\/aeronoticias.com.pe\/noticiero\/transporte-aereo\/%f0%9f%92%a5-aeronoticias-el-eurofighter-typhoon-el-caza-europeo-que-se-convirtio-en-la-columna-vertebral-de-la-defensa-aerea-del-continente\/#primaryimage\"},\"thumbnailUrl\":\"https:\/\/aeronoticias.com.pe\/noticiero\/wp-content\/uploads\/2025\/12\/554.jpg\",\"datePublished\":\"2025-12-11T15:18:19+00:00\",\"dateModified\":\"2025-12-11T15:18:21+00:00\",\"author\":{\"@id\":\"https:\/\/aeronoticias.com.pe\/noticiero\/#\/schema\/person\/45ec58b0c4aefb9b6ee48f40659be5a3\"},\"description\":\"(Aeronoticias): El Eurofighter Typhoon es uno de los proyectos de defensa m\u00e1s ambiciosos y pol\u00edticamente complejos que Europa ha llevado adelante. Nacido de la cooperaci\u00f3n entre Alemania, Reino Unido, Italia y Espa\u00f1a, el Typhoon no solo representa una plataforma de combate sofisticada, sino tambi\u00e9n un compromiso estrat\u00e9gico de Europa por mantener autonom\u00eda militar frente a Estados Unidos y competir con los cazas de cuarta y quinta generaci\u00f3n que dominan el mercado global. En un contexto de tensiones geopol\u00edticas crecientes, el Typhoon se ha consolidado como un s\u00edmbolo de capacidad industrial y cohesi\u00f3n continental.\",\"breadcrumb\":{\"@id\":\"https:\/\/aeronoticias.com.pe\/noticiero\/transporte-aereo\/%f0%9f%92%a5-aeronoticias-el-eurofighter-typhoon-el-caza-europeo-que-se-convirtio-en-la-columna-vertebral-de-la-defensa-aerea-del-continente\/#breadcrumb\"},\"inLanguage\":\"es\",\"potentialAction\":[{\"@type\":\"ReadAction\",\"target\":[\"https:\/\/aeronoticias.com.pe\/noticiero\/transporte-aereo\/%f0%9f%92%a5-aeronoticias-el-eurofighter-typhoon-el-caza-europeo-que-se-convirtio-en-la-columna-vertebral-de-la-defensa-aerea-del-continente\/\"]}]},{\"@type\":\"ImageObject\",\"inLanguage\":\"es\",\"@id\":\"https:\/\/aeronoticias.com.pe\/noticiero\/transporte-aereo\/%f0%9f%92%a5-aeronoticias-el-eurofighter-typhoon-el-caza-europeo-que-se-convirtio-en-la-columna-vertebral-de-la-defensa-aerea-del-continente\/#primaryimage\",\"url\":\"https:\/\/aeronoticias.com.pe\/noticiero\/wp-content\/uploads\/2025\/12\/554.jpg\",\"contentUrl\":\"https:\/\/aeronoticias.com.pe\/noticiero\/wp-content\/uploads\/2025\/12\/554.jpg\",\"width\":1600,\"height\":1000},{\"@type\":\"BreadcrumbList\",\"@id\":\"https:\/\/aeronoticias.com.pe\/noticiero\/transporte-aereo\/%f0%9f%92%a5-aeronoticias-el-eurofighter-typhoon-el-caza-europeo-que-se-convirtio-en-la-columna-vertebral-de-la-defensa-aerea-del-continente\/#breadcrumb\",\"itemListElement\":[{\"@type\":\"ListItem\",\"position\":1,\"name\":\"Portada\",\"item\":\"https:\/\/aeronoticias.com.pe\/noticiero\/\"},{\"@type\":\"ListItem\",\"position\":2,\"name\":\"\ud83d\udca5 Aeronoticias: El Eurofighter Typhoon, el caza europeo que se convirti\u00f3 en la columna vertebral de la defensa a\u00e9rea del continente\"}]},{\"@type\":\"WebSite\",\"@id\":\"https:\/\/aeronoticias.com.pe\/noticiero\/#website\",\"url\":\"https:\/\/aeronoticias.com.pe\/noticiero\/\",\"name\":\"Aeronoticias.com.pe\",\"description\":\"Noticias de tranporte aereo, turismo, hoteles, gastronomia, actualidad, internacional\",\"potentialAction\":[{\"@type\":\"SearchAction\",\"target\":{\"@type\":\"EntryPoint\",\"urlTemplate\":\"https:\/\/aeronoticias.com.pe\/noticiero\/?s={search_term_string}\"},\"query-input\":{\"@type\":\"PropertyValueSpecification\",\"valueRequired\":true,\"valueName\":\"search_term_string\"}}],\"inLanguage\":\"es\"},{\"@type\":\"Person\",\"@id\":\"https:\/\/aeronoticias.com.pe\/noticiero\/#\/schema\/person\/45ec58b0c4aefb9b6ee48f40659be5a3\",\"name\":\"sebastian\",\"url\":\"https:\/\/aeronoticias.com.pe\/noticiero\/author\/sebastian\/\"}]}<\/script>\n<!-- \/ Yoast SEO plugin. -->","yoast_head_json":{"title":"\ud83d\udca5 Aeronoticias: El Eurofighter Typhoon, el caza europeo que se convirti\u00f3 en la columna vertebral de la defensa a\u00e9rea del continente","description":"(Aeronoticias): El Eurofighter Typhoon es uno de los proyectos de defensa m\u00e1s ambiciosos y pol\u00edticamente complejos que Europa ha llevado adelante. Nacido de la cooperaci\u00f3n entre Alemania, Reino Unido, Italia y Espa\u00f1a, el Typhoon no solo representa una plataforma de combate sofisticada, sino tambi\u00e9n un compromiso estrat\u00e9gico de Europa por mantener autonom\u00eda militar frente a Estados Unidos y competir con los cazas de cuarta y quinta generaci\u00f3n que dominan el mercado global. En un contexto de tensiones geopol\u00edticas crecientes, el Typhoon se ha consolidado como un s\u00edmbolo de capacidad industrial y cohesi\u00f3n continental.","robots":{"index":"index","follow":"follow","max-snippet":"max-snippet:-1","max-image-preview":"max-image-preview:large","max-video-preview":"max-video-preview:-1"},"canonical":"https:\/\/aeronoticias.com.pe\/noticiero\/transporte-aereo\/\ud83d\udca5-aeronoticias-el-eurofighter-typhoon-el-caza-europeo-que-se-convirtio-en-la-columna-vertebral-de-la-defensa-aerea-del-continente\/","og_locale":"es_ES","og_type":"article","og_title":"\ud83d\udca5 Aeronoticias: El Eurofighter Typhoon, el caza europeo que se convirti\u00f3 en la columna vertebral de la defensa a\u00e9rea del continente","og_description":"(Aeronoticias): El Eurofighter Typhoon es uno de los proyectos de defensa m\u00e1s ambiciosos y pol\u00edticamente complejos que Europa ha llevado adelante. Nacido de la cooperaci\u00f3n entre Alemania, Reino Unido, Italia y Espa\u00f1a, el Typhoon no solo representa una plataforma de combate sofisticada, sino tambi\u00e9n un compromiso estrat\u00e9gico de Europa por mantener autonom\u00eda militar frente a Estados Unidos y competir con los cazas de cuarta y quinta generaci\u00f3n que dominan el mercado global. En un contexto de tensiones geopol\u00edticas crecientes, el Typhoon se ha consolidado como un s\u00edmbolo de capacidad industrial y cohesi\u00f3n continental.","og_url":"https:\/\/aeronoticias.com.pe\/noticiero\/transporte-aereo\/\ud83d\udca5-aeronoticias-el-eurofighter-typhoon-el-caza-europeo-que-se-convirtio-en-la-columna-vertebral-de-la-defensa-aerea-del-continente\/","og_site_name":"Aeronoticias.com.pe","article_publisher":"https:\/\/www.facebook.com\/Aeronoticias.com.pe\/","article_published_time":"2025-12-11T15:18:19+00:00","article_modified_time":"2025-12-11T15:18:21+00:00","og_image":[{"width":1600,"height":1000,"url":"https:\/\/aeronoticias.com.pe\/noticiero\/wp-content\/uploads\/2025\/12\/554.jpg","type":"image\/jpeg"}],"author":"sebastian","twitter_card":"summary_large_image","twitter_creator":"@aeronoticias","twitter_site":"@aeronoticias","twitter_misc":{"Escrito por":"sebastian","Tiempo de lectura":"5 minutos"},"schema":{"@context":"https:\/\/schema.org","@graph":[{"@type":"WebPage","@id":"https:\/\/aeronoticias.com.pe\/noticiero\/transporte-aereo\/%f0%9f%92%a5-aeronoticias-el-eurofighter-typhoon-el-caza-europeo-que-se-convirtio-en-la-columna-vertebral-de-la-defensa-aerea-del-continente\/","url":"https:\/\/aeronoticias.com.pe\/noticiero\/transporte-aereo\/%f0%9f%92%a5-aeronoticias-el-eurofighter-typhoon-el-caza-europeo-que-se-convirtio-en-la-columna-vertebral-de-la-defensa-aerea-del-continente\/","name":"\ud83d\udca5 Aeronoticias: El Eurofighter Typhoon, el caza europeo que se convirti\u00f3 en la columna vertebral de la defensa a\u00e9rea del continente","isPartOf":{"@id":"https:\/\/aeronoticias.com.pe\/noticiero\/#website"},"primaryImageOfPage":{"@id":"https:\/\/aeronoticias.com.pe\/noticiero\/transporte-aereo\/%f0%9f%92%a5-aeronoticias-el-eurofighter-typhoon-el-caza-europeo-que-se-convirtio-en-la-columna-vertebral-de-la-defensa-aerea-del-continente\/#primaryimage"},"image":{"@id":"https:\/\/aeronoticias.com.pe\/noticiero\/transporte-aereo\/%f0%9f%92%a5-aeronoticias-el-eurofighter-typhoon-el-caza-europeo-que-se-convirtio-en-la-columna-vertebral-de-la-defensa-aerea-del-continente\/#primaryimage"},"thumbnailUrl":"https:\/\/aeronoticias.com.pe\/noticiero\/wp-content\/uploads\/2025\/12\/554.jpg","datePublished":"2025-12-11T15:18:19+00:00","dateModified":"2025-12-11T15:18:21+00:00","author":{"@id":"https:\/\/aeronoticias.com.pe\/noticiero\/#\/schema\/person\/45ec58b0c4aefb9b6ee48f40659be5a3"},"description":"(Aeronoticias): El Eurofighter Typhoon es uno de los proyectos de defensa m\u00e1s ambiciosos y pol\u00edticamente complejos que Europa ha llevado adelante. Nacido de la cooperaci\u00f3n entre Alemania, Reino Unido, Italia y Espa\u00f1a, el Typhoon no solo representa una plataforma de combate sofisticada, sino tambi\u00e9n un compromiso estrat\u00e9gico de Europa por mantener autonom\u00eda militar frente a Estados Unidos y competir con los cazas de cuarta y quinta generaci\u00f3n que dominan el mercado global. En un contexto de tensiones geopol\u00edticas crecientes, el Typhoon se ha consolidado como un s\u00edmbolo de capacidad industrial y cohesi\u00f3n continental.","breadcrumb":{"@id":"https:\/\/aeronoticias.com.pe\/noticiero\/transporte-aereo\/%f0%9f%92%a5-aeronoticias-el-eurofighter-typhoon-el-caza-europeo-que-se-convirtio-en-la-columna-vertebral-de-la-defensa-aerea-del-continente\/#breadcrumb"},"inLanguage":"es","potentialAction":[{"@type":"ReadAction","target":["https:\/\/aeronoticias.com.pe\/noticiero\/transporte-aereo\/%f0%9f%92%a5-aeronoticias-el-eurofighter-typhoon-el-caza-europeo-que-se-convirtio-en-la-columna-vertebral-de-la-defensa-aerea-del-continente\/"]}]},{"@type":"ImageObject","inLanguage":"es","@id":"https:\/\/aeronoticias.com.pe\/noticiero\/transporte-aereo\/%f0%9f%92%a5-aeronoticias-el-eurofighter-typhoon-el-caza-europeo-que-se-convirtio-en-la-columna-vertebral-de-la-defensa-aerea-del-continente\/#primaryimage","url":"https:\/\/aeronoticias.com.pe\/noticiero\/wp-content\/uploads\/2025\/12\/554.jpg","contentUrl":"https:\/\/aeronoticias.com.pe\/noticiero\/wp-content\/uploads\/2025\/12\/554.jpg","width":1600,"height":1000},{"@type":"BreadcrumbList","@id":"https:\/\/aeronoticias.com.pe\/noticiero\/transporte-aereo\/%f0%9f%92%a5-aeronoticias-el-eurofighter-typhoon-el-caza-europeo-que-se-convirtio-en-la-columna-vertebral-de-la-defensa-aerea-del-continente\/#breadcrumb","itemListElement":[{"@type":"ListItem","position":1,"name":"Portada","item":"https:\/\/aeronoticias.com.pe\/noticiero\/"},{"@type":"ListItem","position":2,"name":"\ud83d\udca5 Aeronoticias: El Eurofighter Typhoon, el caza europeo que se convirti\u00f3 en la columna vertebral de la defensa a\u00e9rea del continente"}]},{"@type":"WebSite","@id":"https:\/\/aeronoticias.com.pe\/noticiero\/#website","url":"https:\/\/aeronoticias.com.pe\/noticiero\/","name":"Aeronoticias.com.pe","description":"Noticias de tranporte aereo, turismo, hoteles, gastronomia, actualidad, internacional","potentialAction":[{"@type":"SearchAction","target":{"@type":"EntryPoint","urlTemplate":"https:\/\/aeronoticias.com.pe\/noticiero\/?s={search_term_string}"},"query-input":{"@type":"PropertyValueSpecification","valueRequired":true,"valueName":"search_term_string"}}],"inLanguage":"es"},{"@type":"Person","@id":"https:\/\/aeronoticias.com.pe\/noticiero\/#\/schema\/person\/45ec58b0c4aefb9b6ee48f40659be5a3","name":"sebastian","url":"https:\/\/aeronoticias.com.pe\/noticiero\/author\/sebastian\/"}]}},"_links":{"self":[{"href":"https:\/\/aeronoticias.com.pe\/noticiero\/wp-json\/wp\/v2\/posts\/97175","targetHints":{"allow":["GET"]}}],"collection":[{"href":"https:\/\/aeronoticias.com.pe\/noticiero\/wp-json\/wp\/v2\/posts"}],"about":[{"href":"https:\/\/aeronoticias.com.pe\/noticiero\/wp-json\/wp\/v2\/types\/post"}],"author":[{"embeddable":true,"href":"https:\/\/aeronoticias.com.pe\/noticiero\/wp-json\/wp\/v2\/users\/7"}],"replies":[{"embeddable":true,"href":"https:\/\/aeronoticias.com.pe\/noticiero\/wp-json\/wp\/v2\/comments?post=97175"}],"version-history":[{"count":1,"href":"https:\/\/aeronoticias.com.pe\/noticiero\/wp-json\/wp\/v2\/posts\/97175\/revisions"}],"predecessor-version":[{"id":97177,"href":"https:\/\/aeronoticias.com.pe\/noticiero\/wp-json\/wp\/v2\/posts\/97175\/revisions\/97177"}],"wp:featuredmedia":[{"embeddable":true,"href":"https:\/\/aeronoticias.com.pe\/noticiero\/wp-json\/wp\/v2\/media\/97176"}],"wp:attachment":[{"href":"https:\/\/aeronoticias.com.pe\/noticiero\/wp-json\/wp\/v2\/media?parent=97175"}],"wp:term":[{"taxonomy":"category","embeddable":true,"href":"https:\/\/aeronoticias.com.pe\/noticiero\/wp-json\/wp\/v2\/categories?post=97175"},{"taxonomy":"post_tag","embeddable":true,"href":"https:\/\/aeronoticias.com.pe\/noticiero\/wp-json\/wp\/v2\/tags?post=97175"}],"curies":[{"name":"wp","href":"https:\/\/api.w.org\/{rel}","templated":true}]}}