{"id":97181,"date":"2025-12-12T11:27:16","date_gmt":"2025-12-12T16:27:16","guid":{"rendered":"https:\/\/aeronoticias.com.pe\/noticiero\/?p=97181"},"modified":"2025-12-12T11:27:28","modified_gmt":"2025-12-12T16:27:28","slug":"aeronoticias-ryanair-y-las-aerolineas-low-cost-europeas-anuncian-una-expansion-record-para-2025-2026","status":"publish","type":"post","link":"https:\/\/aeronoticias.com.pe\/noticiero\/transporte-aereo\/aeronoticias-ryanair-y-las-aerolineas-low-cost-europeas-anuncian-una-expansion-record-para-2025-2026\/","title":{"rendered":"Aeronoticias: Ryanair y las aerol\u00edneas low-cost europeas anuncian una expansi\u00f3n r\u00e9cord para 2025\u20132026"},"content":{"rendered":"\n<h1 class=\"wp-block-heading\"><\/h1>\n\n\n\n<p><strong>(Aeronoticias):<\/strong><br>El mercado a\u00e9reo europeo se prepara para una de sus etapas de mayor crecimiento de la \u00faltima d\u00e9cada. Ryanair, junto a otras aerol\u00edneas de bajo costo como easyJet y Wizz Air, ha confirmado planes de expansi\u00f3n r\u00e9cord para el periodo 2025\u20132026, con la incorporaci\u00f3n de nuevas aeronaves, apertura de rutas y un aumento significativo de frecuencias en aeropuertos secundarios y principales del continente.<\/p>\n\n\n\n<p>La estrategia responde a una combinaci\u00f3n de factores: recuperaci\u00f3n total de la demanda tur\u00edstica, costos operativos a\u00fan competitivos frente a aerol\u00edneas tradicionales y un pasajero cada vez m\u00e1s sensible al precio. Las low-cost buscan consolidar su dominio en rutas de corto y mediano alcance, especialmente dentro del espacio europeo.<\/p>\n\n\n\n<h3 class=\"wp-block-heading\">Ryanair lidera el crecimiento con una flota en constante expansi\u00f3n<\/h3>\n\n\n\n<p>Ryanair, la mayor aerol\u00ednea de bajo costo de Europa, encabeza esta nueva etapa de crecimiento. La compa\u00f1\u00eda irlandesa ha reiterado su objetivo de aumentar de forma sostenida su capacidad, apoy\u00e1ndose en la incorporaci\u00f3n progresiva de nuevos Boeing 737-8200, una versi\u00f3n de alta densidad del 737 MAX dise\u00f1ada espec\u00edficamente para reducir costos por asiento.<\/p>\n\n\n\n<p>Con esta flota, Ryanair planea abrir decenas de rutas nuevas que conectar\u00e1n ciudades medianas y destinos tur\u00edsticos con tarifas agresivas, reforzando su presencia en pa\u00edses como Espa\u00f1a, Italia, Polonia, Grecia y Portugal. La aerol\u00ednea ha se\u00f1alado que el verano europeo de 2026 podr\u00eda ser uno de los m\u00e1s activos de su historia.<\/p>\n\n\n\n<h3 class=\"wp-block-heading\">easyJet y Wizz Air refuerzan su posici\u00f3n en mercados clave<\/h3>\n\n\n\n<p>easyJet, por su parte, contin\u00faa ampliando su red con una estrategia centrada en aeropuertos principales y bases estrat\u00e9gicas. La aerol\u00ednea brit\u00e1nica ha anunciado incrementos de capacidad en hubs como Londres-Gatwick, Mil\u00e1n y Par\u00eds, adem\u00e1s de nuevas rutas orientadas tanto al turismo como a viajes de negocios de corta distancia.<\/p>\n\n\n\n<p>Wizz Air, en cambio, mantiene un enfoque m\u00e1s agresivo en Europa del Este y el sur del continente. La compa\u00f1\u00eda h\u00fangara ha confirmado la llegada de nuevos Airbus A321neo, con los que busca consolidar su crecimiento en mercados donde la competencia a\u00fan es limitada y la demanda sigue en aumento.<\/p>\n\n\n\n<h3 class=\"wp-block-heading\">Aeropuertos secundarios, los grandes beneficiados<\/h3>\n\n\n\n<p>Uno de los efectos m\u00e1s visibles de esta expansi\u00f3n es el protagonismo de aeropuertos secundarios. Las aerol\u00edneas low-cost contin\u00faan apostando por estas terminales debido a menores tasas operativas y mayor flexibilidad comercial.<\/p>\n\n\n\n<p>Ciudades que antes ten\u00edan conectividad limitada ahora se integran a la red a\u00e9rea europea con vuelos directos y precios accesibles, lo que impulsa econom\u00edas locales y descentraliza el turismo. Esta tendencia tambi\u00e9n alivia la congesti\u00f3n de grandes aeropuertos, aunque plantea nuevos desaf\u00edos en infraestructura y gesti\u00f3n del tr\u00e1fico.<\/p>\n\n\n\n<h3 class=\"wp-block-heading\">Impacto directo en precios y competencia<\/h3>\n\n\n\n<p>La expansi\u00f3n anunciada tendr\u00e1 un efecto inmediato en el mercado: mayor competencia y presi\u00f3n a la baja sobre las tarifas. Las aerol\u00edneas tradicionales se ven obligadas a ajustar precios, optimizar flotas y reforzar sus propias rutas regionales para no perder cuota de mercado.<\/p>\n\n\n\n<p>Para los pasajeros, el escenario es favorable. La mayor oferta se traduce en m\u00e1s opciones de horarios, destinos y precios, especialmente en rutas intraeuropeas de alta demanda.<\/p>\n\n\n\n<h3 class=\"wp-block-heading\">El turismo europeo, principal motor del crecimiento<\/h3>\n\n\n\n<p>El fuerte impulso de las low-cost est\u00e1 estrechamente ligado al turismo. Europa sigue siendo uno de los destinos m\u00e1s visitados del mundo, y la facilidad para desplazarse entre pa\u00edses a bajo costo ha revitalizado viajes cortos, escapadas de fin de semana y turismo estacional.<\/p>\n\n\n\n<p>Destinos del Mediterr\u00e1neo, Europa del Este y ciudades culturales est\u00e1n viendo un aumento sostenido de visitantes gracias a la conectividad que ofrecen estas aerol\u00edneas.<\/p>\n\n\n\n<h3 class=\"wp-block-heading\">Desaf\u00edos operativos en un mercado en expansi\u00f3n<\/h3>\n\n\n\n<p>Pese al optimismo, el crecimiento acelerado tambi\u00e9n plantea retos. La disponibilidad de aeronaves, la congesti\u00f3n en aeropuertos durante temporadas altas y la escasez de personal especializado son factores que las aerol\u00edneas deber\u00e1n gestionar cuidadosamente.<\/p>\n\n\n\n<p>Adem\u00e1s, las regulaciones ambientales europeas comienzan a tener un peso mayor. Las low-cost han respondido con flotas m\u00e1s eficientes y aviones de nueva generaci\u00f3n, pero el equilibrio entre expansi\u00f3n y sostenibilidad ser\u00e1 clave en los pr\u00f3ximos a\u00f1os.<\/p>\n\n\n\n<h3 class=\"wp-block-heading\">Un periodo decisivo para la aviaci\u00f3n europea<\/h3>\n\n\n\n<p>La expansi\u00f3n anunciada por Ryanair y otras low-cost confirma que el modelo de bajo costo sigue siendo uno de los pilares del transporte a\u00e9reo en Europa. El periodo 2025\u20132026 podr\u00eda marcar un nuevo r\u00e9cord de pasajeros y consolidar definitivamente a estas aerol\u00edneas como actores centrales del mercado.<\/p>\n\n\n\n<p>Mientras la demanda se mantenga fuerte y los costos controlados, todo indica que el crecimiento continuar\u00e1, transformando no solo la aviaci\u00f3n europea, sino tambi\u00e9n la forma en que millones de personas viajan dentro del continente.<\/p>\n\n\n\n<p><strong>Fuente: Sebastian Palac\u00edn<\/strong><\/p>\n","protected":false},"excerpt":{"rendered":"<p>(Aeronoticias):El mercado a\u00e9reo europeo se prepara para una de sus etapas de mayor crecimiento de la \u00faltima d\u00e9cada. Ryanair, junto a otras aerol\u00edneas de bajo costo como easyJet y Wizz Air, ha confirmado planes de expansi\u00f3n r\u00e9cord para el periodo 2025\u20132026, con la incorporaci\u00f3n de nuevas aeronaves, apertura de rutas y un aumento significativo de [&hellip;]<\/p>\n","protected":false},"author":7,"featured_media":97182,"comment_status":"closed","ping_status":"closed","sticky":false,"template":"","format":"standard","meta":{"tdm_status":"","tdm_grid_status":"","footnotes":""},"categories":[11,9],"tags":[],"class_list":{"0":"post-97181","1":"post","2":"type-post","3":"status-publish","4":"format-standard","5":"has-post-thumbnail","7":"category-transporte-aereo","8":"category-turismo"},"yoast_head":"<!-- This site is optimized with the Yoast SEO plugin v25.1 - https:\/\/yoast.com\/wordpress\/plugins\/seo\/ -->\n<title>Aeronoticias: Ryanair y las aerol\u00edneas low-cost europeas anuncian una expansi\u00f3n r\u00e9cord para 2025\u20132026<\/title>\n<meta name=\"description\" content=\"(Aeronoticias): El mercado a\u00e9reo europeo se prepara para una de sus etapas de mayor crecimiento de la \u00faltima d\u00e9cada. Ryanair, junto a otras aerol\u00edneas de bajo costo como easyJet y Wizz Air, ha confirmado planes de expansi\u00f3n r\u00e9cord para el periodo 2025\u20132026, con la incorporaci\u00f3n de nuevas aeronaves, apertura de rutas y un aumento significativo de frecuencias en aeropuertos secundarios y principales del continente.\" \/>\n<meta name=\"robots\" content=\"index, follow, max-snippet:-1, max-image-preview:large, max-video-preview:-1\" \/>\n<link rel=\"canonical\" href=\"https:\/\/aeronoticias.com.pe\/noticiero\/transporte-aereo\/aeronoticias-ryanair-y-las-aerolineas-low-cost-europeas-anuncian-una-expansion-record-para-2025-2026\/\" \/>\n<meta property=\"og:locale\" content=\"es_ES\" \/>\n<meta property=\"og:type\" content=\"article\" \/>\n<meta property=\"og:title\" content=\"Aeronoticias: Ryanair y las aerol\u00edneas low-cost europeas anuncian una expansi\u00f3n r\u00e9cord para 2025\u20132026\" \/>\n<meta property=\"og:description\" content=\"(Aeronoticias): El mercado a\u00e9reo europeo se prepara para una de sus etapas de mayor crecimiento de la \u00faltima d\u00e9cada. Ryanair, junto a otras aerol\u00edneas de bajo costo como easyJet y Wizz Air, ha confirmado planes de expansi\u00f3n r\u00e9cord para el periodo 2025\u20132026, con la incorporaci\u00f3n de nuevas aeronaves, apertura de rutas y un aumento significativo de frecuencias en aeropuertos secundarios y principales del continente.\" \/>\n<meta property=\"og:url\" content=\"https:\/\/aeronoticias.com.pe\/noticiero\/transporte-aereo\/aeronoticias-ryanair-y-las-aerolineas-low-cost-europeas-anuncian-una-expansion-record-para-2025-2026\/\" \/>\n<meta property=\"og:site_name\" content=\"Aeronoticias.com.pe\" \/>\n<meta property=\"article:publisher\" content=\"https:\/\/www.facebook.com\/Aeronoticias.com.pe\/\" \/>\n<meta property=\"article:published_time\" content=\"2025-12-12T16:27:16+00:00\" \/>\n<meta property=\"article:modified_time\" content=\"2025-12-12T16:27:28+00:00\" \/>\n<meta property=\"og:image\" content=\"https:\/\/aeronoticias.com.pe\/noticiero\/wp-content\/uploads\/2025\/12\/R-2-scaled.jpg\" \/>\n\t<meta property=\"og:image:width\" content=\"2560\" \/>\n\t<meta property=\"og:image:height\" content=\"1634\" \/>\n\t<meta property=\"og:image:type\" content=\"image\/jpeg\" \/>\n<meta name=\"author\" content=\"sebastian\" \/>\n<meta name=\"twitter:card\" content=\"summary_large_image\" \/>\n<meta name=\"twitter:creator\" content=\"@aeronoticias\" \/>\n<meta name=\"twitter:site\" content=\"@aeronoticias\" \/>\n<meta name=\"twitter:label1\" content=\"Escrito por\" \/>\n\t<meta name=\"twitter:data1\" content=\"sebastian\" \/>\n\t<meta name=\"twitter:label2\" content=\"Tiempo de lectura\" \/>\n\t<meta name=\"twitter:data2\" content=\"4 minutos\" \/>\n<script type=\"application\/ld+json\" class=\"yoast-schema-graph\">{\"@context\":\"https:\/\/schema.org\",\"@graph\":[{\"@type\":\"WebPage\",\"@id\":\"https:\/\/aeronoticias.com.pe\/noticiero\/transporte-aereo\/aeronoticias-ryanair-y-las-aerolineas-low-cost-europeas-anuncian-una-expansion-record-para-2025-2026\/\",\"url\":\"https:\/\/aeronoticias.com.pe\/noticiero\/transporte-aereo\/aeronoticias-ryanair-y-las-aerolineas-low-cost-europeas-anuncian-una-expansion-record-para-2025-2026\/\",\"name\":\"Aeronoticias: Ryanair y las aerol\u00edneas low-cost europeas anuncian una expansi\u00f3n r\u00e9cord para 2025\u20132026\",\"isPartOf\":{\"@id\":\"https:\/\/aeronoticias.com.pe\/noticiero\/#website\"},\"primaryImageOfPage\":{\"@id\":\"https:\/\/aeronoticias.com.pe\/noticiero\/transporte-aereo\/aeronoticias-ryanair-y-las-aerolineas-low-cost-europeas-anuncian-una-expansion-record-para-2025-2026\/#primaryimage\"},\"image\":{\"@id\":\"https:\/\/aeronoticias.com.pe\/noticiero\/transporte-aereo\/aeronoticias-ryanair-y-las-aerolineas-low-cost-europeas-anuncian-una-expansion-record-para-2025-2026\/#primaryimage\"},\"thumbnailUrl\":\"https:\/\/aeronoticias.com.pe\/noticiero\/wp-content\/uploads\/2025\/12\/R-2-scaled.jpg\",\"datePublished\":\"2025-12-12T16:27:16+00:00\",\"dateModified\":\"2025-12-12T16:27:28+00:00\",\"author\":{\"@id\":\"https:\/\/aeronoticias.com.pe\/noticiero\/#\/schema\/person\/45ec58b0c4aefb9b6ee48f40659be5a3\"},\"description\":\"(Aeronoticias): El mercado a\u00e9reo europeo se prepara para una de sus etapas de mayor crecimiento de la \u00faltima d\u00e9cada. Ryanair, junto a otras aerol\u00edneas de bajo costo como easyJet y Wizz Air, ha confirmado planes de expansi\u00f3n r\u00e9cord para el periodo 2025\u20132026, con la incorporaci\u00f3n de nuevas aeronaves, apertura de rutas y un aumento significativo de frecuencias en aeropuertos secundarios y principales del continente.\",\"breadcrumb\":{\"@id\":\"https:\/\/aeronoticias.com.pe\/noticiero\/transporte-aereo\/aeronoticias-ryanair-y-las-aerolineas-low-cost-europeas-anuncian-una-expansion-record-para-2025-2026\/#breadcrumb\"},\"inLanguage\":\"es\",\"potentialAction\":[{\"@type\":\"ReadAction\",\"target\":[\"https:\/\/aeronoticias.com.pe\/noticiero\/transporte-aereo\/aeronoticias-ryanair-y-las-aerolineas-low-cost-europeas-anuncian-una-expansion-record-para-2025-2026\/\"]}]},{\"@type\":\"ImageObject\",\"inLanguage\":\"es\",\"@id\":\"https:\/\/aeronoticias.com.pe\/noticiero\/transporte-aereo\/aeronoticias-ryanair-y-las-aerolineas-low-cost-europeas-anuncian-una-expansion-record-para-2025-2026\/#primaryimage\",\"url\":\"https:\/\/aeronoticias.com.pe\/noticiero\/wp-content\/uploads\/2025\/12\/R-2-scaled.jpg\",\"contentUrl\":\"https:\/\/aeronoticias.com.pe\/noticiero\/wp-content\/uploads\/2025\/12\/R-2-scaled.jpg\",\"width\":2560,\"height\":1634},{\"@type\":\"BreadcrumbList\",\"@id\":\"https:\/\/aeronoticias.com.pe\/noticiero\/transporte-aereo\/aeronoticias-ryanair-y-las-aerolineas-low-cost-europeas-anuncian-una-expansion-record-para-2025-2026\/#breadcrumb\",\"itemListElement\":[{\"@type\":\"ListItem\",\"position\":1,\"name\":\"Portada\",\"item\":\"https:\/\/aeronoticias.com.pe\/noticiero\/\"},{\"@type\":\"ListItem\",\"position\":2,\"name\":\"Aeronoticias: Ryanair y las aerol\u00edneas low-cost europeas anuncian una expansi\u00f3n r\u00e9cord para 2025\u20132026\"}]},{\"@type\":\"WebSite\",\"@id\":\"https:\/\/aeronoticias.com.pe\/noticiero\/#website\",\"url\":\"https:\/\/aeronoticias.com.pe\/noticiero\/\",\"name\":\"Aeronoticias.com.pe\",\"description\":\"Noticias de tranporte aereo, turismo, hoteles, gastronomia, actualidad, internacional\",\"potentialAction\":[{\"@type\":\"SearchAction\",\"target\":{\"@type\":\"EntryPoint\",\"urlTemplate\":\"https:\/\/aeronoticias.com.pe\/noticiero\/?s={search_term_string}\"},\"query-input\":{\"@type\":\"PropertyValueSpecification\",\"valueRequired\":true,\"valueName\":\"search_term_string\"}}],\"inLanguage\":\"es\"},{\"@type\":\"Person\",\"@id\":\"https:\/\/aeronoticias.com.pe\/noticiero\/#\/schema\/person\/45ec58b0c4aefb9b6ee48f40659be5a3\",\"name\":\"sebastian\",\"url\":\"https:\/\/aeronoticias.com.pe\/noticiero\/author\/sebastian\/\"}]}<\/script>\n<!-- \/ Yoast SEO plugin. -->","yoast_head_json":{"title":"Aeronoticias: Ryanair y las aerol\u00edneas low-cost europeas anuncian una expansi\u00f3n r\u00e9cord para 2025\u20132026","description":"(Aeronoticias): El mercado a\u00e9reo europeo se prepara para una de sus etapas de mayor crecimiento de la \u00faltima d\u00e9cada. Ryanair, junto a otras aerol\u00edneas de bajo costo como easyJet y Wizz Air, ha confirmado planes de expansi\u00f3n r\u00e9cord para el periodo 2025\u20132026, con la incorporaci\u00f3n de nuevas aeronaves, apertura de rutas y un aumento significativo de frecuencias en aeropuertos secundarios y principales del continente.","robots":{"index":"index","follow":"follow","max-snippet":"max-snippet:-1","max-image-preview":"max-image-preview:large","max-video-preview":"max-video-preview:-1"},"canonical":"https:\/\/aeronoticias.com.pe\/noticiero\/transporte-aereo\/aeronoticias-ryanair-y-las-aerolineas-low-cost-europeas-anuncian-una-expansion-record-para-2025-2026\/","og_locale":"es_ES","og_type":"article","og_title":"Aeronoticias: Ryanair y las aerol\u00edneas low-cost europeas anuncian una expansi\u00f3n r\u00e9cord para 2025\u20132026","og_description":"(Aeronoticias): El mercado a\u00e9reo europeo se prepara para una de sus etapas de mayor crecimiento de la \u00faltima d\u00e9cada. Ryanair, junto a otras aerol\u00edneas de bajo costo como easyJet y Wizz Air, ha confirmado planes de expansi\u00f3n r\u00e9cord para el periodo 2025\u20132026, con la incorporaci\u00f3n de nuevas aeronaves, apertura de rutas y un aumento significativo de frecuencias en aeropuertos secundarios y principales del continente.","og_url":"https:\/\/aeronoticias.com.pe\/noticiero\/transporte-aereo\/aeronoticias-ryanair-y-las-aerolineas-low-cost-europeas-anuncian-una-expansion-record-para-2025-2026\/","og_site_name":"Aeronoticias.com.pe","article_publisher":"https:\/\/www.facebook.com\/Aeronoticias.com.pe\/","article_published_time":"2025-12-12T16:27:16+00:00","article_modified_time":"2025-12-12T16:27:28+00:00","og_image":[{"width":2560,"height":1634,"url":"https:\/\/aeronoticias.com.pe\/noticiero\/wp-content\/uploads\/2025\/12\/R-2-scaled.jpg","type":"image\/jpeg"}],"author":"sebastian","twitter_card":"summary_large_image","twitter_creator":"@aeronoticias","twitter_site":"@aeronoticias","twitter_misc":{"Escrito por":"sebastian","Tiempo de lectura":"4 minutos"},"schema":{"@context":"https:\/\/schema.org","@graph":[{"@type":"WebPage","@id":"https:\/\/aeronoticias.com.pe\/noticiero\/transporte-aereo\/aeronoticias-ryanair-y-las-aerolineas-low-cost-europeas-anuncian-una-expansion-record-para-2025-2026\/","url":"https:\/\/aeronoticias.com.pe\/noticiero\/transporte-aereo\/aeronoticias-ryanair-y-las-aerolineas-low-cost-europeas-anuncian-una-expansion-record-para-2025-2026\/","name":"Aeronoticias: Ryanair y las aerol\u00edneas low-cost europeas anuncian una expansi\u00f3n r\u00e9cord para 2025\u20132026","isPartOf":{"@id":"https:\/\/aeronoticias.com.pe\/noticiero\/#website"},"primaryImageOfPage":{"@id":"https:\/\/aeronoticias.com.pe\/noticiero\/transporte-aereo\/aeronoticias-ryanair-y-las-aerolineas-low-cost-europeas-anuncian-una-expansion-record-para-2025-2026\/#primaryimage"},"image":{"@id":"https:\/\/aeronoticias.com.pe\/noticiero\/transporte-aereo\/aeronoticias-ryanair-y-las-aerolineas-low-cost-europeas-anuncian-una-expansion-record-para-2025-2026\/#primaryimage"},"thumbnailUrl":"https:\/\/aeronoticias.com.pe\/noticiero\/wp-content\/uploads\/2025\/12\/R-2-scaled.jpg","datePublished":"2025-12-12T16:27:16+00:00","dateModified":"2025-12-12T16:27:28+00:00","author":{"@id":"https:\/\/aeronoticias.com.pe\/noticiero\/#\/schema\/person\/45ec58b0c4aefb9b6ee48f40659be5a3"},"description":"(Aeronoticias): El mercado a\u00e9reo europeo se prepara para una de sus etapas de mayor crecimiento de la \u00faltima d\u00e9cada. Ryanair, junto a otras aerol\u00edneas de bajo costo como easyJet y Wizz Air, ha confirmado planes de expansi\u00f3n r\u00e9cord para el periodo 2025\u20132026, con la incorporaci\u00f3n de nuevas aeronaves, apertura de rutas y un aumento significativo de frecuencias en aeropuertos secundarios y principales del continente.","breadcrumb":{"@id":"https:\/\/aeronoticias.com.pe\/noticiero\/transporte-aereo\/aeronoticias-ryanair-y-las-aerolineas-low-cost-europeas-anuncian-una-expansion-record-para-2025-2026\/#breadcrumb"},"inLanguage":"es","potentialAction":[{"@type":"ReadAction","target":["https:\/\/aeronoticias.com.pe\/noticiero\/transporte-aereo\/aeronoticias-ryanair-y-las-aerolineas-low-cost-europeas-anuncian-una-expansion-record-para-2025-2026\/"]}]},{"@type":"ImageObject","inLanguage":"es","@id":"https:\/\/aeronoticias.com.pe\/noticiero\/transporte-aereo\/aeronoticias-ryanair-y-las-aerolineas-low-cost-europeas-anuncian-una-expansion-record-para-2025-2026\/#primaryimage","url":"https:\/\/aeronoticias.com.pe\/noticiero\/wp-content\/uploads\/2025\/12\/R-2-scaled.jpg","contentUrl":"https:\/\/aeronoticias.com.pe\/noticiero\/wp-content\/uploads\/2025\/12\/R-2-scaled.jpg","width":2560,"height":1634},{"@type":"BreadcrumbList","@id":"https:\/\/aeronoticias.com.pe\/noticiero\/transporte-aereo\/aeronoticias-ryanair-y-las-aerolineas-low-cost-europeas-anuncian-una-expansion-record-para-2025-2026\/#breadcrumb","itemListElement":[{"@type":"ListItem","position":1,"name":"Portada","item":"https:\/\/aeronoticias.com.pe\/noticiero\/"},{"@type":"ListItem","position":2,"name":"Aeronoticias: Ryanair y las aerol\u00edneas low-cost europeas anuncian una expansi\u00f3n r\u00e9cord para 2025\u20132026"}]},{"@type":"WebSite","@id":"https:\/\/aeronoticias.com.pe\/noticiero\/#website","url":"https:\/\/aeronoticias.com.pe\/noticiero\/","name":"Aeronoticias.com.pe","description":"Noticias de tranporte aereo, turismo, hoteles, gastronomia, actualidad, internacional","potentialAction":[{"@type":"SearchAction","target":{"@type":"EntryPoint","urlTemplate":"https:\/\/aeronoticias.com.pe\/noticiero\/?s={search_term_string}"},"query-input":{"@type":"PropertyValueSpecification","valueRequired":true,"valueName":"search_term_string"}}],"inLanguage":"es"},{"@type":"Person","@id":"https:\/\/aeronoticias.com.pe\/noticiero\/#\/schema\/person\/45ec58b0c4aefb9b6ee48f40659be5a3","name":"sebastian","url":"https:\/\/aeronoticias.com.pe\/noticiero\/author\/sebastian\/"}]}},"_links":{"self":[{"href":"https:\/\/aeronoticias.com.pe\/noticiero\/wp-json\/wp\/v2\/posts\/97181","targetHints":{"allow":["GET"]}}],"collection":[{"href":"https:\/\/aeronoticias.com.pe\/noticiero\/wp-json\/wp\/v2\/posts"}],"about":[{"href":"https:\/\/aeronoticias.com.pe\/noticiero\/wp-json\/wp\/v2\/types\/post"}],"author":[{"embeddable":true,"href":"https:\/\/aeronoticias.com.pe\/noticiero\/wp-json\/wp\/v2\/users\/7"}],"replies":[{"embeddable":true,"href":"https:\/\/aeronoticias.com.pe\/noticiero\/wp-json\/wp\/v2\/comments?post=97181"}],"version-history":[{"count":1,"href":"https:\/\/aeronoticias.com.pe\/noticiero\/wp-json\/wp\/v2\/posts\/97181\/revisions"}],"predecessor-version":[{"id":97183,"href":"https:\/\/aeronoticias.com.pe\/noticiero\/wp-json\/wp\/v2\/posts\/97181\/revisions\/97183"}],"wp:featuredmedia":[{"embeddable":true,"href":"https:\/\/aeronoticias.com.pe\/noticiero\/wp-json\/wp\/v2\/media\/97182"}],"wp:attachment":[{"href":"https:\/\/aeronoticias.com.pe\/noticiero\/wp-json\/wp\/v2\/media?parent=97181"}],"wp:term":[{"taxonomy":"category","embeddable":true,"href":"https:\/\/aeronoticias.com.pe\/noticiero\/wp-json\/wp\/v2\/categories?post=97181"},{"taxonomy":"post_tag","embeddable":true,"href":"https:\/\/aeronoticias.com.pe\/noticiero\/wp-json\/wp\/v2\/tags?post=97181"}],"curies":[{"name":"wp","href":"https:\/\/api.w.org\/{rel}","templated":true}]}}