{"id":97672,"date":"2026-01-22T12:06:50","date_gmt":"2026-01-22T17:06:50","guid":{"rendered":"https:\/\/aeronoticias.com.pe\/noticiero\/?p=97672"},"modified":"2026-01-22T12:07:00","modified_gmt":"2026-01-22T17:07:00","slug":"air-europa-convierte-en-firme-su-pedido-de-40-aviones-airbus-a350","status":"publish","type":"post","link":"https:\/\/aeronoticias.com.pe\/noticiero\/transporte-aereo\/air-europa-convierte-en-firme-su-pedido-de-40-aviones-airbus-a350\/","title":{"rendered":"Air Europa convierte en firme su pedido de 40 aviones Airbus A350"},"content":{"rendered":"\n<p><strong>(Aeronoticias)<\/strong>: <strong>Air Europa<\/strong>&nbsp;<strong>present\u00f3 oficialmente su pedido en firme para incorporar hasta 40 Airbus A350-900<\/strong>&nbsp;a su flota. El anuncio se realiz\u00f3 este jueves en el marco de&nbsp;<strong>Fitur<\/strong>, uno de los vitrinas institucionales m\u00e1s relevantes para el sector tur\u00edstico y aeron\u00e1utico espa\u00f1ol, reforzando el mensaje de que la aerol\u00ednea quiere jugar un papel central en el tr\u00e1fico intercontinental, especialmente hacia Latinoam\u00e9rica.<\/p>\n\n\n\n<p>El acto estuvo encabezado por&nbsp;<strong>Juan Jos\u00e9 Hidalgo<\/strong>, presidente de Air Europa, junto a&nbsp;<strong>Ville Arhippainen<\/strong>, responsable de Ventas para Europa Occidental de Airbus, subrayando el car\u00e1cter estrat\u00e9gico y bilateral de un acuerdo que va mucho m\u00e1s all\u00e1 de una simple incorporaci\u00f3n de aeronaves.<\/p>\n\n\n\n<h2 class=\"wp-block-heading\"><strong>Un acuerdo firmado en diciembre que consolida el MoU de Dub\u00e1i<\/strong><\/h2>\n\n\n\n<p>El pedido definitivo fue&nbsp;<strong>firmado en diciembre del pasado a\u00f1o<\/strong>, culminando el proceso iniciado con la r\u00fabrica de un&nbsp;<strong>Memorandum of Understanding (MoU)<\/strong>&nbsp;durante el&nbsp;<strong>Sal\u00f3n Aeron\u00e1utico de Dub\u00e1i<\/strong>. Este paso convierte la intenci\u00f3n inicial en un compromiso contractual que se sit\u00faa como&nbsp;<strong>eje central del proyecto de renovaci\u00f3n de la flota de largo radio<\/strong>&nbsp;de Air Europa.<\/p>\n\n\n\n<p>Desde la aerol\u00ednea, el acuerdo se presenta como la\u00a0<strong>mejor garant\u00eda para sostener su plan de expansi\u00f3n<\/strong>, apoy\u00e1ndose en una aeronave que combina\u00a0<strong>tecnolog\u00eda avanzada, eficiencia operativa y un alto est\u00e1ndar de confort<\/strong>\u00a0para el pasajero.<\/p>\n\n\n\n<p><strong><em><a href=\"https:\/\/aviacionaldia.com\/2026\/01\/air-europa-anuncia-nuevas-rutas-a-oviedo-y-sevilla-y-amplia-sus-vuelos-en-italia.html\">Air Europa anuncia nuevas rutas a Oviedo y Sevilla y ampl\u00eda sus vuelos en Italia<\/a><\/em><\/strong><\/p>\n\n\n\n<h2 class=\"wp-block-heading\"><strong>El A350-900 como columna vertebral del largo radio<\/strong><\/h2>\n\n\n\n<p><strong>Foco en Latinoam\u00e9rica, el mercado clave<\/strong><\/p>\n\n\n\n<p>El&nbsp;<strong>Airbus A350-900<\/strong>&nbsp;permitir\u00e1 a Air Europa seguir reforzando su propuesta de valor en las&nbsp;<strong>rutas con Latinoam\u00e9rica<\/strong>, que constituyen el n\u00facleo m\u00e1s distintivo de su red intercontinental. La aerol\u00ednea destaca especialmente la&nbsp;<strong>capacidad del modelo tanto para pasajeros como para carga a\u00e9rea<\/strong>, un factor cr\u00edtico en la rentabilidad de las operaciones de largo radio actuales.<\/p>\n\n\n\n<p>A ello se suma un&nbsp;<strong>rendimiento operativo calificado como excepcional<\/strong>, alineado con los est\u00e1ndares de calidad que la compa\u00f1\u00eda afirma ofrecer ya a sus clientes.<\/p>\n\n\n\n<p><strong>Prestaciones t\u00e9cnicas y alcance intercontinental<\/strong><\/p>\n\n\n\n<p>Dise\u00f1ado para cubrir&nbsp;<strong>distancias de hasta 9.700 millas n\u00e1uticas (18.000 kil\u00f3metros) sin escalas<\/strong>, el A350-900 ofrece a Air Europa una plataforma capaz de operar rutas de muy largo alcance con flexibilidad operativa, abriendo la puerta tanto a la consolidaci\u00f3n de mercados existentes como a potenciales expansiones futuras.<\/p>\n\n\n\n<h2 class=\"wp-block-heading\"><strong>Eficiencia, sostenibilidad y reducci\u00f3n de costes<\/strong><\/h2>\n\n\n\n<p>Uno de los pilares del programa A350 es su&nbsp;<strong>eficiencia estructural<\/strong>. El avi\u00f3n combina un&nbsp;<strong>dise\u00f1o aerodin\u00e1mico de \u00faltima generaci\u00f3n<\/strong>, el uso intensivo de&nbsp;<strong>materiales ligeros<\/strong>&nbsp;y&nbsp;<strong>motores Rolls-Royce de \u00faltima generaci\u00f3n<\/strong>, lo que se traduce en cifras concretas:<\/p>\n\n\n\n<ul class=\"wp-block-list\">\n<li><strong>Reducci\u00f3n del 25 % en el consumo de combustible<\/strong><\/li>\n\n\n\n<li><strong>Disminuci\u00f3n equivalente de los costes operativos<\/strong><\/li>\n\n\n\n<li><strong>Menores emisiones de di\u00f3xido de carbono (CO\u2082)<\/strong><\/li>\n<\/ul>\n\n\n\n<p>Adem\u00e1s, como el resto de los modelos de Airbus, el A350 est\u00e1 certificado para&nbsp;<strong>operar con hasta un 50 % de combustible de aviaci\u00f3n sostenible (SAF)<\/strong>, un elemento clave en el contexto regulatorio y ambiental que enfrenta la aviaci\u00f3n comercial europea.<\/p>\n\n\n\n<p><strong>Fuente: aviacionaldia.com<\/strong><\/p>\n","protected":false},"excerpt":{"rendered":"<p>(Aeronoticias): Air Europa&nbsp;present\u00f3 oficialmente su pedido en firme para incorporar hasta 40 Airbus A350-900&nbsp;a su flota. El anuncio se realiz\u00f3 este jueves en el marco de&nbsp;Fitur, uno de los vitrinas institucionales m\u00e1s relevantes para el sector tur\u00edstico y aeron\u00e1utico espa\u00f1ol, reforzando el mensaje de que la aerol\u00ednea quiere jugar un papel central en el tr\u00e1fico [&hellip;]<\/p>\n","protected":false},"author":3,"featured_media":97673,"comment_status":"closed","ping_status":"closed","sticky":false,"template":"","format":"standard","meta":{"tdm_status":"","tdm_grid_status":"","footnotes":""},"categories":[32,11],"tags":[286,962,6743,1658],"class_list":{"0":"post-97672","1":"post","2":"type-post","3":"status-publish","4":"format-standard","5":"has-post-thumbnail","7":"category-internacional","8":"category-transporte-aereo","9":"tag-air-europa","10":"tag-airbus-a350","11":"tag-alcance-intercontinental","12":"tag-saf"},"yoast_head":"<!-- This site is optimized with the Yoast SEO plugin v25.1 - https:\/\/yoast.com\/wordpress\/plugins\/seo\/ -->\n<title>Air Europa convierte en firme su pedido de 40 aviones Airbus A350<\/title>\n<meta name=\"description\" content=\"Portal de noticias del Per\u00fa sobre el transporte a\u00e9reo, aviaci\u00f3n, turismo, hoteleria, actualidad.\" \/>\n<meta name=\"robots\" content=\"index, follow, max-snippet:-1, max-image-preview:large, max-video-preview:-1\" \/>\n<link rel=\"canonical\" href=\"https:\/\/aeronoticias.com.pe\/noticiero\/transporte-aereo\/air-europa-convierte-en-firme-su-pedido-de-40-aviones-airbus-a350\/\" \/>\n<meta property=\"og:locale\" content=\"es_ES\" \/>\n<meta property=\"og:type\" content=\"article\" \/>\n<meta property=\"og:title\" content=\"Air Europa convierte en firme su pedido de 40 aviones Airbus A350\" \/>\n<meta property=\"og:description\" content=\"Portal de noticias del Per\u00fa sobre el transporte a\u00e9reo, aviaci\u00f3n, turismo, hoteleria, actualidad.\" \/>\n<meta property=\"og:url\" content=\"https:\/\/aeronoticias.com.pe\/noticiero\/transporte-aereo\/air-europa-convierte-en-firme-su-pedido-de-40-aviones-airbus-a350\/\" \/>\n<meta property=\"og:site_name\" content=\"Aeronoticias.com.pe\" \/>\n<meta property=\"article:publisher\" content=\"https:\/\/www.facebook.com\/Aeronoticias.com.pe\/\" \/>\n<meta property=\"article:published_time\" content=\"2026-01-22T17:06:50+00:00\" \/>\n<meta property=\"article:modified_time\" content=\"2026-01-22T17:07:00+00:00\" \/>\n<meta property=\"og:image\" content=\"https:\/\/aeronoticias.com.pe\/noticiero\/wp-content\/uploads\/2026\/01\/duo.jpg\" \/>\n\t<meta property=\"og:image:width\" content=\"788\" \/>\n\t<meta property=\"og:image:height\" content=\"389\" \/>\n\t<meta property=\"og:image:type\" content=\"image\/jpeg\" \/>\n<meta name=\"author\" content=\"Redacci\u00f3n\" \/>\n<meta name=\"twitter:card\" content=\"summary_large_image\" \/>\n<meta name=\"twitter:creator\" content=\"@aeronoticias\" \/>\n<meta name=\"twitter:site\" content=\"@aeronoticias\" \/>\n<meta name=\"twitter:label1\" content=\"Escrito por\" \/>\n\t<meta name=\"twitter:data1\" content=\"Redacci\u00f3n\" \/>\n\t<meta name=\"twitter:label2\" content=\"Tiempo de lectura\" \/>\n\t<meta name=\"twitter:data2\" content=\"3 minutos\" \/>\n<script type=\"application\/ld+json\" class=\"yoast-schema-graph\">{\"@context\":\"https:\/\/schema.org\",\"@graph\":[{\"@type\":\"WebPage\",\"@id\":\"https:\/\/aeronoticias.com.pe\/noticiero\/transporte-aereo\/air-europa-convierte-en-firme-su-pedido-de-40-aviones-airbus-a350\/\",\"url\":\"https:\/\/aeronoticias.com.pe\/noticiero\/transporte-aereo\/air-europa-convierte-en-firme-su-pedido-de-40-aviones-airbus-a350\/\",\"name\":\"Air Europa convierte en firme su pedido de 40 aviones Airbus A350\",\"isPartOf\":{\"@id\":\"https:\/\/aeronoticias.com.pe\/noticiero\/#website\"},\"primaryImageOfPage\":{\"@id\":\"https:\/\/aeronoticias.com.pe\/noticiero\/transporte-aereo\/air-europa-convierte-en-firme-su-pedido-de-40-aviones-airbus-a350\/#primaryimage\"},\"image\":{\"@id\":\"https:\/\/aeronoticias.com.pe\/noticiero\/transporte-aereo\/air-europa-convierte-en-firme-su-pedido-de-40-aviones-airbus-a350\/#primaryimage\"},\"thumbnailUrl\":\"https:\/\/aeronoticias.com.pe\/noticiero\/wp-content\/uploads\/2026\/01\/duo.jpg\",\"datePublished\":\"2026-01-22T17:06:50+00:00\",\"dateModified\":\"2026-01-22T17:07:00+00:00\",\"author\":{\"@id\":\"https:\/\/aeronoticias.com.pe\/noticiero\/#\/schema\/person\/16212a617c73f78916b13194154243bd\"},\"description\":\"Portal de noticias del Per\u00fa sobre el transporte a\u00e9reo, aviaci\u00f3n, turismo, hoteleria, actualidad.\",\"breadcrumb\":{\"@id\":\"https:\/\/aeronoticias.com.pe\/noticiero\/transporte-aereo\/air-europa-convierte-en-firme-su-pedido-de-40-aviones-airbus-a350\/#breadcrumb\"},\"inLanguage\":\"es\",\"potentialAction\":[{\"@type\":\"ReadAction\",\"target\":[\"https:\/\/aeronoticias.com.pe\/noticiero\/transporte-aereo\/air-europa-convierte-en-firme-su-pedido-de-40-aviones-airbus-a350\/\"]}]},{\"@type\":\"ImageObject\",\"inLanguage\":\"es\",\"@id\":\"https:\/\/aeronoticias.com.pe\/noticiero\/transporte-aereo\/air-europa-convierte-en-firme-su-pedido-de-40-aviones-airbus-a350\/#primaryimage\",\"url\":\"https:\/\/aeronoticias.com.pe\/noticiero\/wp-content\/uploads\/2026\/01\/duo.jpg\",\"contentUrl\":\"https:\/\/aeronoticias.com.pe\/noticiero\/wp-content\/uploads\/2026\/01\/duo.jpg\",\"width\":788,\"height\":389},{\"@type\":\"BreadcrumbList\",\"@id\":\"https:\/\/aeronoticias.com.pe\/noticiero\/transporte-aereo\/air-europa-convierte-en-firme-su-pedido-de-40-aviones-airbus-a350\/#breadcrumb\",\"itemListElement\":[{\"@type\":\"ListItem\",\"position\":1,\"name\":\"Portada\",\"item\":\"https:\/\/aeronoticias.com.pe\/noticiero\/\"},{\"@type\":\"ListItem\",\"position\":2,\"name\":\"Air Europa convierte en firme su pedido de 40 aviones Airbus A350\"}]},{\"@type\":\"WebSite\",\"@id\":\"https:\/\/aeronoticias.com.pe\/noticiero\/#website\",\"url\":\"https:\/\/aeronoticias.com.pe\/noticiero\/\",\"name\":\"Aeronoticias.com.pe\",\"description\":\"Noticias de tranporte aereo, turismo, hoteles, gastronomia, actualidad, internacional\",\"potentialAction\":[{\"@type\":\"SearchAction\",\"target\":{\"@type\":\"EntryPoint\",\"urlTemplate\":\"https:\/\/aeronoticias.com.pe\/noticiero\/?s={search_term_string}\"},\"query-input\":{\"@type\":\"PropertyValueSpecification\",\"valueRequired\":true,\"valueName\":\"search_term_string\"}}],\"inLanguage\":\"es\"},{\"@type\":\"Person\",\"@id\":\"https:\/\/aeronoticias.com.pe\/noticiero\/#\/schema\/person\/16212a617c73f78916b13194154243bd\",\"name\":\"Redacci\u00f3n\",\"sameAs\":[\"http:\/\/Redacci\u00f3n\"],\"url\":\"https:\/\/aeronoticias.com.pe\/noticiero\/author\/celeste\/\"}]}<\/script>\n<!-- \/ Yoast SEO plugin. -->","yoast_head_json":{"title":"Air Europa convierte en firme su pedido de 40 aviones Airbus A350","description":"Portal de noticias del Per\u00fa sobre el transporte a\u00e9reo, aviaci\u00f3n, turismo, hoteleria, actualidad.","robots":{"index":"index","follow":"follow","max-snippet":"max-snippet:-1","max-image-preview":"max-image-preview:large","max-video-preview":"max-video-preview:-1"},"canonical":"https:\/\/aeronoticias.com.pe\/noticiero\/transporte-aereo\/air-europa-convierte-en-firme-su-pedido-de-40-aviones-airbus-a350\/","og_locale":"es_ES","og_type":"article","og_title":"Air Europa convierte en firme su pedido de 40 aviones Airbus A350","og_description":"Portal de noticias del Per\u00fa sobre el transporte a\u00e9reo, aviaci\u00f3n, turismo, hoteleria, actualidad.","og_url":"https:\/\/aeronoticias.com.pe\/noticiero\/transporte-aereo\/air-europa-convierte-en-firme-su-pedido-de-40-aviones-airbus-a350\/","og_site_name":"Aeronoticias.com.pe","article_publisher":"https:\/\/www.facebook.com\/Aeronoticias.com.pe\/","article_published_time":"2026-01-22T17:06:50+00:00","article_modified_time":"2026-01-22T17:07:00+00:00","og_image":[{"width":788,"height":389,"url":"https:\/\/aeronoticias.com.pe\/noticiero\/wp-content\/uploads\/2026\/01\/duo.jpg","type":"image\/jpeg"}],"author":"Redacci\u00f3n","twitter_card":"summary_large_image","twitter_creator":"@aeronoticias","twitter_site":"@aeronoticias","twitter_misc":{"Escrito por":"Redacci\u00f3n","Tiempo de lectura":"3 minutos"},"schema":{"@context":"https:\/\/schema.org","@graph":[{"@type":"WebPage","@id":"https:\/\/aeronoticias.com.pe\/noticiero\/transporte-aereo\/air-europa-convierte-en-firme-su-pedido-de-40-aviones-airbus-a350\/","url":"https:\/\/aeronoticias.com.pe\/noticiero\/transporte-aereo\/air-europa-convierte-en-firme-su-pedido-de-40-aviones-airbus-a350\/","name":"Air Europa convierte en firme su pedido de 40 aviones Airbus A350","isPartOf":{"@id":"https:\/\/aeronoticias.com.pe\/noticiero\/#website"},"primaryImageOfPage":{"@id":"https:\/\/aeronoticias.com.pe\/noticiero\/transporte-aereo\/air-europa-convierte-en-firme-su-pedido-de-40-aviones-airbus-a350\/#primaryimage"},"image":{"@id":"https:\/\/aeronoticias.com.pe\/noticiero\/transporte-aereo\/air-europa-convierte-en-firme-su-pedido-de-40-aviones-airbus-a350\/#primaryimage"},"thumbnailUrl":"https:\/\/aeronoticias.com.pe\/noticiero\/wp-content\/uploads\/2026\/01\/duo.jpg","datePublished":"2026-01-22T17:06:50+00:00","dateModified":"2026-01-22T17:07:00+00:00","author":{"@id":"https:\/\/aeronoticias.com.pe\/noticiero\/#\/schema\/person\/16212a617c73f78916b13194154243bd"},"description":"Portal de noticias del Per\u00fa sobre el transporte a\u00e9reo, aviaci\u00f3n, turismo, hoteleria, actualidad.","breadcrumb":{"@id":"https:\/\/aeronoticias.com.pe\/noticiero\/transporte-aereo\/air-europa-convierte-en-firme-su-pedido-de-40-aviones-airbus-a350\/#breadcrumb"},"inLanguage":"es","potentialAction":[{"@type":"ReadAction","target":["https:\/\/aeronoticias.com.pe\/noticiero\/transporte-aereo\/air-europa-convierte-en-firme-su-pedido-de-40-aviones-airbus-a350\/"]}]},{"@type":"ImageObject","inLanguage":"es","@id":"https:\/\/aeronoticias.com.pe\/noticiero\/transporte-aereo\/air-europa-convierte-en-firme-su-pedido-de-40-aviones-airbus-a350\/#primaryimage","url":"https:\/\/aeronoticias.com.pe\/noticiero\/wp-content\/uploads\/2026\/01\/duo.jpg","contentUrl":"https:\/\/aeronoticias.com.pe\/noticiero\/wp-content\/uploads\/2026\/01\/duo.jpg","width":788,"height":389},{"@type":"BreadcrumbList","@id":"https:\/\/aeronoticias.com.pe\/noticiero\/transporte-aereo\/air-europa-convierte-en-firme-su-pedido-de-40-aviones-airbus-a350\/#breadcrumb","itemListElement":[{"@type":"ListItem","position":1,"name":"Portada","item":"https:\/\/aeronoticias.com.pe\/noticiero\/"},{"@type":"ListItem","position":2,"name":"Air Europa convierte en firme su pedido de 40 aviones Airbus A350"}]},{"@type":"WebSite","@id":"https:\/\/aeronoticias.com.pe\/noticiero\/#website","url":"https:\/\/aeronoticias.com.pe\/noticiero\/","name":"Aeronoticias.com.pe","description":"Noticias de tranporte aereo, turismo, hoteles, gastronomia, actualidad, internacional","potentialAction":[{"@type":"SearchAction","target":{"@type":"EntryPoint","urlTemplate":"https:\/\/aeronoticias.com.pe\/noticiero\/?s={search_term_string}"},"query-input":{"@type":"PropertyValueSpecification","valueRequired":true,"valueName":"search_term_string"}}],"inLanguage":"es"},{"@type":"Person","@id":"https:\/\/aeronoticias.com.pe\/noticiero\/#\/schema\/person\/16212a617c73f78916b13194154243bd","name":"Redacci\u00f3n","sameAs":["http:\/\/Redacci\u00f3n"],"url":"https:\/\/aeronoticias.com.pe\/noticiero\/author\/celeste\/"}]}},"_links":{"self":[{"href":"https:\/\/aeronoticias.com.pe\/noticiero\/wp-json\/wp\/v2\/posts\/97672","targetHints":{"allow":["GET"]}}],"collection":[{"href":"https:\/\/aeronoticias.com.pe\/noticiero\/wp-json\/wp\/v2\/posts"}],"about":[{"href":"https:\/\/aeronoticias.com.pe\/noticiero\/wp-json\/wp\/v2\/types\/post"}],"author":[{"embeddable":true,"href":"https:\/\/aeronoticias.com.pe\/noticiero\/wp-json\/wp\/v2\/users\/3"}],"replies":[{"embeddable":true,"href":"https:\/\/aeronoticias.com.pe\/noticiero\/wp-json\/wp\/v2\/comments?post=97672"}],"version-history":[{"count":1,"href":"https:\/\/aeronoticias.com.pe\/noticiero\/wp-json\/wp\/v2\/posts\/97672\/revisions"}],"predecessor-version":[{"id":97674,"href":"https:\/\/aeronoticias.com.pe\/noticiero\/wp-json\/wp\/v2\/posts\/97672\/revisions\/97674"}],"wp:featuredmedia":[{"embeddable":true,"href":"https:\/\/aeronoticias.com.pe\/noticiero\/wp-json\/wp\/v2\/media\/97673"}],"wp:attachment":[{"href":"https:\/\/aeronoticias.com.pe\/noticiero\/wp-json\/wp\/v2\/media?parent=97672"}],"wp:term":[{"taxonomy":"category","embeddable":true,"href":"https:\/\/aeronoticias.com.pe\/noticiero\/wp-json\/wp\/v2\/categories?post=97672"},{"taxonomy":"post_tag","embeddable":true,"href":"https:\/\/aeronoticias.com.pe\/noticiero\/wp-json\/wp\/v2\/tags?post=97672"}],"curies":[{"name":"wp","href":"https:\/\/api.w.org\/{rel}","templated":true}]}}