{"id":97679,"date":"2026-01-22T12:34:24","date_gmt":"2026-01-22T17:34:24","guid":{"rendered":"https:\/\/aeronoticias.com.pe\/noticiero\/?p=97679"},"modified":"2026-01-22T12:34:26","modified_gmt":"2026-01-22T17:34:26","slug":"elon-musk-vacila-a-oleary-con-comprar-ryanair-y-no-sabe-que-la-ue-tendria-la-ultima-palabra","status":"publish","type":"post","link":"https:\/\/aeronoticias.com.pe\/noticiero\/transporte-aereo\/internacional\/elon-musk-vacila-a-oleary-con-comprar-ryanair-y-no-sabe-que-la-ue-tendria-la-ultima-palabra\/","title":{"rendered":"Elon Musk vacila a O\u2019Leary con comprar Ryanair y no sabe que la UE tendr\u00eda la \u00faltima palabra"},"content":{"rendered":"\n<p><strong>(Aeronoticias)<\/strong>: <strong>Aviaci\u00f3n Digital, Sp.-<\/strong><em>&nbsp;\u00bfPuede&nbsp;<strong><a href=\"https:\/\/aviaciondigital.com\/etiqueta\/elon-musk\/\">Elon Musk<\/a><\/strong>&nbsp;comprar&nbsp;<strong><a href=\"https:\/\/aviaciondigital.com\/etiqueta\/ryanair\/\">Ryanair<\/a><\/strong>? Todo empez\u00f3 como un simple cruce de comentarios en redes sociales con el consejero delegado de la aerol\u00ednea, el tambi\u00e9n pol\u00e9mico Michael O\u2019Leary. Sin embargo, las cosas terminaron mal, muy mal.<\/em><\/p>\n\n\n\n<p>La tensi\u00f3n entre ambas \u00abestrellas\u00bb de las redes sociales implosion\u00f3 tras unas declaraciones de O\u2019Leary en las que descartaba&nbsp;<a href=\"https:\/\/aviaciondigital.com\/spacex-hitos-espaciales-octubre-2025\/\">la instalaci\u00f3n de Starlink<\/a>&nbsp;en los aviones de Ryanair.<\/p>\n\n\n\n<p>El directivo argument\u00f3 que el sistema de conectividad supondr\u00eda un aumento del peso y&nbsp;<strong>una penalizaci\u00f3n aerodin\u00e1mica que afectar\u00eda al consumo de combustible<\/strong>, adem\u00e1s de no encajar con el modelo de eficiencia extrema de la aerol\u00ednea.<\/p>\n\n\n\n<p>Tras ello,&nbsp;<strong>la respuesta de Musk no tard\u00f3 en llegar.<\/strong>&nbsp;A trav\u00e9s de su red social, el empresario calific\u00f3 esas afirmaciones de err\u00f3neas y respondi\u00f3 con descalificaciones directas, poniendo en duda el conocimiento t\u00e9cnico del directivo irland\u00e9s.<\/p>\n\n\n\n<p>El cruce de mensajes subi\u00f3 r\u00e1pidamente de tono. Y fue entonces cuando llegaron los&nbsp;<strong>insultos cruzados y las referencias personales.<\/strong><\/p>\n\n\n\n<p>En realidad, se trata de dos estilos opuestos respecto a dicho tema. Por un lado, el de Musk, habituado a utilizar la provocaci\u00f3n y la exposici\u00f3n medi\u00e1tica como herramienta de influencia.<\/p>\n\n\n\n<p>Y por otro, el del directivo irland\u00e9s, defensor de un modelo de bajo coste basado en disciplina financiera y control f\u00e9rreo del negocio.<\/p>\n\n\n\n<p>Pero en el fondo del asunto y m\u00e1s all\u00e1 de la pol\u00e9mica,&nbsp;<strong>la legislaci\u00f3n europea bloquea cualquier intento real de hacerse con el control de Ryanair.<\/strong><\/p>\n\n\n\n<h2 class=\"wp-block-heading\" id=\"h-la-provocacion-de-comprar-ryanair-y-la-respuesta-de-o-leary\"><strong>La provocaci\u00f3n de \u201ccomprar Ryanair\u201d y la respuesta de O\u2019Leary<\/strong><\/h2>\n\n\n\n<p>En medio del intercambio de palabras malsonantes,&nbsp;<strong>Musk lleg\u00f3 a lanzar una encuesta preguntando a sus seguidores si deber\u00eda comprar Ryanair<\/strong>&nbsp;y \u201cdevolver a Ryan al mando\u201d, en una clara alusi\u00f3n tanto al apellido del fundador hist\u00f3rico como a su propia experiencia tras adquirir Twitter.<\/p>\n\n\n\n<p>En realidad, no existe ning\u00fan movimiento real que apunte a una operaci\u00f3n en curso, pero el simple hecho de plantearlo gener\u00f3 -como era de esperar- un enorme eco medi\u00e1tico.<\/p>\n\n\n\n<p>Y para colmo, Ryanair, fiel a su estilo,&nbsp;<a href=\"https:\/\/x.com\/Ryanair\/status\/2013651269596955135\" target=\"_blank\" rel=\"noreferrer noopener\">respondi\u00f3 con campa\u00f1as publicitarias burlonas<\/a>, incluyendo promociones con mensajes dirigidos al propio Musk y a otros \u201cgenios\u201d de las redes sociales.<\/p>\n\n\n\n<p>Michael O\u2019Leary afirm\u00f3 que Musk \u201c<em>sabe a\u00fan menos sobre las normas de propiedad de aerol\u00edneas que sobre la aerodin\u00e1mica de los aviones<\/em>\u201d, y record\u00f3 que la estructura de propiedad de las aerol\u00edneas europeas impide movimientos de este tipo.<\/p>\n\n\n\n<p>La compa\u00f1\u00eda incluso aprovech\u00f3 la situaci\u00f3n para reforzar su imagen, lanzando mensajes ir\u00f3nicos en los que&nbsp;<strong>ofrec\u00eda oferta de asientos para \u201c<em>idiotas, especialmente para Elon y cualquier otro idiota en X\u201d (\u2026) &nbsp;\u201c100.000 asientos por solo 16,99 euros. C\u00f3mpralo ahora antes de que Musk consiga uno<\/em>\u201d.<\/strong><\/p>\n\n\n\n<h2 class=\"wp-block-heading\" id=\"h-el-verdadero-obstaculo-la-normativa-europea\"><strong>El verdadero obst\u00e1culo: la normativa europea<\/strong><\/h2>\n\n\n\n<p>M\u00e1s all\u00e1 de esta pelea de gallos en redes, el principal freno a cualquier intento real de adquisici\u00f3n est\u00e1 en la legislaci\u00f3n comunitaria.<\/p>\n\n\n\n<p>La normativa europea establece que las aerol\u00edneas que operan dentro del espacio a\u00e9reo de la Uni\u00f3n deben ser&nbsp;<strong>propiedad mayoritariamente europea<\/strong>, con al menos un&nbsp;<strong>51% del capital en manos de ciudadanos o entidades del bloque<\/strong>.<\/p>\n\n\n\n<p>Este requisito no es una formalidad.&nbsp;<strong>Est\u00e1 dise\u00f1ado para garantizar el control estrat\u00e9gico del transporte a\u00e9reo y evitar que compa\u00f1\u00edas extracomunitarias influyan en sectores considerados cr\u00edticos<\/strong>.<\/p>\n\n\n\n<p>En el caso de Ryanair, cuya estructura accionarial est\u00e1 ampliamente diversificada pero con fuerte presencia europea, cualquier intento de toma de control por parte de un inversor no comunitario chocar\u00eda frontalmente con la regulaci\u00f3n.<\/p>\n\n\n\n<p>Incluso aunque Musk intentara una operaci\u00f3n parcial,&nbsp;<strong>el control efectivo de la compa\u00f1\u00eda seguir\u00eda estando vetado.<\/strong>&nbsp;La normativa no solo atiende al porcentaje de acciones, sino tambi\u00e9n al poder real de decisi\u00f3n, lo que har\u00eda pr\u00e1cticamente inviable una maniobra de este tipo.<\/p>\n\n\n\n<p>En conclusi\u00f3n, si Elon Musk quisiera su propia aerol\u00ednea primero deber\u00eda averiguar si puede comprar una de EEUU porque en el caso de Ryanair es imposible y, a parte, ni tan siquiera est\u00e1 en venta.<\/p>\n\n\n\n<p><strong>Fuente: aviaciondigital.com<\/strong><\/p>\n","protected":false},"excerpt":{"rendered":"<p>(Aeronoticias): Aviaci\u00f3n Digital, Sp.-&nbsp;\u00bfPuede&nbsp;Elon Musk&nbsp;comprar&nbsp;Ryanair? Todo empez\u00f3 como un simple cruce de comentarios en redes sociales con el consejero delegado de la aerol\u00ednea, el tambi\u00e9n pol\u00e9mico Michael O\u2019Leary. Sin embargo, las cosas terminaron mal, muy mal. La tensi\u00f3n entre ambas \u00abestrellas\u00bb de las redes sociales implosion\u00f3 tras unas declaraciones de O\u2019Leary en las que descartaba&nbsp;la [&hellip;]<\/p>\n","protected":false},"author":3,"featured_media":97680,"comment_status":"closed","ping_status":"closed","sticky":false,"template":"","format":"standard","meta":{"tdm_status":"","tdm_grid_status":"","footnotes":""},"categories":[32,34],"tags":[5640,6746,177,2673],"class_list":{"0":"post-97679","1":"post","2":"type-post","3":"status-publish","4":"format-standard","5":"has-post-thumbnail","7":"category-internacional","8":"category-internacionales","9":"tag-elon-musk","10":"tag-normativa-europea","11":"tag-ryanair","12":"tag-starlink"},"yoast_head":"<!-- This site is optimized with the Yoast SEO plugin v25.1 - https:\/\/yoast.com\/wordpress\/plugins\/seo\/ -->\n<title>Elon Musk vacila a O\u2019Leary con comprar Ryanair y no sabe que la UE tendr\u00eda la \u00faltima palabra<\/title>\n<meta name=\"description\" content=\"Pese a la &quot;idea&quot; de Musk de comprar Ryanair, el requisito de que el 51% del accionariado sea europeo convierte cualquier intento en una operaci\u00f3n pr\u00e1cticamente imposible sin una compleja ingenier\u00eda corporativa.\" \/>\n<meta name=\"robots\" content=\"index, follow, max-snippet:-1, max-image-preview:large, max-video-preview:-1\" \/>\n<link rel=\"canonical\" href=\"https:\/\/aeronoticias.com.pe\/noticiero\/transporte-aereo\/internacional\/elon-musk-vacila-a-oleary-con-comprar-ryanair-y-no-sabe-que-la-ue-tendria-la-ultima-palabra\/\" \/>\n<meta property=\"og:locale\" content=\"es_ES\" \/>\n<meta property=\"og:type\" content=\"article\" \/>\n<meta property=\"og:title\" content=\"Elon Musk vacila a O\u2019Leary con comprar Ryanair y no sabe que la UE tendr\u00eda la \u00faltima palabra\" \/>\n<meta property=\"og:description\" content=\"Pese a la &quot;idea&quot; de Musk de comprar Ryanair, el requisito de que el 51% del accionariado sea europeo convierte cualquier intento en una operaci\u00f3n pr\u00e1cticamente imposible sin una compleja ingenier\u00eda corporativa.\" \/>\n<meta property=\"og:url\" content=\"https:\/\/aeronoticias.com.pe\/noticiero\/transporte-aereo\/internacional\/elon-musk-vacila-a-oleary-con-comprar-ryanair-y-no-sabe-que-la-ue-tendria-la-ultima-palabra\/\" \/>\n<meta property=\"og:site_name\" content=\"Aeronoticias.com.pe\" \/>\n<meta property=\"article:publisher\" content=\"https:\/\/www.facebook.com\/Aeronoticias.com.pe\/\" \/>\n<meta property=\"article:published_time\" content=\"2026-01-22T17:34:24+00:00\" \/>\n<meta property=\"article:modified_time\" content=\"2026-01-22T17:34:26+00:00\" \/>\n<meta property=\"og:image\" content=\"https:\/\/aeronoticias.com.pe\/noticiero\/wp-content\/uploads\/2026\/01\/elon.jpg\" \/>\n\t<meta property=\"og:image:width\" content=\"813\" \/>\n\t<meta property=\"og:image:height\" content=\"558\" \/>\n\t<meta property=\"og:image:type\" content=\"image\/jpeg\" \/>\n<meta name=\"author\" content=\"Redacci\u00f3n\" \/>\n<meta name=\"twitter:card\" content=\"summary_large_image\" \/>\n<meta name=\"twitter:creator\" content=\"@aeronoticias\" \/>\n<meta name=\"twitter:site\" content=\"@aeronoticias\" \/>\n<meta name=\"twitter:label1\" content=\"Escrito por\" \/>\n\t<meta name=\"twitter:data1\" content=\"Redacci\u00f3n\" \/>\n\t<meta name=\"twitter:label2\" content=\"Tiempo de lectura\" \/>\n\t<meta name=\"twitter:data2\" content=\"4 minutos\" \/>\n<script type=\"application\/ld+json\" class=\"yoast-schema-graph\">{\"@context\":\"https:\/\/schema.org\",\"@graph\":[{\"@type\":\"WebPage\",\"@id\":\"https:\/\/aeronoticias.com.pe\/noticiero\/transporte-aereo\/internacional\/elon-musk-vacila-a-oleary-con-comprar-ryanair-y-no-sabe-que-la-ue-tendria-la-ultima-palabra\/\",\"url\":\"https:\/\/aeronoticias.com.pe\/noticiero\/transporte-aereo\/internacional\/elon-musk-vacila-a-oleary-con-comprar-ryanair-y-no-sabe-que-la-ue-tendria-la-ultima-palabra\/\",\"name\":\"Elon Musk vacila a O\u2019Leary con comprar Ryanair y no sabe que la UE tendr\u00eda la \u00faltima palabra\",\"isPartOf\":{\"@id\":\"https:\/\/aeronoticias.com.pe\/noticiero\/#website\"},\"primaryImageOfPage\":{\"@id\":\"https:\/\/aeronoticias.com.pe\/noticiero\/transporte-aereo\/internacional\/elon-musk-vacila-a-oleary-con-comprar-ryanair-y-no-sabe-que-la-ue-tendria-la-ultima-palabra\/#primaryimage\"},\"image\":{\"@id\":\"https:\/\/aeronoticias.com.pe\/noticiero\/transporte-aereo\/internacional\/elon-musk-vacila-a-oleary-con-comprar-ryanair-y-no-sabe-que-la-ue-tendria-la-ultima-palabra\/#primaryimage\"},\"thumbnailUrl\":\"https:\/\/aeronoticias.com.pe\/noticiero\/wp-content\/uploads\/2026\/01\/elon.jpg\",\"datePublished\":\"2026-01-22T17:34:24+00:00\",\"dateModified\":\"2026-01-22T17:34:26+00:00\",\"author\":{\"@id\":\"https:\/\/aeronoticias.com.pe\/noticiero\/#\/schema\/person\/16212a617c73f78916b13194154243bd\"},\"description\":\"Pese a la \\\"idea\\\" de Musk de comprar Ryanair, el requisito de que el 51% del accionariado sea europeo convierte cualquier intento en una operaci\u00f3n pr\u00e1cticamente imposible sin una compleja ingenier\u00eda corporativa.\",\"breadcrumb\":{\"@id\":\"https:\/\/aeronoticias.com.pe\/noticiero\/transporte-aereo\/internacional\/elon-musk-vacila-a-oleary-con-comprar-ryanair-y-no-sabe-que-la-ue-tendria-la-ultima-palabra\/#breadcrumb\"},\"inLanguage\":\"es\",\"potentialAction\":[{\"@type\":\"ReadAction\",\"target\":[\"https:\/\/aeronoticias.com.pe\/noticiero\/transporte-aereo\/internacional\/elon-musk-vacila-a-oleary-con-comprar-ryanair-y-no-sabe-que-la-ue-tendria-la-ultima-palabra\/\"]}]},{\"@type\":\"ImageObject\",\"inLanguage\":\"es\",\"@id\":\"https:\/\/aeronoticias.com.pe\/noticiero\/transporte-aereo\/internacional\/elon-musk-vacila-a-oleary-con-comprar-ryanair-y-no-sabe-que-la-ue-tendria-la-ultima-palabra\/#primaryimage\",\"url\":\"https:\/\/aeronoticias.com.pe\/noticiero\/wp-content\/uploads\/2026\/01\/elon.jpg\",\"contentUrl\":\"https:\/\/aeronoticias.com.pe\/noticiero\/wp-content\/uploads\/2026\/01\/elon.jpg\",\"width\":813,\"height\":558},{\"@type\":\"BreadcrumbList\",\"@id\":\"https:\/\/aeronoticias.com.pe\/noticiero\/transporte-aereo\/internacional\/elon-musk-vacila-a-oleary-con-comprar-ryanair-y-no-sabe-que-la-ue-tendria-la-ultima-palabra\/#breadcrumb\",\"itemListElement\":[{\"@type\":\"ListItem\",\"position\":1,\"name\":\"Portada\",\"item\":\"https:\/\/aeronoticias.com.pe\/noticiero\/\"},{\"@type\":\"ListItem\",\"position\":2,\"name\":\"Elon Musk vacila a O\u2019Leary con comprar Ryanair y no sabe que la UE tendr\u00eda la \u00faltima palabra\"}]},{\"@type\":\"WebSite\",\"@id\":\"https:\/\/aeronoticias.com.pe\/noticiero\/#website\",\"url\":\"https:\/\/aeronoticias.com.pe\/noticiero\/\",\"name\":\"Aeronoticias.com.pe\",\"description\":\"Noticias de tranporte aereo, turismo, hoteles, gastronomia, actualidad, internacional\",\"potentialAction\":[{\"@type\":\"SearchAction\",\"target\":{\"@type\":\"EntryPoint\",\"urlTemplate\":\"https:\/\/aeronoticias.com.pe\/noticiero\/?s={search_term_string}\"},\"query-input\":{\"@type\":\"PropertyValueSpecification\",\"valueRequired\":true,\"valueName\":\"search_term_string\"}}],\"inLanguage\":\"es\"},{\"@type\":\"Person\",\"@id\":\"https:\/\/aeronoticias.com.pe\/noticiero\/#\/schema\/person\/16212a617c73f78916b13194154243bd\",\"name\":\"Redacci\u00f3n\",\"sameAs\":[\"http:\/\/Redacci\u00f3n\"],\"url\":\"https:\/\/aeronoticias.com.pe\/noticiero\/author\/celeste\/\"}]}<\/script>\n<!-- \/ Yoast SEO plugin. -->","yoast_head_json":{"title":"Elon Musk vacila a O\u2019Leary con comprar Ryanair y no sabe que la UE tendr\u00eda la \u00faltima palabra","description":"Pese a la \"idea\" de Musk de comprar Ryanair, el requisito de que el 51% del accionariado sea europeo convierte cualquier intento en una operaci\u00f3n pr\u00e1cticamente imposible sin una compleja ingenier\u00eda corporativa.","robots":{"index":"index","follow":"follow","max-snippet":"max-snippet:-1","max-image-preview":"max-image-preview:large","max-video-preview":"max-video-preview:-1"},"canonical":"https:\/\/aeronoticias.com.pe\/noticiero\/transporte-aereo\/internacional\/elon-musk-vacila-a-oleary-con-comprar-ryanair-y-no-sabe-que-la-ue-tendria-la-ultima-palabra\/","og_locale":"es_ES","og_type":"article","og_title":"Elon Musk vacila a O\u2019Leary con comprar Ryanair y no sabe que la UE tendr\u00eda la \u00faltima palabra","og_description":"Pese a la \"idea\" de Musk de comprar Ryanair, el requisito de que el 51% del accionariado sea europeo convierte cualquier intento en una operaci\u00f3n pr\u00e1cticamente imposible sin una compleja ingenier\u00eda corporativa.","og_url":"https:\/\/aeronoticias.com.pe\/noticiero\/transporte-aereo\/internacional\/elon-musk-vacila-a-oleary-con-comprar-ryanair-y-no-sabe-que-la-ue-tendria-la-ultima-palabra\/","og_site_name":"Aeronoticias.com.pe","article_publisher":"https:\/\/www.facebook.com\/Aeronoticias.com.pe\/","article_published_time":"2026-01-22T17:34:24+00:00","article_modified_time":"2026-01-22T17:34:26+00:00","og_image":[{"width":813,"height":558,"url":"https:\/\/aeronoticias.com.pe\/noticiero\/wp-content\/uploads\/2026\/01\/elon.jpg","type":"image\/jpeg"}],"author":"Redacci\u00f3n","twitter_card":"summary_large_image","twitter_creator":"@aeronoticias","twitter_site":"@aeronoticias","twitter_misc":{"Escrito por":"Redacci\u00f3n","Tiempo de lectura":"4 minutos"},"schema":{"@context":"https:\/\/schema.org","@graph":[{"@type":"WebPage","@id":"https:\/\/aeronoticias.com.pe\/noticiero\/transporte-aereo\/internacional\/elon-musk-vacila-a-oleary-con-comprar-ryanair-y-no-sabe-que-la-ue-tendria-la-ultima-palabra\/","url":"https:\/\/aeronoticias.com.pe\/noticiero\/transporte-aereo\/internacional\/elon-musk-vacila-a-oleary-con-comprar-ryanair-y-no-sabe-que-la-ue-tendria-la-ultima-palabra\/","name":"Elon Musk vacila a O\u2019Leary con comprar Ryanair y no sabe que la UE tendr\u00eda la \u00faltima palabra","isPartOf":{"@id":"https:\/\/aeronoticias.com.pe\/noticiero\/#website"},"primaryImageOfPage":{"@id":"https:\/\/aeronoticias.com.pe\/noticiero\/transporte-aereo\/internacional\/elon-musk-vacila-a-oleary-con-comprar-ryanair-y-no-sabe-que-la-ue-tendria-la-ultima-palabra\/#primaryimage"},"image":{"@id":"https:\/\/aeronoticias.com.pe\/noticiero\/transporte-aereo\/internacional\/elon-musk-vacila-a-oleary-con-comprar-ryanair-y-no-sabe-que-la-ue-tendria-la-ultima-palabra\/#primaryimage"},"thumbnailUrl":"https:\/\/aeronoticias.com.pe\/noticiero\/wp-content\/uploads\/2026\/01\/elon.jpg","datePublished":"2026-01-22T17:34:24+00:00","dateModified":"2026-01-22T17:34:26+00:00","author":{"@id":"https:\/\/aeronoticias.com.pe\/noticiero\/#\/schema\/person\/16212a617c73f78916b13194154243bd"},"description":"Pese a la \"idea\" de Musk de comprar Ryanair, el requisito de que el 51% del accionariado sea europeo convierte cualquier intento en una operaci\u00f3n pr\u00e1cticamente imposible sin una compleja ingenier\u00eda corporativa.","breadcrumb":{"@id":"https:\/\/aeronoticias.com.pe\/noticiero\/transporte-aereo\/internacional\/elon-musk-vacila-a-oleary-con-comprar-ryanair-y-no-sabe-que-la-ue-tendria-la-ultima-palabra\/#breadcrumb"},"inLanguage":"es","potentialAction":[{"@type":"ReadAction","target":["https:\/\/aeronoticias.com.pe\/noticiero\/transporte-aereo\/internacional\/elon-musk-vacila-a-oleary-con-comprar-ryanair-y-no-sabe-que-la-ue-tendria-la-ultima-palabra\/"]}]},{"@type":"ImageObject","inLanguage":"es","@id":"https:\/\/aeronoticias.com.pe\/noticiero\/transporte-aereo\/internacional\/elon-musk-vacila-a-oleary-con-comprar-ryanair-y-no-sabe-que-la-ue-tendria-la-ultima-palabra\/#primaryimage","url":"https:\/\/aeronoticias.com.pe\/noticiero\/wp-content\/uploads\/2026\/01\/elon.jpg","contentUrl":"https:\/\/aeronoticias.com.pe\/noticiero\/wp-content\/uploads\/2026\/01\/elon.jpg","width":813,"height":558},{"@type":"BreadcrumbList","@id":"https:\/\/aeronoticias.com.pe\/noticiero\/transporte-aereo\/internacional\/elon-musk-vacila-a-oleary-con-comprar-ryanair-y-no-sabe-que-la-ue-tendria-la-ultima-palabra\/#breadcrumb","itemListElement":[{"@type":"ListItem","position":1,"name":"Portada","item":"https:\/\/aeronoticias.com.pe\/noticiero\/"},{"@type":"ListItem","position":2,"name":"Elon Musk vacila a O\u2019Leary con comprar Ryanair y no sabe que la UE tendr\u00eda la \u00faltima palabra"}]},{"@type":"WebSite","@id":"https:\/\/aeronoticias.com.pe\/noticiero\/#website","url":"https:\/\/aeronoticias.com.pe\/noticiero\/","name":"Aeronoticias.com.pe","description":"Noticias de tranporte aereo, turismo, hoteles, gastronomia, actualidad, internacional","potentialAction":[{"@type":"SearchAction","target":{"@type":"EntryPoint","urlTemplate":"https:\/\/aeronoticias.com.pe\/noticiero\/?s={search_term_string}"},"query-input":{"@type":"PropertyValueSpecification","valueRequired":true,"valueName":"search_term_string"}}],"inLanguage":"es"},{"@type":"Person","@id":"https:\/\/aeronoticias.com.pe\/noticiero\/#\/schema\/person\/16212a617c73f78916b13194154243bd","name":"Redacci\u00f3n","sameAs":["http:\/\/Redacci\u00f3n"],"url":"https:\/\/aeronoticias.com.pe\/noticiero\/author\/celeste\/"}]}},"_links":{"self":[{"href":"https:\/\/aeronoticias.com.pe\/noticiero\/wp-json\/wp\/v2\/posts\/97679","targetHints":{"allow":["GET"]}}],"collection":[{"href":"https:\/\/aeronoticias.com.pe\/noticiero\/wp-json\/wp\/v2\/posts"}],"about":[{"href":"https:\/\/aeronoticias.com.pe\/noticiero\/wp-json\/wp\/v2\/types\/post"}],"author":[{"embeddable":true,"href":"https:\/\/aeronoticias.com.pe\/noticiero\/wp-json\/wp\/v2\/users\/3"}],"replies":[{"embeddable":true,"href":"https:\/\/aeronoticias.com.pe\/noticiero\/wp-json\/wp\/v2\/comments?post=97679"}],"version-history":[{"count":1,"href":"https:\/\/aeronoticias.com.pe\/noticiero\/wp-json\/wp\/v2\/posts\/97679\/revisions"}],"predecessor-version":[{"id":97681,"href":"https:\/\/aeronoticias.com.pe\/noticiero\/wp-json\/wp\/v2\/posts\/97679\/revisions\/97681"}],"wp:featuredmedia":[{"embeddable":true,"href":"https:\/\/aeronoticias.com.pe\/noticiero\/wp-json\/wp\/v2\/media\/97680"}],"wp:attachment":[{"href":"https:\/\/aeronoticias.com.pe\/noticiero\/wp-json\/wp\/v2\/media?parent=97679"}],"wp:term":[{"taxonomy":"category","embeddable":true,"href":"https:\/\/aeronoticias.com.pe\/noticiero\/wp-json\/wp\/v2\/categories?post=97679"},{"taxonomy":"post_tag","embeddable":true,"href":"https:\/\/aeronoticias.com.pe\/noticiero\/wp-json\/wp\/v2\/tags?post=97679"}],"curies":[{"name":"wp","href":"https:\/\/api.w.org\/{rel}","templated":true}]}}