{"id":97682,"date":"2026-01-23T13:42:27","date_gmt":"2026-01-23T18:42:27","guid":{"rendered":"https:\/\/aeronoticias.com.pe\/noticiero\/?p=97682"},"modified":"2026-01-23T13:42:51","modified_gmt":"2026-01-23T18:42:51","slug":"cuando-la-tecnologia-ya-esta-lista-pero-el-sistema-no-el-verdadero-cuello-de-botella-de-la-aviacion-no","status":"publish","type":"post","link":"https:\/\/aeronoticias.com.pe\/noticiero\/transporte-aereo\/cuando-la-tecnologia-ya-esta-lista-pero-el-sistema-no-el-verdadero-cuello-de-botella-de-la-aviacion-no\/","title":{"rendered":"Cuando la tecnolog\u00eda ya est\u00e1 lista\u2026 pero el sistema no: el verdadero cuello de botella de la aviaci\u00f3n no&#8230;"},"content":{"rendered":"\n<p><strong>(Aeronoticias)<\/strong>: En un sector donde los drones ya demuestran capacidades t\u00e9cnicas impresionantes \u2014vuelos estables, sensores fiables y enlaces de datos resilientes\u2014, surge una paradoja evidente para los profesionales: \u00bfpor qu\u00e9 las operaciones BVLOS siguen limitadas a pruebas y pilotos en lugar de convertirse en rutina comercial? El art\u00edculo de&nbsp;<strong>Ester Navarro<\/strong>, gestora aeron\u00e1utica y fundadora de&nbsp;<strong>Toma el Mando<\/strong>, pone el dedo en la llaga al afirmar que el progreso se frena no por falta de tecnolog\u00eda, sino por la inmadurez del ecosistema completo que debe sostenerla.<\/p>\n\n\n\n<p>Este art\u00edculo no habla de drones, sino de lo que ocurre cuando una tecnolog\u00eda intenta convertirse en industria.<\/p>\n\n\n\n<p>El sector de la aviaci\u00f3n no tripulada lleva a\u00f1os avanzando con solidez desde el punto de vista tecnol\u00f3gico. Las plataformas vuelan, los sensores funcionan, los enlaces de datos son cada vez m\u00e1s robustos y los casos de uso se multiplican. Sin embargo,&nbsp;<strong>cuando se intenta dar el salto desde la demostraci\u00f3n puntual a las operaciones recurrentes BVLOS, el progreso se ralentiza.<\/strong>&nbsp;No por falta de capacidad t\u00e9cnica, sino porque el sistema a\u00fan no est\u00e1 preparado para sostener esa escala.<\/p>\n\n\n\n<p>Existe una tentaci\u00f3n recurrente en los sectores emergentes: asumir que, una vez resuelto el reto tecnol\u00f3gico, el resto se ordenar\u00e1 de forma natural. La experiencia demuestra lo contrario. En aviaci\u00f3n no tripulada,&nbsp;<strong>el verdadero cuello de botella no est\u00e1 en el dron, sino en la integraci\u00f3n.<\/strong>&nbsp;En c\u00f3mo conviven nuevos actores con un espacio a\u00e9reo ya existente, en c\u00f3mo se toman decisiones operativas, en qui\u00e9n autoriza, qui\u00e9n supervisa y c\u00f3mo se gestiona el riesgo cuando una operaci\u00f3n deja de ser excepcional y pasa a formar parte del d\u00eda a d\u00eda.<\/p>\n\n\n\n<p>Aqu\u00ed es donde la regulaci\u00f3n suele aparecer injustamente se\u00f1alada como freno. Pero regular no es frenar la innovaci\u00f3n; es crear las condiciones para que pueda escalar sin comprometer la seguridad ni la confianza.&nbsp;<strong>Sin un marco claro, interoperable y predecible, no hay inversi\u00f3n sostenible, no hay operaciones recurrentes y no hay aceptaci\u00f3n social.<\/strong>&nbsp;La regulaci\u00f3n no es el final del proceso: es parte de la infraestructura que permite gestionar el riesgo operacional de forma sistem\u00e1tica y coherente.<\/p>\n\n\n\n<p>Europa ha avanzado de forma significativa en este terreno, impulsando marcos comunes que permiten habilitar operaciones cada vez m\u00e1s complejas. El reto ya no es tanto normativo como operativo: hacer que esos marcos funcionen de manera consistente en el territorio. Pasar del expediente puntual al proceso vivo. De la autorizaci\u00f3n excepcional a sistemas capaces de gestionar tr\u00e1fico, contingencias y responsabilidades de forma continua.<\/p>\n\n\n\n<p>En ese punto aparece un elemento del que se habla menos de lo necesario: las personas.\u00a0<strong>No hay U-Space sin personas preparadas.\u00a0<\/strong>No basta con pilotos de drones o ingenieros con alta capacitaci\u00f3n t\u00e9cnica. Hace falta que quienes gestionan permisos, operan infraestructuras, coordinan tr\u00e1fico, dise\u00f1an ciudades o interact\u00faan con la ciudadan\u00eda entiendan el sistema completo. Sin formaci\u00f3n transversal y sin criterios compartidos, la interoperabilidad de los servicios U-Space se convierte en un problema organizativo antes que tecnol\u00f3gico.<\/p>\n\n\n\n<p>Este d\u00e9ficit humano y estructural explica por qu\u00e9 muchos proyectos quedan atrapados en una fase de pilotos permanentes. Se vuela, se demuestra, se valida t\u00e9cnicamente\u2026 pero no se consolida.&nbsp;<strong>La ausencia de modelos de negocio viables no es solo un problema financiero; es un s\u00edntoma de que el ecosistema no est\u00e1 alineado.&nbsp;<\/strong>Sin operaciones repetibles, sin claridad en la gesti\u00f3n del riesgo y sin responsabilidades bien definidas, el talento se desgasta y la industria se fragmenta.<\/p>\n\n\n\n<p>A todo ello se suma la aceptaci\u00f3n social, una variable cr\u00edtica que no puede improvisarse. La sociedad no rechaza la tecnolog\u00eda; rechaza no entender para qu\u00e9 sirve, qu\u00e9 riesgos implica y qu\u00e9 valor aporta. Explicar, divulgar y escuchar no es marketing: es construir la infraestructura social que permite operar. La aviaci\u00f3n comercial tard\u00f3 d\u00e9cadas en ganarse esa confianza. Pretender que la movilidad a\u00e9rea innovadora pueda acelerar ese proceso sin di\u00e1logo ni transparencia es un error de planteamiento.<\/p>\n\n\n\n<p>Este escenario exige un cambio de enfoque. Menos obsesi\u00f3n por demostrar capacidad t\u00e9cnica y m\u00e1s atenci\u00f3n a lo que permite que esa capacidad se sostenga en el tiempo. Gobernanza, formaci\u00f3n, interoperabilidad, sostenibilidad econ\u00f3mica y criterios compartidos. Innovar, s\u00ed, pero con conciencia de sistema. Porque cuando una tecnolog\u00eda entra en el espacio a\u00e9reo, deja de ser solo tecnolog\u00eda y pasa a formar parte de un entorno cr\u00edtico donde el fallo no es una opci\u00f3n trivial.<\/p>\n\n\n\n<p>Quiz\u00e1 el verdadero reto actual del sector no sea volar m\u00e1s lejos o m\u00e1s r\u00e1pido, sino construir estructuras que permitan que ese vuelo sea cotidiano, seguro y aceptado. Y asumir que, sin personas preparadas, sin reglas operables y sin confianza social, ninguna tecnolog\u00eda \u2014por madura que est\u00e9\u2014 puede convertirse en industria.<\/p>\n\n\n\n<p>\u00bfEstamos poniendo el foco donde realmente se decide si una innovaci\u00f3n escala\u2026 o seguimos esperando que la tecnolog\u00eda lo resuelva todo? \ud83e\udd14<\/p>\n\n\n\n<h3 class=\"wp-block-heading\" id=\"h-analisis-de-impacto-y-contexto-actual\"><strong>An\u00e1lisis de impacto y contexto actual<\/strong><\/h3>\n\n\n\n<p>En 2026, el marco regulatorio europeo \u2014con el&nbsp;<a href=\"https:\/\/www.easa.europa.eu\/en\/document-library\/easy-access-rules\/easy-access-rules-u-space-regulation-eu-2021664\">Reglamento (UE) 2021\/664<\/a>&nbsp;y sus actualizaciones, incluida la gesti\u00f3n de riesgos de ciberseguridad efectiva desde febrero\u2014 ya habilita operaciones complejas en U-space. Sin embargo, como se\u00f1ala Navarro, la implementaci\u00f3n operativa es irregular: algunos Estados miembros avanzan con sandboxes y corredores drone, mientras otros muestran retrasos significativos. Proyectos como U-ELCOME han concluido fases clave, pero la transici\u00f3n de pilotos a operaciones recurrentes exige precisamente esa alineaci\u00f3n sist\u00e9mica que a\u00fan falta.<\/p>\n\n\n\n<p>La reflexi\u00f3n de Ester Navarro invita a los profesionales a una introspecci\u00f3n estrat\u00e9gica: la madurez tecnol\u00f3gica de los UAS es innegable, pero sin una gobernanza operativa s\u00f3lida, formaci\u00f3n transversal y aceptaci\u00f3n social construida de forma deliberada, el salto a una industria escalable seguir\u00e1 postergado. \u00bfPriorizar\u00e1 el sector en 2026 \u2014y m\u00e1s all\u00e1\u2014 la construcci\u00f3n de ese ecosistema integral, o persistir\u00e1 la ilusi\u00f3n de que la innovaci\u00f3n t\u00e9cnica sola basta para transformar el espacio a\u00e9reo? La respuesta definir\u00e1 si la aviaci\u00f3n no tripulada pasa de ser una promesa a una realidad cotidiana y sostenible.<\/p>\n\n\n\n<p><strong>Fuente: aviaciondigital.com<\/strong><\/p>\n","protected":false},"excerpt":{"rendered":"<p>(Aeronoticias): En un sector donde los drones ya demuestran capacidades t\u00e9cnicas impresionantes \u2014vuelos estables, sensores fiables y enlaces de datos resilientes\u2014, surge una paradoja evidente para los profesionales: \u00bfpor qu\u00e9 las operaciones BVLOS siguen limitadas a pruebas y pilotos en lugar de convertirse en rutina comercial? El art\u00edculo de&nbsp;Ester Navarro, gestora aeron\u00e1utica y fundadora de&nbsp;Toma [&hellip;]<\/p>\n","protected":false},"author":3,"featured_media":97683,"comment_status":"closed","ping_status":"closed","sticky":false,"template":"","format":"standard","meta":{"tdm_status":"","tdm_grid_status":"","footnotes":""},"categories":[32,11],"tags":[6747,6748,6749],"class_list":{"0":"post-97682","1":"post","2":"type-post","3":"status-publish","4":"format-standard","5":"has-post-thumbnail","7":"category-internacional","8":"category-transporte-aereo","9":"tag-bvlos","10":"tag-impacto-y-contexto","11":"tag-u-elcome"},"yoast_head":"<!-- This site is optimized with the Yoast SEO plugin v25.1 - https:\/\/yoast.com\/wordpress\/plugins\/seo\/ -->\n<title>Cuando la tecnolog\u00eda ya est\u00e1 lista\u2026 pero el sistema no: el verdadero cuello de botella de la aviaci\u00f3n no...<\/title>\n<meta name=\"description\" content=\"A pesar de los avances tecnol\u00f3gicos en plataformas UAS y enlaces de datos, la escalabilidad de operaciones BVLOS recurrentes en Europa tropieza con barreras operativas, humanas y de gobernanza, m\u00e1s all\u00e1 de la regulaci\u00f3n ya madura de U-space.\" \/>\n<meta name=\"robots\" content=\"index, follow, max-snippet:-1, max-image-preview:large, max-video-preview:-1\" \/>\n<link rel=\"canonical\" href=\"https:\/\/aeronoticias.com.pe\/noticiero\/transporte-aereo\/cuando-la-tecnologia-ya-esta-lista-pero-el-sistema-no-el-verdadero-cuello-de-botella-de-la-aviacion-no\/\" \/>\n<meta property=\"og:locale\" content=\"es_ES\" \/>\n<meta property=\"og:type\" content=\"article\" \/>\n<meta property=\"og:title\" content=\"Cuando la tecnolog\u00eda ya est\u00e1 lista\u2026 pero el sistema no: el verdadero cuello de botella de la aviaci\u00f3n no...\" \/>\n<meta property=\"og:description\" content=\"A pesar de los avances tecnol\u00f3gicos en plataformas UAS y enlaces de datos, la escalabilidad de operaciones BVLOS recurrentes en Europa tropieza con barreras operativas, humanas y de gobernanza, m\u00e1s all\u00e1 de la regulaci\u00f3n ya madura de U-space.\" \/>\n<meta property=\"og:url\" content=\"https:\/\/aeronoticias.com.pe\/noticiero\/transporte-aereo\/cuando-la-tecnologia-ya-esta-lista-pero-el-sistema-no-el-verdadero-cuello-de-botella-de-la-aviacion-no\/\" \/>\n<meta property=\"og:site_name\" content=\"Aeronoticias.com.pe\" \/>\n<meta property=\"article:publisher\" content=\"https:\/\/www.facebook.com\/Aeronoticias.com.pe\/\" \/>\n<meta property=\"article:published_time\" content=\"2026-01-23T18:42:27+00:00\" \/>\n<meta property=\"article:modified_time\" content=\"2026-01-23T18:42:51+00:00\" \/>\n<meta property=\"og:image\" content=\"https:\/\/aeronoticias.com.pe\/noticiero\/wp-content\/uploads\/2026\/01\/torres.jpg\" \/>\n\t<meta property=\"og:image:width\" content=\"1041\" \/>\n\t<meta property=\"og:image:height\" content=\"575\" \/>\n\t<meta property=\"og:image:type\" content=\"image\/jpeg\" \/>\n<meta name=\"author\" content=\"Redacci\u00f3n\" \/>\n<meta name=\"twitter:card\" content=\"summary_large_image\" \/>\n<meta name=\"twitter:creator\" content=\"@aeronoticias\" \/>\n<meta name=\"twitter:site\" content=\"@aeronoticias\" \/>\n<meta name=\"twitter:label1\" content=\"Escrito por\" \/>\n\t<meta name=\"twitter:data1\" content=\"Redacci\u00f3n\" \/>\n\t<meta name=\"twitter:label2\" content=\"Tiempo de lectura\" \/>\n\t<meta name=\"twitter:data2\" content=\"5 minutos\" \/>\n<script type=\"application\/ld+json\" class=\"yoast-schema-graph\">{\"@context\":\"https:\/\/schema.org\",\"@graph\":[{\"@type\":\"WebPage\",\"@id\":\"https:\/\/aeronoticias.com.pe\/noticiero\/transporte-aereo\/cuando-la-tecnologia-ya-esta-lista-pero-el-sistema-no-el-verdadero-cuello-de-botella-de-la-aviacion-no\/\",\"url\":\"https:\/\/aeronoticias.com.pe\/noticiero\/transporte-aereo\/cuando-la-tecnologia-ya-esta-lista-pero-el-sistema-no-el-verdadero-cuello-de-botella-de-la-aviacion-no\/\",\"name\":\"Cuando la tecnolog\u00eda ya est\u00e1 lista\u2026 pero el sistema no: el verdadero cuello de botella de la aviaci\u00f3n no...\",\"isPartOf\":{\"@id\":\"https:\/\/aeronoticias.com.pe\/noticiero\/#website\"},\"primaryImageOfPage\":{\"@id\":\"https:\/\/aeronoticias.com.pe\/noticiero\/transporte-aereo\/cuando-la-tecnologia-ya-esta-lista-pero-el-sistema-no-el-verdadero-cuello-de-botella-de-la-aviacion-no\/#primaryimage\"},\"image\":{\"@id\":\"https:\/\/aeronoticias.com.pe\/noticiero\/transporte-aereo\/cuando-la-tecnologia-ya-esta-lista-pero-el-sistema-no-el-verdadero-cuello-de-botella-de-la-aviacion-no\/#primaryimage\"},\"thumbnailUrl\":\"https:\/\/aeronoticias.com.pe\/noticiero\/wp-content\/uploads\/2026\/01\/torres.jpg\",\"datePublished\":\"2026-01-23T18:42:27+00:00\",\"dateModified\":\"2026-01-23T18:42:51+00:00\",\"author\":{\"@id\":\"https:\/\/aeronoticias.com.pe\/noticiero\/#\/schema\/person\/16212a617c73f78916b13194154243bd\"},\"description\":\"A pesar de los avances tecnol\u00f3gicos en plataformas UAS y enlaces de datos, la escalabilidad de operaciones BVLOS recurrentes en Europa tropieza con barreras operativas, humanas y de gobernanza, m\u00e1s all\u00e1 de la regulaci\u00f3n ya madura de U-space.\",\"breadcrumb\":{\"@id\":\"https:\/\/aeronoticias.com.pe\/noticiero\/transporte-aereo\/cuando-la-tecnologia-ya-esta-lista-pero-el-sistema-no-el-verdadero-cuello-de-botella-de-la-aviacion-no\/#breadcrumb\"},\"inLanguage\":\"es\",\"potentialAction\":[{\"@type\":\"ReadAction\",\"target\":[\"https:\/\/aeronoticias.com.pe\/noticiero\/transporte-aereo\/cuando-la-tecnologia-ya-esta-lista-pero-el-sistema-no-el-verdadero-cuello-de-botella-de-la-aviacion-no\/\"]}]},{\"@type\":\"ImageObject\",\"inLanguage\":\"es\",\"@id\":\"https:\/\/aeronoticias.com.pe\/noticiero\/transporte-aereo\/cuando-la-tecnologia-ya-esta-lista-pero-el-sistema-no-el-verdadero-cuello-de-botella-de-la-aviacion-no\/#primaryimage\",\"url\":\"https:\/\/aeronoticias.com.pe\/noticiero\/wp-content\/uploads\/2026\/01\/torres.jpg\",\"contentUrl\":\"https:\/\/aeronoticias.com.pe\/noticiero\/wp-content\/uploads\/2026\/01\/torres.jpg\",\"width\":1041,\"height\":575},{\"@type\":\"BreadcrumbList\",\"@id\":\"https:\/\/aeronoticias.com.pe\/noticiero\/transporte-aereo\/cuando-la-tecnologia-ya-esta-lista-pero-el-sistema-no-el-verdadero-cuello-de-botella-de-la-aviacion-no\/#breadcrumb\",\"itemListElement\":[{\"@type\":\"ListItem\",\"position\":1,\"name\":\"Portada\",\"item\":\"https:\/\/aeronoticias.com.pe\/noticiero\/\"},{\"@type\":\"ListItem\",\"position\":2,\"name\":\"Cuando la tecnolog\u00eda ya est\u00e1 lista\u2026 pero el sistema no: el verdadero cuello de botella de la aviaci\u00f3n no&#8230;\"}]},{\"@type\":\"WebSite\",\"@id\":\"https:\/\/aeronoticias.com.pe\/noticiero\/#website\",\"url\":\"https:\/\/aeronoticias.com.pe\/noticiero\/\",\"name\":\"Aeronoticias.com.pe\",\"description\":\"Noticias de tranporte aereo, turismo, hoteles, gastronomia, actualidad, internacional\",\"potentialAction\":[{\"@type\":\"SearchAction\",\"target\":{\"@type\":\"EntryPoint\",\"urlTemplate\":\"https:\/\/aeronoticias.com.pe\/noticiero\/?s={search_term_string}\"},\"query-input\":{\"@type\":\"PropertyValueSpecification\",\"valueRequired\":true,\"valueName\":\"search_term_string\"}}],\"inLanguage\":\"es\"},{\"@type\":\"Person\",\"@id\":\"https:\/\/aeronoticias.com.pe\/noticiero\/#\/schema\/person\/16212a617c73f78916b13194154243bd\",\"name\":\"Redacci\u00f3n\",\"sameAs\":[\"http:\/\/Redacci\u00f3n\"],\"url\":\"https:\/\/aeronoticias.com.pe\/noticiero\/author\/celeste\/\"}]}<\/script>\n<!-- \/ Yoast SEO plugin. -->","yoast_head_json":{"title":"Cuando la tecnolog\u00eda ya est\u00e1 lista\u2026 pero el sistema no: el verdadero cuello de botella de la aviaci\u00f3n no...","description":"A pesar de los avances tecnol\u00f3gicos en plataformas UAS y enlaces de datos, la escalabilidad de operaciones BVLOS recurrentes en Europa tropieza con barreras operativas, humanas y de gobernanza, m\u00e1s all\u00e1 de la regulaci\u00f3n ya madura de U-space.","robots":{"index":"index","follow":"follow","max-snippet":"max-snippet:-1","max-image-preview":"max-image-preview:large","max-video-preview":"max-video-preview:-1"},"canonical":"https:\/\/aeronoticias.com.pe\/noticiero\/transporte-aereo\/cuando-la-tecnologia-ya-esta-lista-pero-el-sistema-no-el-verdadero-cuello-de-botella-de-la-aviacion-no\/","og_locale":"es_ES","og_type":"article","og_title":"Cuando la tecnolog\u00eda ya est\u00e1 lista\u2026 pero el sistema no: el verdadero cuello de botella de la aviaci\u00f3n no...","og_description":"A pesar de los avances tecnol\u00f3gicos en plataformas UAS y enlaces de datos, la escalabilidad de operaciones BVLOS recurrentes en Europa tropieza con barreras operativas, humanas y de gobernanza, m\u00e1s all\u00e1 de la regulaci\u00f3n ya madura de U-space.","og_url":"https:\/\/aeronoticias.com.pe\/noticiero\/transporte-aereo\/cuando-la-tecnologia-ya-esta-lista-pero-el-sistema-no-el-verdadero-cuello-de-botella-de-la-aviacion-no\/","og_site_name":"Aeronoticias.com.pe","article_publisher":"https:\/\/www.facebook.com\/Aeronoticias.com.pe\/","article_published_time":"2026-01-23T18:42:27+00:00","article_modified_time":"2026-01-23T18:42:51+00:00","og_image":[{"width":1041,"height":575,"url":"https:\/\/aeronoticias.com.pe\/noticiero\/wp-content\/uploads\/2026\/01\/torres.jpg","type":"image\/jpeg"}],"author":"Redacci\u00f3n","twitter_card":"summary_large_image","twitter_creator":"@aeronoticias","twitter_site":"@aeronoticias","twitter_misc":{"Escrito por":"Redacci\u00f3n","Tiempo de lectura":"5 minutos"},"schema":{"@context":"https:\/\/schema.org","@graph":[{"@type":"WebPage","@id":"https:\/\/aeronoticias.com.pe\/noticiero\/transporte-aereo\/cuando-la-tecnologia-ya-esta-lista-pero-el-sistema-no-el-verdadero-cuello-de-botella-de-la-aviacion-no\/","url":"https:\/\/aeronoticias.com.pe\/noticiero\/transporte-aereo\/cuando-la-tecnologia-ya-esta-lista-pero-el-sistema-no-el-verdadero-cuello-de-botella-de-la-aviacion-no\/","name":"Cuando la tecnolog\u00eda ya est\u00e1 lista\u2026 pero el sistema no: el verdadero cuello de botella de la aviaci\u00f3n no...","isPartOf":{"@id":"https:\/\/aeronoticias.com.pe\/noticiero\/#website"},"primaryImageOfPage":{"@id":"https:\/\/aeronoticias.com.pe\/noticiero\/transporte-aereo\/cuando-la-tecnologia-ya-esta-lista-pero-el-sistema-no-el-verdadero-cuello-de-botella-de-la-aviacion-no\/#primaryimage"},"image":{"@id":"https:\/\/aeronoticias.com.pe\/noticiero\/transporte-aereo\/cuando-la-tecnologia-ya-esta-lista-pero-el-sistema-no-el-verdadero-cuello-de-botella-de-la-aviacion-no\/#primaryimage"},"thumbnailUrl":"https:\/\/aeronoticias.com.pe\/noticiero\/wp-content\/uploads\/2026\/01\/torres.jpg","datePublished":"2026-01-23T18:42:27+00:00","dateModified":"2026-01-23T18:42:51+00:00","author":{"@id":"https:\/\/aeronoticias.com.pe\/noticiero\/#\/schema\/person\/16212a617c73f78916b13194154243bd"},"description":"A pesar de los avances tecnol\u00f3gicos en plataformas UAS y enlaces de datos, la escalabilidad de operaciones BVLOS recurrentes en Europa tropieza con barreras operativas, humanas y de gobernanza, m\u00e1s all\u00e1 de la regulaci\u00f3n ya madura de U-space.","breadcrumb":{"@id":"https:\/\/aeronoticias.com.pe\/noticiero\/transporte-aereo\/cuando-la-tecnologia-ya-esta-lista-pero-el-sistema-no-el-verdadero-cuello-de-botella-de-la-aviacion-no\/#breadcrumb"},"inLanguage":"es","potentialAction":[{"@type":"ReadAction","target":["https:\/\/aeronoticias.com.pe\/noticiero\/transporte-aereo\/cuando-la-tecnologia-ya-esta-lista-pero-el-sistema-no-el-verdadero-cuello-de-botella-de-la-aviacion-no\/"]}]},{"@type":"ImageObject","inLanguage":"es","@id":"https:\/\/aeronoticias.com.pe\/noticiero\/transporte-aereo\/cuando-la-tecnologia-ya-esta-lista-pero-el-sistema-no-el-verdadero-cuello-de-botella-de-la-aviacion-no\/#primaryimage","url":"https:\/\/aeronoticias.com.pe\/noticiero\/wp-content\/uploads\/2026\/01\/torres.jpg","contentUrl":"https:\/\/aeronoticias.com.pe\/noticiero\/wp-content\/uploads\/2026\/01\/torres.jpg","width":1041,"height":575},{"@type":"BreadcrumbList","@id":"https:\/\/aeronoticias.com.pe\/noticiero\/transporte-aereo\/cuando-la-tecnologia-ya-esta-lista-pero-el-sistema-no-el-verdadero-cuello-de-botella-de-la-aviacion-no\/#breadcrumb","itemListElement":[{"@type":"ListItem","position":1,"name":"Portada","item":"https:\/\/aeronoticias.com.pe\/noticiero\/"},{"@type":"ListItem","position":2,"name":"Cuando la tecnolog\u00eda ya est\u00e1 lista\u2026 pero el sistema no: el verdadero cuello de botella de la aviaci\u00f3n no&#8230;"}]},{"@type":"WebSite","@id":"https:\/\/aeronoticias.com.pe\/noticiero\/#website","url":"https:\/\/aeronoticias.com.pe\/noticiero\/","name":"Aeronoticias.com.pe","description":"Noticias de tranporte aereo, turismo, hoteles, gastronomia, actualidad, internacional","potentialAction":[{"@type":"SearchAction","target":{"@type":"EntryPoint","urlTemplate":"https:\/\/aeronoticias.com.pe\/noticiero\/?s={search_term_string}"},"query-input":{"@type":"PropertyValueSpecification","valueRequired":true,"valueName":"search_term_string"}}],"inLanguage":"es"},{"@type":"Person","@id":"https:\/\/aeronoticias.com.pe\/noticiero\/#\/schema\/person\/16212a617c73f78916b13194154243bd","name":"Redacci\u00f3n","sameAs":["http:\/\/Redacci\u00f3n"],"url":"https:\/\/aeronoticias.com.pe\/noticiero\/author\/celeste\/"}]}},"_links":{"self":[{"href":"https:\/\/aeronoticias.com.pe\/noticiero\/wp-json\/wp\/v2\/posts\/97682","targetHints":{"allow":["GET"]}}],"collection":[{"href":"https:\/\/aeronoticias.com.pe\/noticiero\/wp-json\/wp\/v2\/posts"}],"about":[{"href":"https:\/\/aeronoticias.com.pe\/noticiero\/wp-json\/wp\/v2\/types\/post"}],"author":[{"embeddable":true,"href":"https:\/\/aeronoticias.com.pe\/noticiero\/wp-json\/wp\/v2\/users\/3"}],"replies":[{"embeddable":true,"href":"https:\/\/aeronoticias.com.pe\/noticiero\/wp-json\/wp\/v2\/comments?post=97682"}],"version-history":[{"count":1,"href":"https:\/\/aeronoticias.com.pe\/noticiero\/wp-json\/wp\/v2\/posts\/97682\/revisions"}],"predecessor-version":[{"id":97684,"href":"https:\/\/aeronoticias.com.pe\/noticiero\/wp-json\/wp\/v2\/posts\/97682\/revisions\/97684"}],"wp:featuredmedia":[{"embeddable":true,"href":"https:\/\/aeronoticias.com.pe\/noticiero\/wp-json\/wp\/v2\/media\/97683"}],"wp:attachment":[{"href":"https:\/\/aeronoticias.com.pe\/noticiero\/wp-json\/wp\/v2\/media?parent=97682"}],"wp:term":[{"taxonomy":"category","embeddable":true,"href":"https:\/\/aeronoticias.com.pe\/noticiero\/wp-json\/wp\/v2\/categories?post=97682"},{"taxonomy":"post_tag","embeddable":true,"href":"https:\/\/aeronoticias.com.pe\/noticiero\/wp-json\/wp\/v2\/tags?post=97682"}],"curies":[{"name":"wp","href":"https:\/\/api.w.org\/{rel}","templated":true}]}}