{"id":97692,"date":"2026-01-26T12:06:53","date_gmt":"2026-01-26T17:06:53","guid":{"rendered":"https:\/\/aeronoticias.com.pe\/noticiero\/?p=97692"},"modified":"2026-01-26T12:08:26","modified_gmt":"2026-01-26T17:08:26","slug":"temporadas-altas-y-bajas-como-el-calendario-define-precios-flujos-y-experiencia-en-la-aviacion-y-el-turismo","status":"publish","type":"post","link":"https:\/\/aeronoticias.com.pe\/noticiero\/turismo\/temporadas-altas-y-bajas-como-el-calendario-define-precios-flujos-y-experiencia-en-la-aviacion-y-el-turismo\/","title":{"rendered":"Temporadas altas y bajas, c\u00f3mo el calendario define precios, flujos y experiencia en la aviaci\u00f3n y el turismo"},"content":{"rendered":"\n<h2 class=\"wp-block-heading\"><\/h2>\n\n\n\n<p><strong>(Aeronoticias):<\/strong> Las temporadas altas y bajas son uno de los factores m\u00e1s determinantes en la din\u00e1mica del turismo y la aviaci\u00f3n. Lejos de ser solo una referencia temporal, marcan diferencias clave en precios, disponibilidad, calidad del servicio y experiencia del viajero, influyendo directamente en aerol\u00edneas, aeropuertos, destinos y econom\u00edas locales.<\/p>\n\n\n\n<p>Las variaciones estacionales responden a m\u00faltiples factores: vacaciones escolares, clima, festividades, eventos internacionales y patrones culturales de viaje. Estas variables configuran picos y valles de demanda que el sistema a\u00e9reo debe gestionar con precisi\u00f3n para mantenerse eficiente y sostenible.<\/p>\n\n\n\n<h3 class=\"wp-block-heading\">Temporada alta, m\u00e1xima demanda y presi\u00f3n operativa<\/h3>\n\n\n\n<p>La temporada alta se caracteriza por un incremento significativo en el flujo de pasajeros. Aeropuertos operan al l\u00edmite de su capacidad, las aerol\u00edneas aumentan frecuencias y los destinos reciben grandes vol\u00famenes de visitantes en periodos concentrados.<\/p>\n\n\n\n<p>Este escenario genera mayores ingresos, pero tambi\u00e9n mayor presi\u00f3n operativa. Congesti\u00f3n, demoras y saturaci\u00f3n de servicios pueden afectar la experiencia del viajero si la planificaci\u00f3n no es adecuada.<\/p>\n\n\n\n<h3 class=\"wp-block-heading\">Temporada baja, oportunidad y ajuste del sistema<\/h3>\n\n\n\n<p>En contraste, la temporada baja presenta una reducci\u00f3n del flujo tur\u00edstico. Aunque implica menores ingresos inmediatos, tambi\u00e9n ofrece oportunidades estrat\u00e9gicas para aerol\u00edneas y destinos.<\/p>\n\n\n\n<p>Precios m\u00e1s accesibles, menor congesti\u00f3n y mayor disponibilidad de servicios convierten a la temporada baja en un periodo atractivo para viajeros flexibles y para estrategias de promoci\u00f3n tur\u00edstica.<\/p>\n\n\n\n<h3 class=\"wp-block-heading\">Impacto directo en precios y tarifas a\u00e9reas<\/h3>\n\n\n\n<p>Uno de los efectos m\u00e1s visibles de la estacionalidad es la variaci\u00f3n de precios. En temporada alta, la alta demanda eleva tarifas a\u00e9reas y costos asociados al viaje. En temporada baja, las aerol\u00edneas ajustan precios para estimular la demanda y mantener ocupaci\u00f3n.<\/p>\n\n\n\n<p>Esta din\u00e1mica convierte al calendario en una herramienta clave para el viajero informado y para la planificaci\u00f3n comercial del sector.<\/p>\n\n\n\n<h3 class=\"wp-block-heading\">Gesti\u00f3n de flota y capacidad<\/h3>\n\n\n\n<p>Las aerol\u00edneas adaptan su operaci\u00f3n seg\u00fan la temporada. En periodos de alta demanda, redistribuyen flota, refuerzan rutas tur\u00edsticas y optimizan utilizaci\u00f3n de aeronaves. En temporada baja, reducen frecuencias, realizan mantenimiento y ajustan redes.<\/p>\n\n\n\n<p>La correcta gesti\u00f3n estacional es fundamental para evitar sobrecostos o p\u00e9rdida de eficiencia.<\/p>\n\n\n\n<h3 class=\"wp-block-heading\">Aeropuertos y estacionalidad<\/h3>\n\n\n\n<p>Los aeropuertos tambi\u00e9n sienten el impacto de las temporadas. La infraestructura debe ser capaz de absorber picos sin colapsar y, al mismo tiempo, operar de forma eficiente en periodos de menor tr\u00e1fico.<\/p>\n\n\n\n<p>La estacionalidad obliga a dise\u00f1ar aeropuertos flexibles y procesos escalables.<\/p>\n\n\n\n<h3 class=\"wp-block-heading\">Destinos tur\u00edsticos y dependencia estacional<\/h3>\n\n\n\n<p>Algunos destinos dependen fuertemente de la temporada alta, lo que los hace vulnerables a cambios en patrones de viaje o crisis externas. La diversificaci\u00f3n de la oferta tur\u00edstica y la promoci\u00f3n de temporadas intermedias se vuelven estrategias clave para reducir esta dependencia.<\/p>\n\n\n\n<p>Un turismo m\u00e1s distribuido en el tiempo mejora sostenibilidad econ\u00f3mica y social.<\/p>\n\n\n\n<h3 class=\"wp-block-heading\">Experiencia del viajero seg\u00fan la temporada<\/h3>\n\n\n\n<p>Para el pasajero, la diferencia entre viajar en temporada alta o baja es notable. En alta, el acceso es m\u00e1s limitado y el entorno m\u00e1s congestionado. En baja, el viaje suele ser m\u00e1s relajado, econ\u00f3mico y personalizado.<\/p>\n\n\n\n<p>Elegir bien la temporada puede definir la calidad de la experiencia.<\/p>\n\n\n\n<h3 class=\"wp-block-heading\">Tecnolog\u00eda y an\u00e1lisis predictivo<\/h3>\n\n\n\n<p>La gesti\u00f3n moderna de temporadas se apoya en an\u00e1lisis de datos y modelos predictivos. Aerol\u00edneas y destinos utilizan informaci\u00f3n hist\u00f3rica y en tiempo real para anticipar demanda, ajustar capacidad y optimizar precios.<\/p>\n\n\n\n<p>La tecnolog\u00eda permite mitigar los efectos negativos de la estacionalidad.<\/p>\n\n\n\n<h3 class=\"wp-block-heading\">Temporadas intermedias, el nuevo foco<\/h3>\n\n\n\n<p>Entre la alta y la baja emergen las temporadas intermedias, cada vez m\u00e1s valoradas. Ofrecen equilibrio entre precios, flujo y experiencia, convirti\u00e9ndose en una opci\u00f3n atractiva tanto para viajeros como para operadores tur\u00edsticos.<\/p>\n\n\n\n<p>Muchos destinos apuestan a fortalecer estas ventanas para estabilizar su demanda anual.<\/p>\n\n\n\n<h3 class=\"wp-block-heading\">Estacionalidad en un mundo cambiante<\/h3>\n\n\n\n<p>El cambio clim\u00e1tico, el trabajo remoto y la flexibilidad laboral est\u00e1n modificando las temporadas tradicionales. Viajar fuera de fechas cl\u00e1sicas es cada vez m\u00e1s com\u00fan, obligando al sector a replantear estrategias.<\/p>\n\n\n\n<p>Las temporadas ya no son r\u00edgidas; son din\u00e1micas.<\/p>\n\n\n\n<h3 class=\"wp-block-heading\">M\u00e1s que fechas en el calendario<\/h3>\n\n\n\n<p>Las temporadas altas y bajas no solo ordenan el turismo: definen c\u00f3mo funciona el sistema a\u00e9reo y tur\u00edstico en su conjunto. Entenderlas permite planificar mejor, viajar con mayor conciencia y construir un turismo m\u00e1s equilibrado.<\/p>\n\n\n\n<p>En un mundo globalizado, la gesti\u00f3n inteligente de la estacionalidad es clave para que la aviaci\u00f3n y el turismo sigan creciendo sin perder eficiencia, calidad ni sostenibilidad.<\/p>\n\n\n\n<p><strong>Fuente: Sebastian Palacin<\/strong><\/p>\n","protected":false},"excerpt":{"rendered":"<p>(Aeronoticias): Las temporadas altas y bajas son uno de los factores m\u00e1s determinantes en la din\u00e1mica del turismo y la aviaci\u00f3n. Lejos de ser solo una referencia temporal, marcan diferencias clave en precios, disponibilidad, calidad del servicio y experiencia del viajero, influyendo directamente en aerol\u00edneas, aeropuertos, destinos y econom\u00edas locales. Las variaciones estacionales responden a [&hellip;]<\/p>\n","protected":false},"author":7,"featured_media":97693,"comment_status":"closed","ping_status":"closed","sticky":false,"template":"","format":"standard","meta":{"tdm_status":"","tdm_grid_status":"","footnotes":""},"categories":[11,9],"tags":[],"class_list":{"0":"post-97692","1":"post","2":"type-post","3":"status-publish","4":"format-standard","5":"has-post-thumbnail","7":"category-transporte-aereo","8":"category-turismo"},"yoast_head":"<!-- This site is optimized with the Yoast SEO plugin v25.1 - https:\/\/yoast.com\/wordpress\/plugins\/seo\/ -->\n<title>Temporadas altas y bajas, c\u00f3mo el calendario define precios, flujos y experiencia en la aviaci\u00f3n y el turismo<\/title>\n<meta name=\"description\" content=\"(Aeronoticias): Las temporadas altas y bajas son uno de los factores m\u00e1s determinantes en la din\u00e1mica del turismo y la aviaci\u00f3n. Lejos de ser solo una referencia temporal, marcan diferencias clave en precios, disponibilidad, calidad del servicio y experiencia del viajero, influyendo directamente en aerol\u00edneas, aeropuertos, destinos y econom\u00edas locales.\" \/>\n<meta name=\"robots\" content=\"index, follow, max-snippet:-1, max-image-preview:large, max-video-preview:-1\" \/>\n<link rel=\"canonical\" href=\"https:\/\/aeronoticias.com.pe\/noticiero\/turismo\/temporadas-altas-y-bajas-como-el-calendario-define-precios-flujos-y-experiencia-en-la-aviacion-y-el-turismo\/\" \/>\n<meta property=\"og:locale\" content=\"es_ES\" \/>\n<meta property=\"og:type\" content=\"article\" \/>\n<meta property=\"og:title\" content=\"Temporadas altas y bajas, c\u00f3mo el calendario define precios, flujos y experiencia en la aviaci\u00f3n y el turismo\" \/>\n<meta property=\"og:description\" content=\"(Aeronoticias): Las temporadas altas y bajas son uno de los factores m\u00e1s determinantes en la din\u00e1mica del turismo y la aviaci\u00f3n. Lejos de ser solo una referencia temporal, marcan diferencias clave en precios, disponibilidad, calidad del servicio y experiencia del viajero, influyendo directamente en aerol\u00edneas, aeropuertos, destinos y econom\u00edas locales.\" \/>\n<meta property=\"og:url\" content=\"https:\/\/aeronoticias.com.pe\/noticiero\/turismo\/temporadas-altas-y-bajas-como-el-calendario-define-precios-flujos-y-experiencia-en-la-aviacion-y-el-turismo\/\" \/>\n<meta property=\"og:site_name\" content=\"Aeronoticias.com.pe\" \/>\n<meta property=\"article:publisher\" content=\"https:\/\/www.facebook.com\/Aeronoticias.com.pe\/\" \/>\n<meta property=\"article:published_time\" content=\"2026-01-26T17:06:53+00:00\" \/>\n<meta property=\"article:modified_time\" content=\"2026-01-26T17:08:26+00:00\" \/>\n<meta property=\"og:image\" content=\"https:\/\/aeronoticias.com.pe\/noticiero\/wp-content\/uploads\/2026\/01\/temporada-alta-en-Cancun-1024x585-1.jpg\" \/>\n\t<meta property=\"og:image:width\" content=\"1024\" \/>\n\t<meta property=\"og:image:height\" content=\"585\" \/>\n\t<meta property=\"og:image:type\" content=\"image\/jpeg\" \/>\n<meta name=\"author\" content=\"sebastian\" \/>\n<meta name=\"twitter:card\" content=\"summary_large_image\" \/>\n<meta name=\"twitter:creator\" content=\"@aeronoticias\" \/>\n<meta name=\"twitter:site\" content=\"@aeronoticias\" \/>\n<meta name=\"twitter:label1\" content=\"Escrito por\" \/>\n\t<meta name=\"twitter:data1\" content=\"sebastian\" \/>\n\t<meta name=\"twitter:label2\" content=\"Tiempo de lectura\" \/>\n\t<meta name=\"twitter:data2\" content=\"4 minutos\" \/>\n<script type=\"application\/ld+json\" class=\"yoast-schema-graph\">{\"@context\":\"https:\/\/schema.org\",\"@graph\":[{\"@type\":\"WebPage\",\"@id\":\"https:\/\/aeronoticias.com.pe\/noticiero\/turismo\/temporadas-altas-y-bajas-como-el-calendario-define-precios-flujos-y-experiencia-en-la-aviacion-y-el-turismo\/\",\"url\":\"https:\/\/aeronoticias.com.pe\/noticiero\/turismo\/temporadas-altas-y-bajas-como-el-calendario-define-precios-flujos-y-experiencia-en-la-aviacion-y-el-turismo\/\",\"name\":\"Temporadas altas y bajas, c\u00f3mo el calendario define precios, flujos y experiencia en la aviaci\u00f3n y el turismo\",\"isPartOf\":{\"@id\":\"https:\/\/aeronoticias.com.pe\/noticiero\/#website\"},\"primaryImageOfPage\":{\"@id\":\"https:\/\/aeronoticias.com.pe\/noticiero\/turismo\/temporadas-altas-y-bajas-como-el-calendario-define-precios-flujos-y-experiencia-en-la-aviacion-y-el-turismo\/#primaryimage\"},\"image\":{\"@id\":\"https:\/\/aeronoticias.com.pe\/noticiero\/turismo\/temporadas-altas-y-bajas-como-el-calendario-define-precios-flujos-y-experiencia-en-la-aviacion-y-el-turismo\/#primaryimage\"},\"thumbnailUrl\":\"https:\/\/aeronoticias.com.pe\/noticiero\/wp-content\/uploads\/2026\/01\/temporada-alta-en-Cancun-1024x585-1.jpg\",\"datePublished\":\"2026-01-26T17:06:53+00:00\",\"dateModified\":\"2026-01-26T17:08:26+00:00\",\"author\":{\"@id\":\"https:\/\/aeronoticias.com.pe\/noticiero\/#\/schema\/person\/45ec58b0c4aefb9b6ee48f40659be5a3\"},\"description\":\"(Aeronoticias): Las temporadas altas y bajas son uno de los factores m\u00e1s determinantes en la din\u00e1mica del turismo y la aviaci\u00f3n. Lejos de ser solo una referencia temporal, marcan diferencias clave en precios, disponibilidad, calidad del servicio y experiencia del viajero, influyendo directamente en aerol\u00edneas, aeropuertos, destinos y econom\u00edas locales.\",\"breadcrumb\":{\"@id\":\"https:\/\/aeronoticias.com.pe\/noticiero\/turismo\/temporadas-altas-y-bajas-como-el-calendario-define-precios-flujos-y-experiencia-en-la-aviacion-y-el-turismo\/#breadcrumb\"},\"inLanguage\":\"es\",\"potentialAction\":[{\"@type\":\"ReadAction\",\"target\":[\"https:\/\/aeronoticias.com.pe\/noticiero\/turismo\/temporadas-altas-y-bajas-como-el-calendario-define-precios-flujos-y-experiencia-en-la-aviacion-y-el-turismo\/\"]}]},{\"@type\":\"ImageObject\",\"inLanguage\":\"es\",\"@id\":\"https:\/\/aeronoticias.com.pe\/noticiero\/turismo\/temporadas-altas-y-bajas-como-el-calendario-define-precios-flujos-y-experiencia-en-la-aviacion-y-el-turismo\/#primaryimage\",\"url\":\"https:\/\/aeronoticias.com.pe\/noticiero\/wp-content\/uploads\/2026\/01\/temporada-alta-en-Cancun-1024x585-1.jpg\",\"contentUrl\":\"https:\/\/aeronoticias.com.pe\/noticiero\/wp-content\/uploads\/2026\/01\/temporada-alta-en-Cancun-1024x585-1.jpg\",\"width\":1024,\"height\":585},{\"@type\":\"BreadcrumbList\",\"@id\":\"https:\/\/aeronoticias.com.pe\/noticiero\/turismo\/temporadas-altas-y-bajas-como-el-calendario-define-precios-flujos-y-experiencia-en-la-aviacion-y-el-turismo\/#breadcrumb\",\"itemListElement\":[{\"@type\":\"ListItem\",\"position\":1,\"name\":\"Portada\",\"item\":\"https:\/\/aeronoticias.com.pe\/noticiero\/\"},{\"@type\":\"ListItem\",\"position\":2,\"name\":\"Temporadas altas y bajas, c\u00f3mo el calendario define precios, flujos y experiencia en la aviaci\u00f3n y el turismo\"}]},{\"@type\":\"WebSite\",\"@id\":\"https:\/\/aeronoticias.com.pe\/noticiero\/#website\",\"url\":\"https:\/\/aeronoticias.com.pe\/noticiero\/\",\"name\":\"Aeronoticias.com.pe\",\"description\":\"Noticias de tranporte aereo, turismo, hoteles, gastronomia, actualidad, internacional\",\"potentialAction\":[{\"@type\":\"SearchAction\",\"target\":{\"@type\":\"EntryPoint\",\"urlTemplate\":\"https:\/\/aeronoticias.com.pe\/noticiero\/?s={search_term_string}\"},\"query-input\":{\"@type\":\"PropertyValueSpecification\",\"valueRequired\":true,\"valueName\":\"search_term_string\"}}],\"inLanguage\":\"es\"},{\"@type\":\"Person\",\"@id\":\"https:\/\/aeronoticias.com.pe\/noticiero\/#\/schema\/person\/45ec58b0c4aefb9b6ee48f40659be5a3\",\"name\":\"sebastian\",\"url\":\"https:\/\/aeronoticias.com.pe\/noticiero\/author\/sebastian\/\"}]}<\/script>\n<!-- \/ Yoast SEO plugin. -->","yoast_head_json":{"title":"Temporadas altas y bajas, c\u00f3mo el calendario define precios, flujos y experiencia en la aviaci\u00f3n y el turismo","description":"(Aeronoticias): Las temporadas altas y bajas son uno de los factores m\u00e1s determinantes en la din\u00e1mica del turismo y la aviaci\u00f3n. Lejos de ser solo una referencia temporal, marcan diferencias clave en precios, disponibilidad, calidad del servicio y experiencia del viajero, influyendo directamente en aerol\u00edneas, aeropuertos, destinos y econom\u00edas locales.","robots":{"index":"index","follow":"follow","max-snippet":"max-snippet:-1","max-image-preview":"max-image-preview:large","max-video-preview":"max-video-preview:-1"},"canonical":"https:\/\/aeronoticias.com.pe\/noticiero\/turismo\/temporadas-altas-y-bajas-como-el-calendario-define-precios-flujos-y-experiencia-en-la-aviacion-y-el-turismo\/","og_locale":"es_ES","og_type":"article","og_title":"Temporadas altas y bajas, c\u00f3mo el calendario define precios, flujos y experiencia en la aviaci\u00f3n y el turismo","og_description":"(Aeronoticias): Las temporadas altas y bajas son uno de los factores m\u00e1s determinantes en la din\u00e1mica del turismo y la aviaci\u00f3n. Lejos de ser solo una referencia temporal, marcan diferencias clave en precios, disponibilidad, calidad del servicio y experiencia del viajero, influyendo directamente en aerol\u00edneas, aeropuertos, destinos y econom\u00edas locales.","og_url":"https:\/\/aeronoticias.com.pe\/noticiero\/turismo\/temporadas-altas-y-bajas-como-el-calendario-define-precios-flujos-y-experiencia-en-la-aviacion-y-el-turismo\/","og_site_name":"Aeronoticias.com.pe","article_publisher":"https:\/\/www.facebook.com\/Aeronoticias.com.pe\/","article_published_time":"2026-01-26T17:06:53+00:00","article_modified_time":"2026-01-26T17:08:26+00:00","og_image":[{"width":1024,"height":585,"url":"https:\/\/aeronoticias.com.pe\/noticiero\/wp-content\/uploads\/2026\/01\/temporada-alta-en-Cancun-1024x585-1.jpg","type":"image\/jpeg"}],"author":"sebastian","twitter_card":"summary_large_image","twitter_creator":"@aeronoticias","twitter_site":"@aeronoticias","twitter_misc":{"Escrito por":"sebastian","Tiempo de lectura":"4 minutos"},"schema":{"@context":"https:\/\/schema.org","@graph":[{"@type":"WebPage","@id":"https:\/\/aeronoticias.com.pe\/noticiero\/turismo\/temporadas-altas-y-bajas-como-el-calendario-define-precios-flujos-y-experiencia-en-la-aviacion-y-el-turismo\/","url":"https:\/\/aeronoticias.com.pe\/noticiero\/turismo\/temporadas-altas-y-bajas-como-el-calendario-define-precios-flujos-y-experiencia-en-la-aviacion-y-el-turismo\/","name":"Temporadas altas y bajas, c\u00f3mo el calendario define precios, flujos y experiencia en la aviaci\u00f3n y el turismo","isPartOf":{"@id":"https:\/\/aeronoticias.com.pe\/noticiero\/#website"},"primaryImageOfPage":{"@id":"https:\/\/aeronoticias.com.pe\/noticiero\/turismo\/temporadas-altas-y-bajas-como-el-calendario-define-precios-flujos-y-experiencia-en-la-aviacion-y-el-turismo\/#primaryimage"},"image":{"@id":"https:\/\/aeronoticias.com.pe\/noticiero\/turismo\/temporadas-altas-y-bajas-como-el-calendario-define-precios-flujos-y-experiencia-en-la-aviacion-y-el-turismo\/#primaryimage"},"thumbnailUrl":"https:\/\/aeronoticias.com.pe\/noticiero\/wp-content\/uploads\/2026\/01\/temporada-alta-en-Cancun-1024x585-1.jpg","datePublished":"2026-01-26T17:06:53+00:00","dateModified":"2026-01-26T17:08:26+00:00","author":{"@id":"https:\/\/aeronoticias.com.pe\/noticiero\/#\/schema\/person\/45ec58b0c4aefb9b6ee48f40659be5a3"},"description":"(Aeronoticias): Las temporadas altas y bajas son uno de los factores m\u00e1s determinantes en la din\u00e1mica del turismo y la aviaci\u00f3n. Lejos de ser solo una referencia temporal, marcan diferencias clave en precios, disponibilidad, calidad del servicio y experiencia del viajero, influyendo directamente en aerol\u00edneas, aeropuertos, destinos y econom\u00edas locales.","breadcrumb":{"@id":"https:\/\/aeronoticias.com.pe\/noticiero\/turismo\/temporadas-altas-y-bajas-como-el-calendario-define-precios-flujos-y-experiencia-en-la-aviacion-y-el-turismo\/#breadcrumb"},"inLanguage":"es","potentialAction":[{"@type":"ReadAction","target":["https:\/\/aeronoticias.com.pe\/noticiero\/turismo\/temporadas-altas-y-bajas-como-el-calendario-define-precios-flujos-y-experiencia-en-la-aviacion-y-el-turismo\/"]}]},{"@type":"ImageObject","inLanguage":"es","@id":"https:\/\/aeronoticias.com.pe\/noticiero\/turismo\/temporadas-altas-y-bajas-como-el-calendario-define-precios-flujos-y-experiencia-en-la-aviacion-y-el-turismo\/#primaryimage","url":"https:\/\/aeronoticias.com.pe\/noticiero\/wp-content\/uploads\/2026\/01\/temporada-alta-en-Cancun-1024x585-1.jpg","contentUrl":"https:\/\/aeronoticias.com.pe\/noticiero\/wp-content\/uploads\/2026\/01\/temporada-alta-en-Cancun-1024x585-1.jpg","width":1024,"height":585},{"@type":"BreadcrumbList","@id":"https:\/\/aeronoticias.com.pe\/noticiero\/turismo\/temporadas-altas-y-bajas-como-el-calendario-define-precios-flujos-y-experiencia-en-la-aviacion-y-el-turismo\/#breadcrumb","itemListElement":[{"@type":"ListItem","position":1,"name":"Portada","item":"https:\/\/aeronoticias.com.pe\/noticiero\/"},{"@type":"ListItem","position":2,"name":"Temporadas altas y bajas, c\u00f3mo el calendario define precios, flujos y experiencia en la aviaci\u00f3n y el turismo"}]},{"@type":"WebSite","@id":"https:\/\/aeronoticias.com.pe\/noticiero\/#website","url":"https:\/\/aeronoticias.com.pe\/noticiero\/","name":"Aeronoticias.com.pe","description":"Noticias de tranporte aereo, turismo, hoteles, gastronomia, actualidad, internacional","potentialAction":[{"@type":"SearchAction","target":{"@type":"EntryPoint","urlTemplate":"https:\/\/aeronoticias.com.pe\/noticiero\/?s={search_term_string}"},"query-input":{"@type":"PropertyValueSpecification","valueRequired":true,"valueName":"search_term_string"}}],"inLanguage":"es"},{"@type":"Person","@id":"https:\/\/aeronoticias.com.pe\/noticiero\/#\/schema\/person\/45ec58b0c4aefb9b6ee48f40659be5a3","name":"sebastian","url":"https:\/\/aeronoticias.com.pe\/noticiero\/author\/sebastian\/"}]}},"_links":{"self":[{"href":"https:\/\/aeronoticias.com.pe\/noticiero\/wp-json\/wp\/v2\/posts\/97692","targetHints":{"allow":["GET"]}}],"collection":[{"href":"https:\/\/aeronoticias.com.pe\/noticiero\/wp-json\/wp\/v2\/posts"}],"about":[{"href":"https:\/\/aeronoticias.com.pe\/noticiero\/wp-json\/wp\/v2\/types\/post"}],"author":[{"embeddable":true,"href":"https:\/\/aeronoticias.com.pe\/noticiero\/wp-json\/wp\/v2\/users\/7"}],"replies":[{"embeddable":true,"href":"https:\/\/aeronoticias.com.pe\/noticiero\/wp-json\/wp\/v2\/comments?post=97692"}],"version-history":[{"count":1,"href":"https:\/\/aeronoticias.com.pe\/noticiero\/wp-json\/wp\/v2\/posts\/97692\/revisions"}],"predecessor-version":[{"id":97694,"href":"https:\/\/aeronoticias.com.pe\/noticiero\/wp-json\/wp\/v2\/posts\/97692\/revisions\/97694"}],"wp:featuredmedia":[{"embeddable":true,"href":"https:\/\/aeronoticias.com.pe\/noticiero\/wp-json\/wp\/v2\/media\/97693"}],"wp:attachment":[{"href":"https:\/\/aeronoticias.com.pe\/noticiero\/wp-json\/wp\/v2\/media?parent=97692"}],"wp:term":[{"taxonomy":"category","embeddable":true,"href":"https:\/\/aeronoticias.com.pe\/noticiero\/wp-json\/wp\/v2\/categories?post=97692"},{"taxonomy":"post_tag","embeddable":true,"href":"https:\/\/aeronoticias.com.pe\/noticiero\/wp-json\/wp\/v2\/tags?post=97692"}],"curies":[{"name":"wp","href":"https:\/\/api.w.org\/{rel}","templated":true}]}}